{"id":89838,"date":"2015-04-03T18:53:57","date_gmt":"2015-04-03T17:53:57","guid":{"rendered":"http:\/\/www.visit-ulcinj.com\/blog\/?p=89838"},"modified":"2015-04-04T18:57:00","modified_gmt":"2015-04-04T17:57:00","slug":"milo-dukanovic-cestitao-dan-opstine-ulcinj","status":"publish","type":"post","link":"https:\/\/www.visit-ulcinj.com\/blog\/2015\/04\/03\/milo-dukanovic-cestitao-dan-opstine-ulcinj\/","title":{"rendered":"Milo \u0110ukanovi\u0107 \u010destitao Dan op\u0161tine Ulcinj"},"content":{"rendered":"<p id=\"articleIntro\"><a href=\"http:\/\/www.visit-ulcinj.com\/blog\/wp-content\/uploads\/2013\/07\/fatmir-gjeka.jpg\"><img loading=\"lazy\" class=\"alignleft wp-image-73160\" src=\"http:\/\/www.visit-ulcinj.com\/blog\/wp-content\/uploads\/2013\/07\/fatmir-gjeka.jpg\" alt=\"fatmir-gjeka\" width=\"508\" height=\"393\" srcset=\"https:\/\/www.visit-ulcinj.com\/blog\/wp-content\/uploads\/2013\/07\/fatmir-gjeka.jpg 960w, https:\/\/www.visit-ulcinj.com\/blog\/wp-content\/uploads\/2013\/07\/fatmir-gjeka-300x232.jpg 300w\" sizes=\"(max-width: 508px) 100vw, 508px\" \/><\/a>Predsjednik Vlade Milo \u0110ukanovi\u0107 uputio je, povodom 04. aprila &#8211; Dana op\u0161tine Ulcinj, \u010destitku predsjedniku Op\u0161tine Fatmiru \u0110eki (Fatmir Gjeka), predsjedniku Skup\u0161tine op\u0161tine Fuadu Had\u017eibetiju (Fuad Haxhibeti), odbornicima i drugim u\u010desnicima sve\u010dane sjednice i svim gra\u0111anima Ulcinja.<\/p>\n<div id=\"articleContent\">\n<p>\u201eUlcinj, sa svojim ljudima, prirodnim ljepotama i razvojnim \u0161ansama, va\u017ean je i prepoznatljiv dio dr\u017eavnog bi\u0107a Crne Gore, pravi primjer me\u0111uetni\u010dkog sklada i nezaobilazna adresa u ja\u010danju dobrosusjedske i regionalne saradnje. Turisti\u010dki, poljoprivredni i ukupni potencijali Ulcinja predstavljaju zna\u010dajan dio privrednih resursa na\u0161e zemlje, i sna\u017ena su pretpostavka njenog prosperitetnog razvoja\u201c &#8211; istakao je u \u010destitki predsjednik Vlade.<\/p>\n<p>Premijer \u0110ukanovi\u0107 je izrazio uvjerenje da gra\u0111ani Ulcinja i rukovodstvo lokalne uprave cijene napore Vlade na stvaranju povoljnijeg poslovnog ambijenta, kako bi ekonomiju u\u010dinili konkurentnijom u regionalnim i me\u0111unarodnim biznis krugovima, i da u takvoj njenoj politici prepoznaju interes, mjesto i ulogu svoje Op\u0161tine.<\/p>\n<p>\u201eSiguran put koji vodi skorom pozivu u NATO, napredak u pregovorima sa EU, napori koje ula\u017eemo u cilju realizacije krupnih infrastrukturnih projekata u oblasti transporta, energetike i turizma, uz dalju posve\u0107enost ravnomjernijem regionalnom razvoju i finansijsko-ekonomskoj konsolidaciji, zaloga su blisko bolje budu\u0107nosti za Crnu Goru i za sve njene gra\u0111ane\u201c &#8211; navedeno je u \u010destitki predsjednika Vlade Mila \u0110ukanovi\u0107a.<\/p>\n<p><strong>Izvor: PortalAnalitika<\/strong><\/p>\n<\/div>\n","protected":false},"excerpt":{"rendered":"<p>Predsjednik Vlade Milo \u0110ukanovi\u0107 uputio je, povodom 04. aprila &#8211; Dana op\u0161tine Ulcinj, \u010destitku predsjedniku Op\u0161tine Fatmiru \u0110eki (Fatmir Gjeka), predsjedniku Skup\u0161tine op\u0161tine Fuadu Had\u017eibetiju (Fuad Haxhibeti), odbornicima i drugim u\u010desnicima sve\u010dane sjednice i svim gra\u0111anima Ulcinja. \u201eUlcinj, sa svojim ljudima, prirodnim ljepotama i razvojnim \u0161ansama, va\u017ean je i prepoznatljiv dio dr\u017eavnog bi\u0107a Crne Gore, [&hellip;]<\/p>\n","protected":false},"author":1,"featured_media":0,"comment_status":"closed","ping_status":"closed","sticky":false,"template":"","format":"standard","meta":{"spay_email":"","jetpack_publicize_message":"","jetpack_is_tweetstorm":false,"jetpack_publicize_feature_enabled":true},"categories":[8337],"tags":[],"jetpack_publicize_connections":[],"yoast_head":"<!-- This site is optimized with the Yoast SEO plugin v19.1 - https:\/\/yoast.com\/wordpress\/plugins\/seo\/ -->\n<title>Milo \u0110ukanovi\u0107 \u010destitao Dan op\u0161tine Ulcinj - Lajme nga Ulqini<\/title>\n<meta name=\"description\" content=\"Predsjednik Vlade Milo \u0110ukanovi\u0107 uputio je, povodom 04. aprila - Dana op\u0161tine Ulcinj, \u010destitku predsjedniku Op\u0161tine Fatmiru \u0110eki (Fatmir Gjeka),\" \/>\n<meta name=\"robots\" content=\"index, follow, max-snippet:-1, max-image-preview:large, max-video-preview:-1\" \/>\n<link rel=\"canonical\" href=\"https:\/\/www.visit-ulcinj.com\/blog\/2015\/04\/03\/milo-dukanovic-cestitao-dan-opstine-ulcinj\/\" \/>\n<meta property=\"og:locale\" content=\"en_US\" \/>\n<meta property=\"og:type\" content=\"article\" \/>\n<meta property=\"og:title\" content=\"Milo \u0110ukanovi\u0107 \u010destitao Dan op\u0161tine Ulcinj - Lajme nga Ulqini\" \/>\n<meta property=\"og:description\" content=\"Predsjednik Vlade Milo \u0110ukanovi\u0107 uputio je, povodom 04. aprila - Dana op\u0161tine Ulcinj, \u010destitku predsjedniku Op\u0161tine Fatmiru \u0110eki (Fatmir Gjeka),\" \/>\n<meta property=\"og:url\" content=\"https:\/\/www.visit-ulcinj.com\/blog\/2015\/04\/03\/milo-dukanovic-cestitao-dan-opstine-ulcinj\/\" \/>\n<meta property=\"og:site_name\" content=\"Lajme nga Ulqini\" \/>\n<meta property=\"article:published_time\" content=\"2015-04-03T17:53:57+00:00\" \/>\n<meta property=\"article:modified_time\" content=\"2015-04-04T17:57:00+00:00\" \/>\n<meta property=\"og:image\" content=\"http:\/\/www.visit-ulcinj.com\/blog\/wp-content\/uploads\/2013\/07\/fatmir-gjeka.jpg\" \/>\n<meta name=\"twitter:label1\" content=\"Written by\" \/>\n\t<meta name=\"twitter:data1\" content=\"ulqini\" \/>\n\t<meta name=\"twitter:label2\" content=\"Est. reading time\" \/>\n\t<meta name=\"twitter:data2\" content=\"1 minute\" \/>\n<script type=\"application\/ld+json\" class=\"yoast-schema-graph\">{\"@context\":\"https:\/\/schema.org\",\"@graph\":[{\"@type\":\"WebSite\",\"@id\":\"https:\/\/www.visit-ulcinj.com\/blog\/#website\",\"url\":\"https:\/\/www.visit-ulcinj.com\/blog\/\",\"name\":\"Lajme nga Ulqini\",\"description\":\"Lajme,Vijesti,Ulqini,Ulqin,Crna Gora,Mali i Zi\",\"potentialAction\":[{\"@type\":\"SearchAction\",\"target\":{\"@type\":\"EntryPoint\",\"urlTemplate\":\"https:\/\/www.visit-ulcinj.com\/blog\/?s={search_term_string}\"},\"query-input\":\"required name=search_term_string\"}],\"inLanguage\":\"en-US\"},{\"@type\":\"ImageObject\",\"inLanguage\":\"en-US\",\"@id\":\"https:\/\/www.visit-ulcinj.com\/blog\/2015\/04\/03\/milo-dukanovic-cestitao-dan-opstine-ulcinj\/#primaryimage\",\"url\":\"https:\/\/www.visit-ulcinj.com\/blog\/wp-content\/uploads\/2013\/07\/fatmir-gjeka.jpg\",\"contentUrl\":\"https:\/\/www.visit-ulcinj.com\/blog\/wp-content\/uploads\/2013\/07\/fatmir-gjeka.jpg\",\"width\":960,\"height\":743},{\"@type\":\"WebPage\",\"@id\":\"https:\/\/www.visit-ulcinj.com\/blog\/2015\/04\/03\/milo-dukanovic-cestitao-dan-opstine-ulcinj\/#webpage\",\"url\":\"https:\/\/www.visit-ulcinj.com\/blog\/2015\/04\/03\/milo-dukanovic-cestitao-dan-opstine-ulcinj\/\",\"name\":\"Milo \u0110ukanovi\u0107 \u010destitao Dan op\u0161tine Ulcinj - Lajme nga Ulqini\",\"isPartOf\":{\"@id\":\"https:\/\/www.visit-ulcinj.com\/blog\/#website\"},\"primaryImageOfPage\":{\"@id\":\"https:\/\/www.visit-ulcinj.com\/blog\/2015\/04\/03\/milo-dukanovic-cestitao-dan-opstine-ulcinj\/#primaryimage\"},\"datePublished\":\"2015-04-03T17:53:57+00:00\",\"dateModified\":\"2015-04-04T17:57:00+00:00\",\"author\":{\"@id\":\"https:\/\/www.visit-ulcinj.com\/blog\/#\/schema\/person\/dcab619c614d3038751c63bc2aadc06d\"},\"description\":\"Predsjednik Vlade Milo \u0110ukanovi\u0107 uputio je, povodom 04. aprila - Dana op\u0161tine Ulcinj, \u010destitku predsjedniku Op\u0161tine Fatmiru \u0110eki (Fatmir Gjeka),\",\"breadcrumb\":{\"@id\":\"https:\/\/www.visit-ulcinj.com\/blog\/2015\/04\/03\/milo-dukanovic-cestitao-dan-opstine-ulcinj\/#breadcrumb\"},\"inLanguage\":\"en-US\",\"potentialAction\":[{\"@type\":\"ReadAction\",\"target\":[\"https:\/\/www.visit-ulcinj.com\/blog\/2015\/04\/03\/milo-dukanovic-cestitao-dan-opstine-ulcinj\/\"]}]},{\"@type\":\"BreadcrumbList\",\"@id\":\"https:\/\/www.visit-ulcinj.com\/blog\/2015\/04\/03\/milo-dukanovic-cestitao-dan-opstine-ulcinj\/#breadcrumb\",\"itemListElement\":[{\"@type\":\"ListItem\",\"position\":1,\"name\":\"Milo \u0110ukanovi\u0107 \u010destitao Dan op\u0161tine Ulcinj\"}]},{\"@type\":\"Person\",\"@id\":\"https:\/\/www.visit-ulcinj.com\/blog\/#\/schema\/person\/dcab619c614d3038751c63bc2aadc06d\",\"name\":\"ulqini\",\"sameAs\":[\"http:\/\/www.visit-ulcinj.com\"],\"url\":\"https:\/\/www.visit-ulcinj.com\/blog\/author\/admin\/\"}]}<\/script>\n<!-- \/ Yoast SEO plugin. -->","yoast_head_json":{"title":"Milo \u0110ukanovi\u0107 \u010destitao Dan op\u0161tine Ulcinj - Lajme nga Ulqini","description":"Predsjednik Vlade Milo \u0110ukanovi\u0107 uputio je, povodom 04. aprila - Dana op\u0161tine Ulcinj, \u010destitku predsjedniku Op\u0161tine Fatmiru \u0110eki (Fatmir Gjeka),","robots":{"index":"index","follow":"follow","max-snippet":"max-snippet:-1","max-image-preview":"max-image-preview:large","max-video-preview":"max-video-preview:-1"},"canonical":"https:\/\/www.visit-ulcinj.com\/blog\/2015\/04\/03\/milo-dukanovic-cestitao-dan-opstine-ulcinj\/","og_locale":"en_US","og_type":"article","og_title":"Milo \u0110ukanovi\u0107 \u010destitao Dan op\u0161tine Ulcinj - Lajme nga Ulqini","og_description":"Predsjednik Vlade Milo \u0110ukanovi\u0107 uputio je, povodom 04. aprila - Dana op\u0161tine Ulcinj, \u010destitku predsjedniku Op\u0161tine Fatmiru \u0110eki (Fatmir Gjeka),","og_url":"https:\/\/www.visit-ulcinj.com\/blog\/2015\/04\/03\/milo-dukanovic-cestitao-dan-opstine-ulcinj\/","og_site_name":"Lajme nga Ulqini","article_published_time":"2015-04-03T17:53:57+00:00","article_modified_time":"2015-04-04T17:57:00+00:00","og_image":[{"url":"http:\/\/www.visit-ulcinj.com\/blog\/wp-content\/uploads\/2013\/07\/fatmir-gjeka.jpg"}],"twitter_misc":{"Written by":"ulqini","Est. reading time":"1 minute"},"schema":{"@context":"https:\/\/schema.org","@graph":[{"@type":"WebSite","@id":"https:\/\/www.visit-ulcinj.com\/blog\/#website","url":"https:\/\/www.visit-ulcinj.com\/blog\/","name":"Lajme nga Ulqini","description":"Lajme,Vijesti,Ulqini,Ulqin,Crna Gora,Mali i Zi","potentialAction":[{"@type":"SearchAction","target":{"@type":"EntryPoint","urlTemplate":"https:\/\/www.visit-ulcinj.com\/blog\/?s={search_term_string}"},"query-input":"required name=search_term_string"}],"inLanguage":"en-US"},{"@type":"ImageObject","inLanguage":"en-US","@id":"https:\/\/www.visit-ulcinj.com\/blog\/2015\/04\/03\/milo-dukanovic-cestitao-dan-opstine-ulcinj\/#primaryimage","url":"https:\/\/www.visit-ulcinj.com\/blog\/wp-content\/uploads\/2013\/07\/fatmir-gjeka.jpg","contentUrl":"https:\/\/www.visit-ulcinj.com\/blog\/wp-content\/uploads\/2013\/07\/fatmir-gjeka.jpg","width":960,"height":743},{"@type":"WebPage","@id":"https:\/\/www.visit-ulcinj.com\/blog\/2015\/04\/03\/milo-dukanovic-cestitao-dan-opstine-ulcinj\/#webpage","url":"https:\/\/www.visit-ulcinj.com\/blog\/2015\/04\/03\/milo-dukanovic-cestitao-dan-opstine-ulcinj\/","name":"Milo \u0110ukanovi\u0107 \u010destitao Dan op\u0161tine Ulcinj - Lajme nga Ulqini","isPartOf":{"@id":"https:\/\/www.visit-ulcinj.com\/blog\/#website"},"primaryImageOfPage":{"@id":"https:\/\/www.visit-ulcinj.com\/blog\/2015\/04\/03\/milo-dukanovic-cestitao-dan-opstine-ulcinj\/#primaryimage"},"datePublished":"2015-04-03T17:53:57+00:00","dateModified":"2015-04-04T17:57:00+00:00","author":{"@id":"https:\/\/www.visit-ulcinj.com\/blog\/#\/schema\/person\/dcab619c614d3038751c63bc2aadc06d"},"description":"Predsjednik Vlade Milo \u0110ukanovi\u0107 uputio je, povodom 04. aprila - Dana op\u0161tine Ulcinj, \u010destitku predsjedniku Op\u0161tine Fatmiru \u0110eki (Fatmir Gjeka),","breadcrumb":{"@id":"https:\/\/www.visit-ulcinj.com\/blog\/2015\/04\/03\/milo-dukanovic-cestitao-dan-opstine-ulcinj\/#breadcrumb"},"inLanguage":"en-US","potentialAction":[{"@type":"ReadAction","target":["https:\/\/www.visit-ulcinj.com\/blog\/2015\/04\/03\/milo-dukanovic-cestitao-dan-opstine-ulcinj\/"]}]},{"@type":"BreadcrumbList","@id":"https:\/\/www.visit-ulcinj.com\/blog\/2015\/04\/03\/milo-dukanovic-cestitao-dan-opstine-ulcinj\/#breadcrumb","itemListElement":[{"@type":"ListItem","position":1,"name":"Milo \u0110ukanovi\u0107 \u010destitao Dan op\u0161tine Ulcinj"}]},{"@type":"Person","@id":"https:\/\/www.visit-ulcinj.com\/blog\/#\/schema\/person\/dcab619c614d3038751c63bc2aadc06d","name":"ulqini","sameAs":["http:\/\/www.visit-ulcinj.com"],"url":"https:\/\/www.visit-ulcinj.com\/blog\/author\/admin\/"}]}},"jetpack_featured_media_url":"","jetpack_sharing_enabled":true,"jetpack_shortlink":"https:\/\/wp.me\/pe6lTn-nn0","_links":{"self":[{"href":"https:\/\/www.visit-ulcinj.com\/blog\/wp-json\/wp\/v2\/posts\/89838"}],"collection":[{"href":"https:\/\/www.visit-ulcinj.com\/blog\/wp-json\/wp\/v2\/posts"}],"about":[{"href":"https:\/\/www.visit-ulcinj.com\/blog\/wp-json\/wp\/v2\/types\/post"}],"author":[{"embeddable":true,"href":"https:\/\/www.visit-ulcinj.com\/blog\/wp-json\/wp\/v2\/users\/1"}],"replies":[{"embeddable":true,"href":"https:\/\/www.visit-ulcinj.com\/blog\/wp-json\/wp\/v2\/comments?post=89838"}],"version-history":[{"count":1,"href":"https:\/\/www.visit-ulcinj.com\/blog\/wp-json\/wp\/v2\/posts\/89838\/revisions"}],"predecessor-version":[{"id":89839,"href":"https:\/\/www.visit-ulcinj.com\/blog\/wp-json\/wp\/v2\/posts\/89838\/revisions\/89839"}],"wp:attachment":[{"href":"https:\/\/www.visit-ulcinj.com\/blog\/wp-json\/wp\/v2\/media?parent=89838"}],"wp:term":[{"taxonomy":"category","embeddable":true,"href":"https:\/\/www.visit-ulcinj.com\/blog\/wp-json\/wp\/v2\/categories?post=89838"},{"taxonomy":"post_tag","embeddable":true,"href":"https:\/\/www.visit-ulcinj.com\/blog\/wp-json\/wp\/v2\/tags?post=89838"}],"curies":[{"name":"wp","href":"https:\/\/api.w.org\/{rel}","templated":true}]}}