{"id":89842,"date":"2015-04-04T19:04:43","date_gmt":"2015-04-04T18:04:43","guid":{"rendered":"http:\/\/www.visit-ulcinj.com\/blog\/?p=89842"},"modified":"2015-04-04T19:24:01","modified_gmt":"2015-04-04T18:24:01","slug":"edi-rama-ecim-drejt-bashkimit-kombetar","status":"publish","type":"post","link":"https:\/\/www.visit-ulcinj.com\/blog\/2015\/04\/04\/edi-rama-ecim-drejt-bashkimit-kombetar\/","title":{"rendered":"Edi Rama : Do ecim drejt bashkimit komb\u00ebtar &#8211; Video"},"content":{"rendered":"<div class=\"inside-text-paragraphs\">\n<p><a href=\"http:\/\/www.visit-ulcinj.com\/blog\/wp-content\/uploads\/2015\/04\/Edin-Rama-Ulqin.jpg\"><img loading=\"lazy\" class=\"alignleft wp-image-89843\" src=\"http:\/\/www.visit-ulcinj.com\/blog\/wp-content\/uploads\/2015\/04\/Edin-Rama-Ulqin.jpg\" alt=\"Edin-Rama-Ulqin\" width=\"508\" height=\"278\" \/><\/a>Kryeministri i Shqip\u00ebris\u00eb Edi Rama ka folur p\u00ebrs\u00ebri p\u00ebr bashkimin e shqiptar\u00ebve. Ai ka th\u00ebn\u00eb n\u00eb Ulqin se shqiptar\u00ebt po ecin drejt bashkimit komb\u00ebtar, por sipas tij, kjo do t\u00eb ndodh\u00eb n\u00eb familjen evropiane.<\/p>\n<p>Kryeministri i Shqip\u00ebris\u00eb Edi Rama tha se shqiptar\u00ebt kan\u00eb barr\u00ebn e ve\u00e7ant\u00eb t\u00eb jen\u00eb nxit\u00ebs t\u00eb lidhjeve t\u00eb paqes dhe stabilitetit n\u00eb rajon, duke pasur n\u00eb k\u00ebt\u00eb m\u00ebnyr\u00eb p\u00ebrgjegj\u00ebsin\u00eb historike p\u00ebr t\u00eb dh\u00ebn\u00eb shembull.<\/p>\n<p>\u201cK\u00ebnaq\u00ebsi krejt e posa\u00e7me prej nderit te madh q\u00eb ju me b\u00ebni me k\u00ebt\u00eb titull. \u00c7moj pranin\u00eb e Presidentit t\u00eb Malit t\u00eb Zi n\u00eb k\u00ebt\u00eb ceremoni q\u00eb bashkon ne si shqiptare e malazez n\u00eb nj\u00eb moment festiv por edhe reflektimi p\u00ebr rrug\u00ebn e p\u00ebrbashk\u00ebt. N\u00eb k\u00ebt\u00eb rrug\u00eb Ulqini \u00ebsht\u00eb nj\u00eb pik\u00eb p\u00ebrbashkimi mes shqiptar\u00ebve dhe malazez\u00ebve. Na takon n\u00eb k\u00ebt\u00eb kohe t\u00eb re t\u00eb paqes t\u00eb jemi nxit\u00ebs t\u00eb lidhjeve t\u00eb paqes, por shqiptar\u00ebve iu bie nj\u00eb barr\u00eb e ve\u00e7ant\u00eb pasi sot jan\u00eb m\u00eb mir\u00eb se \u00e7\u2019kan\u00eb qen\u00eb po kan\u00eb p\u00ebrgjegj\u00ebsin\u00eb historike p\u00ebr dh\u00ebnien e shembullit t\u00eb tyre\u201d, u shpreh kryeministri Rama sot n\u00eb Ulqin.<\/p>\n<p>Kreu i qeveris\u00eb tha se i gjith\u00eb komuniteti shqiptar po ec\u00ebn drejt bashkimit t\u00eb t\u00eb gjith\u00eb shqiptar\u00ebve n\u00eb familjen evropiane. \u201cDo ecim drejt bashkimit komb\u00ebtar, t\u00eb bashkimit t\u00eb t\u00eb gjith\u00eb shqiptar\u00ebve n\u00eb familjen evropiane\u201d, tha Rama<\/p>\n<p>Tha\u00e7i: Kosova ndihen shum\u00eb af\u00ebr Ulqinit<\/p>\n<p>\u201cKomuna e Ulqinit dallon si komun\u00eb e pasur n\u00eb Ballkan p\u00ebr trash\u00ebgimi kulturore, monumentale, natyrore dhe \u00e7\u2019 \u00ebsht\u00eb m\u00eb e r\u00ebnd\u00ebsishmja edhe p\u00ebr vlera njer\u00ebzore, prandaj edhe un\u00eb sot ndjehem i privilegjuar q\u00eb m\u00eb keni nderuar me k\u00ebt\u00eb \u00e7mim\u201d, tha Hashim Tha\u00e7i n\u00eb fjal\u00ebn e tij n\u00eb Ulqin.<\/p>\n<p>Sipas Tha\u00e7it, qytetar\u00ebt e Kosov\u00ebs ndihen shum\u00eb af\u00ebr Ulqinit, sepse e lidhin k\u00ebt\u00eb trev\u00eb me kujtimet m\u00eb t\u00eb bukura t\u00eb tyre gjat\u00eb stin\u00ebs s\u00eb ver\u00ebs. \u201cP\u00ebrve\u00e7 pushimeve verore, nj\u00eb tjet\u00ebr ur\u00eb e fort\u00eb lidh\u00ebse mes Kosov\u00ebs dhe trev\u00ebs suaj ka qen\u00eb edhe Universiteti i Prishtin\u00ebs, n\u00eb t\u00eb cilin jan\u00eb shkolluar me mij\u00ebra bij\u00eb dhe bija tuaja, por edhe ku kan\u00eb kontribuar dhjet\u00ebra kuadro t\u00eb dala nga popullsia shqiptare e Malit t\u00eb Zi\u201d, shtoi numri dy i qeveris\u00eb s\u00eb Kosov\u00ebs. (ul.info.com)<\/p>\n<p>Burimi: Z\u00ebri<\/p>\n<!--YouTube Error: bad URL entered-->\n<\/div>\n","protected":false},"excerpt":{"rendered":"<p>Kryeministri i Shqip\u00ebris\u00eb Edi Rama ka folur p\u00ebrs\u00ebri p\u00ebr bashkimin e shqiptar\u00ebve. Ai ka th\u00ebn\u00eb n\u00eb Ulqin se shqiptar\u00ebt po ecin drejt bashkimit komb\u00ebtar, por sipas tij, kjo do t\u00eb ndodh\u00eb n\u00eb familjen evropiane. Kryeministri i Shqip\u00ebris\u00eb Edi Rama tha se shqiptar\u00ebt kan\u00eb barr\u00ebn e ve\u00e7ant\u00eb t\u00eb jen\u00eb nxit\u00ebs t\u00eb lidhjeve t\u00eb paqes dhe stabilitetit [&hellip;]<\/p>\n","protected":false},"author":1,"featured_media":0,"comment_status":"closed","ping_status":"closed","sticky":false,"template":"","format":"standard","meta":{"spay_email":"","jetpack_publicize_message":"","jetpack_is_tweetstorm":false,"jetpack_publicize_feature_enabled":true},"categories":[6],"tags":[],"jetpack_publicize_connections":[],"yoast_head":"<!-- This site is optimized with the Yoast SEO plugin v19.1 - https:\/\/yoast.com\/wordpress\/plugins\/seo\/ -->\n<title>Edi Rama : Do ecim drejt bashkimit komb\u00ebtar - Video - Lajme nga Ulqini<\/title>\n<meta name=\"description\" content=\"Kryeministri i Shqip\u00ebris\u00eb Edi Rama ka folur p\u00ebrs\u00ebri p\u00ebr bashkimin e shqiptar\u00ebve. Ai ka th\u00ebn\u00eb n\u00eb Ulqin se shqiptar\u00ebt po ecin drejt bashkimit komb\u00ebtar, por\" \/>\n<meta name=\"robots\" content=\"index, follow, max-snippet:-1, max-image-preview:large, max-video-preview:-1\" \/>\n<link rel=\"canonical\" href=\"https:\/\/www.visit-ulcinj.com\/blog\/2015\/04\/04\/edi-rama-ecim-drejt-bashkimit-kombetar\/\" \/>\n<meta property=\"og:locale\" content=\"en_US\" \/>\n<meta property=\"og:type\" content=\"article\" \/>\n<meta property=\"og:title\" content=\"Edi Rama : Do ecim drejt bashkimit komb\u00ebtar - Video - Lajme nga Ulqini\" \/>\n<meta property=\"og:description\" content=\"Kryeministri i Shqip\u00ebris\u00eb Edi Rama ka folur p\u00ebrs\u00ebri p\u00ebr bashkimin e shqiptar\u00ebve. Ai ka th\u00ebn\u00eb n\u00eb Ulqin se shqiptar\u00ebt po ecin drejt bashkimit komb\u00ebtar, por\" \/>\n<meta property=\"og:url\" content=\"https:\/\/www.visit-ulcinj.com\/blog\/2015\/04\/04\/edi-rama-ecim-drejt-bashkimit-kombetar\/\" \/>\n<meta property=\"og:site_name\" content=\"Lajme nga Ulqini\" \/>\n<meta property=\"article:published_time\" content=\"2015-04-04T18:04:43+00:00\" \/>\n<meta property=\"article:modified_time\" content=\"2015-04-04T18:24:01+00:00\" \/>\n<meta property=\"og:image\" content=\"http:\/\/www.visit-ulcinj.com\/blog\/wp-content\/uploads\/2015\/04\/Edin-Rama-Ulqin.jpg\" \/>\n<meta name=\"twitter:label1\" content=\"Written by\" \/>\n\t<meta name=\"twitter:data1\" content=\"ulqini\" \/>\n\t<meta name=\"twitter:label2\" content=\"Est. reading time\" \/>\n\t<meta name=\"twitter:data2\" content=\"2 minutes\" \/>\n<script type=\"application\/ld+json\" class=\"yoast-schema-graph\">{\"@context\":\"https:\/\/schema.org\",\"@graph\":[{\"@type\":\"WebSite\",\"@id\":\"https:\/\/www.visit-ulcinj.com\/blog\/#website\",\"url\":\"https:\/\/www.visit-ulcinj.com\/blog\/\",\"name\":\"Lajme nga Ulqini\",\"description\":\"Lajme,Vijesti,Ulqini,Ulqin,Crna Gora,Mali i Zi\",\"potentialAction\":[{\"@type\":\"SearchAction\",\"target\":{\"@type\":\"EntryPoint\",\"urlTemplate\":\"https:\/\/www.visit-ulcinj.com\/blog\/?s={search_term_string}\"},\"query-input\":\"required name=search_term_string\"}],\"inLanguage\":\"en-US\"},{\"@type\":\"ImageObject\",\"inLanguage\":\"en-US\",\"@id\":\"https:\/\/www.visit-ulcinj.com\/blog\/2015\/04\/04\/edi-rama-ecim-drejt-bashkimit-kombetar\/#primaryimage\",\"url\":\"http:\/\/www.visit-ulcinj.com\/blog\/wp-content\/uploads\/2015\/04\/Edin-Rama-Ulqin.jpg\",\"contentUrl\":\"http:\/\/www.visit-ulcinj.com\/blog\/wp-content\/uploads\/2015\/04\/Edin-Rama-Ulqin.jpg\"},{\"@type\":\"WebPage\",\"@id\":\"https:\/\/www.visit-ulcinj.com\/blog\/2015\/04\/04\/edi-rama-ecim-drejt-bashkimit-kombetar\/#webpage\",\"url\":\"https:\/\/www.visit-ulcinj.com\/blog\/2015\/04\/04\/edi-rama-ecim-drejt-bashkimit-kombetar\/\",\"name\":\"Edi Rama : Do ecim drejt bashkimit komb\u00ebtar - Video - Lajme nga Ulqini\",\"isPartOf\":{\"@id\":\"https:\/\/www.visit-ulcinj.com\/blog\/#website\"},\"primaryImageOfPage\":{\"@id\":\"https:\/\/www.visit-ulcinj.com\/blog\/2015\/04\/04\/edi-rama-ecim-drejt-bashkimit-kombetar\/#primaryimage\"},\"datePublished\":\"2015-04-04T18:04:43+00:00\",\"dateModified\":\"2015-04-04T18:24:01+00:00\",\"author\":{\"@id\":\"https:\/\/www.visit-ulcinj.com\/blog\/#\/schema\/person\/dcab619c614d3038751c63bc2aadc06d\"},\"description\":\"Kryeministri i Shqip\u00ebris\u00eb Edi Rama ka folur p\u00ebrs\u00ebri p\u00ebr bashkimin e shqiptar\u00ebve. Ai ka th\u00ebn\u00eb n\u00eb Ulqin se shqiptar\u00ebt po ecin drejt bashkimit komb\u00ebtar, por\",\"breadcrumb\":{\"@id\":\"https:\/\/www.visit-ulcinj.com\/blog\/2015\/04\/04\/edi-rama-ecim-drejt-bashkimit-kombetar\/#breadcrumb\"},\"inLanguage\":\"en-US\",\"potentialAction\":[{\"@type\":\"ReadAction\",\"target\":[\"https:\/\/www.visit-ulcinj.com\/blog\/2015\/04\/04\/edi-rama-ecim-drejt-bashkimit-kombetar\/\"]}]},{\"@type\":\"BreadcrumbList\",\"@id\":\"https:\/\/www.visit-ulcinj.com\/blog\/2015\/04\/04\/edi-rama-ecim-drejt-bashkimit-kombetar\/#breadcrumb\",\"itemListElement\":[{\"@type\":\"ListItem\",\"position\":1,\"name\":\"Edi Rama : Do ecim drejt bashkimit komb\u00ebtar &#8211; Video\"}]},{\"@type\":\"Person\",\"@id\":\"https:\/\/www.visit-ulcinj.com\/blog\/#\/schema\/person\/dcab619c614d3038751c63bc2aadc06d\",\"name\":\"ulqini\",\"sameAs\":[\"http:\/\/www.visit-ulcinj.com\"],\"url\":\"https:\/\/www.visit-ulcinj.com\/blog\/author\/admin\/\"}]}<\/script>\n<!-- \/ Yoast SEO plugin. -->","yoast_head_json":{"title":"Edi Rama : Do ecim drejt bashkimit komb\u00ebtar - Video - Lajme nga Ulqini","description":"Kryeministri i Shqip\u00ebris\u00eb Edi Rama ka folur p\u00ebrs\u00ebri p\u00ebr bashkimin e shqiptar\u00ebve. Ai ka th\u00ebn\u00eb n\u00eb Ulqin se shqiptar\u00ebt po ecin drejt bashkimit komb\u00ebtar, por","robots":{"index":"index","follow":"follow","max-snippet":"max-snippet:-1","max-image-preview":"max-image-preview:large","max-video-preview":"max-video-preview:-1"},"canonical":"https:\/\/www.visit-ulcinj.com\/blog\/2015\/04\/04\/edi-rama-ecim-drejt-bashkimit-kombetar\/","og_locale":"en_US","og_type":"article","og_title":"Edi Rama : Do ecim drejt bashkimit komb\u00ebtar - Video - Lajme nga Ulqini","og_description":"Kryeministri i Shqip\u00ebris\u00eb Edi Rama ka folur p\u00ebrs\u00ebri p\u00ebr bashkimin e shqiptar\u00ebve. Ai ka th\u00ebn\u00eb n\u00eb Ulqin se shqiptar\u00ebt po ecin drejt bashkimit komb\u00ebtar, por","og_url":"https:\/\/www.visit-ulcinj.com\/blog\/2015\/04\/04\/edi-rama-ecim-drejt-bashkimit-kombetar\/","og_site_name":"Lajme nga Ulqini","article_published_time":"2015-04-04T18:04:43+00:00","article_modified_time":"2015-04-04T18:24:01+00:00","og_image":[{"url":"http:\/\/www.visit-ulcinj.com\/blog\/wp-content\/uploads\/2015\/04\/Edin-Rama-Ulqin.jpg"}],"twitter_misc":{"Written by":"ulqini","Est. reading time":"2 minutes"},"schema":{"@context":"https:\/\/schema.org","@graph":[{"@type":"WebSite","@id":"https:\/\/www.visit-ulcinj.com\/blog\/#website","url":"https:\/\/www.visit-ulcinj.com\/blog\/","name":"Lajme nga Ulqini","description":"Lajme,Vijesti,Ulqini,Ulqin,Crna Gora,Mali i Zi","potentialAction":[{"@type":"SearchAction","target":{"@type":"EntryPoint","urlTemplate":"https:\/\/www.visit-ulcinj.com\/blog\/?s={search_term_string}"},"query-input":"required name=search_term_string"}],"inLanguage":"en-US"},{"@type":"ImageObject","inLanguage":"en-US","@id":"https:\/\/www.visit-ulcinj.com\/blog\/2015\/04\/04\/edi-rama-ecim-drejt-bashkimit-kombetar\/#primaryimage","url":"http:\/\/www.visit-ulcinj.com\/blog\/wp-content\/uploads\/2015\/04\/Edin-Rama-Ulqin.jpg","contentUrl":"http:\/\/www.visit-ulcinj.com\/blog\/wp-content\/uploads\/2015\/04\/Edin-Rama-Ulqin.jpg"},{"@type":"WebPage","@id":"https:\/\/www.visit-ulcinj.com\/blog\/2015\/04\/04\/edi-rama-ecim-drejt-bashkimit-kombetar\/#webpage","url":"https:\/\/www.visit-ulcinj.com\/blog\/2015\/04\/04\/edi-rama-ecim-drejt-bashkimit-kombetar\/","name":"Edi Rama : Do ecim drejt bashkimit komb\u00ebtar - Video - Lajme nga Ulqini","isPartOf":{"@id":"https:\/\/www.visit-ulcinj.com\/blog\/#website"},"primaryImageOfPage":{"@id":"https:\/\/www.visit-ulcinj.com\/blog\/2015\/04\/04\/edi-rama-ecim-drejt-bashkimit-kombetar\/#primaryimage"},"datePublished":"2015-04-04T18:04:43+00:00","dateModified":"2015-04-04T18:24:01+00:00","author":{"@id":"https:\/\/www.visit-ulcinj.com\/blog\/#\/schema\/person\/dcab619c614d3038751c63bc2aadc06d"},"description":"Kryeministri i Shqip\u00ebris\u00eb Edi Rama ka folur p\u00ebrs\u00ebri p\u00ebr bashkimin e shqiptar\u00ebve. Ai ka th\u00ebn\u00eb n\u00eb Ulqin se shqiptar\u00ebt po ecin drejt bashkimit komb\u00ebtar, por","breadcrumb":{"@id":"https:\/\/www.visit-ulcinj.com\/blog\/2015\/04\/04\/edi-rama-ecim-drejt-bashkimit-kombetar\/#breadcrumb"},"inLanguage":"en-US","potentialAction":[{"@type":"ReadAction","target":["https:\/\/www.visit-ulcinj.com\/blog\/2015\/04\/04\/edi-rama-ecim-drejt-bashkimit-kombetar\/"]}]},{"@type":"BreadcrumbList","@id":"https:\/\/www.visit-ulcinj.com\/blog\/2015\/04\/04\/edi-rama-ecim-drejt-bashkimit-kombetar\/#breadcrumb","itemListElement":[{"@type":"ListItem","position":1,"name":"Edi Rama : Do ecim drejt bashkimit komb\u00ebtar &#8211; Video"}]},{"@type":"Person","@id":"https:\/\/www.visit-ulcinj.com\/blog\/#\/schema\/person\/dcab619c614d3038751c63bc2aadc06d","name":"ulqini","sameAs":["http:\/\/www.visit-ulcinj.com"],"url":"https:\/\/www.visit-ulcinj.com\/blog\/author\/admin\/"}]}},"jetpack_featured_media_url":"","jetpack_sharing_enabled":true,"jetpack_shortlink":"https:\/\/wp.me\/pe6lTn-nn4","_links":{"self":[{"href":"https:\/\/www.visit-ulcinj.com\/blog\/wp-json\/wp\/v2\/posts\/89842"}],"collection":[{"href":"https:\/\/www.visit-ulcinj.com\/blog\/wp-json\/wp\/v2\/posts"}],"about":[{"href":"https:\/\/www.visit-ulcinj.com\/blog\/wp-json\/wp\/v2\/types\/post"}],"author":[{"embeddable":true,"href":"https:\/\/www.visit-ulcinj.com\/blog\/wp-json\/wp\/v2\/users\/1"}],"replies":[{"embeddable":true,"href":"https:\/\/www.visit-ulcinj.com\/blog\/wp-json\/wp\/v2\/comments?post=89842"}],"version-history":[{"count":2,"href":"https:\/\/www.visit-ulcinj.com\/blog\/wp-json\/wp\/v2\/posts\/89842\/revisions"}],"predecessor-version":[{"id":89850,"href":"https:\/\/www.visit-ulcinj.com\/blog\/wp-json\/wp\/v2\/posts\/89842\/revisions\/89850"}],"wp:attachment":[{"href":"https:\/\/www.visit-ulcinj.com\/blog\/wp-json\/wp\/v2\/media?parent=89842"}],"wp:term":[{"taxonomy":"category","embeddable":true,"href":"https:\/\/www.visit-ulcinj.com\/blog\/wp-json\/wp\/v2\/categories?post=89842"},{"taxonomy":"post_tag","embeddable":true,"href":"https:\/\/www.visit-ulcinj.com\/blog\/wp-json\/wp\/v2\/tags?post=89842"}],"curies":[{"name":"wp","href":"https:\/\/api.w.org\/{rel}","templated":true}]}}