{"id":89846,"date":"2015-04-04T19:17:15","date_gmt":"2015-04-04T18:17:15","guid":{"rendered":"http:\/\/www.visit-ulcinj.com\/blog\/?p=89846"},"modified":"2015-04-07T17:10:10","modified_gmt":"2015-04-07T16:10:10","slug":"thaci-roli-historik-ulqinit-ne-promovimin-e-paqes-dhe-dialogut-midis-popujve-te-ballkanit","status":"publish","type":"post","link":"https:\/\/www.visit-ulcinj.com\/blog\/2015\/04\/04\/thaci-roli-historik-ulqinit-ne-promovimin-e-paqes-dhe-dialogut-midis-popujve-te-ballkanit\/","title":{"rendered":"Tha\u00e7i: Roli historik i Ulqinit n\u00eb promovimin e paqes dhe dialogut midis popujve t\u00eb Ballkanit &#8211; Video"},"content":{"rendered":"<p><strong><a href=\"http:\/\/www.visit-ulcinj.com\/blog\/wp-content\/uploads\/2015\/04\/Hashim-Thaci-Ulqin-6.jpg\"><img loading=\"lazy\" class=\"alignleft wp-image-89815\" src=\"http:\/\/www.visit-ulcinj.com\/blog\/wp-content\/uploads\/2015\/04\/Hashim-Thaci-Ulqin-6.jpg\" alt=\"Hashim-Thaci-Ulqin-6\" width=\"508\" height=\"301\" srcset=\"https:\/\/www.visit-ulcinj.com\/blog\/wp-content\/uploads\/2015\/04\/Hashim-Thaci-Ulqin-6.jpg 960w, https:\/\/www.visit-ulcinj.com\/blog\/wp-content\/uploads\/2015\/04\/Hashim-Thaci-Ulqin-6-300x178.jpg 300w\" sizes=\"(max-width: 508px) 100vw, 508px\" \/><\/a>Ulqin, 4 prill 2015 &#8211; Komuna e Ulqinit, n\u00eb dit\u00ebn e saj, i ka shpallur qytetar\u00eb nderi z\u00ebvend\u00ebskryeministrin e Kosov\u00ebs, Hashim Tha\u00e7in, dhe kryeministrin e Shqip\u00ebris\u00eb, Edi Ram\u00ebn. Ceremonis\u00eb i parapriu nj\u00eb takim kat\u00ebrpal\u00ebsh n\u00eb mes z\u00ebvend\u00ebskryeministrit Tha\u00e7i, presidentit malazias, Filip Vujanoviq, kryeministrit shqiptar, Edi Rama, dhe kryetarit t\u00eb komun\u00ebs s\u00eb Ulqinit, Fatmir Gjek\u00ebs.<\/strong><\/p>\n<div id=\"content\">\n<div id=\"list_article\">\n<div class=\"box2\">\n<p>Nikoqiri i k\u00ebsaj ceremonie, kryetari i komun\u00ebs s\u00eb Ulqinit, Fatmir Gjeka, tha se prania e dy personaliteteve t\u00eb shquar t\u00eb Kosov\u00ebs dhe Shqip\u00ebris\u00eb po e b\u00ebn edhe m\u00eb t\u00eb madh\u00ebrishme fest\u00ebn e Ulqinit, e cila sh\u00ebnon p\u00ebrfundimin e mbledhjes s\u00eb ullinjve, daljen e detar\u00ebve n\u00eb det dhe fillimin e sezonit turistik. \u201cKomuna e Ulqinit shpall\u00eb \u2018Qytetar nderi t\u00eb Komun\u00ebs s\u00eb Ulqinit\u2019 z. Hashim Tha\u00e7i, n\u00eb shenj\u00eb vler\u00ebsimi dhe nderimi p\u00ebr rolin historik n\u00eb promovimin e paqes dhe dialogut midis popujve t\u00eb Ballkanit, marr\u00ebdh\u00ebnieve t\u00eb ngushta fqinj\u00ebsore nd\u00ebrmjet Kosov\u00ebs dhe Malit t\u00eb Zi, integrimit euroatlantik dhe rolit shum\u00eb t\u00eb r\u00ebnd\u00ebsish\u00ebm n\u00eb avancimin e pozit\u00ebs s\u00eb shqiptar\u00ebve n\u00eb Ballkan dhe posa\u00e7\u00ebrisht n\u00eb Mal t\u00eb Zi\u201d, ishte motivacioni me t\u00eb cilin kryetari Gjeka e shpalli z\u00ebvend\u00ebskryeministrin Tha\u00e7i qytetar nderi t\u00eb Komun\u00ebs s\u00eb Ulqinit.<\/p>\n<p><a href=\"http:\/\/www.visit-ulcinj.com\/blog\/wp-content\/uploads\/2015\/04\/Thaci_dhe_Rama_behen_ulqinake_te_nderit_1.jpg\"><img loading=\"lazy\" class=\"alignleft wp-image-89847\" src=\"http:\/\/www.visit-ulcinj.com\/blog\/wp-content\/uploads\/2015\/04\/Thaci_dhe_Rama_behen_ulqinake_te_nderit_1.jpg\" alt=\"Thaci_dhe_Rama_behen_ulqinake_te_nderit_1\" width=\"508\" height=\"338\" srcset=\"https:\/\/www.visit-ulcinj.com\/blog\/wp-content\/uploads\/2015\/04\/Thaci_dhe_Rama_behen_ulqinake_te_nderit_1.jpg 1000w, https:\/\/www.visit-ulcinj.com\/blog\/wp-content\/uploads\/2015\/04\/Thaci_dhe_Rama_behen_ulqinake_te_nderit_1-300x200.jpg 300w\" sizes=\"(max-width: 508px) 100vw, 508px\" \/><\/a><\/p>\n<p>E z\u00ebvend\u00ebskryeministri Tha\u00e7i, duke iu drejtuar t\u00eb pranishm\u00ebve, tha se Kosova e njeh Malin e zi dhe Mali e Zi e njeh Kosov\u00ebn p\u00ebrmes Ulqinit. Ai theksoi se me hapjen e Universitetit t\u00eb Prishtin\u00ebs ishte hapur edhe nj\u00eb dritare p\u00ebr ulqinak\u00ebt, derisa p\u00ebr f\u00ebmij\u00ebt e Kosov\u00ebs tha se jan\u00eb rritur me vargjet e Hajro Ulqinakut n\u00eb shkollat fillore. \u201cKosovar\u00ebt e Ulqinit dhe ulqinak\u00ebt e Kosov\u00ebs votuan 100 p\u00ebr qind p\u00ebr Republik\u00ebn sovrane t\u00eb Malit t\u00eb Zi dhe pavar\u00ebsia e Kosov\u00ebs dhe pavar\u00ebsia e Malit t\u00eb Zi ishin procese simotra, nj\u00eb betej\u00eb e p\u00ebrbashk\u00ebt p\u00ebr liri dhe barazi, nj\u00eb kapitull i posa\u00e7\u00ebm n\u00eb historin\u00eb bashk\u00ebkohore t\u00eb Evrop\u00ebs\u201d, theksoi Tha\u00e7i.<\/p>\n<p>Nd\u00ebrsa, kryeministri i Shqip\u00ebris\u00eb, Edi Rama, tha se Ballkani po hedh\u00eb hapa t\u00eb vendosur n\u00eb koh\u00ebn e re t\u00eb paqes dhe se na takon t\u00eb gjith\u00ebve s\u00eb bashku, n\u00eb k\u00ebt\u00eb koh\u00eb t\u00eb re t\u00eb paqes, t\u00eb jemi sa protagonist\u00eb aq edhe nxit\u00ebs t\u00eb forcimit t\u00eb lidhjeve t\u00eb paqes mes nj\u00ebri-tjetrit. \u201cPrej nj\u00eb viti ne kemi rritur bashk\u00ebpunimin me Qeverin\u00eb e Kosov\u00ebs, me t\u00eb cil\u00ebn kemi hedhur hapa t\u00eb vendosur dhe t\u00eb konsideruesh\u00ebm drejt bashkimit t\u00eb forcave t\u00eb ideve dhe t\u00eb programeve n\u00eb shum\u00eb fusha. Kjo mb\u00ebshtetet n\u00eb \u00ebndrr\u00ebn ton\u00eb t\u00eb re q\u00eb t\u00eb gjith\u00eb shqiptar\u00ebt t\u00eb jen\u00eb t\u00eb bashkuar, por edhe n\u00eb modelin e ri t\u00eb bashkimit q\u00eb \u00ebsht\u00eb ai n\u00eb Bashkimin Evropian. Pa asnj\u00eb dyshim, ne do t\u00eb ecim p\u00ebrpara drejt bashkimit komb\u00ebtar, por pa harruar asnj\u00ebher\u00eb se ideja e bashkimit komb\u00ebtar sot, n\u00eb shekullin 21, \u00ebsht\u00eb ide e bashkimit t\u00eb gjith\u00eb shqiptar\u00ebve n\u00eb familjen e madhe t\u00eb BE-s\u00eb\u201d, tha Rama.<\/p>\n<p>Z\u00ebvend\u00ebskryeministri i par\u00eb i Kosov\u00ebs, Hashim Tha\u00e7i dhe kryeministri i Shqip\u00ebris\u00eb, Edi Rama, rrug\u00ebve t\u00eb Ulqinit ishin pritur edhe nga shum\u00eb ulqinak\u00eb.<\/p>\n<\/div>\n<\/div>\n<\/div>\n<p>&nbsp;<\/p>\n<p><strong>Ministria e Pun\u00ebve t\u00eb Jashtme e Republik\u00ebs s\u00eb Kosov\u00ebs<\/strong><\/p>\n<!--YouTube Error: bad URL entered-->\n","protected":false},"excerpt":{"rendered":"<p>Ulqin, 4 prill 2015 &#8211; Komuna e Ulqinit, n\u00eb dit\u00ebn e saj, i ka shpallur qytetar\u00eb nderi z\u00ebvend\u00ebskryeministrin e Kosov\u00ebs, Hashim Tha\u00e7in, dhe kryeministrin e Shqip\u00ebris\u00eb, Edi Ram\u00ebn. Ceremonis\u00eb i parapriu nj\u00eb takim kat\u00ebrpal\u00ebsh n\u00eb mes z\u00ebvend\u00ebskryeministrit Tha\u00e7i, presidentit malazias, Filip Vujanoviq, kryeministrit shqiptar, Edi Rama, dhe kryetarit t\u00eb komun\u00ebs s\u00eb Ulqinit, Fatmir Gjek\u00ebs. Nikoqiri [&hellip;]<\/p>\n","protected":false},"author":1,"featured_media":0,"comment_status":"closed","ping_status":"closed","sticky":false,"template":"","format":"standard","meta":{"spay_email":"","jetpack_publicize_message":"","jetpack_is_tweetstorm":false,"jetpack_publicize_feature_enabled":true},"categories":[1,2451],"tags":[],"jetpack_publicize_connections":[],"yoast_head":"<!-- This site is optimized with the Yoast SEO plugin v19.1 - https:\/\/yoast.com\/wordpress\/plugins\/seo\/ -->\n<title>Tha\u00e7i: Roli historik i Ulqinit n\u00eb promovimin e paqes dhe dialogut midis popujve t\u00eb Ballkanit - Video - Lajme nga Ulqini<\/title>\n<meta name=\"description\" content=\"Ulqin, 4 prill 2015 - Komuna e Ulqinit, n\u00eb dit\u00ebn e saj, i ka shpallur qytetar\u00eb nderi z\u00ebvend\u00ebskryeministrin e Kosov\u00ebs, Hashim Tha\u00e7in, dhe kryeministrin e\" \/>\n<meta name=\"robots\" content=\"index, follow, max-snippet:-1, max-image-preview:large, max-video-preview:-1\" \/>\n<link rel=\"canonical\" href=\"https:\/\/www.visit-ulcinj.com\/blog\/2015\/04\/04\/thaci-roli-historik-ulqinit-ne-promovimin-e-paqes-dhe-dialogut-midis-popujve-te-ballkanit\/\" \/>\n<meta property=\"og:locale\" content=\"en_US\" \/>\n<meta property=\"og:type\" content=\"article\" \/>\n<meta property=\"og:title\" content=\"Tha\u00e7i: Roli historik i Ulqinit n\u00eb promovimin e paqes dhe dialogut midis popujve t\u00eb Ballkanit - Video - Lajme nga Ulqini\" \/>\n<meta property=\"og:description\" content=\"Ulqin, 4 prill 2015 - Komuna e Ulqinit, n\u00eb dit\u00ebn e saj, i ka shpallur qytetar\u00eb nderi z\u00ebvend\u00ebskryeministrin e Kosov\u00ebs, Hashim Tha\u00e7in, dhe kryeministrin e\" \/>\n<meta property=\"og:url\" content=\"https:\/\/www.visit-ulcinj.com\/blog\/2015\/04\/04\/thaci-roli-historik-ulqinit-ne-promovimin-e-paqes-dhe-dialogut-midis-popujve-te-ballkanit\/\" \/>\n<meta property=\"og:site_name\" content=\"Lajme nga Ulqini\" \/>\n<meta property=\"article:published_time\" content=\"2015-04-04T18:17:15+00:00\" \/>\n<meta property=\"article:modified_time\" content=\"2015-04-07T16:10:10+00:00\" \/>\n<meta property=\"og:image\" content=\"http:\/\/www.visit-ulcinj.com\/blog\/wp-content\/uploads\/2015\/04\/Hashim-Thaci-Ulqin-6.jpg\" \/>\n<meta name=\"twitter:label1\" content=\"Written by\" \/>\n\t<meta name=\"twitter:data1\" content=\"ulqini\" \/>\n\t<meta name=\"twitter:label2\" content=\"Est. reading time\" \/>\n\t<meta name=\"twitter:data2\" content=\"3 minutes\" \/>\n<script type=\"application\/ld+json\" class=\"yoast-schema-graph\">{\"@context\":\"https:\/\/schema.org\",\"@graph\":[{\"@type\":\"WebSite\",\"@id\":\"https:\/\/www.visit-ulcinj.com\/blog\/#website\",\"url\":\"https:\/\/www.visit-ulcinj.com\/blog\/\",\"name\":\"Lajme nga Ulqini\",\"description\":\"Lajme,Vijesti,Ulqini,Ulqin,Crna Gora,Mali i Zi\",\"potentialAction\":[{\"@type\":\"SearchAction\",\"target\":{\"@type\":\"EntryPoint\",\"urlTemplate\":\"https:\/\/www.visit-ulcinj.com\/blog\/?s={search_term_string}\"},\"query-input\":\"required name=search_term_string\"}],\"inLanguage\":\"en-US\"},{\"@type\":\"ImageObject\",\"inLanguage\":\"en-US\",\"@id\":\"https:\/\/www.visit-ulcinj.com\/blog\/2015\/04\/04\/thaci-roli-historik-ulqinit-ne-promovimin-e-paqes-dhe-dialogut-midis-popujve-te-ballkanit\/#primaryimage\",\"url\":\"https:\/\/www.visit-ulcinj.com\/blog\/wp-content\/uploads\/2015\/04\/Hashim-Thaci-Ulqin-6.jpg\",\"contentUrl\":\"https:\/\/www.visit-ulcinj.com\/blog\/wp-content\/uploads\/2015\/04\/Hashim-Thaci-Ulqin-6.jpg\",\"width\":960,\"height\":568},{\"@type\":\"WebPage\",\"@id\":\"https:\/\/www.visit-ulcinj.com\/blog\/2015\/04\/04\/thaci-roli-historik-ulqinit-ne-promovimin-e-paqes-dhe-dialogut-midis-popujve-te-ballkanit\/#webpage\",\"url\":\"https:\/\/www.visit-ulcinj.com\/blog\/2015\/04\/04\/thaci-roli-historik-ulqinit-ne-promovimin-e-paqes-dhe-dialogut-midis-popujve-te-ballkanit\/\",\"name\":\"Tha\u00e7i: Roli historik i Ulqinit n\u00eb promovimin e paqes dhe dialogut midis popujve t\u00eb Ballkanit - Video - Lajme nga Ulqini\",\"isPartOf\":{\"@id\":\"https:\/\/www.visit-ulcinj.com\/blog\/#website\"},\"primaryImageOfPage\":{\"@id\":\"https:\/\/www.visit-ulcinj.com\/blog\/2015\/04\/04\/thaci-roli-historik-ulqinit-ne-promovimin-e-paqes-dhe-dialogut-midis-popujve-te-ballkanit\/#primaryimage\"},\"datePublished\":\"2015-04-04T18:17:15+00:00\",\"dateModified\":\"2015-04-07T16:10:10+00:00\",\"author\":{\"@id\":\"https:\/\/www.visit-ulcinj.com\/blog\/#\/schema\/person\/dcab619c614d3038751c63bc2aadc06d\"},\"description\":\"Ulqin, 4 prill 2015 - Komuna e Ulqinit, n\u00eb dit\u00ebn e saj, i ka shpallur qytetar\u00eb nderi z\u00ebvend\u00ebskryeministrin e Kosov\u00ebs, Hashim Tha\u00e7in, dhe kryeministrin e\",\"breadcrumb\":{\"@id\":\"https:\/\/www.visit-ulcinj.com\/blog\/2015\/04\/04\/thaci-roli-historik-ulqinit-ne-promovimin-e-paqes-dhe-dialogut-midis-popujve-te-ballkanit\/#breadcrumb\"},\"inLanguage\":\"en-US\",\"potentialAction\":[{\"@type\":\"ReadAction\",\"target\":[\"https:\/\/www.visit-ulcinj.com\/blog\/2015\/04\/04\/thaci-roli-historik-ulqinit-ne-promovimin-e-paqes-dhe-dialogut-midis-popujve-te-ballkanit\/\"]}]},{\"@type\":\"BreadcrumbList\",\"@id\":\"https:\/\/www.visit-ulcinj.com\/blog\/2015\/04\/04\/thaci-roli-historik-ulqinit-ne-promovimin-e-paqes-dhe-dialogut-midis-popujve-te-ballkanit\/#breadcrumb\",\"itemListElement\":[{\"@type\":\"ListItem\",\"position\":1,\"name\":\"Tha\u00e7i: Roli historik i Ulqinit n\u00eb promovimin e paqes dhe dialogut midis popujve t\u00eb Ballkanit &#8211; Video\"}]},{\"@type\":\"Person\",\"@id\":\"https:\/\/www.visit-ulcinj.com\/blog\/#\/schema\/person\/dcab619c614d3038751c63bc2aadc06d\",\"name\":\"ulqini\",\"sameAs\":[\"http:\/\/www.visit-ulcinj.com\"],\"url\":\"https:\/\/www.visit-ulcinj.com\/blog\/author\/admin\/\"}]}<\/script>\n<!-- \/ Yoast SEO plugin. -->","yoast_head_json":{"title":"Tha\u00e7i: Roli historik i Ulqinit n\u00eb promovimin e paqes dhe dialogut midis popujve t\u00eb Ballkanit - Video - Lajme nga Ulqini","description":"Ulqin, 4 prill 2015 - Komuna e Ulqinit, n\u00eb dit\u00ebn e saj, i ka shpallur qytetar\u00eb nderi z\u00ebvend\u00ebskryeministrin e Kosov\u00ebs, Hashim Tha\u00e7in, dhe kryeministrin e","robots":{"index":"index","follow":"follow","max-snippet":"max-snippet:-1","max-image-preview":"max-image-preview:large","max-video-preview":"max-video-preview:-1"},"canonical":"https:\/\/www.visit-ulcinj.com\/blog\/2015\/04\/04\/thaci-roli-historik-ulqinit-ne-promovimin-e-paqes-dhe-dialogut-midis-popujve-te-ballkanit\/","og_locale":"en_US","og_type":"article","og_title":"Tha\u00e7i: Roli historik i Ulqinit n\u00eb promovimin e paqes dhe dialogut midis popujve t\u00eb Ballkanit - Video - Lajme nga Ulqini","og_description":"Ulqin, 4 prill 2015 - Komuna e Ulqinit, n\u00eb dit\u00ebn e saj, i ka shpallur qytetar\u00eb nderi z\u00ebvend\u00ebskryeministrin e Kosov\u00ebs, Hashim Tha\u00e7in, dhe kryeministrin e","og_url":"https:\/\/www.visit-ulcinj.com\/blog\/2015\/04\/04\/thaci-roli-historik-ulqinit-ne-promovimin-e-paqes-dhe-dialogut-midis-popujve-te-ballkanit\/","og_site_name":"Lajme nga Ulqini","article_published_time":"2015-04-04T18:17:15+00:00","article_modified_time":"2015-04-07T16:10:10+00:00","og_image":[{"url":"http:\/\/www.visit-ulcinj.com\/blog\/wp-content\/uploads\/2015\/04\/Hashim-Thaci-Ulqin-6.jpg"}],"twitter_misc":{"Written by":"ulqini","Est. reading time":"3 minutes"},"schema":{"@context":"https:\/\/schema.org","@graph":[{"@type":"WebSite","@id":"https:\/\/www.visit-ulcinj.com\/blog\/#website","url":"https:\/\/www.visit-ulcinj.com\/blog\/","name":"Lajme nga Ulqini","description":"Lajme,Vijesti,Ulqini,Ulqin,Crna Gora,Mali i Zi","potentialAction":[{"@type":"SearchAction","target":{"@type":"EntryPoint","urlTemplate":"https:\/\/www.visit-ulcinj.com\/blog\/?s={search_term_string}"},"query-input":"required name=search_term_string"}],"inLanguage":"en-US"},{"@type":"ImageObject","inLanguage":"en-US","@id":"https:\/\/www.visit-ulcinj.com\/blog\/2015\/04\/04\/thaci-roli-historik-ulqinit-ne-promovimin-e-paqes-dhe-dialogut-midis-popujve-te-ballkanit\/#primaryimage","url":"https:\/\/www.visit-ulcinj.com\/blog\/wp-content\/uploads\/2015\/04\/Hashim-Thaci-Ulqin-6.jpg","contentUrl":"https:\/\/www.visit-ulcinj.com\/blog\/wp-content\/uploads\/2015\/04\/Hashim-Thaci-Ulqin-6.jpg","width":960,"height":568},{"@type":"WebPage","@id":"https:\/\/www.visit-ulcinj.com\/blog\/2015\/04\/04\/thaci-roli-historik-ulqinit-ne-promovimin-e-paqes-dhe-dialogut-midis-popujve-te-ballkanit\/#webpage","url":"https:\/\/www.visit-ulcinj.com\/blog\/2015\/04\/04\/thaci-roli-historik-ulqinit-ne-promovimin-e-paqes-dhe-dialogut-midis-popujve-te-ballkanit\/","name":"Tha\u00e7i: Roli historik i Ulqinit n\u00eb promovimin e paqes dhe dialogut midis popujve t\u00eb Ballkanit - Video - Lajme nga Ulqini","isPartOf":{"@id":"https:\/\/www.visit-ulcinj.com\/blog\/#website"},"primaryImageOfPage":{"@id":"https:\/\/www.visit-ulcinj.com\/blog\/2015\/04\/04\/thaci-roli-historik-ulqinit-ne-promovimin-e-paqes-dhe-dialogut-midis-popujve-te-ballkanit\/#primaryimage"},"datePublished":"2015-04-04T18:17:15+00:00","dateModified":"2015-04-07T16:10:10+00:00","author":{"@id":"https:\/\/www.visit-ulcinj.com\/blog\/#\/schema\/person\/dcab619c614d3038751c63bc2aadc06d"},"description":"Ulqin, 4 prill 2015 - Komuna e Ulqinit, n\u00eb dit\u00ebn e saj, i ka shpallur qytetar\u00eb nderi z\u00ebvend\u00ebskryeministrin e Kosov\u00ebs, Hashim Tha\u00e7in, dhe kryeministrin e","breadcrumb":{"@id":"https:\/\/www.visit-ulcinj.com\/blog\/2015\/04\/04\/thaci-roli-historik-ulqinit-ne-promovimin-e-paqes-dhe-dialogut-midis-popujve-te-ballkanit\/#breadcrumb"},"inLanguage":"en-US","potentialAction":[{"@type":"ReadAction","target":["https:\/\/www.visit-ulcinj.com\/blog\/2015\/04\/04\/thaci-roli-historik-ulqinit-ne-promovimin-e-paqes-dhe-dialogut-midis-popujve-te-ballkanit\/"]}]},{"@type":"BreadcrumbList","@id":"https:\/\/www.visit-ulcinj.com\/blog\/2015\/04\/04\/thaci-roli-historik-ulqinit-ne-promovimin-e-paqes-dhe-dialogut-midis-popujve-te-ballkanit\/#breadcrumb","itemListElement":[{"@type":"ListItem","position":1,"name":"Tha\u00e7i: Roli historik i Ulqinit n\u00eb promovimin e paqes dhe dialogut midis popujve t\u00eb Ballkanit &#8211; Video"}]},{"@type":"Person","@id":"https:\/\/www.visit-ulcinj.com\/blog\/#\/schema\/person\/dcab619c614d3038751c63bc2aadc06d","name":"ulqini","sameAs":["http:\/\/www.visit-ulcinj.com"],"url":"https:\/\/www.visit-ulcinj.com\/blog\/author\/admin\/"}]}},"jetpack_featured_media_url":"","jetpack_sharing_enabled":true,"jetpack_shortlink":"https:\/\/wp.me\/pe6lTn-nn8","_links":{"self":[{"href":"https:\/\/www.visit-ulcinj.com\/blog\/wp-json\/wp\/v2\/posts\/89846"}],"collection":[{"href":"https:\/\/www.visit-ulcinj.com\/blog\/wp-json\/wp\/v2\/posts"}],"about":[{"href":"https:\/\/www.visit-ulcinj.com\/blog\/wp-json\/wp\/v2\/types\/post"}],"author":[{"embeddable":true,"href":"https:\/\/www.visit-ulcinj.com\/blog\/wp-json\/wp\/v2\/users\/1"}],"replies":[{"embeddable":true,"href":"https:\/\/www.visit-ulcinj.com\/blog\/wp-json\/wp\/v2\/comments?post=89846"}],"version-history":[{"count":5,"href":"https:\/\/www.visit-ulcinj.com\/blog\/wp-json\/wp\/v2\/posts\/89846\/revisions"}],"predecessor-version":[{"id":89853,"href":"https:\/\/www.visit-ulcinj.com\/blog\/wp-json\/wp\/v2\/posts\/89846\/revisions\/89853"}],"wp:attachment":[{"href":"https:\/\/www.visit-ulcinj.com\/blog\/wp-json\/wp\/v2\/media?parent=89846"}],"wp:term":[{"taxonomy":"category","embeddable":true,"href":"https:\/\/www.visit-ulcinj.com\/blog\/wp-json\/wp\/v2\/categories?post=89846"},{"taxonomy":"post_tag","embeddable":true,"href":"https:\/\/www.visit-ulcinj.com\/blog\/wp-json\/wp\/v2\/tags?post=89846"}],"curies":[{"name":"wp","href":"https:\/\/api.w.org\/{rel}","templated":true}]}}