{"id":89856,"date":"2015-04-04T19:43:40","date_gmt":"2015-04-04T18:43:40","guid":{"rendered":"http:\/\/www.visit-ulcinj.com\/blog\/?p=89856"},"modified":"2015-04-04T19:45:20","modified_gmt":"2015-04-04T18:45:20","slug":"filip-vujanoviq-demarkacioni-kosove-mali-zi-ceshtje-javesh","status":"publish","type":"post","link":"https:\/\/www.visit-ulcinj.com\/blog\/2015\/04\/04\/filip-vujanoviq-demarkacioni-kosove-mali-zi-ceshtje-javesh\/","title":{"rendered":"Filip Vujanoviq: Demarkacioni Kosov\u00eb- Mali i Zi \u00e7\u00ebshtje jav\u00ebsh &#8211; Video"},"content":{"rendered":"<p><a href=\"http:\/\/www.visit-ulcinj.com\/blog\/wp-content\/uploads\/2015\/04\/Hashim-Thaci-Ulqin-4.jpg\"><img loading=\"lazy\" class=\"alignleft wp-image-89813\" src=\"http:\/\/www.visit-ulcinj.com\/blog\/wp-content\/uploads\/2015\/04\/Hashim-Thaci-Ulqin-4.jpg\" alt=\"Hashim-Thaci-Ulqin-4\" width=\"508\" height=\"338\" srcset=\"https:\/\/www.visit-ulcinj.com\/blog\/wp-content\/uploads\/2015\/04\/Hashim-Thaci-Ulqin-4.jpg 960w, https:\/\/www.visit-ulcinj.com\/blog\/wp-content\/uploads\/2015\/04\/Hashim-Thaci-Ulqin-4-300x200.jpg 300w\" sizes=\"(max-width: 508px) 100vw, 508px\" \/><\/a>Demarkacioni Kosov\u00eb-Mali i Zi \u00ebsht\u00eb \u00e7\u00ebshtje jav\u00ebsh. K\u00ebshtu ka deklaruar presidenti i Malit t\u00eb Zi, Filip Vujanoviq.<\/p>\n<p>K\u00ebt\u00eb e tha n\u00eb Ulqin, ku kryeministri i Shqip\u00ebris\u00eb, Edi Rama dhe z\u00ebvend\u00ebskryeministri i Kosov\u00ebs, Hashim Tha\u00e7i u shpall\u00ebn qytetar\u00eb nderi t\u00eb k\u00ebsaj komune.<\/p>\n<p>Kund\u00ebr k\u00ebtij \u00e7mimi kan\u00eb dal disa deputet\u00eb t\u00eb Parlamentit t\u00eb Malit t\u00eb Zi, por Vujanoviq nuk deshi ta komentoj.<\/p>\n<p>Tha se kryetari i Ulqin ka arsyet e veta pse ka b\u00ebr\u00eb k\u00ebt\u00eb .<\/p>\n<p>Por, Vujanoviq tha se \u00e7\u00ebshtja e demarkacionit do t\u00eb p\u00ebrfundoj\u00eb si fqinj\u00ebsi e mir\u00eb.<\/p>\n<p><b>Vujanoviq: Kryetari e arsyetoi vendimin<\/b><\/p>\n<p>\u201cJu d\u00ebgjuat arsyet e kryetarit t\u00eb Komun\u00ebs se pse ka vendosur nj\u00eb gj\u00eb t\u00eb till\u00eb, pra t\u2019i shpall Ram\u00ebn dhe Tha\u00e7in, qytetar nderi. Ai detaisht, e tha pse mori vendimin dhe me k\u00ebt\u00eb \u00ebsht\u00eb pajtuar edhe opinion publik. Mendoj se un\u00eb nuk duhet t\u00eb shpjegoj nj\u00eb gj\u00eb t\u00eb till\u00eb. Me Tha\u00e7in kam biseduar lidhur me demarkacionin e linj\u00ebs kufitare, \u00ebsht\u00eb \u00e7\u00ebshtje jav\u00ebsh kjo pun\u00eb tani, dhe nj\u00eb marr\u00ebveshje t\u00eb till\u00eb e ta p\u00ebrfundojm\u00eb si fqinj\u00ebsi e mir\u00eb\u201d, tha Vujanoviq.<\/p>\n<p>Megjithat\u00eb, n\u00eb ceremonin\u00eb e sotme udh\u00ebheqja komunale than\u00eb se me unanimitet kan\u00eb vendosur q\u00eb kryeministrin Rama dhe z\u00ebvend\u00ebskryeministrin Tha\u00e7i, ta shpallin qytetar\u00eb nderi t\u00eb Ulqinit. \/B. Syla\/<\/p>\n<p><strong>Bota Sot<\/strong><\/p>\n<!--YouTube Error: bad URL entered-->\n","protected":false},"excerpt":{"rendered":"<p>Demarkacioni Kosov\u00eb-Mali i Zi \u00ebsht\u00eb \u00e7\u00ebshtje jav\u00ebsh. K\u00ebshtu ka deklaruar presidenti i Malit t\u00eb Zi, Filip Vujanoviq. K\u00ebt\u00eb e tha n\u00eb Ulqin, ku kryeministri i Shqip\u00ebris\u00eb, Edi Rama dhe z\u00ebvend\u00ebskryeministri i Kosov\u00ebs, Hashim Tha\u00e7i u shpall\u00ebn qytetar\u00eb nderi t\u00eb k\u00ebsaj komune. Kund\u00ebr k\u00ebtij \u00e7mimi kan\u00eb dal disa deputet\u00eb t\u00eb Parlamentit t\u00eb Malit t\u00eb Zi, por [&hellip;]<\/p>\n","protected":false},"author":1,"featured_media":0,"comment_status":"closed","ping_status":"closed","sticky":false,"template":"","format":"standard","meta":{"spay_email":"","jetpack_publicize_message":"","jetpack_is_tweetstorm":false,"jetpack_publicize_feature_enabled":true},"categories":[14],"tags":[],"jetpack_publicize_connections":[],"yoast_head":"<!-- This site is optimized with the Yoast SEO plugin v19.1 - https:\/\/yoast.com\/wordpress\/plugins\/seo\/ -->\n<title>Filip Vujanoviq: Demarkacioni Kosov\u00eb- Mali i Zi \u00e7\u00ebshtje jav\u00ebsh - Video - Lajme nga Ulqini<\/title>\n<meta name=\"description\" content=\"Demarkacioni Kosov\u00eb-Mali i Zi \u00ebsht\u00eb \u00e7\u00ebshtje jav\u00ebsh. K\u00ebshtu ka deklaruar presidenti i Malit t\u00eb Zi, Filip Vujanoviq. K\u00ebt\u00eb e tha n\u00eb Ulqin, ku kryeministri i\" \/>\n<meta name=\"robots\" content=\"index, follow, max-snippet:-1, max-image-preview:large, max-video-preview:-1\" \/>\n<link rel=\"canonical\" href=\"https:\/\/www.visit-ulcinj.com\/blog\/2015\/04\/04\/filip-vujanoviq-demarkacioni-kosove-mali-zi-ceshtje-javesh\/\" \/>\n<meta property=\"og:locale\" content=\"en_US\" \/>\n<meta property=\"og:type\" content=\"article\" \/>\n<meta property=\"og:title\" content=\"Filip Vujanoviq: Demarkacioni Kosov\u00eb- Mali i Zi \u00e7\u00ebshtje jav\u00ebsh - Video - Lajme nga Ulqini\" \/>\n<meta property=\"og:description\" content=\"Demarkacioni Kosov\u00eb-Mali i Zi \u00ebsht\u00eb \u00e7\u00ebshtje jav\u00ebsh. K\u00ebshtu ka deklaruar presidenti i Malit t\u00eb Zi, Filip Vujanoviq. K\u00ebt\u00eb e tha n\u00eb Ulqin, ku kryeministri i\" \/>\n<meta property=\"og:url\" content=\"https:\/\/www.visit-ulcinj.com\/blog\/2015\/04\/04\/filip-vujanoviq-demarkacioni-kosove-mali-zi-ceshtje-javesh\/\" \/>\n<meta property=\"og:site_name\" content=\"Lajme nga Ulqini\" \/>\n<meta property=\"article:published_time\" content=\"2015-04-04T18:43:40+00:00\" \/>\n<meta property=\"article:modified_time\" content=\"2015-04-04T18:45:20+00:00\" \/>\n<meta property=\"og:image\" content=\"http:\/\/www.visit-ulcinj.com\/blog\/wp-content\/uploads\/2015\/04\/Hashim-Thaci-Ulqin-4.jpg\" \/>\n<meta name=\"twitter:label1\" content=\"Written by\" \/>\n\t<meta name=\"twitter:data1\" content=\"ulqini\" \/>\n\t<meta name=\"twitter:label2\" content=\"Est. reading time\" \/>\n\t<meta name=\"twitter:data2\" content=\"1 minute\" \/>\n<script type=\"application\/ld+json\" class=\"yoast-schema-graph\">{\"@context\":\"https:\/\/schema.org\",\"@graph\":[{\"@type\":\"WebSite\",\"@id\":\"https:\/\/www.visit-ulcinj.com\/blog\/#website\",\"url\":\"https:\/\/www.visit-ulcinj.com\/blog\/\",\"name\":\"Lajme nga Ulqini\",\"description\":\"Lajme,Vijesti,Ulqini,Ulqin,Crna Gora,Mali i Zi\",\"potentialAction\":[{\"@type\":\"SearchAction\",\"target\":{\"@type\":\"EntryPoint\",\"urlTemplate\":\"https:\/\/www.visit-ulcinj.com\/blog\/?s={search_term_string}\"},\"query-input\":\"required name=search_term_string\"}],\"inLanguage\":\"en-US\"},{\"@type\":\"ImageObject\",\"inLanguage\":\"en-US\",\"@id\":\"https:\/\/www.visit-ulcinj.com\/blog\/2015\/04\/04\/filip-vujanoviq-demarkacioni-kosove-mali-zi-ceshtje-javesh\/#primaryimage\",\"url\":\"https:\/\/www.visit-ulcinj.com\/blog\/wp-content\/uploads\/2015\/04\/Hashim-Thaci-Ulqin-4.jpg\",\"contentUrl\":\"https:\/\/www.visit-ulcinj.com\/blog\/wp-content\/uploads\/2015\/04\/Hashim-Thaci-Ulqin-4.jpg\",\"width\":960,\"height\":639},{\"@type\":\"WebPage\",\"@id\":\"https:\/\/www.visit-ulcinj.com\/blog\/2015\/04\/04\/filip-vujanoviq-demarkacioni-kosove-mali-zi-ceshtje-javesh\/#webpage\",\"url\":\"https:\/\/www.visit-ulcinj.com\/blog\/2015\/04\/04\/filip-vujanoviq-demarkacioni-kosove-mali-zi-ceshtje-javesh\/\",\"name\":\"Filip Vujanoviq: Demarkacioni Kosov\u00eb- Mali i Zi \u00e7\u00ebshtje jav\u00ebsh - Video - Lajme nga Ulqini\",\"isPartOf\":{\"@id\":\"https:\/\/www.visit-ulcinj.com\/blog\/#website\"},\"primaryImageOfPage\":{\"@id\":\"https:\/\/www.visit-ulcinj.com\/blog\/2015\/04\/04\/filip-vujanoviq-demarkacioni-kosove-mali-zi-ceshtje-javesh\/#primaryimage\"},\"datePublished\":\"2015-04-04T18:43:40+00:00\",\"dateModified\":\"2015-04-04T18:45:20+00:00\",\"author\":{\"@id\":\"https:\/\/www.visit-ulcinj.com\/blog\/#\/schema\/person\/dcab619c614d3038751c63bc2aadc06d\"},\"description\":\"Demarkacioni Kosov\u00eb-Mali i Zi \u00ebsht\u00eb \u00e7\u00ebshtje jav\u00ebsh. K\u00ebshtu ka deklaruar presidenti i Malit t\u00eb Zi, Filip Vujanoviq. K\u00ebt\u00eb e tha n\u00eb Ulqin, ku kryeministri i\",\"breadcrumb\":{\"@id\":\"https:\/\/www.visit-ulcinj.com\/blog\/2015\/04\/04\/filip-vujanoviq-demarkacioni-kosove-mali-zi-ceshtje-javesh\/#breadcrumb\"},\"inLanguage\":\"en-US\",\"potentialAction\":[{\"@type\":\"ReadAction\",\"target\":[\"https:\/\/www.visit-ulcinj.com\/blog\/2015\/04\/04\/filip-vujanoviq-demarkacioni-kosove-mali-zi-ceshtje-javesh\/\"]}]},{\"@type\":\"BreadcrumbList\",\"@id\":\"https:\/\/www.visit-ulcinj.com\/blog\/2015\/04\/04\/filip-vujanoviq-demarkacioni-kosove-mali-zi-ceshtje-javesh\/#breadcrumb\",\"itemListElement\":[{\"@type\":\"ListItem\",\"position\":1,\"name\":\"Filip Vujanoviq: Demarkacioni Kosov\u00eb- Mali i Zi \u00e7\u00ebshtje jav\u00ebsh &#8211; Video\"}]},{\"@type\":\"Person\",\"@id\":\"https:\/\/www.visit-ulcinj.com\/blog\/#\/schema\/person\/dcab619c614d3038751c63bc2aadc06d\",\"name\":\"ulqini\",\"sameAs\":[\"http:\/\/www.visit-ulcinj.com\"],\"url\":\"https:\/\/www.visit-ulcinj.com\/blog\/author\/admin\/\"}]}<\/script>\n<!-- \/ Yoast SEO plugin. -->","yoast_head_json":{"title":"Filip Vujanoviq: Demarkacioni Kosov\u00eb- Mali i Zi \u00e7\u00ebshtje jav\u00ebsh - Video - Lajme nga Ulqini","description":"Demarkacioni Kosov\u00eb-Mali i Zi \u00ebsht\u00eb \u00e7\u00ebshtje jav\u00ebsh. K\u00ebshtu ka deklaruar presidenti i Malit t\u00eb Zi, Filip Vujanoviq. K\u00ebt\u00eb e tha n\u00eb Ulqin, ku kryeministri i","robots":{"index":"index","follow":"follow","max-snippet":"max-snippet:-1","max-image-preview":"max-image-preview:large","max-video-preview":"max-video-preview:-1"},"canonical":"https:\/\/www.visit-ulcinj.com\/blog\/2015\/04\/04\/filip-vujanoviq-demarkacioni-kosove-mali-zi-ceshtje-javesh\/","og_locale":"en_US","og_type":"article","og_title":"Filip Vujanoviq: Demarkacioni Kosov\u00eb- Mali i Zi \u00e7\u00ebshtje jav\u00ebsh - Video - Lajme nga Ulqini","og_description":"Demarkacioni Kosov\u00eb-Mali i Zi \u00ebsht\u00eb \u00e7\u00ebshtje jav\u00ebsh. K\u00ebshtu ka deklaruar presidenti i Malit t\u00eb Zi, Filip Vujanoviq. K\u00ebt\u00eb e tha n\u00eb Ulqin, ku kryeministri i","og_url":"https:\/\/www.visit-ulcinj.com\/blog\/2015\/04\/04\/filip-vujanoviq-demarkacioni-kosove-mali-zi-ceshtje-javesh\/","og_site_name":"Lajme nga Ulqini","article_published_time":"2015-04-04T18:43:40+00:00","article_modified_time":"2015-04-04T18:45:20+00:00","og_image":[{"url":"http:\/\/www.visit-ulcinj.com\/blog\/wp-content\/uploads\/2015\/04\/Hashim-Thaci-Ulqin-4.jpg"}],"twitter_misc":{"Written by":"ulqini","Est. reading time":"1 minute"},"schema":{"@context":"https:\/\/schema.org","@graph":[{"@type":"WebSite","@id":"https:\/\/www.visit-ulcinj.com\/blog\/#website","url":"https:\/\/www.visit-ulcinj.com\/blog\/","name":"Lajme nga Ulqini","description":"Lajme,Vijesti,Ulqini,Ulqin,Crna Gora,Mali i Zi","potentialAction":[{"@type":"SearchAction","target":{"@type":"EntryPoint","urlTemplate":"https:\/\/www.visit-ulcinj.com\/blog\/?s={search_term_string}"},"query-input":"required name=search_term_string"}],"inLanguage":"en-US"},{"@type":"ImageObject","inLanguage":"en-US","@id":"https:\/\/www.visit-ulcinj.com\/blog\/2015\/04\/04\/filip-vujanoviq-demarkacioni-kosove-mali-zi-ceshtje-javesh\/#primaryimage","url":"https:\/\/www.visit-ulcinj.com\/blog\/wp-content\/uploads\/2015\/04\/Hashim-Thaci-Ulqin-4.jpg","contentUrl":"https:\/\/www.visit-ulcinj.com\/blog\/wp-content\/uploads\/2015\/04\/Hashim-Thaci-Ulqin-4.jpg","width":960,"height":639},{"@type":"WebPage","@id":"https:\/\/www.visit-ulcinj.com\/blog\/2015\/04\/04\/filip-vujanoviq-demarkacioni-kosove-mali-zi-ceshtje-javesh\/#webpage","url":"https:\/\/www.visit-ulcinj.com\/blog\/2015\/04\/04\/filip-vujanoviq-demarkacioni-kosove-mali-zi-ceshtje-javesh\/","name":"Filip Vujanoviq: Demarkacioni Kosov\u00eb- Mali i Zi \u00e7\u00ebshtje jav\u00ebsh - Video - Lajme nga Ulqini","isPartOf":{"@id":"https:\/\/www.visit-ulcinj.com\/blog\/#website"},"primaryImageOfPage":{"@id":"https:\/\/www.visit-ulcinj.com\/blog\/2015\/04\/04\/filip-vujanoviq-demarkacioni-kosove-mali-zi-ceshtje-javesh\/#primaryimage"},"datePublished":"2015-04-04T18:43:40+00:00","dateModified":"2015-04-04T18:45:20+00:00","author":{"@id":"https:\/\/www.visit-ulcinj.com\/blog\/#\/schema\/person\/dcab619c614d3038751c63bc2aadc06d"},"description":"Demarkacioni Kosov\u00eb-Mali i Zi \u00ebsht\u00eb \u00e7\u00ebshtje jav\u00ebsh. K\u00ebshtu ka deklaruar presidenti i Malit t\u00eb Zi, Filip Vujanoviq. K\u00ebt\u00eb e tha n\u00eb Ulqin, ku kryeministri i","breadcrumb":{"@id":"https:\/\/www.visit-ulcinj.com\/blog\/2015\/04\/04\/filip-vujanoviq-demarkacioni-kosove-mali-zi-ceshtje-javesh\/#breadcrumb"},"inLanguage":"en-US","potentialAction":[{"@type":"ReadAction","target":["https:\/\/www.visit-ulcinj.com\/blog\/2015\/04\/04\/filip-vujanoviq-demarkacioni-kosove-mali-zi-ceshtje-javesh\/"]}]},{"@type":"BreadcrumbList","@id":"https:\/\/www.visit-ulcinj.com\/blog\/2015\/04\/04\/filip-vujanoviq-demarkacioni-kosove-mali-zi-ceshtje-javesh\/#breadcrumb","itemListElement":[{"@type":"ListItem","position":1,"name":"Filip Vujanoviq: Demarkacioni Kosov\u00eb- Mali i Zi \u00e7\u00ebshtje jav\u00ebsh &#8211; Video"}]},{"@type":"Person","@id":"https:\/\/www.visit-ulcinj.com\/blog\/#\/schema\/person\/dcab619c614d3038751c63bc2aadc06d","name":"ulqini","sameAs":["http:\/\/www.visit-ulcinj.com"],"url":"https:\/\/www.visit-ulcinj.com\/blog\/author\/admin\/"}]}},"jetpack_featured_media_url":"","jetpack_sharing_enabled":true,"jetpack_shortlink":"https:\/\/wp.me\/pe6lTn-nni","_links":{"self":[{"href":"https:\/\/www.visit-ulcinj.com\/blog\/wp-json\/wp\/v2\/posts\/89856"}],"collection":[{"href":"https:\/\/www.visit-ulcinj.com\/blog\/wp-json\/wp\/v2\/posts"}],"about":[{"href":"https:\/\/www.visit-ulcinj.com\/blog\/wp-json\/wp\/v2\/types\/post"}],"author":[{"embeddable":true,"href":"https:\/\/www.visit-ulcinj.com\/blog\/wp-json\/wp\/v2\/users\/1"}],"replies":[{"embeddable":true,"href":"https:\/\/www.visit-ulcinj.com\/blog\/wp-json\/wp\/v2\/comments?post=89856"}],"version-history":[{"count":3,"href":"https:\/\/www.visit-ulcinj.com\/blog\/wp-json\/wp\/v2\/posts\/89856\/revisions"}],"predecessor-version":[{"id":89859,"href":"https:\/\/www.visit-ulcinj.com\/blog\/wp-json\/wp\/v2\/posts\/89856\/revisions\/89859"}],"wp:attachment":[{"href":"https:\/\/www.visit-ulcinj.com\/blog\/wp-json\/wp\/v2\/media?parent=89856"}],"wp:term":[{"taxonomy":"category","embeddable":true,"href":"https:\/\/www.visit-ulcinj.com\/blog\/wp-json\/wp\/v2\/categories?post=89856"},{"taxonomy":"post_tag","embeddable":true,"href":"https:\/\/www.visit-ulcinj.com\/blog\/wp-json\/wp\/v2\/tags?post=89856"}],"curies":[{"name":"wp","href":"https:\/\/api.w.org\/{rel}","templated":true}]}}