{"id":89878,"date":"2015-04-06T16:11:57","date_gmt":"2015-04-06T15:11:57","guid":{"rendered":"http:\/\/www.visit-ulcinj.com\/blog\/?p=89878"},"modified":"2015-04-06T16:32:10","modified_gmt":"2015-04-06T15:32:10","slug":"keresek-egy-fordito-szerb-horvat-magyar","status":"publish","type":"post","link":"https:\/\/www.visit-ulcinj.com\/blog\/2015\/04\/06\/keresek-egy-fordito-szerb-horvat-magyar\/","title":{"rendered":"Keresek egy ford\u00edt\u00f3 a szerb \/ horv\u00e1t magyar"},"content":{"rendered":"<p>Keresek egy ford\u00edt\u00f3 a szerb \/ horv\u00e1t magyar nyelv \u00e9s megfizetni az \u00e1r\u00e1t: 0,0025 \u20ac ct eur\u00f3ban ker\u00fcl a sz\u00f3. <span title=\"Ako ste zainteresovani za suradnju za vi\u0161e godina sa nama molimo vas da nas kontaktirate. \">Ha \u00e9rdekelt az egy\u00fcttm\u0171k\u00f6d\u00e9sben sok \u00e9ve vel\u00fcnk, k\u00e9rj\u00fck l\u00e9pjen kapcsolatba vel\u00fcnk.<\/span><\/p>\n<p><span title=\"Primjer: Da biste preveli 10 stranica po danu od 300 rije\u010di, mjese\u010dna pla\u0107a \u0107e vam do\u0107i 220 \u20ac mjese\u010dno.\">P\u00e9lda: A ford\u00edt\u00e1shoz 10 lap naponta 300 sz\u00f3val, a havi fizet\u00e9se el\u00e9ri a 220 \u20ac havonta. <\/span><span title=\"Rade\u0107i kao prevodilac kod nas \u0107e biti dugoro\u010dno. \">Ford\u00edt\u00f3k\u00e9nt dolgozik vel\u00fcnk lesz hossz\u00fa t\u00e1von.<\/span><\/p>\n<p><span title=\"Trenutno nam treba prevodioc Srpskog\/Hrvatskog na Ma\u0111arski, ali u budu\u0107e mo\u017ee biti \u010dak i iz drugih jezika, oni koji su zainteresovani za druge jezike mogu nam se obratite e-mail. \u00a0\u00a0\u00a0\u00a0\">Jelenleg sz\u00fcks\u00e9ge van egy ford\u00edt\u00f3 szerb \/ horv\u00e1t magyar, de a j\u00f6v\u0151ben tal\u00e1n m\u00e9g m\u00e1s nyelveken, akik \u00e9rdekl\u0151dnek m\u00e1s nyelveken fel vel\u00fcnk a kapcsolatot e-mailben.<\/span><\/p>\n<p><span title=\"Trazim prevodioca sa Francuski na Srpsko\/Hrvatski : Cijena od: 0,0025 \u20ac ct u eurima u rije\u010d \u00a0\u00a0\u00a0\u00a0\">Keresek egy ford\u00edt\u00f3 franci\u00e1r\u00f3l szerb \/ horv\u00e1t: Price from: \u20ac 0,0025 ct eur\u00f3 sz\u00f3t<br \/>\n<\/span><span title=\"Trazim prevodioca sa Srpskog\/Hrvatskog na Ruski : Cijena od: 0,0025 \u20ac ct u eurima u rije\u010d \u00a0\u00a0\u00a0\u00a0\">Keresek egy ford\u00edt\u00f3 a szerb \/ horv\u00e1t orosz: Price from: \u20ac 0,0025 ct eur\u00f3 sz\u00f3t<br \/>\n<\/span><span title=\"Trazim prevodioca sa Srpskog\/Hrvatskog na Polski : Cijena od: 0,0025 \u20ac ct u eurima u rije\u010d. \u00a0\u00a0\u00a0\u00a0\">Keresek egy ford\u00edt\u00f3 a szerb \/ horv\u00e1t k\u00f6z\u00f6s Polski: Price from: \u20ac 0,0025 ct eur\u00f3ban ker\u00fcl a sz\u00f3.<br \/>\n<\/span><span title=\"Trazim prevodioca sa Srpskog\/Hrvatskog na \u010ce\u0161ko-Slova\u010dki : Cijena od: 0,0025 \u20ac ct u eurima u rije\u010d \">Keresek egy ford\u00edt\u00f3 a szerb \/ horv\u00e1t cseh-szlov\u00e1k: Price from: \u20ac 0,0025 ct eur\u00f3 sz\u00f3t<\/span><\/p>\n<p><span title=\"Pla\u0107anje se vr\u0161i putem PayPal za one koje zive van Ulcinja, a oni koji \u017eive u Ulcinj mogu se pla\u0107at u gotovini ili na bilo koji drugi na\u010din, za one koji su izvan tih zemalja mogu izvr\u0161iti uplatu putem banke, ali dad\u017ebine banke vi pla\u0107ate.\">A kifizet\u00e9sek a PayPal \u00e9l\u0151k k\u00edv\u00fcl Ulcinj, \u00e9s azok, akik \u00e9lnek Ulcinj fizethet k\u00e9szp\u00e9nzben, vagy b\u00e1rmilyen m\u00e1s m\u00f3don, azok sz\u00e1m\u00e1ra, akik ezen orsz\u00e1gokon k\u00edv\u00fcl is, hogy a fizet\u00e9s banki, de a banki illet\u00e9kek fizet.<\/span><\/p>\n<p><strong>Kontakt email: <a href=\"mailto:%20lajmengaulqini@gmail.com\" target=\"_blank\">lajmengaulqini@gmail.com<\/a><\/strong><\/p>\n<div id=\"gt-res-tools\"><\/div>\n","protected":false},"excerpt":{"rendered":"<p>Keresek egy ford\u00edt\u00f3 a szerb \/ horv\u00e1t magyar nyelv \u00e9s megfizetni az \u00e1r\u00e1t: 0,0025 \u20ac ct eur\u00f3ban ker\u00fcl a sz\u00f3. Ha \u00e9rdekelt az egy\u00fcttm\u0171k\u00f6d\u00e9sben sok \u00e9ve vel\u00fcnk, k\u00e9rj\u00fck l\u00e9pjen kapcsolatba vel\u00fcnk. P\u00e9lda: A ford\u00edt\u00e1shoz 10 lap naponta 300 sz\u00f3val, a havi fizet\u00e9se el\u00e9ri a 220 \u20ac havonta. Ford\u00edt\u00f3k\u00e9nt dolgozik vel\u00fcnk lesz hossz\u00fa t\u00e1von. Jelenleg sz\u00fcks\u00e9ge [&hellip;]<\/p>\n","protected":false},"author":1,"featured_media":0,"comment_status":"closed","ping_status":"closed","sticky":false,"template":"","format":"standard","meta":{"spay_email":"","jetpack_publicize_message":"","jetpack_is_tweetstorm":false,"jetpack_publicize_feature_enabled":true},"categories":[7679],"tags":[],"jetpack_publicize_connections":[],"yoast_head":"<!-- This site is optimized with the Yoast SEO plugin v19.1 - https:\/\/yoast.com\/wordpress\/plugins\/seo\/ -->\n<title>Keresek egy ford\u00edt\u00f3 a szerb \/ horv\u00e1t magyar - Lajme nga Ulqini<\/title>\n<meta name=\"description\" content=\"Keresek egy ford\u00edt\u00f3 a szerb \/ horv\u00e1t magyar nyelv \u00e9s megfizetni az \u00e1r\u00e1t: 0,0025 \u20ac ct eur\u00f3ban ker\u00fcl a sz\u00f3. Ha \u00e9rdekelt az egy\u00fcttm\u0171k\u00f6d\u00e9sben sok \u00e9ve vel\u00fcnk,\" \/>\n<meta name=\"robots\" content=\"index, follow, max-snippet:-1, max-image-preview:large, max-video-preview:-1\" \/>\n<link rel=\"canonical\" href=\"https:\/\/www.visit-ulcinj.com\/blog\/2015\/04\/06\/keresek-egy-fordito-szerb-horvat-magyar\/\" \/>\n<meta property=\"og:locale\" content=\"en_US\" \/>\n<meta property=\"og:type\" content=\"article\" \/>\n<meta property=\"og:title\" content=\"Keresek egy ford\u00edt\u00f3 a szerb \/ horv\u00e1t magyar - Lajme nga Ulqini\" \/>\n<meta property=\"og:description\" content=\"Keresek egy ford\u00edt\u00f3 a szerb \/ horv\u00e1t magyar nyelv \u00e9s megfizetni az \u00e1r\u00e1t: 0,0025 \u20ac ct eur\u00f3ban ker\u00fcl a sz\u00f3. Ha \u00e9rdekelt az egy\u00fcttm\u0171k\u00f6d\u00e9sben sok \u00e9ve vel\u00fcnk,\" \/>\n<meta property=\"og:url\" content=\"https:\/\/www.visit-ulcinj.com\/blog\/2015\/04\/06\/keresek-egy-fordito-szerb-horvat-magyar\/\" \/>\n<meta property=\"og:site_name\" content=\"Lajme nga Ulqini\" \/>\n<meta property=\"article:published_time\" content=\"2015-04-06T15:11:57+00:00\" \/>\n<meta property=\"article:modified_time\" content=\"2015-04-06T15:32:10+00:00\" \/>\n<meta name=\"twitter:label1\" content=\"Written by\" \/>\n\t<meta name=\"twitter:data1\" content=\"ulqini\" \/>\n\t<meta name=\"twitter:label2\" content=\"Est. reading time\" \/>\n\t<meta name=\"twitter:data2\" content=\"1 minute\" \/>\n<script type=\"application\/ld+json\" class=\"yoast-schema-graph\">{\"@context\":\"https:\/\/schema.org\",\"@graph\":[{\"@type\":\"WebSite\",\"@id\":\"https:\/\/www.visit-ulcinj.com\/blog\/#website\",\"url\":\"https:\/\/www.visit-ulcinj.com\/blog\/\",\"name\":\"Lajme nga Ulqini\",\"description\":\"Lajme,Vijesti,Ulqini,Ulqin,Crna Gora,Mali i Zi\",\"potentialAction\":[{\"@type\":\"SearchAction\",\"target\":{\"@type\":\"EntryPoint\",\"urlTemplate\":\"https:\/\/www.visit-ulcinj.com\/blog\/?s={search_term_string}\"},\"query-input\":\"required name=search_term_string\"}],\"inLanguage\":\"en-US\"},{\"@type\":\"WebPage\",\"@id\":\"https:\/\/www.visit-ulcinj.com\/blog\/2015\/04\/06\/keresek-egy-fordito-szerb-horvat-magyar\/#webpage\",\"url\":\"https:\/\/www.visit-ulcinj.com\/blog\/2015\/04\/06\/keresek-egy-fordito-szerb-horvat-magyar\/\",\"name\":\"Keresek egy ford\u00edt\u00f3 a szerb \/ horv\u00e1t magyar - Lajme nga Ulqini\",\"isPartOf\":{\"@id\":\"https:\/\/www.visit-ulcinj.com\/blog\/#website\"},\"datePublished\":\"2015-04-06T15:11:57+00:00\",\"dateModified\":\"2015-04-06T15:32:10+00:00\",\"author\":{\"@id\":\"https:\/\/www.visit-ulcinj.com\/blog\/#\/schema\/person\/dcab619c614d3038751c63bc2aadc06d\"},\"description\":\"Keresek egy ford\u00edt\u00f3 a szerb \/ horv\u00e1t magyar nyelv \u00e9s megfizetni az \u00e1r\u00e1t: 0,0025 \u20ac ct eur\u00f3ban ker\u00fcl a sz\u00f3. Ha \u00e9rdekelt az egy\u00fcttm\u0171k\u00f6d\u00e9sben sok \u00e9ve vel\u00fcnk,\",\"breadcrumb\":{\"@id\":\"https:\/\/www.visit-ulcinj.com\/blog\/2015\/04\/06\/keresek-egy-fordito-szerb-horvat-magyar\/#breadcrumb\"},\"inLanguage\":\"en-US\",\"potentialAction\":[{\"@type\":\"ReadAction\",\"target\":[\"https:\/\/www.visit-ulcinj.com\/blog\/2015\/04\/06\/keresek-egy-fordito-szerb-horvat-magyar\/\"]}]},{\"@type\":\"BreadcrumbList\",\"@id\":\"https:\/\/www.visit-ulcinj.com\/blog\/2015\/04\/06\/keresek-egy-fordito-szerb-horvat-magyar\/#breadcrumb\",\"itemListElement\":[{\"@type\":\"ListItem\",\"position\":1,\"name\":\"Keresek egy ford\u00edt\u00f3 a szerb \/ horv\u00e1t magyar\"}]},{\"@type\":\"Person\",\"@id\":\"https:\/\/www.visit-ulcinj.com\/blog\/#\/schema\/person\/dcab619c614d3038751c63bc2aadc06d\",\"name\":\"ulqini\",\"sameAs\":[\"http:\/\/www.visit-ulcinj.com\"],\"url\":\"https:\/\/www.visit-ulcinj.com\/blog\/author\/admin\/\"}]}<\/script>\n<!-- \/ Yoast SEO plugin. -->","yoast_head_json":{"title":"Keresek egy ford\u00edt\u00f3 a szerb \/ horv\u00e1t magyar - Lajme nga Ulqini","description":"Keresek egy ford\u00edt\u00f3 a szerb \/ horv\u00e1t magyar nyelv \u00e9s megfizetni az \u00e1r\u00e1t: 0,0025 \u20ac ct eur\u00f3ban ker\u00fcl a sz\u00f3. Ha \u00e9rdekelt az egy\u00fcttm\u0171k\u00f6d\u00e9sben sok \u00e9ve vel\u00fcnk,","robots":{"index":"index","follow":"follow","max-snippet":"max-snippet:-1","max-image-preview":"max-image-preview:large","max-video-preview":"max-video-preview:-1"},"canonical":"https:\/\/www.visit-ulcinj.com\/blog\/2015\/04\/06\/keresek-egy-fordito-szerb-horvat-magyar\/","og_locale":"en_US","og_type":"article","og_title":"Keresek egy ford\u00edt\u00f3 a szerb \/ horv\u00e1t magyar - Lajme nga Ulqini","og_description":"Keresek egy ford\u00edt\u00f3 a szerb \/ horv\u00e1t magyar nyelv \u00e9s megfizetni az \u00e1r\u00e1t: 0,0025 \u20ac ct eur\u00f3ban ker\u00fcl a sz\u00f3. Ha \u00e9rdekelt az egy\u00fcttm\u0171k\u00f6d\u00e9sben sok \u00e9ve vel\u00fcnk,","og_url":"https:\/\/www.visit-ulcinj.com\/blog\/2015\/04\/06\/keresek-egy-fordito-szerb-horvat-magyar\/","og_site_name":"Lajme nga Ulqini","article_published_time":"2015-04-06T15:11:57+00:00","article_modified_time":"2015-04-06T15:32:10+00:00","twitter_misc":{"Written by":"ulqini","Est. reading time":"1 minute"},"schema":{"@context":"https:\/\/schema.org","@graph":[{"@type":"WebSite","@id":"https:\/\/www.visit-ulcinj.com\/blog\/#website","url":"https:\/\/www.visit-ulcinj.com\/blog\/","name":"Lajme nga Ulqini","description":"Lajme,Vijesti,Ulqini,Ulqin,Crna Gora,Mali i Zi","potentialAction":[{"@type":"SearchAction","target":{"@type":"EntryPoint","urlTemplate":"https:\/\/www.visit-ulcinj.com\/blog\/?s={search_term_string}"},"query-input":"required name=search_term_string"}],"inLanguage":"en-US"},{"@type":"WebPage","@id":"https:\/\/www.visit-ulcinj.com\/blog\/2015\/04\/06\/keresek-egy-fordito-szerb-horvat-magyar\/#webpage","url":"https:\/\/www.visit-ulcinj.com\/blog\/2015\/04\/06\/keresek-egy-fordito-szerb-horvat-magyar\/","name":"Keresek egy ford\u00edt\u00f3 a szerb \/ horv\u00e1t magyar - Lajme nga Ulqini","isPartOf":{"@id":"https:\/\/www.visit-ulcinj.com\/blog\/#website"},"datePublished":"2015-04-06T15:11:57+00:00","dateModified":"2015-04-06T15:32:10+00:00","author":{"@id":"https:\/\/www.visit-ulcinj.com\/blog\/#\/schema\/person\/dcab619c614d3038751c63bc2aadc06d"},"description":"Keresek egy ford\u00edt\u00f3 a szerb \/ horv\u00e1t magyar nyelv \u00e9s megfizetni az \u00e1r\u00e1t: 0,0025 \u20ac ct eur\u00f3ban ker\u00fcl a sz\u00f3. Ha \u00e9rdekelt az egy\u00fcttm\u0171k\u00f6d\u00e9sben sok \u00e9ve vel\u00fcnk,","breadcrumb":{"@id":"https:\/\/www.visit-ulcinj.com\/blog\/2015\/04\/06\/keresek-egy-fordito-szerb-horvat-magyar\/#breadcrumb"},"inLanguage":"en-US","potentialAction":[{"@type":"ReadAction","target":["https:\/\/www.visit-ulcinj.com\/blog\/2015\/04\/06\/keresek-egy-fordito-szerb-horvat-magyar\/"]}]},{"@type":"BreadcrumbList","@id":"https:\/\/www.visit-ulcinj.com\/blog\/2015\/04\/06\/keresek-egy-fordito-szerb-horvat-magyar\/#breadcrumb","itemListElement":[{"@type":"ListItem","position":1,"name":"Keresek egy ford\u00edt\u00f3 a szerb \/ horv\u00e1t magyar"}]},{"@type":"Person","@id":"https:\/\/www.visit-ulcinj.com\/blog\/#\/schema\/person\/dcab619c614d3038751c63bc2aadc06d","name":"ulqini","sameAs":["http:\/\/www.visit-ulcinj.com"],"url":"https:\/\/www.visit-ulcinj.com\/blog\/author\/admin\/"}]}},"jetpack_featured_media_url":"","jetpack_sharing_enabled":true,"jetpack_shortlink":"https:\/\/wp.me\/pe6lTn-nnE","_links":{"self":[{"href":"https:\/\/www.visit-ulcinj.com\/blog\/wp-json\/wp\/v2\/posts\/89878"}],"collection":[{"href":"https:\/\/www.visit-ulcinj.com\/blog\/wp-json\/wp\/v2\/posts"}],"about":[{"href":"https:\/\/www.visit-ulcinj.com\/blog\/wp-json\/wp\/v2\/types\/post"}],"author":[{"embeddable":true,"href":"https:\/\/www.visit-ulcinj.com\/blog\/wp-json\/wp\/v2\/users\/1"}],"replies":[{"embeddable":true,"href":"https:\/\/www.visit-ulcinj.com\/blog\/wp-json\/wp\/v2\/comments?post=89878"}],"version-history":[{"count":2,"href":"https:\/\/www.visit-ulcinj.com\/blog\/wp-json\/wp\/v2\/posts\/89878\/revisions"}],"predecessor-version":[{"id":89888,"href":"https:\/\/www.visit-ulcinj.com\/blog\/wp-json\/wp\/v2\/posts\/89878\/revisions\/89888"}],"wp:attachment":[{"href":"https:\/\/www.visit-ulcinj.com\/blog\/wp-json\/wp\/v2\/media?parent=89878"}],"wp:term":[{"taxonomy":"category","embeddable":true,"href":"https:\/\/www.visit-ulcinj.com\/blog\/wp-json\/wp\/v2\/categories?post=89878"},{"taxonomy":"post_tag","embeddable":true,"href":"https:\/\/www.visit-ulcinj.com\/blog\/wp-json\/wp\/v2\/tags?post=89878"}],"curies":[{"name":"wp","href":"https:\/\/api.w.org\/{rel}","templated":true}]}}