{"id":89880,"date":"2015-04-06T16:21:14","date_gmt":"2015-04-06T15:21:14","guid":{"rendered":"http:\/\/www.visit-ulcinj.com\/blog\/?p=89880"},"modified":"2015-04-06T16:21:14","modified_gmt":"2015-04-06T15:21:14","slug":"keresek-egy-fordito-angolrol-magyarra","status":"publish","type":"post","link":"https:\/\/www.visit-ulcinj.com\/blog\/2015\/04\/06\/keresek-egy-fordito-angolrol-magyarra\/","title":{"rendered":"Keresek egy ford\u00edt\u00f3 angolr\u00f3l magyarra"},"content":{"rendered":"<p><span id=\"result_box\" class=\"\" lang=\"hu\"><span class=\"hps\">Keresek egy<\/span> <span class=\"hps\">ford\u00edt\u00f3<\/span> <span class=\"hps\">angolr\u00f3l<\/span> <span class=\"hps\">magyar nyelv<\/span> <span class=\"hps\">\u00e9s<\/span> <span class=\"hps\">megfizetni az \u00e1r\u00e1t<\/span>: <span class=\"hps\">0,0025 \u20ac<\/span> <span class=\"hps\">ct<\/span> <span class=\"hps\">eur\u00f3ban ker\u00fcl<\/span> <span class=\"hps\">a sz\u00f3<\/span>. <span class=\"hps\">Ha<\/span> <span class=\"hps\">\u00e9rdekelt az egy\u00fcttm\u0171k\u00f6d\u00e9sben<\/span> <span class=\"hps\">sok \u00e9ve<\/span> <span class=\"hps\">vel\u00fcnk<\/span>, <span class=\"hps\">k\u00e9rj\u00fck l\u00e9pjen kapcsolatba vel\u00fcnk<\/span>.<\/p>\n<p><span class=\"hps\">P\u00e9lda<\/span>: <span class=\"hps\">A ford\u00edt\u00e1shoz<\/span> <span class=\"hps\">10<\/span> <span class=\"hps\">lap naponta<\/span> <span class=\"hps\">300<\/span> <span class=\"hps\">sz\u00f3val, a<\/span> <span class=\"hps\">havi fizet\u00e9se<\/span> <span class=\"hps\">el\u00e9ri a<\/span> <span class=\"hps\">220 \u20ac<\/span> <span class=\"hps\">havonta.<\/span> <span class=\"hps\">Ford\u00edt\u00f3k\u00e9nt<\/span> <span class=\"hps\">dolgozik<\/span> <span class=\"hps\">vel\u00fcnk lesz<\/span> <span class=\"hps\">hossz\u00fa t\u00e1von<\/span><span class=\"\">.<\/span><\/p>\n<p><span class=\"hps\">Jelenleg<\/span> <span class=\"hps\">sz\u00fcks\u00e9ge van egy<\/span> <span class=\"hps\">ford\u00edt\u00f3<\/span> <span class=\"hps\">angolr\u00f3l magyarra<\/span>, <span class=\"hps\">de a j\u00f6v\u0151ben<\/span> <span class=\"hps\">tal\u00e1n m\u00e9g<\/span> <span class=\"hps\">m\u00e1s<\/span> <span class=\"hps\">nyelveken<\/span>, <span class=\"hps\">akik \u00e9rdekl\u0151dnek<\/span> <span class=\"hps\">m\u00e1s nyelveken<\/span> <span class=\"hps\">fel vel\u00fcnk a kapcsolatot<\/span> <span class=\"hps atn\">e-<\/span>mailben.<\/p>\n<p><span class=\"hps\">A kifizet\u00e9sek<\/span> <span class=\"hps\">a PayPal<\/span> <span class=\"hps\">\u00e9l\u0151k<\/span> <span class=\"hps\">k\u00edv\u00fcl<\/span> <span class=\"hps\">Ulcinj<\/span>, <span class=\"hps\">\u00e9s azok, akik<\/span> <span class=\"hps\">\u00e9lnek<\/span> <span class=\"hps\">Ulcinj<\/span> <span class=\"hps\">fizethet k\u00e9szp\u00e9nzben<\/span>, vagy <span class=\"hps\">b\u00e1rmilyen m\u00e1s m\u00f3don<\/span>, <span class=\"hps\">azok sz\u00e1m\u00e1ra, akik<\/span> <span class=\"hps\">ezen orsz\u00e1gokon k\u00edv\u00fcl<\/span> <span class=\"hps\">is, hogy<\/span> <span class=\"hps\">a<\/span> <span class=\"hps\">fizet\u00e9s banki<\/span>, <span class=\"hps\">de a<\/span> <span class=\"hps\">banki illet\u00e9kek<\/span> <span class=\"hps\">fizet<\/span>.<\/span><\/p>\n","protected":false},"excerpt":{"rendered":"<p>Keresek egy ford\u00edt\u00f3 angolr\u00f3l magyar nyelv \u00e9s megfizetni az \u00e1r\u00e1t: 0,0025 \u20ac ct eur\u00f3ban ker\u00fcl a sz\u00f3. Ha \u00e9rdekelt az egy\u00fcttm\u0171k\u00f6d\u00e9sben sok \u00e9ve vel\u00fcnk, k\u00e9rj\u00fck l\u00e9pjen kapcsolatba vel\u00fcnk. P\u00e9lda: A ford\u00edt\u00e1shoz 10 lap naponta 300 sz\u00f3val, a havi fizet\u00e9se el\u00e9ri a 220 \u20ac havonta. Ford\u00edt\u00f3k\u00e9nt dolgozik vel\u00fcnk lesz hossz\u00fa t\u00e1von. Jelenleg sz\u00fcks\u00e9ge van egy ford\u00edt\u00f3 [&hellip;]<\/p>\n","protected":false},"author":1,"featured_media":0,"comment_status":"closed","ping_status":"closed","sticky":false,"template":"","format":"standard","meta":{"spay_email":"","jetpack_publicize_message":"","jetpack_is_tweetstorm":false,"jetpack_publicize_feature_enabled":true},"categories":[7679],"tags":[],"jetpack_publicize_connections":[],"yoast_head":"<!-- This site is optimized with the Yoast SEO plugin v19.1 - https:\/\/yoast.com\/wordpress\/plugins\/seo\/ -->\n<title>Keresek egy ford\u00edt\u00f3 angolr\u00f3l magyarra - Lajme nga Ulqini<\/title>\n<meta name=\"description\" content=\"Keresek egy ford\u00edt\u00f3 angolr\u00f3l magyar nyelv \u00e9s megfizetni az \u00e1r\u00e1t: 0,0025 \u20ac ct eur\u00f3ban ker\u00fcl a sz\u00f3. Ha \u00e9rdekelt az egy\u00fcttm\u0171k\u00f6d\u00e9sben sok \u00e9ve vel\u00fcnk, k\u00e9rj\u00fck\" \/>\n<meta name=\"robots\" content=\"index, follow, max-snippet:-1, max-image-preview:large, max-video-preview:-1\" \/>\n<link rel=\"canonical\" href=\"https:\/\/www.visit-ulcinj.com\/blog\/2015\/04\/06\/keresek-egy-fordito-angolrol-magyarra\/\" \/>\n<meta property=\"og:locale\" content=\"en_US\" \/>\n<meta property=\"og:type\" content=\"article\" \/>\n<meta property=\"og:title\" content=\"Keresek egy ford\u00edt\u00f3 angolr\u00f3l magyarra - Lajme nga Ulqini\" \/>\n<meta property=\"og:description\" content=\"Keresek egy ford\u00edt\u00f3 angolr\u00f3l magyar nyelv \u00e9s megfizetni az \u00e1r\u00e1t: 0,0025 \u20ac ct eur\u00f3ban ker\u00fcl a sz\u00f3. Ha \u00e9rdekelt az egy\u00fcttm\u0171k\u00f6d\u00e9sben sok \u00e9ve vel\u00fcnk, k\u00e9rj\u00fck\" \/>\n<meta property=\"og:url\" content=\"https:\/\/www.visit-ulcinj.com\/blog\/2015\/04\/06\/keresek-egy-fordito-angolrol-magyarra\/\" \/>\n<meta property=\"og:site_name\" content=\"Lajme nga Ulqini\" \/>\n<meta property=\"article:published_time\" content=\"2015-04-06T15:21:14+00:00\" \/>\n<meta name=\"twitter:label1\" content=\"Written by\" \/>\n\t<meta name=\"twitter:data1\" content=\"ulqini\" \/>\n\t<meta name=\"twitter:label2\" content=\"Est. reading time\" \/>\n\t<meta name=\"twitter:data2\" content=\"1 minute\" \/>\n<script type=\"application\/ld+json\" class=\"yoast-schema-graph\">{\"@context\":\"https:\/\/schema.org\",\"@graph\":[{\"@type\":\"WebSite\",\"@id\":\"https:\/\/www.visit-ulcinj.com\/blog\/#website\",\"url\":\"https:\/\/www.visit-ulcinj.com\/blog\/\",\"name\":\"Lajme nga Ulqini\",\"description\":\"Lajme,Vijesti,Ulqini,Ulqin,Crna Gora,Mali i Zi\",\"potentialAction\":[{\"@type\":\"SearchAction\",\"target\":{\"@type\":\"EntryPoint\",\"urlTemplate\":\"https:\/\/www.visit-ulcinj.com\/blog\/?s={search_term_string}\"},\"query-input\":\"required name=search_term_string\"}],\"inLanguage\":\"en-US\"},{\"@type\":\"WebPage\",\"@id\":\"https:\/\/www.visit-ulcinj.com\/blog\/2015\/04\/06\/keresek-egy-fordito-angolrol-magyarra\/#webpage\",\"url\":\"https:\/\/www.visit-ulcinj.com\/blog\/2015\/04\/06\/keresek-egy-fordito-angolrol-magyarra\/\",\"name\":\"Keresek egy ford\u00edt\u00f3 angolr\u00f3l magyarra - Lajme nga Ulqini\",\"isPartOf\":{\"@id\":\"https:\/\/www.visit-ulcinj.com\/blog\/#website\"},\"datePublished\":\"2015-04-06T15:21:14+00:00\",\"dateModified\":\"2015-04-06T15:21:14+00:00\",\"author\":{\"@id\":\"https:\/\/www.visit-ulcinj.com\/blog\/#\/schema\/person\/dcab619c614d3038751c63bc2aadc06d\"},\"description\":\"Keresek egy ford\u00edt\u00f3 angolr\u00f3l magyar nyelv \u00e9s megfizetni az \u00e1r\u00e1t: 0,0025 \u20ac ct eur\u00f3ban ker\u00fcl a sz\u00f3. Ha \u00e9rdekelt az egy\u00fcttm\u0171k\u00f6d\u00e9sben sok \u00e9ve vel\u00fcnk, k\u00e9rj\u00fck\",\"breadcrumb\":{\"@id\":\"https:\/\/www.visit-ulcinj.com\/blog\/2015\/04\/06\/keresek-egy-fordito-angolrol-magyarra\/#breadcrumb\"},\"inLanguage\":\"en-US\",\"potentialAction\":[{\"@type\":\"ReadAction\",\"target\":[\"https:\/\/www.visit-ulcinj.com\/blog\/2015\/04\/06\/keresek-egy-fordito-angolrol-magyarra\/\"]}]},{\"@type\":\"BreadcrumbList\",\"@id\":\"https:\/\/www.visit-ulcinj.com\/blog\/2015\/04\/06\/keresek-egy-fordito-angolrol-magyarra\/#breadcrumb\",\"itemListElement\":[{\"@type\":\"ListItem\",\"position\":1,\"name\":\"Keresek egy ford\u00edt\u00f3 angolr\u00f3l magyarra\"}]},{\"@type\":\"Person\",\"@id\":\"https:\/\/www.visit-ulcinj.com\/blog\/#\/schema\/person\/dcab619c614d3038751c63bc2aadc06d\",\"name\":\"ulqini\",\"sameAs\":[\"http:\/\/www.visit-ulcinj.com\"],\"url\":\"https:\/\/www.visit-ulcinj.com\/blog\/author\/admin\/\"}]}<\/script>\n<!-- \/ Yoast SEO plugin. -->","yoast_head_json":{"title":"Keresek egy ford\u00edt\u00f3 angolr\u00f3l magyarra - Lajme nga Ulqini","description":"Keresek egy ford\u00edt\u00f3 angolr\u00f3l magyar nyelv \u00e9s megfizetni az \u00e1r\u00e1t: 0,0025 \u20ac ct eur\u00f3ban ker\u00fcl a sz\u00f3. Ha \u00e9rdekelt az egy\u00fcttm\u0171k\u00f6d\u00e9sben sok \u00e9ve vel\u00fcnk, k\u00e9rj\u00fck","robots":{"index":"index","follow":"follow","max-snippet":"max-snippet:-1","max-image-preview":"max-image-preview:large","max-video-preview":"max-video-preview:-1"},"canonical":"https:\/\/www.visit-ulcinj.com\/blog\/2015\/04\/06\/keresek-egy-fordito-angolrol-magyarra\/","og_locale":"en_US","og_type":"article","og_title":"Keresek egy ford\u00edt\u00f3 angolr\u00f3l magyarra - Lajme nga Ulqini","og_description":"Keresek egy ford\u00edt\u00f3 angolr\u00f3l magyar nyelv \u00e9s megfizetni az \u00e1r\u00e1t: 0,0025 \u20ac ct eur\u00f3ban ker\u00fcl a sz\u00f3. Ha \u00e9rdekelt az egy\u00fcttm\u0171k\u00f6d\u00e9sben sok \u00e9ve vel\u00fcnk, k\u00e9rj\u00fck","og_url":"https:\/\/www.visit-ulcinj.com\/blog\/2015\/04\/06\/keresek-egy-fordito-angolrol-magyarra\/","og_site_name":"Lajme nga Ulqini","article_published_time":"2015-04-06T15:21:14+00:00","twitter_misc":{"Written by":"ulqini","Est. reading time":"1 minute"},"schema":{"@context":"https:\/\/schema.org","@graph":[{"@type":"WebSite","@id":"https:\/\/www.visit-ulcinj.com\/blog\/#website","url":"https:\/\/www.visit-ulcinj.com\/blog\/","name":"Lajme nga Ulqini","description":"Lajme,Vijesti,Ulqini,Ulqin,Crna Gora,Mali i Zi","potentialAction":[{"@type":"SearchAction","target":{"@type":"EntryPoint","urlTemplate":"https:\/\/www.visit-ulcinj.com\/blog\/?s={search_term_string}"},"query-input":"required name=search_term_string"}],"inLanguage":"en-US"},{"@type":"WebPage","@id":"https:\/\/www.visit-ulcinj.com\/blog\/2015\/04\/06\/keresek-egy-fordito-angolrol-magyarra\/#webpage","url":"https:\/\/www.visit-ulcinj.com\/blog\/2015\/04\/06\/keresek-egy-fordito-angolrol-magyarra\/","name":"Keresek egy ford\u00edt\u00f3 angolr\u00f3l magyarra - Lajme nga Ulqini","isPartOf":{"@id":"https:\/\/www.visit-ulcinj.com\/blog\/#website"},"datePublished":"2015-04-06T15:21:14+00:00","dateModified":"2015-04-06T15:21:14+00:00","author":{"@id":"https:\/\/www.visit-ulcinj.com\/blog\/#\/schema\/person\/dcab619c614d3038751c63bc2aadc06d"},"description":"Keresek egy ford\u00edt\u00f3 angolr\u00f3l magyar nyelv \u00e9s megfizetni az \u00e1r\u00e1t: 0,0025 \u20ac ct eur\u00f3ban ker\u00fcl a sz\u00f3. Ha \u00e9rdekelt az egy\u00fcttm\u0171k\u00f6d\u00e9sben sok \u00e9ve vel\u00fcnk, k\u00e9rj\u00fck","breadcrumb":{"@id":"https:\/\/www.visit-ulcinj.com\/blog\/2015\/04\/06\/keresek-egy-fordito-angolrol-magyarra\/#breadcrumb"},"inLanguage":"en-US","potentialAction":[{"@type":"ReadAction","target":["https:\/\/www.visit-ulcinj.com\/blog\/2015\/04\/06\/keresek-egy-fordito-angolrol-magyarra\/"]}]},{"@type":"BreadcrumbList","@id":"https:\/\/www.visit-ulcinj.com\/blog\/2015\/04\/06\/keresek-egy-fordito-angolrol-magyarra\/#breadcrumb","itemListElement":[{"@type":"ListItem","position":1,"name":"Keresek egy ford\u00edt\u00f3 angolr\u00f3l magyarra"}]},{"@type":"Person","@id":"https:\/\/www.visit-ulcinj.com\/blog\/#\/schema\/person\/dcab619c614d3038751c63bc2aadc06d","name":"ulqini","sameAs":["http:\/\/www.visit-ulcinj.com"],"url":"https:\/\/www.visit-ulcinj.com\/blog\/author\/admin\/"}]}},"jetpack_featured_media_url":"","jetpack_sharing_enabled":true,"jetpack_shortlink":"https:\/\/wp.me\/pe6lTn-nnG","_links":{"self":[{"href":"https:\/\/www.visit-ulcinj.com\/blog\/wp-json\/wp\/v2\/posts\/89880"}],"collection":[{"href":"https:\/\/www.visit-ulcinj.com\/blog\/wp-json\/wp\/v2\/posts"}],"about":[{"href":"https:\/\/www.visit-ulcinj.com\/blog\/wp-json\/wp\/v2\/types\/post"}],"author":[{"embeddable":true,"href":"https:\/\/www.visit-ulcinj.com\/blog\/wp-json\/wp\/v2\/users\/1"}],"replies":[{"embeddable":true,"href":"https:\/\/www.visit-ulcinj.com\/blog\/wp-json\/wp\/v2\/comments?post=89880"}],"version-history":[{"count":1,"href":"https:\/\/www.visit-ulcinj.com\/blog\/wp-json\/wp\/v2\/posts\/89880\/revisions"}],"predecessor-version":[{"id":89881,"href":"https:\/\/www.visit-ulcinj.com\/blog\/wp-json\/wp\/v2\/posts\/89880\/revisions\/89881"}],"wp:attachment":[{"href":"https:\/\/www.visit-ulcinj.com\/blog\/wp-json\/wp\/v2\/media?parent=89880"}],"wp:term":[{"taxonomy":"category","embeddable":true,"href":"https:\/\/www.visit-ulcinj.com\/blog\/wp-json\/wp\/v2\/categories?post=89880"},{"taxonomy":"post_tag","embeddable":true,"href":"https:\/\/www.visit-ulcinj.com\/blog\/wp-json\/wp\/v2\/tags?post=89880"}],"curies":[{"name":"wp","href":"https:\/\/api.w.org\/{rel}","templated":true}]}}