{"id":89889,"date":"2015-04-06T21:24:06","date_gmt":"2015-04-06T20:24:06","guid":{"rendered":"http:\/\/www.visit-ulcinj.com\/blog\/?p=89889"},"modified":"2015-04-06T21:24:06","modified_gmt":"2015-04-06T20:24:06","slug":"zeneli-titujt-e-nderit-mbajne-ne-vehte-detyrime-dhe-pergjegjesi","status":"publish","type":"post","link":"https:\/\/www.visit-ulcinj.com\/blog\/2015\/04\/06\/zeneli-titujt-e-nderit-mbajne-ne-vehte-detyrime-dhe-pergjegjesi\/","title":{"rendered":"Zeneli: Titujt e nderit, mbajn\u00eb n\u00eb vehte detyrime dhe p\u00ebrgjegj\u00ebsi !"},"content":{"rendered":"<p><a href=\"http:\/\/www.visit-ulcinj.com\/blog\/wp-content\/uploads\/2015\/04\/Hashim-Thaci-Ulqin-2.jpg\"><img loading=\"lazy\" class=\"alignleft wp-image-89811\" src=\"http:\/\/www.visit-ulcinj.com\/blog\/wp-content\/uploads\/2015\/04\/Hashim-Thaci-Ulqin-2.jpg\" alt=\"Hashim-Thaci-Ulqin-2\" width=\"508\" height=\"338\" srcset=\"https:\/\/www.visit-ulcinj.com\/blog\/wp-content\/uploads\/2015\/04\/Hashim-Thaci-Ulqin-2.jpg 960w, https:\/\/www.visit-ulcinj.com\/blog\/wp-content\/uploads\/2015\/04\/Hashim-Thaci-Ulqin-2-300x200.jpg 300w\" sizes=\"(max-width: 508px) 100vw, 508px\" \/><\/a>T\u00eb Shtund\u00ebn, me 4 Prill 2015 me rastin e Dit\u00ebs s\u00eb Ulqinit, me iniciativ\u00ebn e kryetarit t\u00eb k\u00ebsaj komune, u shpall\u00ebn &#8221; Qytetar Nderi&#8221;, kryeministri i Shqip\u00ebris\u00eb Edi Rama dhe zv. kryeministri i Kosov\u00ebs Hashim Tha\u00e7i.<br \/>\nNdarja e mir\u00ebnjohjeve,titujve t\u00eb nderit, \u00e7mimeve dhe t\u00eb dekoratave t\u00eb tjera jan\u00eb praktik\u00eb e shum\u00eb shoq\u00ebrive demokratike\u00a0 t\u00eb cilat shpesh\u00ebsh\u00ebher\u00eb nxisin edhe reagime t\u00eb ndryshme n\u00eb opinion. Gjithashtu, k\u00ebto mir\u00ebnjohje apo tituj nderi mbajn\u00eb n\u00eb vehte p\u00ebrgjegj\u00ebsi, detyrime dhe obligime p\u00ebr t\u00eb gjith\u00eb ata\u00a0 personalitete t\u00eb cilat i pranojn\u00eb,posa\u00e7\u00ebrisht lider\u00ebt politik.<br \/>\nShpallja &#8221; Qytetar Nderi&#8221; t\u00eb Ulqinit, e kryeministrit e Republik\u00ebs s\u00eb Shqip\u00ebris\u00eb, z. Edi Rama si dhe zv. kryeministrin e Republik\u00ebs s\u00eb Kosov\u00ebs, z. Hashim Tha\u00e7i, u b\u00eb kyesisht nga respekti q\u00eb udh\u00ebheq\u00ebsit politik shqiptar jo vet\u00ebm nga Ulqini, por edhe nga trevat tjera etnike shqiptare n\u00eb Mal t\u00eb Zi,kan\u00eb p\u00ebr p\u00ebrfaq\u00ebsues\u00ebt e shteteve t\u00eb tyre am\u00eb,\u00a0 dhe n\u00eb p\u00ebrgjith\u00ebsi, u mir\u00ebprit nga pjesa d\u00ebrmuese e opinionit shqiptar.<br \/>\nMegjithate, un\u00eb mendoi se mir\u00ebnjohja ndaj kryeministrit Rama\u00a0 dhe\u00a0 zv.kryeministrit Tha\u00e7i ,nga\u00a0 kryetari i Komun\u00ebs s\u00eb Ulqinit, duhet t\u00eb kuptohet nj\u00ebheri, m\u00eb shum\u00eb si motivim dhe detyrim i tyre q\u00eb\u00a0 :<br \/>\n1) T\u00eb angazhohen m\u00eb tep\u00ebr\u00a0 me vepra konkrete dhe t&#8217;ju kushtojn\u00eb nj\u00eb v\u00ebmendje m\u00eb serioze mbrojtjes s\u00eb\u00a0 t\u00eb drejtave t\u00eb shqiptar\u00ebve n\u00eb Mal t\u00eb Zi;<br \/>\n2) T\u00eb ushtrojn\u00eb auturitetetin e tyre dhe t\u00eb ndikojn\u00eb\u00a0 vazhdimisht tek qeveria e Malit t\u00eb Zi n\u00eb p\u00ebrmir\u00ebsimin e statusit t\u00eb shqiptar\u00ebve n\u00eb aspektin politik, ekonomik, arsimor,kulturoro-gjuh\u00ebsor dhe komb\u00ebtar;<br \/>\n3) T\u00eb nd\u00ebrgjegj\u00ebsojn\u00eb \u00e7\u00ebshtjen shqiptare n\u00eb Mal t\u00eb Zi ,si n\u00eb opinionin e brendsh\u00ebm ashtu edhe n\u00eb opinionin e jasht\u00ebm .<\/p>\n<p>Uroi kryministrin Rama dhe zv.kryeministrin Tha\u00e7i p\u00ebr marrjen e titullit<br \/>\n&#8221; Qytetar Nderi&#8221; t\u00eb Ulqinit, por nj\u00ebkoh\u00ebsisht\u00a0 d\u00ebshiroi q\u00eb mir\u00ebnjohjen e marrur mos t&#8217;a mbyllin n\u00eb sirtar\u00ebt e tyre,por t&#8217;a mbajn\u00eb \u00e7do her\u00eb n\u00eb tavoli\u00ebn e tyr\u00eb t\u00eb pun\u00ebs,me q\u00ebllim q\u00eb t&#8217;ju p\u00ebrkujtoj\u00eb \u00e7do dit\u00eb se nj\u00eb pjes\u00eb e popullit t\u00eb tyre e cila jeton jasht\u00eb kufij\u00ebve administartiv t\u00eb Shqip\u00ebris\u00eb dhe Kosov\u00ebs,p\u00ebrkat\u00ebsisht shqiptar\u00ebt n\u00eb Mal t\u00eb Zi,kan\u00eb\u00a0 nevoj\u00ebn e p\u00ebrhersh\u00ebme p\u00ebr nj\u00eb p\u00ebrkujdesje dhe\u00a0 p\u00ebrkrahje t\u00eb fuqishme nga shtetet e tyre am\u00eb.<\/p>\n<p>&nbsp;<\/p>\n<p>Xheladin Zeneli<br \/>\n6 Prill 2015<\/p>\n<div class=\"yj6qo ajU\">\n<div id=\":1r7\" class=\"ajR\" tabindex=\"0\" data-tooltip=\"Afficher le contenu abr\u00e9g\u00e9\"><img class=\"ajT\" src=\"https:\/\/ssl.gstatic.com\/ui\/v1\/icons\/mail\/images\/cleardot.gif\" alt=\"\" \/><\/div>\n<\/div>\n","protected":false},"excerpt":{"rendered":"<p>T\u00eb Shtund\u00ebn, me 4 Prill 2015 me rastin e Dit\u00ebs s\u00eb Ulqinit, me iniciativ\u00ebn e kryetarit t\u00eb k\u00ebsaj komune, u shpall\u00ebn &#8221; Qytetar Nderi&#8221;, kryeministri i Shqip\u00ebris\u00eb Edi Rama dhe zv. kryeministri i Kosov\u00ebs Hashim Tha\u00e7i. Ndarja e mir\u00ebnjohjeve,titujve t\u00eb nderit, \u00e7mimeve dhe t\u00eb dekoratave t\u00eb tjera jan\u00eb praktik\u00eb e shum\u00eb shoq\u00ebrive demokratike\u00a0 t\u00eb cilat [&hellip;]<\/p>\n","protected":false},"author":1,"featured_media":0,"comment_status":"closed","ping_status":"closed","sticky":false,"template":"","format":"standard","meta":{"spay_email":"","jetpack_publicize_message":"","jetpack_is_tweetstorm":false,"jetpack_publicize_feature_enabled":true},"categories":[14249],"tags":[],"jetpack_publicize_connections":[],"yoast_head":"<!-- This site is optimized with the Yoast SEO plugin v19.1 - https:\/\/yoast.com\/wordpress\/plugins\/seo\/ -->\n<title>Zeneli: Titujt e nderit, mbajn\u00eb n\u00eb vehte detyrime dhe p\u00ebrgjegj\u00ebsi ! - Lajme nga Ulqini<\/title>\n<meta name=\"description\" content=\"T\u00eb Shtund\u00ebn, me 4 Prill 2015 me rastin e Dit\u00ebs s\u00eb Ulqinit, me iniciativ\u00ebn e kryetarit t\u00eb k\u00ebsaj komune, u shpall\u00ebn &quot; Qytetar Nderi&quot;, kryeministri i\" \/>\n<meta name=\"robots\" content=\"index, follow, max-snippet:-1, max-image-preview:large, max-video-preview:-1\" \/>\n<link rel=\"canonical\" href=\"https:\/\/www.visit-ulcinj.com\/blog\/2015\/04\/06\/zeneli-titujt-e-nderit-mbajne-ne-vehte-detyrime-dhe-pergjegjesi\/\" \/>\n<meta property=\"og:locale\" content=\"en_US\" \/>\n<meta property=\"og:type\" content=\"article\" \/>\n<meta property=\"og:title\" content=\"Zeneli: Titujt e nderit, mbajn\u00eb n\u00eb vehte detyrime dhe p\u00ebrgjegj\u00ebsi ! - Lajme nga Ulqini\" \/>\n<meta property=\"og:description\" content=\"T\u00eb Shtund\u00ebn, me 4 Prill 2015 me rastin e Dit\u00ebs s\u00eb Ulqinit, me iniciativ\u00ebn e kryetarit t\u00eb k\u00ebsaj komune, u shpall\u00ebn &quot; Qytetar Nderi&quot;, kryeministri i\" \/>\n<meta property=\"og:url\" content=\"https:\/\/www.visit-ulcinj.com\/blog\/2015\/04\/06\/zeneli-titujt-e-nderit-mbajne-ne-vehte-detyrime-dhe-pergjegjesi\/\" \/>\n<meta property=\"og:site_name\" content=\"Lajme nga Ulqini\" \/>\n<meta property=\"article:published_time\" content=\"2015-04-06T20:24:06+00:00\" \/>\n<meta property=\"og:image\" content=\"http:\/\/www.visit-ulcinj.com\/blog\/wp-content\/uploads\/2015\/04\/Hashim-Thaci-Ulqin-2.jpg\" \/>\n<meta name=\"twitter:label1\" content=\"Written by\" \/>\n\t<meta name=\"twitter:data1\" content=\"ulqini\" \/>\n\t<meta name=\"twitter:label2\" content=\"Est. reading time\" \/>\n\t<meta name=\"twitter:data2\" content=\"2 minutes\" \/>\n<script type=\"application\/ld+json\" class=\"yoast-schema-graph\">{\"@context\":\"https:\/\/schema.org\",\"@graph\":[{\"@type\":\"WebSite\",\"@id\":\"https:\/\/www.visit-ulcinj.com\/blog\/#website\",\"url\":\"https:\/\/www.visit-ulcinj.com\/blog\/\",\"name\":\"Lajme nga Ulqini\",\"description\":\"Lajme,Vijesti,Ulqini,Ulqin,Crna Gora,Mali i Zi\",\"potentialAction\":[{\"@type\":\"SearchAction\",\"target\":{\"@type\":\"EntryPoint\",\"urlTemplate\":\"https:\/\/www.visit-ulcinj.com\/blog\/?s={search_term_string}\"},\"query-input\":\"required name=search_term_string\"}],\"inLanguage\":\"en-US\"},{\"@type\":\"ImageObject\",\"inLanguage\":\"en-US\",\"@id\":\"https:\/\/www.visit-ulcinj.com\/blog\/2015\/04\/06\/zeneli-titujt-e-nderit-mbajne-ne-vehte-detyrime-dhe-pergjegjesi\/#primaryimage\",\"url\":\"https:\/\/www.visit-ulcinj.com\/blog\/wp-content\/uploads\/2015\/04\/Hashim-Thaci-Ulqin-2.jpg\",\"contentUrl\":\"https:\/\/www.visit-ulcinj.com\/blog\/wp-content\/uploads\/2015\/04\/Hashim-Thaci-Ulqin-2.jpg\",\"width\":960,\"height\":639},{\"@type\":\"WebPage\",\"@id\":\"https:\/\/www.visit-ulcinj.com\/blog\/2015\/04\/06\/zeneli-titujt-e-nderit-mbajne-ne-vehte-detyrime-dhe-pergjegjesi\/#webpage\",\"url\":\"https:\/\/www.visit-ulcinj.com\/blog\/2015\/04\/06\/zeneli-titujt-e-nderit-mbajne-ne-vehte-detyrime-dhe-pergjegjesi\/\",\"name\":\"Zeneli: Titujt e nderit, mbajn\u00eb n\u00eb vehte detyrime dhe p\u00ebrgjegj\u00ebsi ! - Lajme nga Ulqini\",\"isPartOf\":{\"@id\":\"https:\/\/www.visit-ulcinj.com\/blog\/#website\"},\"primaryImageOfPage\":{\"@id\":\"https:\/\/www.visit-ulcinj.com\/blog\/2015\/04\/06\/zeneli-titujt-e-nderit-mbajne-ne-vehte-detyrime-dhe-pergjegjesi\/#primaryimage\"},\"datePublished\":\"2015-04-06T20:24:06+00:00\",\"dateModified\":\"2015-04-06T20:24:06+00:00\",\"author\":{\"@id\":\"https:\/\/www.visit-ulcinj.com\/blog\/#\/schema\/person\/dcab619c614d3038751c63bc2aadc06d\"},\"description\":\"T\u00eb Shtund\u00ebn, me 4 Prill 2015 me rastin e Dit\u00ebs s\u00eb Ulqinit, me iniciativ\u00ebn e kryetarit t\u00eb k\u00ebsaj komune, u shpall\u00ebn \\\" Qytetar Nderi\\\", kryeministri i\",\"breadcrumb\":{\"@id\":\"https:\/\/www.visit-ulcinj.com\/blog\/2015\/04\/06\/zeneli-titujt-e-nderit-mbajne-ne-vehte-detyrime-dhe-pergjegjesi\/#breadcrumb\"},\"inLanguage\":\"en-US\",\"potentialAction\":[{\"@type\":\"ReadAction\",\"target\":[\"https:\/\/www.visit-ulcinj.com\/blog\/2015\/04\/06\/zeneli-titujt-e-nderit-mbajne-ne-vehte-detyrime-dhe-pergjegjesi\/\"]}]},{\"@type\":\"BreadcrumbList\",\"@id\":\"https:\/\/www.visit-ulcinj.com\/blog\/2015\/04\/06\/zeneli-titujt-e-nderit-mbajne-ne-vehte-detyrime-dhe-pergjegjesi\/#breadcrumb\",\"itemListElement\":[{\"@type\":\"ListItem\",\"position\":1,\"name\":\"Zeneli: Titujt e nderit, mbajn\u00eb n\u00eb vehte detyrime dhe p\u00ebrgjegj\u00ebsi !\"}]},{\"@type\":\"Person\",\"@id\":\"https:\/\/www.visit-ulcinj.com\/blog\/#\/schema\/person\/dcab619c614d3038751c63bc2aadc06d\",\"name\":\"ulqini\",\"sameAs\":[\"http:\/\/www.visit-ulcinj.com\"],\"url\":\"https:\/\/www.visit-ulcinj.com\/blog\/author\/admin\/\"}]}<\/script>\n<!-- \/ Yoast SEO plugin. -->","yoast_head_json":{"title":"Zeneli: Titujt e nderit, mbajn\u00eb n\u00eb vehte detyrime dhe p\u00ebrgjegj\u00ebsi ! - Lajme nga Ulqini","description":"T\u00eb Shtund\u00ebn, me 4 Prill 2015 me rastin e Dit\u00ebs s\u00eb Ulqinit, me iniciativ\u00ebn e kryetarit t\u00eb k\u00ebsaj komune, u shpall\u00ebn \" Qytetar Nderi\", kryeministri i","robots":{"index":"index","follow":"follow","max-snippet":"max-snippet:-1","max-image-preview":"max-image-preview:large","max-video-preview":"max-video-preview:-1"},"canonical":"https:\/\/www.visit-ulcinj.com\/blog\/2015\/04\/06\/zeneli-titujt-e-nderit-mbajne-ne-vehte-detyrime-dhe-pergjegjesi\/","og_locale":"en_US","og_type":"article","og_title":"Zeneli: Titujt e nderit, mbajn\u00eb n\u00eb vehte detyrime dhe p\u00ebrgjegj\u00ebsi ! - Lajme nga Ulqini","og_description":"T\u00eb Shtund\u00ebn, me 4 Prill 2015 me rastin e Dit\u00ebs s\u00eb Ulqinit, me iniciativ\u00ebn e kryetarit t\u00eb k\u00ebsaj komune, u shpall\u00ebn \" Qytetar Nderi\", kryeministri i","og_url":"https:\/\/www.visit-ulcinj.com\/blog\/2015\/04\/06\/zeneli-titujt-e-nderit-mbajne-ne-vehte-detyrime-dhe-pergjegjesi\/","og_site_name":"Lajme nga Ulqini","article_published_time":"2015-04-06T20:24:06+00:00","og_image":[{"url":"http:\/\/www.visit-ulcinj.com\/blog\/wp-content\/uploads\/2015\/04\/Hashim-Thaci-Ulqin-2.jpg"}],"twitter_misc":{"Written by":"ulqini","Est. reading time":"2 minutes"},"schema":{"@context":"https:\/\/schema.org","@graph":[{"@type":"WebSite","@id":"https:\/\/www.visit-ulcinj.com\/blog\/#website","url":"https:\/\/www.visit-ulcinj.com\/blog\/","name":"Lajme nga Ulqini","description":"Lajme,Vijesti,Ulqini,Ulqin,Crna Gora,Mali i Zi","potentialAction":[{"@type":"SearchAction","target":{"@type":"EntryPoint","urlTemplate":"https:\/\/www.visit-ulcinj.com\/blog\/?s={search_term_string}"},"query-input":"required name=search_term_string"}],"inLanguage":"en-US"},{"@type":"ImageObject","inLanguage":"en-US","@id":"https:\/\/www.visit-ulcinj.com\/blog\/2015\/04\/06\/zeneli-titujt-e-nderit-mbajne-ne-vehte-detyrime-dhe-pergjegjesi\/#primaryimage","url":"https:\/\/www.visit-ulcinj.com\/blog\/wp-content\/uploads\/2015\/04\/Hashim-Thaci-Ulqin-2.jpg","contentUrl":"https:\/\/www.visit-ulcinj.com\/blog\/wp-content\/uploads\/2015\/04\/Hashim-Thaci-Ulqin-2.jpg","width":960,"height":639},{"@type":"WebPage","@id":"https:\/\/www.visit-ulcinj.com\/blog\/2015\/04\/06\/zeneli-titujt-e-nderit-mbajne-ne-vehte-detyrime-dhe-pergjegjesi\/#webpage","url":"https:\/\/www.visit-ulcinj.com\/blog\/2015\/04\/06\/zeneli-titujt-e-nderit-mbajne-ne-vehte-detyrime-dhe-pergjegjesi\/","name":"Zeneli: Titujt e nderit, mbajn\u00eb n\u00eb vehte detyrime dhe p\u00ebrgjegj\u00ebsi ! - Lajme nga Ulqini","isPartOf":{"@id":"https:\/\/www.visit-ulcinj.com\/blog\/#website"},"primaryImageOfPage":{"@id":"https:\/\/www.visit-ulcinj.com\/blog\/2015\/04\/06\/zeneli-titujt-e-nderit-mbajne-ne-vehte-detyrime-dhe-pergjegjesi\/#primaryimage"},"datePublished":"2015-04-06T20:24:06+00:00","dateModified":"2015-04-06T20:24:06+00:00","author":{"@id":"https:\/\/www.visit-ulcinj.com\/blog\/#\/schema\/person\/dcab619c614d3038751c63bc2aadc06d"},"description":"T\u00eb Shtund\u00ebn, me 4 Prill 2015 me rastin e Dit\u00ebs s\u00eb Ulqinit, me iniciativ\u00ebn e kryetarit t\u00eb k\u00ebsaj komune, u shpall\u00ebn \" Qytetar Nderi\", kryeministri i","breadcrumb":{"@id":"https:\/\/www.visit-ulcinj.com\/blog\/2015\/04\/06\/zeneli-titujt-e-nderit-mbajne-ne-vehte-detyrime-dhe-pergjegjesi\/#breadcrumb"},"inLanguage":"en-US","potentialAction":[{"@type":"ReadAction","target":["https:\/\/www.visit-ulcinj.com\/blog\/2015\/04\/06\/zeneli-titujt-e-nderit-mbajne-ne-vehte-detyrime-dhe-pergjegjesi\/"]}]},{"@type":"BreadcrumbList","@id":"https:\/\/www.visit-ulcinj.com\/blog\/2015\/04\/06\/zeneli-titujt-e-nderit-mbajne-ne-vehte-detyrime-dhe-pergjegjesi\/#breadcrumb","itemListElement":[{"@type":"ListItem","position":1,"name":"Zeneli: Titujt e nderit, mbajn\u00eb n\u00eb vehte detyrime dhe p\u00ebrgjegj\u00ebsi !"}]},{"@type":"Person","@id":"https:\/\/www.visit-ulcinj.com\/blog\/#\/schema\/person\/dcab619c614d3038751c63bc2aadc06d","name":"ulqini","sameAs":["http:\/\/www.visit-ulcinj.com"],"url":"https:\/\/www.visit-ulcinj.com\/blog\/author\/admin\/"}]}},"jetpack_featured_media_url":"","jetpack_sharing_enabled":true,"jetpack_shortlink":"https:\/\/wp.me\/pe6lTn-nnP","_links":{"self":[{"href":"https:\/\/www.visit-ulcinj.com\/blog\/wp-json\/wp\/v2\/posts\/89889"}],"collection":[{"href":"https:\/\/www.visit-ulcinj.com\/blog\/wp-json\/wp\/v2\/posts"}],"about":[{"href":"https:\/\/www.visit-ulcinj.com\/blog\/wp-json\/wp\/v2\/types\/post"}],"author":[{"embeddable":true,"href":"https:\/\/www.visit-ulcinj.com\/blog\/wp-json\/wp\/v2\/users\/1"}],"replies":[{"embeddable":true,"href":"https:\/\/www.visit-ulcinj.com\/blog\/wp-json\/wp\/v2\/comments?post=89889"}],"version-history":[{"count":1,"href":"https:\/\/www.visit-ulcinj.com\/blog\/wp-json\/wp\/v2\/posts\/89889\/revisions"}],"predecessor-version":[{"id":89890,"href":"https:\/\/www.visit-ulcinj.com\/blog\/wp-json\/wp\/v2\/posts\/89889\/revisions\/89890"}],"wp:attachment":[{"href":"https:\/\/www.visit-ulcinj.com\/blog\/wp-json\/wp\/v2\/media?parent=89889"}],"wp:term":[{"taxonomy":"category","embeddable":true,"href":"https:\/\/www.visit-ulcinj.com\/blog\/wp-json\/wp\/v2\/categories?post=89889"},{"taxonomy":"post_tag","embeddable":true,"href":"https:\/\/www.visit-ulcinj.com\/blog\/wp-json\/wp\/v2\/tags?post=89889"}],"curies":[{"name":"wp","href":"https:\/\/api.w.org\/{rel}","templated":true}]}}