{"id":8989,"date":"2009-01-15T16:24:30","date_gmt":"2009-01-15T15:24:30","guid":{"rendered":"http:\/\/www.visit-ulcinj.com\/blog\/?p=8989"},"modified":"2009-01-15T16:29:15","modified_gmt":"2009-01-15T15:29:15","slug":"thaci-nuk-pret-kushtezime-nga-mali-i-zi","status":"publish","type":"post","link":"https:\/\/www.visit-ulcinj.com\/blog\/2009\/01\/15\/thaci-nuk-pret-kushtezime-nga-mali-i-zi\/","title":{"rendered":"Tha\u00e7i nuk pret kusht\u00ebzime nga Mali i Zi"},"content":{"rendered":"<p><a rel=\"attachment wp-att-8990\" href=\"http:\/\/www.visit-ulcinj.com\/blog\/2009\/01\/15\/thaci-nuk-pret-kushtezime-nga-mali-i-zi\/hashim-thaci-2-2\/\"><img loading=\"lazy\" class=\"alignleft size-medium wp-image-8990\" title=\"hashim-thaci\" src=\"http:\/\/www.visit-ulcinj.com\/blog\/wp-content\/uploads\/2009\/01\/hashim-thaci-255x300.jpg\" alt=\"hashim-thaci\" width=\"255\" height=\"300\" \/><\/a>Kryeministri Hashim Tha\u00e7i, ka deklaruar se nuk pret kurrfar\u00eb kusht\u00ebzimesh me rastin e vendosjes s\u00eb marr\u00ebdh\u00ebnieve diplomatike me Malin e Zi.<br \/>\nDuke komentuar k\u00ebrkes\u00ebn e Presidentit malazias Filip Vujanovic q\u00eb, para vendosjes s\u00eb marr\u00ebdh\u00ebnieve diplomatike, malazezt\u00eb t\u00eb futen n\u00eb Kushtetut\u00ebn e Kosov\u00ebs dhe q\u00eb t\u00eb krijohen kushtet p\u00ebr kthimin e popullat\u00ebs joshqiptare, Tha\u00e7i ka theksuar se qeveria e tij po punon n\u00eb krijimin e kushteve p\u00ebr kthimin e t\u00eb gjith\u00eb atyre t\u00eb cil\u00ebt kan\u00eb braktisur Kosov\u00ebn.<br \/>\n\u201cDy shtetet tona kan\u00eb marr\u00ebdh\u00ebnie t\u00eb mira dhe besoj se ato shum\u00eb shpejt do t\u00eb ngrit\u00ebn edhe n\u00eb nivelin diplomatik, pa kurrfar\u00eb kusht\u00ebzimesh\u201d, ka deklaruar Tha\u00e7i p\u00ebr t\u00eb p\u00ebrditshmen malaziase \u201cVijesti\u201d.<br \/>\nTha\u00e7i konsideron se k\u00ebrkesat e Vujanovic jan\u00eb t\u00eb drejta. \u201cNe kemi mir\u00ebkuptim p\u00ebr to, mir\u00ebpo m\u00eb duhet t\u00eb rikujtoj se ne p\u00ebr \u00e7do dit\u00eb po punojm\u00eb n\u00eb at\u00eb drejtim n\u00eb m\u00ebnyr\u00eb q\u00eb n\u00ebp\u00ebr sht\u00ebpit\u00eb e veta t\u00eb kthehen t\u00eb gjith\u00eb ata t\u00eb cil\u00ebt e kan\u00eb l\u00ebn\u00eb Kosov\u00ebn. Qeveria jon\u00eb po punon n\u00eb k\u00ebt\u00eb drejtim me p\u00ebrkushtim dhe k\u00ebt\u00eb askush nuk mund t\u00eb na e mohoj\u00eb\u201d, ka theksuar Tha\u00e7i.<br \/>\nAi ka th\u00ebn\u00eb se Kosova \u201cpo e nd\u00ebrton shtetin e t\u00eb gjith\u00eb qytetar\u00ebve t\u00eb Kosov\u00ebs, e jo shtetin e nj\u00eb apo dy kombeve\u201d.<br \/>\n<strong>Gazeta Express<\/strong><\/p>\n","protected":false},"excerpt":{"rendered":"<p>Kryeministri Hashim Tha\u00e7i, ka deklaruar se nuk pret kurrfar\u00eb kusht\u00ebzimesh me rastin e vendosjes s\u00eb marr\u00ebdh\u00ebnieve diplomatike me Malin e Zi. Duke komentuar k\u00ebrkes\u00ebn e Presidentit malazias Filip Vujanovic q\u00eb, para vendosjes s\u00eb marr\u00ebdh\u00ebnieve diplomatike, malazezt\u00eb t\u00eb futen n\u00eb Kushtetut\u00ebn e Kosov\u00ebs dhe q\u00eb t\u00eb krijohen kushtet p\u00ebr kthimin e popullat\u00ebs joshqiptare, Tha\u00e7i ka theksuar [&hellip;]<\/p>\n","protected":false},"author":1,"featured_media":0,"comment_status":"open","ping_status":"closed","sticky":false,"template":"","format":"standard","meta":{"spay_email":"","jetpack_publicize_message":"","jetpack_is_tweetstorm":false,"jetpack_publicize_feature_enabled":true},"categories":[14],"tags":[61,5760,5761,5762,1388],"jetpack_publicize_connections":[],"yoast_head":"<!-- This site is optimized with the Yoast SEO plugin v19.1 - https:\/\/yoast.com\/wordpress\/plugins\/seo\/ -->\n<title>Tha\u00e7i nuk pret kusht\u00ebzime nga Mali i Zi - Lajme nga Ulqini<\/title>\n<meta name=\"description\" content=\"Kryeministri Hashim Tha\u00e7i, ka deklaruar se nuk pret kurrfar\u00eb kusht\u00ebzimesh me rastin e vendosjes s\u00eb marr\u00ebdh\u00ebnieve diplomatike me Malin e Zi. Duke komentuar\" \/>\n<meta name=\"robots\" content=\"index, follow, max-snippet:-1, max-image-preview:large, max-video-preview:-1\" \/>\n<link rel=\"canonical\" href=\"https:\/\/www.visit-ulcinj.com\/blog\/2009\/01\/15\/thaci-nuk-pret-kushtezime-nga-mali-i-zi\/\" \/>\n<meta property=\"og:locale\" content=\"en_US\" \/>\n<meta property=\"og:type\" content=\"article\" \/>\n<meta property=\"og:title\" content=\"Tha\u00e7i nuk pret kusht\u00ebzime nga Mali i Zi - Lajme nga Ulqini\" \/>\n<meta property=\"og:description\" content=\"Kryeministri Hashim Tha\u00e7i, ka deklaruar se nuk pret kurrfar\u00eb kusht\u00ebzimesh me rastin e vendosjes s\u00eb marr\u00ebdh\u00ebnieve diplomatike me Malin e Zi. Duke komentuar\" \/>\n<meta property=\"og:url\" content=\"https:\/\/www.visit-ulcinj.com\/blog\/2009\/01\/15\/thaci-nuk-pret-kushtezime-nga-mali-i-zi\/\" \/>\n<meta property=\"og:site_name\" content=\"Lajme nga Ulqini\" \/>\n<meta property=\"article:published_time\" content=\"2009-01-15T15:24:30+00:00\" \/>\n<meta property=\"article:modified_time\" content=\"2009-01-15T15:29:15+00:00\" \/>\n<meta property=\"og:image\" content=\"http:\/\/www.visit-ulcinj.com\/blog\/wp-content\/uploads\/2009\/01\/hashim-thaci-255x300.jpg\" \/>\n<meta name=\"twitter:label1\" content=\"Written by\" \/>\n\t<meta name=\"twitter:data1\" content=\"ulqini\" \/>\n\t<meta name=\"twitter:label2\" content=\"Est. reading time\" \/>\n\t<meta name=\"twitter:data2\" content=\"1 minute\" \/>\n<script type=\"application\/ld+json\" class=\"yoast-schema-graph\">{\"@context\":\"https:\/\/schema.org\",\"@graph\":[{\"@type\":\"WebSite\",\"@id\":\"https:\/\/www.visit-ulcinj.com\/blog\/#website\",\"url\":\"https:\/\/www.visit-ulcinj.com\/blog\/\",\"name\":\"Lajme nga Ulqini\",\"description\":\"Lajme,Vijesti,Ulqini,Ulqin,Crna Gora,Mali i Zi\",\"potentialAction\":[{\"@type\":\"SearchAction\",\"target\":{\"@type\":\"EntryPoint\",\"urlTemplate\":\"https:\/\/www.visit-ulcinj.com\/blog\/?s={search_term_string}\"},\"query-input\":\"required name=search_term_string\"}],\"inLanguage\":\"en-US\"},{\"@type\":\"ImageObject\",\"inLanguage\":\"en-US\",\"@id\":\"https:\/\/www.visit-ulcinj.com\/blog\/2009\/01\/15\/thaci-nuk-pret-kushtezime-nga-mali-i-zi\/#primaryimage\",\"url\":\"http:\/\/www.visit-ulcinj.com\/blog\/wp-content\/uploads\/2009\/01\/hashim-thaci-255x300.jpg\",\"contentUrl\":\"http:\/\/www.visit-ulcinj.com\/blog\/wp-content\/uploads\/2009\/01\/hashim-thaci-255x300.jpg\"},{\"@type\":\"WebPage\",\"@id\":\"https:\/\/www.visit-ulcinj.com\/blog\/2009\/01\/15\/thaci-nuk-pret-kushtezime-nga-mali-i-zi\/#webpage\",\"url\":\"https:\/\/www.visit-ulcinj.com\/blog\/2009\/01\/15\/thaci-nuk-pret-kushtezime-nga-mali-i-zi\/\",\"name\":\"Tha\u00e7i nuk pret kusht\u00ebzime nga Mali i Zi - Lajme nga Ulqini\",\"isPartOf\":{\"@id\":\"https:\/\/www.visit-ulcinj.com\/blog\/#website\"},\"primaryImageOfPage\":{\"@id\":\"https:\/\/www.visit-ulcinj.com\/blog\/2009\/01\/15\/thaci-nuk-pret-kushtezime-nga-mali-i-zi\/#primaryimage\"},\"datePublished\":\"2009-01-15T15:24:30+00:00\",\"dateModified\":\"2009-01-15T15:29:15+00:00\",\"author\":{\"@id\":\"https:\/\/www.visit-ulcinj.com\/blog\/#\/schema\/person\/dcab619c614d3038751c63bc2aadc06d\"},\"description\":\"Kryeministri Hashim Tha\u00e7i, ka deklaruar se nuk pret kurrfar\u00eb kusht\u00ebzimesh me rastin e vendosjes s\u00eb marr\u00ebdh\u00ebnieve diplomatike me Malin e Zi. Duke komentuar\",\"breadcrumb\":{\"@id\":\"https:\/\/www.visit-ulcinj.com\/blog\/2009\/01\/15\/thaci-nuk-pret-kushtezime-nga-mali-i-zi\/#breadcrumb\"},\"inLanguage\":\"en-US\",\"potentialAction\":[{\"@type\":\"ReadAction\",\"target\":[\"https:\/\/www.visit-ulcinj.com\/blog\/2009\/01\/15\/thaci-nuk-pret-kushtezime-nga-mali-i-zi\/\"]}]},{\"@type\":\"BreadcrumbList\",\"@id\":\"https:\/\/www.visit-ulcinj.com\/blog\/2009\/01\/15\/thaci-nuk-pret-kushtezime-nga-mali-i-zi\/#breadcrumb\",\"itemListElement\":[{\"@type\":\"ListItem\",\"position\":1,\"name\":\"Tha\u00e7i nuk pret kusht\u00ebzime nga Mali i Zi\"}]},{\"@type\":\"Person\",\"@id\":\"https:\/\/www.visit-ulcinj.com\/blog\/#\/schema\/person\/dcab619c614d3038751c63bc2aadc06d\",\"name\":\"ulqini\",\"sameAs\":[\"http:\/\/www.visit-ulcinj.com\"],\"url\":\"https:\/\/www.visit-ulcinj.com\/blog\/author\/admin\/\"}]}<\/script>\n<!-- \/ Yoast SEO plugin. -->","yoast_head_json":{"title":"Tha\u00e7i nuk pret kusht\u00ebzime nga Mali i Zi - Lajme nga Ulqini","description":"Kryeministri Hashim Tha\u00e7i, ka deklaruar se nuk pret kurrfar\u00eb kusht\u00ebzimesh me rastin e vendosjes s\u00eb marr\u00ebdh\u00ebnieve diplomatike me Malin e Zi. Duke komentuar","robots":{"index":"index","follow":"follow","max-snippet":"max-snippet:-1","max-image-preview":"max-image-preview:large","max-video-preview":"max-video-preview:-1"},"canonical":"https:\/\/www.visit-ulcinj.com\/blog\/2009\/01\/15\/thaci-nuk-pret-kushtezime-nga-mali-i-zi\/","og_locale":"en_US","og_type":"article","og_title":"Tha\u00e7i nuk pret kusht\u00ebzime nga Mali i Zi - Lajme nga Ulqini","og_description":"Kryeministri Hashim Tha\u00e7i, ka deklaruar se nuk pret kurrfar\u00eb kusht\u00ebzimesh me rastin e vendosjes s\u00eb marr\u00ebdh\u00ebnieve diplomatike me Malin e Zi. Duke komentuar","og_url":"https:\/\/www.visit-ulcinj.com\/blog\/2009\/01\/15\/thaci-nuk-pret-kushtezime-nga-mali-i-zi\/","og_site_name":"Lajme nga Ulqini","article_published_time":"2009-01-15T15:24:30+00:00","article_modified_time":"2009-01-15T15:29:15+00:00","og_image":[{"url":"http:\/\/www.visit-ulcinj.com\/blog\/wp-content\/uploads\/2009\/01\/hashim-thaci-255x300.jpg"}],"twitter_misc":{"Written by":"ulqini","Est. reading time":"1 minute"},"schema":{"@context":"https:\/\/schema.org","@graph":[{"@type":"WebSite","@id":"https:\/\/www.visit-ulcinj.com\/blog\/#website","url":"https:\/\/www.visit-ulcinj.com\/blog\/","name":"Lajme nga Ulqini","description":"Lajme,Vijesti,Ulqini,Ulqin,Crna Gora,Mali i Zi","potentialAction":[{"@type":"SearchAction","target":{"@type":"EntryPoint","urlTemplate":"https:\/\/www.visit-ulcinj.com\/blog\/?s={search_term_string}"},"query-input":"required name=search_term_string"}],"inLanguage":"en-US"},{"@type":"ImageObject","inLanguage":"en-US","@id":"https:\/\/www.visit-ulcinj.com\/blog\/2009\/01\/15\/thaci-nuk-pret-kushtezime-nga-mali-i-zi\/#primaryimage","url":"http:\/\/www.visit-ulcinj.com\/blog\/wp-content\/uploads\/2009\/01\/hashim-thaci-255x300.jpg","contentUrl":"http:\/\/www.visit-ulcinj.com\/blog\/wp-content\/uploads\/2009\/01\/hashim-thaci-255x300.jpg"},{"@type":"WebPage","@id":"https:\/\/www.visit-ulcinj.com\/blog\/2009\/01\/15\/thaci-nuk-pret-kushtezime-nga-mali-i-zi\/#webpage","url":"https:\/\/www.visit-ulcinj.com\/blog\/2009\/01\/15\/thaci-nuk-pret-kushtezime-nga-mali-i-zi\/","name":"Tha\u00e7i nuk pret kusht\u00ebzime nga Mali i Zi - Lajme nga Ulqini","isPartOf":{"@id":"https:\/\/www.visit-ulcinj.com\/blog\/#website"},"primaryImageOfPage":{"@id":"https:\/\/www.visit-ulcinj.com\/blog\/2009\/01\/15\/thaci-nuk-pret-kushtezime-nga-mali-i-zi\/#primaryimage"},"datePublished":"2009-01-15T15:24:30+00:00","dateModified":"2009-01-15T15:29:15+00:00","author":{"@id":"https:\/\/www.visit-ulcinj.com\/blog\/#\/schema\/person\/dcab619c614d3038751c63bc2aadc06d"},"description":"Kryeministri Hashim Tha\u00e7i, ka deklaruar se nuk pret kurrfar\u00eb kusht\u00ebzimesh me rastin e vendosjes s\u00eb marr\u00ebdh\u00ebnieve diplomatike me Malin e Zi. Duke komentuar","breadcrumb":{"@id":"https:\/\/www.visit-ulcinj.com\/blog\/2009\/01\/15\/thaci-nuk-pret-kushtezime-nga-mali-i-zi\/#breadcrumb"},"inLanguage":"en-US","potentialAction":[{"@type":"ReadAction","target":["https:\/\/www.visit-ulcinj.com\/blog\/2009\/01\/15\/thaci-nuk-pret-kushtezime-nga-mali-i-zi\/"]}]},{"@type":"BreadcrumbList","@id":"https:\/\/www.visit-ulcinj.com\/blog\/2009\/01\/15\/thaci-nuk-pret-kushtezime-nga-mali-i-zi\/#breadcrumb","itemListElement":[{"@type":"ListItem","position":1,"name":"Tha\u00e7i nuk pret kusht\u00ebzime nga Mali i Zi"}]},{"@type":"Person","@id":"https:\/\/www.visit-ulcinj.com\/blog\/#\/schema\/person\/dcab619c614d3038751c63bc2aadc06d","name":"ulqini","sameAs":["http:\/\/www.visit-ulcinj.com"],"url":"https:\/\/www.visit-ulcinj.com\/blog\/author\/admin\/"}]}},"jetpack_featured_media_url":"","jetpack_sharing_enabled":true,"jetpack_shortlink":"https:\/\/wp.me\/pe6lTn-2kZ","_links":{"self":[{"href":"https:\/\/www.visit-ulcinj.com\/blog\/wp-json\/wp\/v2\/posts\/8989"}],"collection":[{"href":"https:\/\/www.visit-ulcinj.com\/blog\/wp-json\/wp\/v2\/posts"}],"about":[{"href":"https:\/\/www.visit-ulcinj.com\/blog\/wp-json\/wp\/v2\/types\/post"}],"author":[{"embeddable":true,"href":"https:\/\/www.visit-ulcinj.com\/blog\/wp-json\/wp\/v2\/users\/1"}],"replies":[{"embeddable":true,"href":"https:\/\/www.visit-ulcinj.com\/blog\/wp-json\/wp\/v2\/comments?post=8989"}],"version-history":[{"count":0,"href":"https:\/\/www.visit-ulcinj.com\/blog\/wp-json\/wp\/v2\/posts\/8989\/revisions"}],"wp:attachment":[{"href":"https:\/\/www.visit-ulcinj.com\/blog\/wp-json\/wp\/v2\/media?parent=8989"}],"wp:term":[{"taxonomy":"category","embeddable":true,"href":"https:\/\/www.visit-ulcinj.com\/blog\/wp-json\/wp\/v2\/categories?post=8989"},{"taxonomy":"post_tag","embeddable":true,"href":"https:\/\/www.visit-ulcinj.com\/blog\/wp-json\/wp\/v2\/tags?post=8989"}],"curies":[{"name":"wp","href":"https:\/\/api.w.org\/{rel}","templated":true}]}}