{"id":89896,"date":"2015-04-07T17:09:20","date_gmt":"2015-04-07T16:09:20","guid":{"rendered":"http:\/\/www.visit-ulcinj.com\/blog\/?p=89896"},"modified":"2015-04-08T15:29:28","modified_gmt":"2015-04-08T14:29:28","slug":"reagimin-e-forces-ndaj-tekstit-keshilli-per-veteqeverisje-lokale","status":"publish","type":"post","link":"https:\/\/www.visit-ulcinj.com\/blog\/2015\/04\/07\/reagimin-e-forces-ndaj-tekstit-keshilli-per-veteqeverisje-lokale\/","title":{"rendered":"Reagimin e Forces ndaj tekstit \u201cK\u00ebshilli p\u00ebr vet\u00ebqeverisje lokale&#8221;"},"content":{"rendered":"<p><a href=\"http:\/\/www.visit-ulcinj.com\/blog\/wp-content\/uploads\/2009\/04\/potpredsjednik-force_dzevdet-cakuli_ulcinj.jpg\"><img loading=\"lazy\" class=\"alignleft wp-image-18628\" src=\"http:\/\/www.visit-ulcinj.com\/blog\/wp-content\/uploads\/2009\/04\/potpredsjednik-force_dzevdet-cakuli_ulcinj.jpg\" alt=\"potpredsjednik-force_dzevdet-cakuli_ulcinj\" width=\"508\" height=\"370\" srcset=\"https:\/\/www.visit-ulcinj.com\/blog\/wp-content\/uploads\/2009\/04\/potpredsjednik-force_dzevdet-cakuli_ulcinj.jpg 500w, https:\/\/www.visit-ulcinj.com\/blog\/wp-content\/uploads\/2009\/04\/potpredsjednik-force_dzevdet-cakuli_ulcinj-300x218.jpg 300w\" sizes=\"(max-width: 508px) 100vw, 508px\" \/><\/a>Ulqin, 07.04.2015<br \/>\nNr: 214\/15<\/p>\n<p><em><span style=\"text-decoration: underline;\">Reagim ndaj testit \u201cK\u00ebshilli p\u00ebr vet\u00ebqeverisje lokale: Tet\u00eb muaj heshtje t\u00eb k\u00ebshillit parlamentar t\u00eb publikuar\u201d i publikuar me 7.04.2015 ne portalin ul-info.\u00a0\u00a0 <\/span><\/em><br \/>\nEmrat e kandidat\u00ebve p\u00ebr K\u00ebshillin p\u00ebr mbrojtjen dhe zhvillimin e vet\u00ebqeverisjes lokale jan\u00eb dor\u00ebzuar Kuvendit te Komun\u00ebs s\u00eb Ulqinit i cili me material p\u00ebrkat\u00ebs duhej t\u2019ia p\u00ebrcillte Keshiilit p\u00ebr em\u00ebrime s\u00eb bashku me emrat e propozuar, Kryetarit t\u00eb K\u00ebshillit, Xhaudet Cakuli t\u00eb cilin e e apostrofoni n\u00eb teksin e publikuar.<\/p>\n<p>Deri sa k\u00ebto nuk vijn n\u00eb Komisionin p\u00ebr em\u00ebrime nuk mund t\u00eb fajsoni k\u00ebt\u00eb K\u00ebshill\u00eb dhe kryetarin e tij, edhe pse ne i kuptojme fare mir\u00eb arsyet e reagimit t\u00eb autorit t\u00eb k\u00ebtij portali.<\/p>\n<p>Nj\u00ebri prej kanditat\u00ebve \u00ebsht\u00eb vet Mustaf\u00eb Canka pronar i portalit ku del ky reagim. Brengosja e vetme e Mustaf\u00eb Cank\u00ebs jan\u00eb honoraret e \u201chumbura\u201dnga ky k\u00ebshill\u00eb.<\/p>\n<p><strong>Por jo vet\u00ebm p\u00ebr k\u00ebt\u00eb honorar!<\/strong><\/p>\n<p>K\u00ebt\u00eb reagim e ka gjeneruar mbledhjja e Bordit te Morsko Dobros i cili nj\u00ebz\u00ebri ka votuar kund\u00ebr financimit t\u00eb Portalit t\u00eb Mustaf\u00eb Cank\u00ebs p\u00ebrkundrejt flirtimit me tekste \u201cafermative\u201d ndaj Morsko Dobros koh\u00ebve t\u00eb fundit, cka lexuesit mund ta v\u00ebrtetojn\u00eb vet.<\/p>\n<p><strong>Por prap jo vet\u00ebm k\u00ebtyre honorare! <\/strong><\/p>\n<p>Por edhe honorarit q\u00eb cdo muaj merr nga kabineti i Kryetarit p\u00ebr tekste \u201cafirmative\u201d p\u00ebr \u00e7ka nep\u00ebrmes kuvendit do k\u00ebrkojm\u00eb logari p\u00ebr \u00e7far\u00eb qellimi paguhen k\u00ebto t\u00eb holla.<\/p>\n<p><strong> E jo vet\u00ebm p\u00ebr k\u00ebto t\u00eb holla!<\/strong><\/p>\n<p>Do t\u00eb diskutojm\u00eb edhe p\u00ebr emrimin E Mustaf\u00eb Cank\u00ebs n\u00eb K\u00ebshillin p\u00ebr mbrojtjen dhe zhvillimin e vet\u00ebqeverisjes lokale sepse organizata e cila ju propozon \u00ebsht\u00eb organizata e vet Mustaf Cank\u00ebs q\u00eb \u00ebsht\u00eb themeluar para nje viti, si instrument i p\u00ebrfitimeve personale dhe ikjeve nga pagimi i taksave. Taksave t\u00eb cilave \u00ebsht\u00eb shmangur me vite. Edhe nga fakti q\u00eb nga t\u00eb gjitha organizatat tjera ku ishte Mustaf Canka ishte an\u00ebtar, \u00ebsht\u00eb p\u00ebrjashtuar.<\/p>\n<p><strong>Nga Liberalet! Nga Komiteti Helsinkit p\u00ebr Drejta t\u00eb Njeriut! Nga Mogul! Nga Vijesti! Nga Deutsche Welle! &#8230;<\/strong><\/p>\n<p>Mendojm\u00eb s\u00eb n\u00eb k\u00ebt\u00eb k\u00ebshill\u00eb ka kandidat q\u00eb kan d\u00ebshmuar autoritet dhe respekt tek qytetar\u00ebt e jo persona kontraverse sikur Mustaf\u00eb Canka i cili pas t\u00eb gjitha d\u00ebshtimeve dhe organizatave nga t\u00eb cilat \u00ebsht\u00eb p\u00ebrjashtuar, tani \u00ebsht\u00eb demaskuar, <strong>mercenari mediatik<\/strong> q\u00eb shkon nga dera n\u00eb der\u00eb dhe k\u00ebrkon para n\u00eb k\u00ebmbim t\u00eb shkrimeve \u201cafirmative\u201d.<\/p>\n<p><strong>E jo vet\u00ebm! &#8230;<\/strong><\/p>\n<p>Sh\u00ebrbimi p\u00ebr Informim i Forc\u00ebs<\/p>\n","protected":false},"excerpt":{"rendered":"<p>Ulqin, 07.04.2015 Nr: 214\/15 Reagim ndaj testit \u201cK\u00ebshilli p\u00ebr vet\u00ebqeverisje lokale: Tet\u00eb muaj heshtje t\u00eb k\u00ebshillit parlamentar t\u00eb publikuar\u201d i publikuar me 7.04.2015 ne portalin ul-info.\u00a0\u00a0 Emrat e kandidat\u00ebve p\u00ebr K\u00ebshillin p\u00ebr mbrojtjen dhe zhvillimin e vet\u00ebqeverisjes lokale jan\u00eb dor\u00ebzuar Kuvendit te Komun\u00ebs s\u00eb Ulqinit i cili me material p\u00ebrkat\u00ebs duhej t\u2019ia p\u00ebrcillte Keshiilit p\u00ebr [&hellip;]<\/p>\n","protected":false},"author":1,"featured_media":0,"comment_status":"closed","ping_status":"closed","sticky":false,"template":"","format":"standard","meta":{"spay_email":"","jetpack_publicize_message":"","jetpack_is_tweetstorm":false,"jetpack_publicize_feature_enabled":true},"categories":[1,6],"tags":[],"jetpack_publicize_connections":[],"yoast_head":"<!-- This site is optimized with the Yoast SEO plugin v19.1 - https:\/\/yoast.com\/wordpress\/plugins\/seo\/ -->\n<title>Reagimin e Forces ndaj tekstit \u201cK\u00ebshilli p\u00ebr vet\u00ebqeverisje lokale&quot; - Lajme nga Ulqini<\/title>\n<meta name=\"description\" content=\"Ulqin, 07.04.2015 Nr: 214\/15 Reagim ndaj testit \u201cK\u00ebshilli p\u00ebr vet\u00ebqeverisje lokale: Tet\u00eb muaj heshtje t\u00eb k\u00ebshillit parlamentar t\u00eb publikuar\u201d i publikuar\" \/>\n<meta name=\"robots\" content=\"index, follow, max-snippet:-1, max-image-preview:large, max-video-preview:-1\" \/>\n<link rel=\"canonical\" href=\"https:\/\/www.visit-ulcinj.com\/blog\/2015\/04\/07\/reagimin-e-forces-ndaj-tekstit-keshilli-per-veteqeverisje-lokale\/\" \/>\n<meta property=\"og:locale\" content=\"en_US\" \/>\n<meta property=\"og:type\" content=\"article\" \/>\n<meta property=\"og:title\" content=\"Reagimin e Forces ndaj tekstit \u201cK\u00ebshilli p\u00ebr vet\u00ebqeverisje lokale&quot; - Lajme nga Ulqini\" \/>\n<meta property=\"og:description\" content=\"Ulqin, 07.04.2015 Nr: 214\/15 Reagim ndaj testit \u201cK\u00ebshilli p\u00ebr vet\u00ebqeverisje lokale: Tet\u00eb muaj heshtje t\u00eb k\u00ebshillit parlamentar t\u00eb publikuar\u201d i publikuar\" \/>\n<meta property=\"og:url\" content=\"https:\/\/www.visit-ulcinj.com\/blog\/2015\/04\/07\/reagimin-e-forces-ndaj-tekstit-keshilli-per-veteqeverisje-lokale\/\" \/>\n<meta property=\"og:site_name\" content=\"Lajme nga Ulqini\" \/>\n<meta property=\"article:published_time\" content=\"2015-04-07T16:09:20+00:00\" \/>\n<meta property=\"article:modified_time\" content=\"2015-04-08T14:29:28+00:00\" \/>\n<meta property=\"og:image\" content=\"http:\/\/www.visit-ulcinj.com\/blog\/wp-content\/uploads\/2009\/04\/potpredsjednik-force_dzevdet-cakuli_ulcinj.jpg\" \/>\n<meta name=\"twitter:label1\" content=\"Written by\" \/>\n\t<meta name=\"twitter:data1\" content=\"ulqini\" \/>\n\t<meta name=\"twitter:label2\" content=\"Est. reading time\" \/>\n\t<meta name=\"twitter:data2\" content=\"2 minutes\" \/>\n<script type=\"application\/ld+json\" class=\"yoast-schema-graph\">{\"@context\":\"https:\/\/schema.org\",\"@graph\":[{\"@type\":\"WebSite\",\"@id\":\"https:\/\/www.visit-ulcinj.com\/blog\/#website\",\"url\":\"https:\/\/www.visit-ulcinj.com\/blog\/\",\"name\":\"Lajme nga Ulqini\",\"description\":\"Lajme,Vijesti,Ulqini,Ulqin,Crna Gora,Mali i Zi\",\"potentialAction\":[{\"@type\":\"SearchAction\",\"target\":{\"@type\":\"EntryPoint\",\"urlTemplate\":\"https:\/\/www.visit-ulcinj.com\/blog\/?s={search_term_string}\"},\"query-input\":\"required name=search_term_string\"}],\"inLanguage\":\"en-US\"},{\"@type\":\"ImageObject\",\"inLanguage\":\"en-US\",\"@id\":\"https:\/\/www.visit-ulcinj.com\/blog\/2015\/04\/07\/reagimin-e-forces-ndaj-tekstit-keshilli-per-veteqeverisje-lokale\/#primaryimage\",\"url\":\"https:\/\/www.visit-ulcinj.com\/blog\/wp-content\/uploads\/2009\/04\/potpredsjednik-force_dzevdet-cakuli_ulcinj.jpg\",\"contentUrl\":\"https:\/\/www.visit-ulcinj.com\/blog\/wp-content\/uploads\/2009\/04\/potpredsjednik-force_dzevdet-cakuli_ulcinj.jpg\",\"width\":\"500\",\"height\":\"364\"},{\"@type\":\"WebPage\",\"@id\":\"https:\/\/www.visit-ulcinj.com\/blog\/2015\/04\/07\/reagimin-e-forces-ndaj-tekstit-keshilli-per-veteqeverisje-lokale\/#webpage\",\"url\":\"https:\/\/www.visit-ulcinj.com\/blog\/2015\/04\/07\/reagimin-e-forces-ndaj-tekstit-keshilli-per-veteqeverisje-lokale\/\",\"name\":\"Reagimin e Forces ndaj tekstit \u201cK\u00ebshilli p\u00ebr vet\u00ebqeverisje lokale\\\" - Lajme nga Ulqini\",\"isPartOf\":{\"@id\":\"https:\/\/www.visit-ulcinj.com\/blog\/#website\"},\"primaryImageOfPage\":{\"@id\":\"https:\/\/www.visit-ulcinj.com\/blog\/2015\/04\/07\/reagimin-e-forces-ndaj-tekstit-keshilli-per-veteqeverisje-lokale\/#primaryimage\"},\"datePublished\":\"2015-04-07T16:09:20+00:00\",\"dateModified\":\"2015-04-08T14:29:28+00:00\",\"author\":{\"@id\":\"https:\/\/www.visit-ulcinj.com\/blog\/#\/schema\/person\/dcab619c614d3038751c63bc2aadc06d\"},\"description\":\"Ulqin, 07.04.2015 Nr: 214\/15 Reagim ndaj testit \u201cK\u00ebshilli p\u00ebr vet\u00ebqeverisje lokale: Tet\u00eb muaj heshtje t\u00eb k\u00ebshillit parlamentar t\u00eb publikuar\u201d i publikuar\",\"breadcrumb\":{\"@id\":\"https:\/\/www.visit-ulcinj.com\/blog\/2015\/04\/07\/reagimin-e-forces-ndaj-tekstit-keshilli-per-veteqeverisje-lokale\/#breadcrumb\"},\"inLanguage\":\"en-US\",\"potentialAction\":[{\"@type\":\"ReadAction\",\"target\":[\"https:\/\/www.visit-ulcinj.com\/blog\/2015\/04\/07\/reagimin-e-forces-ndaj-tekstit-keshilli-per-veteqeverisje-lokale\/\"]}]},{\"@type\":\"BreadcrumbList\",\"@id\":\"https:\/\/www.visit-ulcinj.com\/blog\/2015\/04\/07\/reagimin-e-forces-ndaj-tekstit-keshilli-per-veteqeverisje-lokale\/#breadcrumb\",\"itemListElement\":[{\"@type\":\"ListItem\",\"position\":1,\"name\":\"Reagimin e Forces ndaj tekstit \u201cK\u00ebshilli p\u00ebr vet\u00ebqeverisje lokale&#8221;\"}]},{\"@type\":\"Person\",\"@id\":\"https:\/\/www.visit-ulcinj.com\/blog\/#\/schema\/person\/dcab619c614d3038751c63bc2aadc06d\",\"name\":\"ulqini\",\"sameAs\":[\"http:\/\/www.visit-ulcinj.com\"],\"url\":\"https:\/\/www.visit-ulcinj.com\/blog\/author\/admin\/\"}]}<\/script>\n<!-- \/ Yoast SEO plugin. -->","yoast_head_json":{"title":"Reagimin e Forces ndaj tekstit \u201cK\u00ebshilli p\u00ebr vet\u00ebqeverisje lokale\" - Lajme nga Ulqini","description":"Ulqin, 07.04.2015 Nr: 214\/15 Reagim ndaj testit \u201cK\u00ebshilli p\u00ebr vet\u00ebqeverisje lokale: Tet\u00eb muaj heshtje t\u00eb k\u00ebshillit parlamentar t\u00eb publikuar\u201d i publikuar","robots":{"index":"index","follow":"follow","max-snippet":"max-snippet:-1","max-image-preview":"max-image-preview:large","max-video-preview":"max-video-preview:-1"},"canonical":"https:\/\/www.visit-ulcinj.com\/blog\/2015\/04\/07\/reagimin-e-forces-ndaj-tekstit-keshilli-per-veteqeverisje-lokale\/","og_locale":"en_US","og_type":"article","og_title":"Reagimin e Forces ndaj tekstit \u201cK\u00ebshilli p\u00ebr vet\u00ebqeverisje lokale\" - Lajme nga Ulqini","og_description":"Ulqin, 07.04.2015 Nr: 214\/15 Reagim ndaj testit \u201cK\u00ebshilli p\u00ebr vet\u00ebqeverisje lokale: Tet\u00eb muaj heshtje t\u00eb k\u00ebshillit parlamentar t\u00eb publikuar\u201d i publikuar","og_url":"https:\/\/www.visit-ulcinj.com\/blog\/2015\/04\/07\/reagimin-e-forces-ndaj-tekstit-keshilli-per-veteqeverisje-lokale\/","og_site_name":"Lajme nga Ulqini","article_published_time":"2015-04-07T16:09:20+00:00","article_modified_time":"2015-04-08T14:29:28+00:00","og_image":[{"url":"http:\/\/www.visit-ulcinj.com\/blog\/wp-content\/uploads\/2009\/04\/potpredsjednik-force_dzevdet-cakuli_ulcinj.jpg"}],"twitter_misc":{"Written by":"ulqini","Est. reading time":"2 minutes"},"schema":{"@context":"https:\/\/schema.org","@graph":[{"@type":"WebSite","@id":"https:\/\/www.visit-ulcinj.com\/blog\/#website","url":"https:\/\/www.visit-ulcinj.com\/blog\/","name":"Lajme nga Ulqini","description":"Lajme,Vijesti,Ulqini,Ulqin,Crna Gora,Mali i Zi","potentialAction":[{"@type":"SearchAction","target":{"@type":"EntryPoint","urlTemplate":"https:\/\/www.visit-ulcinj.com\/blog\/?s={search_term_string}"},"query-input":"required name=search_term_string"}],"inLanguage":"en-US"},{"@type":"ImageObject","inLanguage":"en-US","@id":"https:\/\/www.visit-ulcinj.com\/blog\/2015\/04\/07\/reagimin-e-forces-ndaj-tekstit-keshilli-per-veteqeverisje-lokale\/#primaryimage","url":"https:\/\/www.visit-ulcinj.com\/blog\/wp-content\/uploads\/2009\/04\/potpredsjednik-force_dzevdet-cakuli_ulcinj.jpg","contentUrl":"https:\/\/www.visit-ulcinj.com\/blog\/wp-content\/uploads\/2009\/04\/potpredsjednik-force_dzevdet-cakuli_ulcinj.jpg","width":"500","height":"364"},{"@type":"WebPage","@id":"https:\/\/www.visit-ulcinj.com\/blog\/2015\/04\/07\/reagimin-e-forces-ndaj-tekstit-keshilli-per-veteqeverisje-lokale\/#webpage","url":"https:\/\/www.visit-ulcinj.com\/blog\/2015\/04\/07\/reagimin-e-forces-ndaj-tekstit-keshilli-per-veteqeverisje-lokale\/","name":"Reagimin e Forces ndaj tekstit \u201cK\u00ebshilli p\u00ebr vet\u00ebqeverisje lokale\" - Lajme nga Ulqini","isPartOf":{"@id":"https:\/\/www.visit-ulcinj.com\/blog\/#website"},"primaryImageOfPage":{"@id":"https:\/\/www.visit-ulcinj.com\/blog\/2015\/04\/07\/reagimin-e-forces-ndaj-tekstit-keshilli-per-veteqeverisje-lokale\/#primaryimage"},"datePublished":"2015-04-07T16:09:20+00:00","dateModified":"2015-04-08T14:29:28+00:00","author":{"@id":"https:\/\/www.visit-ulcinj.com\/blog\/#\/schema\/person\/dcab619c614d3038751c63bc2aadc06d"},"description":"Ulqin, 07.04.2015 Nr: 214\/15 Reagim ndaj testit \u201cK\u00ebshilli p\u00ebr vet\u00ebqeverisje lokale: Tet\u00eb muaj heshtje t\u00eb k\u00ebshillit parlamentar t\u00eb publikuar\u201d i publikuar","breadcrumb":{"@id":"https:\/\/www.visit-ulcinj.com\/blog\/2015\/04\/07\/reagimin-e-forces-ndaj-tekstit-keshilli-per-veteqeverisje-lokale\/#breadcrumb"},"inLanguage":"en-US","potentialAction":[{"@type":"ReadAction","target":["https:\/\/www.visit-ulcinj.com\/blog\/2015\/04\/07\/reagimin-e-forces-ndaj-tekstit-keshilli-per-veteqeverisje-lokale\/"]}]},{"@type":"BreadcrumbList","@id":"https:\/\/www.visit-ulcinj.com\/blog\/2015\/04\/07\/reagimin-e-forces-ndaj-tekstit-keshilli-per-veteqeverisje-lokale\/#breadcrumb","itemListElement":[{"@type":"ListItem","position":1,"name":"Reagimin e Forces ndaj tekstit \u201cK\u00ebshilli p\u00ebr vet\u00ebqeverisje lokale&#8221;"}]},{"@type":"Person","@id":"https:\/\/www.visit-ulcinj.com\/blog\/#\/schema\/person\/dcab619c614d3038751c63bc2aadc06d","name":"ulqini","sameAs":["http:\/\/www.visit-ulcinj.com"],"url":"https:\/\/www.visit-ulcinj.com\/blog\/author\/admin\/"}]}},"jetpack_featured_media_url":"","jetpack_sharing_enabled":true,"jetpack_shortlink":"https:\/\/wp.me\/pe6lTn-nnW","_links":{"self":[{"href":"https:\/\/www.visit-ulcinj.com\/blog\/wp-json\/wp\/v2\/posts\/89896"}],"collection":[{"href":"https:\/\/www.visit-ulcinj.com\/blog\/wp-json\/wp\/v2\/posts"}],"about":[{"href":"https:\/\/www.visit-ulcinj.com\/blog\/wp-json\/wp\/v2\/types\/post"}],"author":[{"embeddable":true,"href":"https:\/\/www.visit-ulcinj.com\/blog\/wp-json\/wp\/v2\/users\/1"}],"replies":[{"embeddable":true,"href":"https:\/\/www.visit-ulcinj.com\/blog\/wp-json\/wp\/v2\/comments?post=89896"}],"version-history":[{"count":1,"href":"https:\/\/www.visit-ulcinj.com\/blog\/wp-json\/wp\/v2\/posts\/89896\/revisions"}],"predecessor-version":[{"id":89897,"href":"https:\/\/www.visit-ulcinj.com\/blog\/wp-json\/wp\/v2\/posts\/89896\/revisions\/89897"}],"wp:attachment":[{"href":"https:\/\/www.visit-ulcinj.com\/blog\/wp-json\/wp\/v2\/media?parent=89896"}],"wp:term":[{"taxonomy":"category","embeddable":true,"href":"https:\/\/www.visit-ulcinj.com\/blog\/wp-json\/wp\/v2\/categories?post=89896"},{"taxonomy":"post_tag","embeddable":true,"href":"https:\/\/www.visit-ulcinj.com\/blog\/wp-json\/wp\/v2\/tags?post=89896"}],"curies":[{"name":"wp","href":"https:\/\/api.w.org\/{rel}","templated":true}]}}