{"id":89898,"date":"2015-04-07T17:17:10","date_gmt":"2015-04-07T16:17:10","guid":{"rendered":"http:\/\/www.visit-ulcinj.com\/blog\/?p=89898"},"modified":"2015-04-07T17:17:10","modified_gmt":"2015-04-07T16:17:10","slug":"medunarodna-konferencija-o-zastiti-solane","status":"publish","type":"post","link":"https:\/\/www.visit-ulcinj.com\/blog\/2015\/04\/07\/medunarodna-konferencija-o-zastiti-solane\/","title":{"rendered":"Me\u0111unarodna konferencija o za\u0161titi Solane"},"content":{"rendered":"<p id=\"articleIntro\"><a href=\"http:\/\/www.visit-ulcinj.com\/blog\/wp-content\/uploads\/2015\/04\/Centar-za-zastitu-i-proucavanje-ptica-.jpg\"><img loading=\"lazy\" class=\"alignleft wp-image-89899\" src=\"http:\/\/www.visit-ulcinj.com\/blog\/wp-content\/uploads\/2015\/04\/Centar-za-zastitu-i-proucavanje-ptica-.jpg\" alt=\"Centar za zastitu i proucavanje ptica-\" width=\"508\" height=\"406\" srcset=\"https:\/\/www.visit-ulcinj.com\/blog\/wp-content\/uploads\/2015\/04\/Centar-za-zastitu-i-proucavanje-ptica-.jpg 745w, https:\/\/www.visit-ulcinj.com\/blog\/wp-content\/uploads\/2015\/04\/Centar-za-zastitu-i-proucavanje-ptica--300x240.jpg 300w\" sizes=\"(max-width: 508px) 100vw, 508px\" \/><\/a>Sjutra i prekosjutra odr\u017ea\u0107e se Me\u0111unarodna konferenciju o za\u0161titi Ulcinjske solane. Prvi da konferencije bi\u0107e odr\u017ean u podgori\u010dkom hotelu City, dok je za drugi dan planirana posjeta Solani. Organizatori skupa su Centar za za\u0161titu i prou\u010davanje ptica (CZIP), EURONATUR i Op\u0161tina Ulcinj.<\/p>\n<div id=\"articleContent\">\n<p>Cilj konferencije je upoznavanje predstavnika relevantnih me\u0111unarodnih organizacija i institucija sa inicijativom formalne za\u0161tite Ulcinjske solane u skladu sa nacionalnom legislativom, saop\u0161teno je Portalu Analitika.<\/p>\n<p>Na konferenciji \u0107e u\u010destovati predstavnici ambasada u Crnoj Gori, Evropske komisije, me\u0111unarodnih konvencija, kao i predstavnici doma\u0107ih i me\u0111unarodnih institucija i nevladinih organizacija iz sektora za\u0161tite prirode.<\/p>\n<p>Najavljeno je da \u0107e konferenciji prisustvovati Daliborka Pejovi\u0107, dr\u017eavna sekretarka u Ministarstvu odr\u017eivog razvoja i turizma Nj.E. Gudrun Steinacker, ambasadorka Republike Njema\u010dke u Crnoj Gori g-din St\u00e9phane Maicon, prvi sekretar Ambasade Francuske, direktor Francuskog instituta Crne Gore, Alberto Cammarata, \u0161ef politi\u010dke sekcije, Delegacija Evropske Unije u Crnoj Gori, Fatmir Gjeka, predsjednik Op\u0161tine Ulcinj, Angelo Caserta, izvr\u0161ni direktor Birdlife International&#8230;<\/p>\n<p><strong>Izvor: PortalAnalitika<\/strong><\/p>\n<\/div>\n","protected":false},"excerpt":{"rendered":"<p>Sjutra i prekosjutra odr\u017ea\u0107e se Me\u0111unarodna konferenciju o za\u0161titi Ulcinjske solane. Prvi da konferencije bi\u0107e odr\u017ean u podgori\u010dkom hotelu City, dok je za drugi dan planirana posjeta Solani. Organizatori skupa su Centar za za\u0161titu i prou\u010davanje ptica (CZIP), EURONATUR i Op\u0161tina Ulcinj. Cilj konferencije je upoznavanje predstavnika relevantnih me\u0111unarodnih organizacija i institucija sa inicijativom formalne [&hellip;]<\/p>\n","protected":false},"author":1,"featured_media":0,"comment_status":"closed","ping_status":"closed","sticky":false,"template":"","format":"standard","meta":{"spay_email":"","jetpack_publicize_message":"","jetpack_is_tweetstorm":false,"jetpack_publicize_feature_enabled":true},"categories":[8337],"tags":[],"jetpack_publicize_connections":[],"yoast_head":"<!-- This site is optimized with the Yoast SEO plugin v19.1 - https:\/\/yoast.com\/wordpress\/plugins\/seo\/ -->\n<title>Me\u0111unarodna konferencija o za\u0161titi Solane - Lajme nga Ulqini<\/title>\n<meta name=\"description\" content=\"Sjutra i prekosjutra odr\u017ea\u0107e se Me\u0111unarodna konferenciju o za\u0161titi Ulcinjske solane. Prvi da konferencije bi\u0107e odr\u017ean u podgori\u010dkom hotelu City, dok je za\" \/>\n<meta name=\"robots\" content=\"index, follow, max-snippet:-1, max-image-preview:large, max-video-preview:-1\" \/>\n<link rel=\"canonical\" href=\"https:\/\/www.visit-ulcinj.com\/blog\/2015\/04\/07\/medunarodna-konferencija-o-zastiti-solane\/\" \/>\n<meta property=\"og:locale\" content=\"en_US\" \/>\n<meta property=\"og:type\" content=\"article\" \/>\n<meta property=\"og:title\" content=\"Me\u0111unarodna konferencija o za\u0161titi Solane - Lajme nga Ulqini\" \/>\n<meta property=\"og:description\" content=\"Sjutra i prekosjutra odr\u017ea\u0107e se Me\u0111unarodna konferenciju o za\u0161titi Ulcinjske solane. Prvi da konferencije bi\u0107e odr\u017ean u podgori\u010dkom hotelu City, dok je za\" \/>\n<meta property=\"og:url\" content=\"https:\/\/www.visit-ulcinj.com\/blog\/2015\/04\/07\/medunarodna-konferencija-o-zastiti-solane\/\" \/>\n<meta property=\"og:site_name\" content=\"Lajme nga Ulqini\" \/>\n<meta property=\"article:published_time\" content=\"2015-04-07T16:17:10+00:00\" \/>\n<meta property=\"og:image\" content=\"http:\/\/www.visit-ulcinj.com\/blog\/wp-content\/uploads\/2015\/04\/Centar-za-zastitu-i-proucavanje-ptica-.jpg\" \/>\n<meta name=\"twitter:label1\" content=\"Written by\" \/>\n\t<meta name=\"twitter:data1\" content=\"ulqini\" \/>\n\t<meta name=\"twitter:label2\" content=\"Est. reading time\" \/>\n\t<meta name=\"twitter:data2\" content=\"1 minute\" \/>\n<script type=\"application\/ld+json\" class=\"yoast-schema-graph\">{\"@context\":\"https:\/\/schema.org\",\"@graph\":[{\"@type\":\"WebSite\",\"@id\":\"https:\/\/www.visit-ulcinj.com\/blog\/#website\",\"url\":\"https:\/\/www.visit-ulcinj.com\/blog\/\",\"name\":\"Lajme nga Ulqini\",\"description\":\"Lajme,Vijesti,Ulqini,Ulqin,Crna Gora,Mali i Zi\",\"potentialAction\":[{\"@type\":\"SearchAction\",\"target\":{\"@type\":\"EntryPoint\",\"urlTemplate\":\"https:\/\/www.visit-ulcinj.com\/blog\/?s={search_term_string}\"},\"query-input\":\"required name=search_term_string\"}],\"inLanguage\":\"en-US\"},{\"@type\":\"ImageObject\",\"inLanguage\":\"en-US\",\"@id\":\"https:\/\/www.visit-ulcinj.com\/blog\/2015\/04\/07\/medunarodna-konferencija-o-zastiti-solane\/#primaryimage\",\"url\":\"https:\/\/www.visit-ulcinj.com\/blog\/wp-content\/uploads\/2015\/04\/Centar-za-zastitu-i-proucavanje-ptica-.jpg\",\"contentUrl\":\"https:\/\/www.visit-ulcinj.com\/blog\/wp-content\/uploads\/2015\/04\/Centar-za-zastitu-i-proucavanje-ptica-.jpg\",\"width\":745,\"height\":595},{\"@type\":\"WebPage\",\"@id\":\"https:\/\/www.visit-ulcinj.com\/blog\/2015\/04\/07\/medunarodna-konferencija-o-zastiti-solane\/#webpage\",\"url\":\"https:\/\/www.visit-ulcinj.com\/blog\/2015\/04\/07\/medunarodna-konferencija-o-zastiti-solane\/\",\"name\":\"Me\u0111unarodna konferencija o za\u0161titi Solane - Lajme nga Ulqini\",\"isPartOf\":{\"@id\":\"https:\/\/www.visit-ulcinj.com\/blog\/#website\"},\"primaryImageOfPage\":{\"@id\":\"https:\/\/www.visit-ulcinj.com\/blog\/2015\/04\/07\/medunarodna-konferencija-o-zastiti-solane\/#primaryimage\"},\"datePublished\":\"2015-04-07T16:17:10+00:00\",\"dateModified\":\"2015-04-07T16:17:10+00:00\",\"author\":{\"@id\":\"https:\/\/www.visit-ulcinj.com\/blog\/#\/schema\/person\/dcab619c614d3038751c63bc2aadc06d\"},\"description\":\"Sjutra i prekosjutra odr\u017ea\u0107e se Me\u0111unarodna konferenciju o za\u0161titi Ulcinjske solane. Prvi da konferencije bi\u0107e odr\u017ean u podgori\u010dkom hotelu City, dok je za\",\"breadcrumb\":{\"@id\":\"https:\/\/www.visit-ulcinj.com\/blog\/2015\/04\/07\/medunarodna-konferencija-o-zastiti-solane\/#breadcrumb\"},\"inLanguage\":\"en-US\",\"potentialAction\":[{\"@type\":\"ReadAction\",\"target\":[\"https:\/\/www.visit-ulcinj.com\/blog\/2015\/04\/07\/medunarodna-konferencija-o-zastiti-solane\/\"]}]},{\"@type\":\"BreadcrumbList\",\"@id\":\"https:\/\/www.visit-ulcinj.com\/blog\/2015\/04\/07\/medunarodna-konferencija-o-zastiti-solane\/#breadcrumb\",\"itemListElement\":[{\"@type\":\"ListItem\",\"position\":1,\"name\":\"Me\u0111unarodna konferencija o za\u0161titi Solane\"}]},{\"@type\":\"Person\",\"@id\":\"https:\/\/www.visit-ulcinj.com\/blog\/#\/schema\/person\/dcab619c614d3038751c63bc2aadc06d\",\"name\":\"ulqini\",\"sameAs\":[\"http:\/\/www.visit-ulcinj.com\"],\"url\":\"https:\/\/www.visit-ulcinj.com\/blog\/author\/admin\/\"}]}<\/script>\n<!-- \/ Yoast SEO plugin. -->","yoast_head_json":{"title":"Me\u0111unarodna konferencija o za\u0161titi Solane - Lajme nga Ulqini","description":"Sjutra i prekosjutra odr\u017ea\u0107e se Me\u0111unarodna konferenciju o za\u0161titi Ulcinjske solane. Prvi da konferencije bi\u0107e odr\u017ean u podgori\u010dkom hotelu City, dok je za","robots":{"index":"index","follow":"follow","max-snippet":"max-snippet:-1","max-image-preview":"max-image-preview:large","max-video-preview":"max-video-preview:-1"},"canonical":"https:\/\/www.visit-ulcinj.com\/blog\/2015\/04\/07\/medunarodna-konferencija-o-zastiti-solane\/","og_locale":"en_US","og_type":"article","og_title":"Me\u0111unarodna konferencija o za\u0161titi Solane - Lajme nga Ulqini","og_description":"Sjutra i prekosjutra odr\u017ea\u0107e se Me\u0111unarodna konferenciju o za\u0161titi Ulcinjske solane. Prvi da konferencije bi\u0107e odr\u017ean u podgori\u010dkom hotelu City, dok je za","og_url":"https:\/\/www.visit-ulcinj.com\/blog\/2015\/04\/07\/medunarodna-konferencija-o-zastiti-solane\/","og_site_name":"Lajme nga Ulqini","article_published_time":"2015-04-07T16:17:10+00:00","og_image":[{"url":"http:\/\/www.visit-ulcinj.com\/blog\/wp-content\/uploads\/2015\/04\/Centar-za-zastitu-i-proucavanje-ptica-.jpg"}],"twitter_misc":{"Written by":"ulqini","Est. reading time":"1 minute"},"schema":{"@context":"https:\/\/schema.org","@graph":[{"@type":"WebSite","@id":"https:\/\/www.visit-ulcinj.com\/blog\/#website","url":"https:\/\/www.visit-ulcinj.com\/blog\/","name":"Lajme nga Ulqini","description":"Lajme,Vijesti,Ulqini,Ulqin,Crna Gora,Mali i Zi","potentialAction":[{"@type":"SearchAction","target":{"@type":"EntryPoint","urlTemplate":"https:\/\/www.visit-ulcinj.com\/blog\/?s={search_term_string}"},"query-input":"required name=search_term_string"}],"inLanguage":"en-US"},{"@type":"ImageObject","inLanguage":"en-US","@id":"https:\/\/www.visit-ulcinj.com\/blog\/2015\/04\/07\/medunarodna-konferencija-o-zastiti-solane\/#primaryimage","url":"https:\/\/www.visit-ulcinj.com\/blog\/wp-content\/uploads\/2015\/04\/Centar-za-zastitu-i-proucavanje-ptica-.jpg","contentUrl":"https:\/\/www.visit-ulcinj.com\/blog\/wp-content\/uploads\/2015\/04\/Centar-za-zastitu-i-proucavanje-ptica-.jpg","width":745,"height":595},{"@type":"WebPage","@id":"https:\/\/www.visit-ulcinj.com\/blog\/2015\/04\/07\/medunarodna-konferencija-o-zastiti-solane\/#webpage","url":"https:\/\/www.visit-ulcinj.com\/blog\/2015\/04\/07\/medunarodna-konferencija-o-zastiti-solane\/","name":"Me\u0111unarodna konferencija o za\u0161titi Solane - Lajme nga Ulqini","isPartOf":{"@id":"https:\/\/www.visit-ulcinj.com\/blog\/#website"},"primaryImageOfPage":{"@id":"https:\/\/www.visit-ulcinj.com\/blog\/2015\/04\/07\/medunarodna-konferencija-o-zastiti-solane\/#primaryimage"},"datePublished":"2015-04-07T16:17:10+00:00","dateModified":"2015-04-07T16:17:10+00:00","author":{"@id":"https:\/\/www.visit-ulcinj.com\/blog\/#\/schema\/person\/dcab619c614d3038751c63bc2aadc06d"},"description":"Sjutra i prekosjutra odr\u017ea\u0107e se Me\u0111unarodna konferenciju o za\u0161titi Ulcinjske solane. Prvi da konferencije bi\u0107e odr\u017ean u podgori\u010dkom hotelu City, dok je za","breadcrumb":{"@id":"https:\/\/www.visit-ulcinj.com\/blog\/2015\/04\/07\/medunarodna-konferencija-o-zastiti-solane\/#breadcrumb"},"inLanguage":"en-US","potentialAction":[{"@type":"ReadAction","target":["https:\/\/www.visit-ulcinj.com\/blog\/2015\/04\/07\/medunarodna-konferencija-o-zastiti-solane\/"]}]},{"@type":"BreadcrumbList","@id":"https:\/\/www.visit-ulcinj.com\/blog\/2015\/04\/07\/medunarodna-konferencija-o-zastiti-solane\/#breadcrumb","itemListElement":[{"@type":"ListItem","position":1,"name":"Me\u0111unarodna konferencija o za\u0161titi Solane"}]},{"@type":"Person","@id":"https:\/\/www.visit-ulcinj.com\/blog\/#\/schema\/person\/dcab619c614d3038751c63bc2aadc06d","name":"ulqini","sameAs":["http:\/\/www.visit-ulcinj.com"],"url":"https:\/\/www.visit-ulcinj.com\/blog\/author\/admin\/"}]}},"jetpack_featured_media_url":"","jetpack_sharing_enabled":true,"jetpack_shortlink":"https:\/\/wp.me\/pe6lTn-nnY","_links":{"self":[{"href":"https:\/\/www.visit-ulcinj.com\/blog\/wp-json\/wp\/v2\/posts\/89898"}],"collection":[{"href":"https:\/\/www.visit-ulcinj.com\/blog\/wp-json\/wp\/v2\/posts"}],"about":[{"href":"https:\/\/www.visit-ulcinj.com\/blog\/wp-json\/wp\/v2\/types\/post"}],"author":[{"embeddable":true,"href":"https:\/\/www.visit-ulcinj.com\/blog\/wp-json\/wp\/v2\/users\/1"}],"replies":[{"embeddable":true,"href":"https:\/\/www.visit-ulcinj.com\/blog\/wp-json\/wp\/v2\/comments?post=89898"}],"version-history":[{"count":1,"href":"https:\/\/www.visit-ulcinj.com\/blog\/wp-json\/wp\/v2\/posts\/89898\/revisions"}],"predecessor-version":[{"id":89900,"href":"https:\/\/www.visit-ulcinj.com\/blog\/wp-json\/wp\/v2\/posts\/89898\/revisions\/89900"}],"wp:attachment":[{"href":"https:\/\/www.visit-ulcinj.com\/blog\/wp-json\/wp\/v2\/media?parent=89898"}],"wp:term":[{"taxonomy":"category","embeddable":true,"href":"https:\/\/www.visit-ulcinj.com\/blog\/wp-json\/wp\/v2\/categories?post=89898"},{"taxonomy":"post_tag","embeddable":true,"href":"https:\/\/www.visit-ulcinj.com\/blog\/wp-json\/wp\/v2\/tags?post=89898"}],"curies":[{"name":"wp","href":"https:\/\/api.w.org\/{rel}","templated":true}]}}