{"id":89906,"date":"2015-04-08T15:11:37","date_gmt":"2015-04-08T14:11:37","guid":{"rendered":"http:\/\/www.visit-ulcinj.com\/blog\/?p=89906"},"modified":"2015-04-08T15:11:37","modified_gmt":"2015-04-08T14:11:37","slug":"art-club-mbremje-autoriale-nikolla-spathari-ftese-per-media","status":"publish","type":"post","link":"https:\/\/www.visit-ulcinj.com\/blog\/2015\/04\/08\/art-club-mbremje-autoriale-nikolla-spathari-ftese-per-media\/","title":{"rendered":"Art Club &#8211; Mbremje autoriale Nikolla Spathari &#8211; Ftese per media"},"content":{"rendered":"<p style=\"text-align: left;\"><a href=\"http:\/\/www.visit-ulcinj.com\/blog\/wp-content\/uploads\/2012\/12\/Shoqata-Art-Club-Ulqin.1.jpg\"><img loading=\"lazy\" class=\"alignleft wp-image-67169\" src=\"http:\/\/www.visit-ulcinj.com\/blog\/wp-content\/uploads\/2012\/12\/Shoqata-Art-Club-Ulqin.1.jpg\" alt=\"Shoqata-Art-Club-Ulqin.1\" width=\"508\" height=\"112\" srcset=\"https:\/\/www.visit-ulcinj.com\/blog\/wp-content\/uploads\/2012\/12\/Shoqata-Art-Club-Ulqin.1.jpg 625w, https:\/\/www.visit-ulcinj.com\/blog\/wp-content\/uploads\/2012\/12\/Shoqata-Art-Club-Ulqin.1-300x66.jpg 300w\" sizes=\"(max-width: 508px) 100vw, 508px\" \/><\/a>T\u00eb nderuar,<\/p>\n<p>Shoqata e Artist\u00ebve dhe Intelektual\u00ebve \u201cArt Club\u201d n\u00eb bashk\u00ebpunim me Klubin e Shkrimtar\u00ebve dhe Artist\u00ebve \u2013 Durr\u00ebs do t\u00eb organizojn\u00eb Mbr\u00ebmjen autoriale me shkrimtarin, publicistin dhe studiuesin Nikolla Spathari.<\/p>\n<p><strong>Mbr\u00ebmja do t\u00eb mbahet t\u00eb premten, m\u00eb 10 prill 2015, n\u00eb or\u00ebn 20:00, n\u00eb Galerin\u00eb e Arteve t\u00eb Qendr\u00ebs s\u00eb Kultur\u00ebs &#8211; Ulqin.<\/strong><\/p>\n","protected":false},"excerpt":{"rendered":"<p>T\u00eb nderuar, Shoqata e Artist\u00ebve dhe Intelektual\u00ebve \u201cArt Club\u201d n\u00eb bashk\u00ebpunim me Klubin e Shkrimtar\u00ebve dhe Artist\u00ebve \u2013 Durr\u00ebs do t\u00eb organizojn\u00eb Mbr\u00ebmjen autoriale me shkrimtarin, publicistin dhe studiuesin Nikolla Spathari. Mbr\u00ebmja do t\u00eb mbahet t\u00eb premten, m\u00eb 10 prill 2015, n\u00eb or\u00ebn 20:00, n\u00eb Galerin\u00eb e Arteve t\u00eb Qendr\u00ebs s\u00eb Kultur\u00ebs &#8211; Ulqin.<\/p>\n","protected":false},"author":1,"featured_media":0,"comment_status":"closed","ping_status":"closed","sticky":false,"template":"","format":"standard","meta":{"spay_email":"","jetpack_publicize_message":"","jetpack_is_tweetstorm":false,"jetpack_publicize_feature_enabled":true},"categories":[6950],"tags":[],"jetpack_publicize_connections":[],"yoast_head":"<!-- This site is optimized with the Yoast SEO plugin v19.1 - https:\/\/yoast.com\/wordpress\/plugins\/seo\/ -->\n<title>Art Club - Mbremje autoriale Nikolla Spathari - Ftese per media - Lajme nga Ulqini<\/title>\n<meta name=\"description\" content=\"T\u00eb nderuar, Shoqata e Artist\u00ebve dhe Intelektual\u00ebve \u201cArt Club\u201d n\u00eb bashk\u00ebpunim me Klubin e Shkrimtar\u00ebve dhe Artist\u00ebve \u2013 Durr\u00ebs do t\u00eb organizojn\u00eb Mbr\u00ebmjen\" \/>\n<meta name=\"robots\" content=\"index, follow, max-snippet:-1, max-image-preview:large, max-video-preview:-1\" \/>\n<link rel=\"canonical\" href=\"https:\/\/www.visit-ulcinj.com\/blog\/2015\/04\/08\/art-club-mbremje-autoriale-nikolla-spathari-ftese-per-media\/\" \/>\n<meta property=\"og:locale\" content=\"en_US\" \/>\n<meta property=\"og:type\" content=\"article\" \/>\n<meta property=\"og:title\" content=\"Art Club - Mbremje autoriale Nikolla Spathari - Ftese per media - Lajme nga Ulqini\" \/>\n<meta property=\"og:description\" content=\"T\u00eb nderuar, Shoqata e Artist\u00ebve dhe Intelektual\u00ebve \u201cArt Club\u201d n\u00eb bashk\u00ebpunim me Klubin e Shkrimtar\u00ebve dhe Artist\u00ebve \u2013 Durr\u00ebs do t\u00eb organizojn\u00eb Mbr\u00ebmjen\" \/>\n<meta property=\"og:url\" content=\"https:\/\/www.visit-ulcinj.com\/blog\/2015\/04\/08\/art-club-mbremje-autoriale-nikolla-spathari-ftese-per-media\/\" \/>\n<meta property=\"og:site_name\" content=\"Lajme nga Ulqini\" \/>\n<meta property=\"article:published_time\" content=\"2015-04-08T14:11:37+00:00\" \/>\n<meta property=\"og:image\" content=\"http:\/\/www.visit-ulcinj.com\/blog\/wp-content\/uploads\/2012\/12\/Shoqata-Art-Club-Ulqin.1.jpg\" \/>\n<meta name=\"twitter:label1\" content=\"Written by\" \/>\n\t<meta name=\"twitter:data1\" content=\"ulqini\" \/>\n<script type=\"application\/ld+json\" class=\"yoast-schema-graph\">{\"@context\":\"https:\/\/schema.org\",\"@graph\":[{\"@type\":\"WebSite\",\"@id\":\"https:\/\/www.visit-ulcinj.com\/blog\/#website\",\"url\":\"https:\/\/www.visit-ulcinj.com\/blog\/\",\"name\":\"Lajme nga Ulqini\",\"description\":\"Lajme,Vijesti,Ulqini,Ulqin,Crna Gora,Mali i Zi\",\"potentialAction\":[{\"@type\":\"SearchAction\",\"target\":{\"@type\":\"EntryPoint\",\"urlTemplate\":\"https:\/\/www.visit-ulcinj.com\/blog\/?s={search_term_string}\"},\"query-input\":\"required name=search_term_string\"}],\"inLanguage\":\"en-US\"},{\"@type\":\"ImageObject\",\"inLanguage\":\"en-US\",\"@id\":\"https:\/\/www.visit-ulcinj.com\/blog\/2015\/04\/08\/art-club-mbremje-autoriale-nikolla-spathari-ftese-per-media\/#primaryimage\",\"url\":\"https:\/\/www.visit-ulcinj.com\/blog\/wp-content\/uploads\/2012\/12\/Shoqata-Art-Club-Ulqin.1.jpg\",\"contentUrl\":\"https:\/\/www.visit-ulcinj.com\/blog\/wp-content\/uploads\/2012\/12\/Shoqata-Art-Club-Ulqin.1.jpg\",\"width\":625,\"height\":138},{\"@type\":\"WebPage\",\"@id\":\"https:\/\/www.visit-ulcinj.com\/blog\/2015\/04\/08\/art-club-mbremje-autoriale-nikolla-spathari-ftese-per-media\/#webpage\",\"url\":\"https:\/\/www.visit-ulcinj.com\/blog\/2015\/04\/08\/art-club-mbremje-autoriale-nikolla-spathari-ftese-per-media\/\",\"name\":\"Art Club - Mbremje autoriale Nikolla Spathari - Ftese per media - Lajme nga Ulqini\",\"isPartOf\":{\"@id\":\"https:\/\/www.visit-ulcinj.com\/blog\/#website\"},\"primaryImageOfPage\":{\"@id\":\"https:\/\/www.visit-ulcinj.com\/blog\/2015\/04\/08\/art-club-mbremje-autoriale-nikolla-spathari-ftese-per-media\/#primaryimage\"},\"datePublished\":\"2015-04-08T14:11:37+00:00\",\"dateModified\":\"2015-04-08T14:11:37+00:00\",\"author\":{\"@id\":\"https:\/\/www.visit-ulcinj.com\/blog\/#\/schema\/person\/dcab619c614d3038751c63bc2aadc06d\"},\"description\":\"T\u00eb nderuar, Shoqata e Artist\u00ebve dhe Intelektual\u00ebve \u201cArt Club\u201d n\u00eb bashk\u00ebpunim me Klubin e Shkrimtar\u00ebve dhe Artist\u00ebve \u2013 Durr\u00ebs do t\u00eb organizojn\u00eb Mbr\u00ebmjen\",\"breadcrumb\":{\"@id\":\"https:\/\/www.visit-ulcinj.com\/blog\/2015\/04\/08\/art-club-mbremje-autoriale-nikolla-spathari-ftese-per-media\/#breadcrumb\"},\"inLanguage\":\"en-US\",\"potentialAction\":[{\"@type\":\"ReadAction\",\"target\":[\"https:\/\/www.visit-ulcinj.com\/blog\/2015\/04\/08\/art-club-mbremje-autoriale-nikolla-spathari-ftese-per-media\/\"]}]},{\"@type\":\"BreadcrumbList\",\"@id\":\"https:\/\/www.visit-ulcinj.com\/blog\/2015\/04\/08\/art-club-mbremje-autoriale-nikolla-spathari-ftese-per-media\/#breadcrumb\",\"itemListElement\":[{\"@type\":\"ListItem\",\"position\":1,\"name\":\"Art Club &#8211; Mbremje autoriale Nikolla Spathari &#8211; Ftese per media\"}]},{\"@type\":\"Person\",\"@id\":\"https:\/\/www.visit-ulcinj.com\/blog\/#\/schema\/person\/dcab619c614d3038751c63bc2aadc06d\",\"name\":\"ulqini\",\"sameAs\":[\"http:\/\/www.visit-ulcinj.com\"],\"url\":\"https:\/\/www.visit-ulcinj.com\/blog\/author\/admin\/\"}]}<\/script>\n<!-- \/ Yoast SEO plugin. -->","yoast_head_json":{"title":"Art Club - Mbremje autoriale Nikolla Spathari - Ftese per media - Lajme nga Ulqini","description":"T\u00eb nderuar, Shoqata e Artist\u00ebve dhe Intelektual\u00ebve \u201cArt Club\u201d n\u00eb bashk\u00ebpunim me Klubin e Shkrimtar\u00ebve dhe Artist\u00ebve \u2013 Durr\u00ebs do t\u00eb organizojn\u00eb Mbr\u00ebmjen","robots":{"index":"index","follow":"follow","max-snippet":"max-snippet:-1","max-image-preview":"max-image-preview:large","max-video-preview":"max-video-preview:-1"},"canonical":"https:\/\/www.visit-ulcinj.com\/blog\/2015\/04\/08\/art-club-mbremje-autoriale-nikolla-spathari-ftese-per-media\/","og_locale":"en_US","og_type":"article","og_title":"Art Club - Mbremje autoriale Nikolla Spathari - Ftese per media - Lajme nga Ulqini","og_description":"T\u00eb nderuar, Shoqata e Artist\u00ebve dhe Intelektual\u00ebve \u201cArt Club\u201d n\u00eb bashk\u00ebpunim me Klubin e Shkrimtar\u00ebve dhe Artist\u00ebve \u2013 Durr\u00ebs do t\u00eb organizojn\u00eb Mbr\u00ebmjen","og_url":"https:\/\/www.visit-ulcinj.com\/blog\/2015\/04\/08\/art-club-mbremje-autoriale-nikolla-spathari-ftese-per-media\/","og_site_name":"Lajme nga Ulqini","article_published_time":"2015-04-08T14:11:37+00:00","og_image":[{"url":"http:\/\/www.visit-ulcinj.com\/blog\/wp-content\/uploads\/2012\/12\/Shoqata-Art-Club-Ulqin.1.jpg"}],"twitter_misc":{"Written by":"ulqini"},"schema":{"@context":"https:\/\/schema.org","@graph":[{"@type":"WebSite","@id":"https:\/\/www.visit-ulcinj.com\/blog\/#website","url":"https:\/\/www.visit-ulcinj.com\/blog\/","name":"Lajme nga Ulqini","description":"Lajme,Vijesti,Ulqini,Ulqin,Crna Gora,Mali i Zi","potentialAction":[{"@type":"SearchAction","target":{"@type":"EntryPoint","urlTemplate":"https:\/\/www.visit-ulcinj.com\/blog\/?s={search_term_string}"},"query-input":"required name=search_term_string"}],"inLanguage":"en-US"},{"@type":"ImageObject","inLanguage":"en-US","@id":"https:\/\/www.visit-ulcinj.com\/blog\/2015\/04\/08\/art-club-mbremje-autoriale-nikolla-spathari-ftese-per-media\/#primaryimage","url":"https:\/\/www.visit-ulcinj.com\/blog\/wp-content\/uploads\/2012\/12\/Shoqata-Art-Club-Ulqin.1.jpg","contentUrl":"https:\/\/www.visit-ulcinj.com\/blog\/wp-content\/uploads\/2012\/12\/Shoqata-Art-Club-Ulqin.1.jpg","width":625,"height":138},{"@type":"WebPage","@id":"https:\/\/www.visit-ulcinj.com\/blog\/2015\/04\/08\/art-club-mbremje-autoriale-nikolla-spathari-ftese-per-media\/#webpage","url":"https:\/\/www.visit-ulcinj.com\/blog\/2015\/04\/08\/art-club-mbremje-autoriale-nikolla-spathari-ftese-per-media\/","name":"Art Club - Mbremje autoriale Nikolla Spathari - Ftese per media - Lajme nga Ulqini","isPartOf":{"@id":"https:\/\/www.visit-ulcinj.com\/blog\/#website"},"primaryImageOfPage":{"@id":"https:\/\/www.visit-ulcinj.com\/blog\/2015\/04\/08\/art-club-mbremje-autoriale-nikolla-spathari-ftese-per-media\/#primaryimage"},"datePublished":"2015-04-08T14:11:37+00:00","dateModified":"2015-04-08T14:11:37+00:00","author":{"@id":"https:\/\/www.visit-ulcinj.com\/blog\/#\/schema\/person\/dcab619c614d3038751c63bc2aadc06d"},"description":"T\u00eb nderuar, Shoqata e Artist\u00ebve dhe Intelektual\u00ebve \u201cArt Club\u201d n\u00eb bashk\u00ebpunim me Klubin e Shkrimtar\u00ebve dhe Artist\u00ebve \u2013 Durr\u00ebs do t\u00eb organizojn\u00eb Mbr\u00ebmjen","breadcrumb":{"@id":"https:\/\/www.visit-ulcinj.com\/blog\/2015\/04\/08\/art-club-mbremje-autoriale-nikolla-spathari-ftese-per-media\/#breadcrumb"},"inLanguage":"en-US","potentialAction":[{"@type":"ReadAction","target":["https:\/\/www.visit-ulcinj.com\/blog\/2015\/04\/08\/art-club-mbremje-autoriale-nikolla-spathari-ftese-per-media\/"]}]},{"@type":"BreadcrumbList","@id":"https:\/\/www.visit-ulcinj.com\/blog\/2015\/04\/08\/art-club-mbremje-autoriale-nikolla-spathari-ftese-per-media\/#breadcrumb","itemListElement":[{"@type":"ListItem","position":1,"name":"Art Club &#8211; Mbremje autoriale Nikolla Spathari &#8211; Ftese per media"}]},{"@type":"Person","@id":"https:\/\/www.visit-ulcinj.com\/blog\/#\/schema\/person\/dcab619c614d3038751c63bc2aadc06d","name":"ulqini","sameAs":["http:\/\/www.visit-ulcinj.com"],"url":"https:\/\/www.visit-ulcinj.com\/blog\/author\/admin\/"}]}},"jetpack_featured_media_url":"","jetpack_sharing_enabled":true,"jetpack_shortlink":"https:\/\/wp.me\/pe6lTn-no6","_links":{"self":[{"href":"https:\/\/www.visit-ulcinj.com\/blog\/wp-json\/wp\/v2\/posts\/89906"}],"collection":[{"href":"https:\/\/www.visit-ulcinj.com\/blog\/wp-json\/wp\/v2\/posts"}],"about":[{"href":"https:\/\/www.visit-ulcinj.com\/blog\/wp-json\/wp\/v2\/types\/post"}],"author":[{"embeddable":true,"href":"https:\/\/www.visit-ulcinj.com\/blog\/wp-json\/wp\/v2\/users\/1"}],"replies":[{"embeddable":true,"href":"https:\/\/www.visit-ulcinj.com\/blog\/wp-json\/wp\/v2\/comments?post=89906"}],"version-history":[{"count":1,"href":"https:\/\/www.visit-ulcinj.com\/blog\/wp-json\/wp\/v2\/posts\/89906\/revisions"}],"predecessor-version":[{"id":89907,"href":"https:\/\/www.visit-ulcinj.com\/blog\/wp-json\/wp\/v2\/posts\/89906\/revisions\/89907"}],"wp:attachment":[{"href":"https:\/\/www.visit-ulcinj.com\/blog\/wp-json\/wp\/v2\/media?parent=89906"}],"wp:term":[{"taxonomy":"category","embeddable":true,"href":"https:\/\/www.visit-ulcinj.com\/blog\/wp-json\/wp\/v2\/categories?post=89906"},{"taxonomy":"post_tag","embeddable":true,"href":"https:\/\/www.visit-ulcinj.com\/blog\/wp-json\/wp\/v2\/tags?post=89906"}],"curies":[{"name":"wp","href":"https:\/\/api.w.org\/{rel}","templated":true}]}}