{"id":89914,"date":"2015-04-08T15:33:41","date_gmt":"2015-04-08T14:33:41","guid":{"rendered":"http:\/\/www.visit-ulcinj.com\/blog\/?p=89914"},"modified":"2015-04-11T08:21:32","modified_gmt":"2015-04-11T07:21:32","slug":"canka-genjeshtrat-kilometrike-te-forces","status":"publish","type":"post","link":"https:\/\/www.visit-ulcinj.com\/blog\/2015\/04\/08\/canka-genjeshtrat-kilometrike-te-forces\/","title":{"rendered":"Canka: G\u00ebnjeshtrat kilometrike t\u00eb Forc\u00ebs"},"content":{"rendered":"<p><a href=\"http:\/\/www.visit-ulcinj.com\/blog\/wp-content\/uploads\/2014\/01\/Mustafa-Canka-Gazetar.jpg\"><img loading=\"lazy\" class=\"alignleft wp-image-77868\" src=\"http:\/\/www.visit-ulcinj.com\/blog\/wp-content\/uploads\/2014\/01\/Mustafa-Canka-Gazetar.jpg\" alt=\"Mustafa-Canka-Gazetar\" width=\"508\" height=\"293\" srcset=\"https:\/\/www.visit-ulcinj.com\/blog\/wp-content\/uploads\/2014\/01\/Mustafa-Canka-Gazetar.jpg 1024w, https:\/\/www.visit-ulcinj.com\/blog\/wp-content\/uploads\/2014\/01\/Mustafa-Canka-Gazetar-300x172.jpg 300w\" sizes=\"(max-width: 508px) 100vw, 508px\" \/><\/a>Me kumtes\u00ebn e sotme Forca e ka tejkaluar vetveten. Kjo mori e t\u00eb pav\u00ebrtetave, shpifjeve dhe akuzave, d\u00ebshmojn\u00eb nivelin e ult\u00eb n\u00eb t\u00eb cil\u00ebn ka r\u00ebn\u00eb kjo parti. Kumtesa e pan\u00ebnshkruar, p\u00ebrplot g\u00ebnjeshtra kilometrike, flet se prej saj turp\u00ebrohen edhe ato t\u00eb cil\u00ebt vet\u00eb e shkruan, raporton portali Ul.info.<\/p>\n<p>Edhe ata, fatzit\u00eb, pavet\u00ebdije parandiejn\u00eb se po i afrohet fundi politik. Kali gjuan shqelma para se i del shpirti, themi ne ulqinak\u00ebt.<\/p>\n<p>V\u00ebrtet\u00eb, \u00e7do gj\u00eb i \u00ebsht\u00eb turbulluar k\u00ebtyre djelmoshave. Gjynah n\u00eb \u00e7far\u00eb derexheje kan\u00eb r\u00ebn\u00eb.<\/p>\n<p>Duke folur p\u00ebr tjetrin, njeriu m\u00eb s\u00eb shumti flet p\u00ebr vetveten. Po nuk \u00ebsht\u00eb q\u00eb Mustafa Canka sot erdhi nga Australia! Njer\u00ebzit e njohin dhe e din\u00eb se asnj\u00ebher\u00eb nuk ishte, dhe nuk \u00ebsht\u00eb as sot, i dh\u00ebn\u00eb mbas parave. P\u00ebrndryshe, prej koh\u00ebsh do ta kishte materializuar pun\u00ebn e vet. Gj\u00eb q\u00eb absolutisht nuk mund t\u00eb thuhet p\u00ebr autor\u00ebt e k\u00ebtij shkrimi t\u00eb mjer\u00eb.<\/p>\n<p>Prandaj kur dilni para opinionit, kini pak m\u00eb shum\u00eb kujdes! Nuk i drejtoheni debil\u00ebve dhe injorant\u00ebve. Ky qytet \u00ebsht\u00eb i vog\u00ebl p\u00ebr intrigat tuaja t\u00eb ul\u00ebta, p\u00ebr nxitjen e grindjeve mes ulqinak\u00ebve dhe p\u00ebr t\u00eb p\u00ebrpir\u00eb g\u00ebnjeshtrat tuaja kilometrike.<\/p>\n<p>Sikur t\u00eb ishit t\u00eb vet\u00ebdijsh\u00ebm p\u00ebr k\u00ebt\u00eb nuk do ta shkruanit se organizata e Mustafa Cank\u00ebs e ka propozuar at\u00eb n\u00eb an\u00ebtar\u00ebsi t\u00eb K\u00ebshillit (!?), ngase k\u00ebt\u00eb gj\u00eb e b\u00ebri nj\u00eb nga OJQ-t\u00eb m\u00eb n\u00eb z\u00eb n\u00eb Ulqin, \u201cHorizonti i ri\u201d.<\/p>\n<p>Poashtu e pav\u00ebrtet\u00eb \u00ebsht\u00eb se n\u00eb mbledhjen e KD t\u00eb Mirat Detare \u00ebsht\u00eb votuar q\u00eb mos t\u00eb n\u00ebnshkruhet kontrata me OJQ \u201cUl info\u201d. T\u00eb pakt\u00ebn ju e dini se jam shum\u00eb mir\u00eb i informuar.<\/p>\n<p>Megjithat\u00eb, e pav\u00ebrteta m\u00eb e madhe \u00ebsht\u00eb se Mustafa Canka ndonj\u00ebher\u00eb \u00ebsht\u00eb p\u00ebrjashtuar\u00a0nga ndonj\u00eb\u00a0organizat\u00eb. Askund, asnj\u00ebher\u00eb nga asnj\u00ebra!!!<\/p>\n<p>E till\u00eb \u00ebsht\u00eb \u00e7do e \u201cv\u00ebrtet\u201d e k\u00ebsaj shoq\u00ebrie t\u00eb interesit e cila bredh si \u201cpulat pa kry\u201d duke i b\u00ebr\u00eb m\u00eb s\u00eb shumti d\u00ebm vetes. \u00c7do dit\u00eb dike e sulmon. Si zakonisht, partner\u00ebt e vet t\u00eb koalicionit!? Kjo \u00ebsht\u00eb e papar\u00eb n\u00eb praktik\u00ebn politike: t\u00eb prish\u00ebsh di\u00e7ka ku edhe vet gjendesh!? Kjo \u00ebsht\u00eb p\u00ebrtej mendjes s\u00eb sh\u00ebndosht\u00eb. Nj\u00eb gj\u00eb t\u00eb till\u00eb mund ta b\u00ebnit si opozit\u00eb, por si pushtet nuk mundeni. Sidomos p\u00ebr arsye se p\u00ebrgjegj\u00ebsia juaj n\u00eb pushtetin aktual \u00ebsht\u00eb tejet e madhe.<\/p>\n<p>Sikur deri tani t\u00eb kishit m\u00ebsuar ndonj\u00eb gj\u00eb n\u00eb politik\u00eb, do ta dinit se \u00ebsht\u00eb rregull i vjet\u00ebr q\u00eb kur nj\u00eb parti grindet me nj\u00eb gazetar, gjithmon\u00eb d\u00ebshton dhe humb n\u00eb fund. Ju me kumtes\u00ebn tuaj sh\u00ebnuat nj\u00eb autogol. Prandaj, ju vet\u00ebm p\u00ebrpara! Ju mundeni m\u00eb!<\/p>\n","protected":false},"excerpt":{"rendered":"<p>Me kumtes\u00ebn e sotme Forca e ka tejkaluar vetveten. Kjo mori e t\u00eb pav\u00ebrtetave, shpifjeve dhe akuzave, d\u00ebshmojn\u00eb nivelin e ult\u00eb n\u00eb t\u00eb cil\u00ebn ka r\u00ebn\u00eb kjo parti. Kumtesa e pan\u00ebnshkruar, p\u00ebrplot g\u00ebnjeshtra kilometrike, flet se prej saj turp\u00ebrohen edhe ato t\u00eb cil\u00ebt vet\u00eb e shkruan, raporton portali Ul.info. Edhe ata, fatzit\u00eb, pavet\u00ebdije parandiejn\u00eb se [&hellip;]<\/p>\n","protected":false},"author":1,"featured_media":0,"comment_status":"closed","ping_status":"closed","sticky":false,"template":"","format":"standard","meta":{"spay_email":"","jetpack_publicize_message":"","jetpack_is_tweetstorm":false,"jetpack_publicize_feature_enabled":true},"categories":[1,12],"tags":[],"jetpack_publicize_connections":[],"yoast_head":"<!-- This site is optimized with the Yoast SEO plugin v19.1 - https:\/\/yoast.com\/wordpress\/plugins\/seo\/ -->\n<title>Canka: G\u00ebnjeshtrat kilometrike t\u00eb Forc\u00ebs - Lajme nga Ulqini<\/title>\n<meta name=\"description\" content=\"Me kumtes\u00ebn e sotme Forca e ka tejkaluar vetveten. Kjo mori e t\u00eb pav\u00ebrtetave, shpifjeve dhe akuzave, d\u00ebshmojn\u00eb nivelin e ult\u00eb n\u00eb t\u00eb cil\u00ebn ka r\u00ebn\u00eb kjo\" \/>\n<meta name=\"robots\" content=\"index, follow, max-snippet:-1, max-image-preview:large, max-video-preview:-1\" \/>\n<link rel=\"canonical\" href=\"https:\/\/www.visit-ulcinj.com\/blog\/2015\/04\/08\/canka-genjeshtrat-kilometrike-te-forces\/\" \/>\n<meta property=\"og:locale\" content=\"en_US\" \/>\n<meta property=\"og:type\" content=\"article\" \/>\n<meta property=\"og:title\" content=\"Canka: G\u00ebnjeshtrat kilometrike t\u00eb Forc\u00ebs - Lajme nga Ulqini\" \/>\n<meta property=\"og:description\" content=\"Me kumtes\u00ebn e sotme Forca e ka tejkaluar vetveten. Kjo mori e t\u00eb pav\u00ebrtetave, shpifjeve dhe akuzave, d\u00ebshmojn\u00eb nivelin e ult\u00eb n\u00eb t\u00eb cil\u00ebn ka r\u00ebn\u00eb kjo\" \/>\n<meta property=\"og:url\" content=\"https:\/\/www.visit-ulcinj.com\/blog\/2015\/04\/08\/canka-genjeshtrat-kilometrike-te-forces\/\" \/>\n<meta property=\"og:site_name\" content=\"Lajme nga Ulqini\" \/>\n<meta property=\"article:published_time\" content=\"2015-04-08T14:33:41+00:00\" \/>\n<meta property=\"article:modified_time\" content=\"2015-04-11T07:21:32+00:00\" \/>\n<meta property=\"og:image\" content=\"http:\/\/www.visit-ulcinj.com\/blog\/wp-content\/uploads\/2014\/01\/Mustafa-Canka-Gazetar.jpg\" \/>\n<meta name=\"twitter:label1\" content=\"Written by\" \/>\n\t<meta name=\"twitter:data1\" content=\"ulqini\" \/>\n\t<meta name=\"twitter:label2\" content=\"Est. reading time\" \/>\n\t<meta name=\"twitter:data2\" content=\"2 minutes\" \/>\n<script type=\"application\/ld+json\" class=\"yoast-schema-graph\">{\"@context\":\"https:\/\/schema.org\",\"@graph\":[{\"@type\":\"WebSite\",\"@id\":\"https:\/\/www.visit-ulcinj.com\/blog\/#website\",\"url\":\"https:\/\/www.visit-ulcinj.com\/blog\/\",\"name\":\"Lajme nga Ulqini\",\"description\":\"Lajme,Vijesti,Ulqini,Ulqin,Crna Gora,Mali i Zi\",\"potentialAction\":[{\"@type\":\"SearchAction\",\"target\":{\"@type\":\"EntryPoint\",\"urlTemplate\":\"https:\/\/www.visit-ulcinj.com\/blog\/?s={search_term_string}\"},\"query-input\":\"required name=search_term_string\"}],\"inLanguage\":\"en-US\"},{\"@type\":\"ImageObject\",\"inLanguage\":\"en-US\",\"@id\":\"https:\/\/www.visit-ulcinj.com\/blog\/2015\/04\/08\/canka-genjeshtrat-kilometrike-te-forces\/#primaryimage\",\"url\":\"https:\/\/www.visit-ulcinj.com\/blog\/wp-content\/uploads\/2014\/01\/Mustafa-Canka-Gazetar.jpg\",\"contentUrl\":\"https:\/\/www.visit-ulcinj.com\/blog\/wp-content\/uploads\/2014\/01\/Mustafa-Canka-Gazetar.jpg\",\"width\":1024,\"height\":590},{\"@type\":\"WebPage\",\"@id\":\"https:\/\/www.visit-ulcinj.com\/blog\/2015\/04\/08\/canka-genjeshtrat-kilometrike-te-forces\/#webpage\",\"url\":\"https:\/\/www.visit-ulcinj.com\/blog\/2015\/04\/08\/canka-genjeshtrat-kilometrike-te-forces\/\",\"name\":\"Canka: G\u00ebnjeshtrat kilometrike t\u00eb Forc\u00ebs - Lajme nga Ulqini\",\"isPartOf\":{\"@id\":\"https:\/\/www.visit-ulcinj.com\/blog\/#website\"},\"primaryImageOfPage\":{\"@id\":\"https:\/\/www.visit-ulcinj.com\/blog\/2015\/04\/08\/canka-genjeshtrat-kilometrike-te-forces\/#primaryimage\"},\"datePublished\":\"2015-04-08T14:33:41+00:00\",\"dateModified\":\"2015-04-11T07:21:32+00:00\",\"author\":{\"@id\":\"https:\/\/www.visit-ulcinj.com\/blog\/#\/schema\/person\/dcab619c614d3038751c63bc2aadc06d\"},\"description\":\"Me kumtes\u00ebn e sotme Forca e ka tejkaluar vetveten. Kjo mori e t\u00eb pav\u00ebrtetave, shpifjeve dhe akuzave, d\u00ebshmojn\u00eb nivelin e ult\u00eb n\u00eb t\u00eb cil\u00ebn ka r\u00ebn\u00eb kjo\",\"breadcrumb\":{\"@id\":\"https:\/\/www.visit-ulcinj.com\/blog\/2015\/04\/08\/canka-genjeshtrat-kilometrike-te-forces\/#breadcrumb\"},\"inLanguage\":\"en-US\",\"potentialAction\":[{\"@type\":\"ReadAction\",\"target\":[\"https:\/\/www.visit-ulcinj.com\/blog\/2015\/04\/08\/canka-genjeshtrat-kilometrike-te-forces\/\"]}]},{\"@type\":\"BreadcrumbList\",\"@id\":\"https:\/\/www.visit-ulcinj.com\/blog\/2015\/04\/08\/canka-genjeshtrat-kilometrike-te-forces\/#breadcrumb\",\"itemListElement\":[{\"@type\":\"ListItem\",\"position\":1,\"name\":\"Canka: G\u00ebnjeshtrat kilometrike t\u00eb Forc\u00ebs\"}]},{\"@type\":\"Person\",\"@id\":\"https:\/\/www.visit-ulcinj.com\/blog\/#\/schema\/person\/dcab619c614d3038751c63bc2aadc06d\",\"name\":\"ulqini\",\"sameAs\":[\"http:\/\/www.visit-ulcinj.com\"],\"url\":\"https:\/\/www.visit-ulcinj.com\/blog\/author\/admin\/\"}]}<\/script>\n<!-- \/ Yoast SEO plugin. -->","yoast_head_json":{"title":"Canka: G\u00ebnjeshtrat kilometrike t\u00eb Forc\u00ebs - Lajme nga Ulqini","description":"Me kumtes\u00ebn e sotme Forca e ka tejkaluar vetveten. Kjo mori e t\u00eb pav\u00ebrtetave, shpifjeve dhe akuzave, d\u00ebshmojn\u00eb nivelin e ult\u00eb n\u00eb t\u00eb cil\u00ebn ka r\u00ebn\u00eb kjo","robots":{"index":"index","follow":"follow","max-snippet":"max-snippet:-1","max-image-preview":"max-image-preview:large","max-video-preview":"max-video-preview:-1"},"canonical":"https:\/\/www.visit-ulcinj.com\/blog\/2015\/04\/08\/canka-genjeshtrat-kilometrike-te-forces\/","og_locale":"en_US","og_type":"article","og_title":"Canka: G\u00ebnjeshtrat kilometrike t\u00eb Forc\u00ebs - Lajme nga Ulqini","og_description":"Me kumtes\u00ebn e sotme Forca e ka tejkaluar vetveten. Kjo mori e t\u00eb pav\u00ebrtetave, shpifjeve dhe akuzave, d\u00ebshmojn\u00eb nivelin e ult\u00eb n\u00eb t\u00eb cil\u00ebn ka r\u00ebn\u00eb kjo","og_url":"https:\/\/www.visit-ulcinj.com\/blog\/2015\/04\/08\/canka-genjeshtrat-kilometrike-te-forces\/","og_site_name":"Lajme nga Ulqini","article_published_time":"2015-04-08T14:33:41+00:00","article_modified_time":"2015-04-11T07:21:32+00:00","og_image":[{"url":"http:\/\/www.visit-ulcinj.com\/blog\/wp-content\/uploads\/2014\/01\/Mustafa-Canka-Gazetar.jpg"}],"twitter_misc":{"Written by":"ulqini","Est. reading time":"2 minutes"},"schema":{"@context":"https:\/\/schema.org","@graph":[{"@type":"WebSite","@id":"https:\/\/www.visit-ulcinj.com\/blog\/#website","url":"https:\/\/www.visit-ulcinj.com\/blog\/","name":"Lajme nga Ulqini","description":"Lajme,Vijesti,Ulqini,Ulqin,Crna Gora,Mali i Zi","potentialAction":[{"@type":"SearchAction","target":{"@type":"EntryPoint","urlTemplate":"https:\/\/www.visit-ulcinj.com\/blog\/?s={search_term_string}"},"query-input":"required name=search_term_string"}],"inLanguage":"en-US"},{"@type":"ImageObject","inLanguage":"en-US","@id":"https:\/\/www.visit-ulcinj.com\/blog\/2015\/04\/08\/canka-genjeshtrat-kilometrike-te-forces\/#primaryimage","url":"https:\/\/www.visit-ulcinj.com\/blog\/wp-content\/uploads\/2014\/01\/Mustafa-Canka-Gazetar.jpg","contentUrl":"https:\/\/www.visit-ulcinj.com\/blog\/wp-content\/uploads\/2014\/01\/Mustafa-Canka-Gazetar.jpg","width":1024,"height":590},{"@type":"WebPage","@id":"https:\/\/www.visit-ulcinj.com\/blog\/2015\/04\/08\/canka-genjeshtrat-kilometrike-te-forces\/#webpage","url":"https:\/\/www.visit-ulcinj.com\/blog\/2015\/04\/08\/canka-genjeshtrat-kilometrike-te-forces\/","name":"Canka: G\u00ebnjeshtrat kilometrike t\u00eb Forc\u00ebs - Lajme nga Ulqini","isPartOf":{"@id":"https:\/\/www.visit-ulcinj.com\/blog\/#website"},"primaryImageOfPage":{"@id":"https:\/\/www.visit-ulcinj.com\/blog\/2015\/04\/08\/canka-genjeshtrat-kilometrike-te-forces\/#primaryimage"},"datePublished":"2015-04-08T14:33:41+00:00","dateModified":"2015-04-11T07:21:32+00:00","author":{"@id":"https:\/\/www.visit-ulcinj.com\/blog\/#\/schema\/person\/dcab619c614d3038751c63bc2aadc06d"},"description":"Me kumtes\u00ebn e sotme Forca e ka tejkaluar vetveten. Kjo mori e t\u00eb pav\u00ebrtetave, shpifjeve dhe akuzave, d\u00ebshmojn\u00eb nivelin e ult\u00eb n\u00eb t\u00eb cil\u00ebn ka r\u00ebn\u00eb kjo","breadcrumb":{"@id":"https:\/\/www.visit-ulcinj.com\/blog\/2015\/04\/08\/canka-genjeshtrat-kilometrike-te-forces\/#breadcrumb"},"inLanguage":"en-US","potentialAction":[{"@type":"ReadAction","target":["https:\/\/www.visit-ulcinj.com\/blog\/2015\/04\/08\/canka-genjeshtrat-kilometrike-te-forces\/"]}]},{"@type":"BreadcrumbList","@id":"https:\/\/www.visit-ulcinj.com\/blog\/2015\/04\/08\/canka-genjeshtrat-kilometrike-te-forces\/#breadcrumb","itemListElement":[{"@type":"ListItem","position":1,"name":"Canka: G\u00ebnjeshtrat kilometrike t\u00eb Forc\u00ebs"}]},{"@type":"Person","@id":"https:\/\/www.visit-ulcinj.com\/blog\/#\/schema\/person\/dcab619c614d3038751c63bc2aadc06d","name":"ulqini","sameAs":["http:\/\/www.visit-ulcinj.com"],"url":"https:\/\/www.visit-ulcinj.com\/blog\/author\/admin\/"}]}},"jetpack_featured_media_url":"","jetpack_sharing_enabled":true,"jetpack_shortlink":"https:\/\/wp.me\/pe6lTn-noe","_links":{"self":[{"href":"https:\/\/www.visit-ulcinj.com\/blog\/wp-json\/wp\/v2\/posts\/89914"}],"collection":[{"href":"https:\/\/www.visit-ulcinj.com\/blog\/wp-json\/wp\/v2\/posts"}],"about":[{"href":"https:\/\/www.visit-ulcinj.com\/blog\/wp-json\/wp\/v2\/types\/post"}],"author":[{"embeddable":true,"href":"https:\/\/www.visit-ulcinj.com\/blog\/wp-json\/wp\/v2\/users\/1"}],"replies":[{"embeddable":true,"href":"https:\/\/www.visit-ulcinj.com\/blog\/wp-json\/wp\/v2\/comments?post=89914"}],"version-history":[{"count":1,"href":"https:\/\/www.visit-ulcinj.com\/blog\/wp-json\/wp\/v2\/posts\/89914\/revisions"}],"predecessor-version":[{"id":89915,"href":"https:\/\/www.visit-ulcinj.com\/blog\/wp-json\/wp\/v2\/posts\/89914\/revisions\/89915"}],"wp:attachment":[{"href":"https:\/\/www.visit-ulcinj.com\/blog\/wp-json\/wp\/v2\/media?parent=89914"}],"wp:term":[{"taxonomy":"category","embeddable":true,"href":"https:\/\/www.visit-ulcinj.com\/blog\/wp-json\/wp\/v2\/categories?post=89914"},{"taxonomy":"post_tag","embeddable":true,"href":"https:\/\/www.visit-ulcinj.com\/blog\/wp-json\/wp\/v2\/tags?post=89914"}],"curies":[{"name":"wp","href":"https:\/\/api.w.org\/{rel}","templated":true}]}}