{"id":89941,"date":"2015-04-11T08:24:11","date_gmt":"2015-04-11T07:24:11","guid":{"rendered":"http:\/\/www.visit-ulcinj.com\/blog\/?p=89941"},"modified":"2015-04-11T08:24:19","modified_gmt":"2015-04-11T07:24:19","slug":"polinduam-qe-cdo-gje-te-jete-e-paster-ligjerisht","status":"publish","type":"post","link":"https:\/\/www.visit-ulcinj.com\/blog\/2015\/04\/11\/polinduam-qe-cdo-gje-te-jete-e-paster-ligjerisht\/","title":{"rendered":"Polin: Duam q\u00eb \u00e7do gj\u00eb t\u00eb jet\u00eb e past\u00ebr ligj\u00ebrisht"},"content":{"rendered":"<p><a href=\"http:\/\/www.visit-ulcinj.com\/blog\/wp-content\/uploads\/2015\/03\/Akva-park-polin.png\"><img loading=\"lazy\" class=\"alignleft wp-image-89709\" src=\"http:\/\/www.visit-ulcinj.com\/blog\/wp-content\/uploads\/2015\/03\/Akva-park-polin.png\" alt=\"Akva park-polin\" width=\"508\" height=\"259\" srcset=\"https:\/\/www.visit-ulcinj.com\/blog\/wp-content\/uploads\/2015\/03\/Akva-park-polin.png 700w, https:\/\/www.visit-ulcinj.com\/blog\/wp-content\/uploads\/2015\/03\/Akva-park-polin-300x153.png 300w\" sizes=\"(max-width: 508px) 100vw, 508px\" \/><\/a>P\u00ebrfaq\u00ebsuesit e kompanis\u00eb s\u00eb njohur turke \u201cPolin\u201d kan\u00eb njoftuar se nuk jan\u00eb krijuar parakushtet juridike p\u00ebr fillimin e nd\u00ebrtimit t\u00eb akua parkut n\u00eb Shtoj. \u201cToka \u00ebsht\u00eb akoma l\u00ebnd\u00eb e kontestit gjyq\u00ebsor, gj\u00eb q\u00eb n\u00eb vetvete mban rreziqe t\u00eb caktuara\u201d, tha p\u00ebr \u201cVijesti\u201d Sahret Hajdarpashiq. Ai theksoi se n\u00eb \u201cPolin\u201d e din\u00eb se toka \u00ebsht\u00eb shtet\u00ebrore, por nuk mund t\u00eb neglizhojn\u00eb faktin se \u00ebsht\u00eb n\u00ebn kontest para organit t\u00eb shkall\u00ebs s\u00eb par\u00eb.<\/p>\n<p>\u201cNe mund t\u00eb fillojm\u00eb t\u00eb nd\u00ebrtojm\u00eb, por rrezikojm\u00eb q\u00eb gjykata eventualisht t\u00eb sjell vendimin e mas\u00ebs s\u00eb p\u00ebrkohshme t\u00eb nd\u00ebrtimit\u201d, tha ai. Hajdarpashiq tha se njer\u00ebzit nga Qeveria dhe Komuna e Ulqinit jan\u00eb shum\u00eb t\u00eb p\u00ebrgjegjsh\u00ebm, por edhe p\u00ebrs\u00ebriti se mungon ky parakushti ligjor q\u00eb pa rrezik t\u00eb hyhet n\u00eb realizimin e investimit me vler\u00eb 7,5 milion euro.<\/p>\n<p>TVCG<\/p>\n","protected":false},"excerpt":{"rendered":"<p>P\u00ebrfaq\u00ebsuesit e kompanis\u00eb s\u00eb njohur turke \u201cPolin\u201d kan\u00eb njoftuar se nuk jan\u00eb krijuar parakushtet juridike p\u00ebr fillimin e nd\u00ebrtimit t\u00eb akua parkut n\u00eb Shtoj. \u201cToka \u00ebsht\u00eb akoma l\u00ebnd\u00eb e kontestit gjyq\u00ebsor, gj\u00eb q\u00eb n\u00eb vetvete mban rreziqe t\u00eb caktuara\u201d, tha p\u00ebr \u201cVijesti\u201d Sahret Hajdarpashiq. Ai theksoi se n\u00eb \u201cPolin\u201d e din\u00eb se toka \u00ebsht\u00eb shtet\u00ebrore, [&hellip;]<\/p>\n","protected":false},"author":1,"featured_media":0,"comment_status":"closed","ping_status":"closed","sticky":false,"template":"","format":"standard","meta":{"spay_email":"","jetpack_publicize_message":"","jetpack_is_tweetstorm":false,"jetpack_publicize_feature_enabled":true},"categories":[10],"tags":[],"jetpack_publicize_connections":[],"yoast_head":"<!-- This site is optimized with the Yoast SEO plugin v19.1 - https:\/\/yoast.com\/wordpress\/plugins\/seo\/ -->\n<title>Polin: Duam q\u00eb \u00e7do gj\u00eb t\u00eb jet\u00eb e past\u00ebr ligj\u00ebrisht - Lajme nga Ulqini<\/title>\n<meta name=\"description\" content=\"P\u00ebrfaq\u00ebsuesit e kompanis\u00eb s\u00eb njohur turke \u201cPolin\u201d kan\u00eb njoftuar se nuk jan\u00eb krijuar parakushtet juridike p\u00ebr fillimin e nd\u00ebrtimit t\u00eb akua parkut n\u00eb Shtoj.\" \/>\n<meta name=\"robots\" content=\"index, follow, max-snippet:-1, max-image-preview:large, max-video-preview:-1\" \/>\n<link rel=\"canonical\" href=\"https:\/\/www.visit-ulcinj.com\/blog\/2015\/04\/11\/polinduam-qe-cdo-gje-te-jete-e-paster-ligjerisht\/\" \/>\n<meta property=\"og:locale\" content=\"en_US\" \/>\n<meta property=\"og:type\" content=\"article\" \/>\n<meta property=\"og:title\" content=\"Polin: Duam q\u00eb \u00e7do gj\u00eb t\u00eb jet\u00eb e past\u00ebr ligj\u00ebrisht - Lajme nga Ulqini\" \/>\n<meta property=\"og:description\" content=\"P\u00ebrfaq\u00ebsuesit e kompanis\u00eb s\u00eb njohur turke \u201cPolin\u201d kan\u00eb njoftuar se nuk jan\u00eb krijuar parakushtet juridike p\u00ebr fillimin e nd\u00ebrtimit t\u00eb akua parkut n\u00eb Shtoj.\" \/>\n<meta property=\"og:url\" content=\"https:\/\/www.visit-ulcinj.com\/blog\/2015\/04\/11\/polinduam-qe-cdo-gje-te-jete-e-paster-ligjerisht\/\" \/>\n<meta property=\"og:site_name\" content=\"Lajme nga Ulqini\" \/>\n<meta property=\"article:published_time\" content=\"2015-04-11T07:24:11+00:00\" \/>\n<meta property=\"article:modified_time\" content=\"2015-04-11T07:24:19+00:00\" \/>\n<meta property=\"og:image\" content=\"http:\/\/www.visit-ulcinj.com\/blog\/wp-content\/uploads\/2015\/03\/Akva-park-polin.png\" \/>\n<meta name=\"twitter:label1\" content=\"Written by\" \/>\n\t<meta name=\"twitter:data1\" content=\"ulqini\" \/>\n\t<meta name=\"twitter:label2\" content=\"Est. reading time\" \/>\n\t<meta name=\"twitter:data2\" content=\"1 minute\" \/>\n<script type=\"application\/ld+json\" class=\"yoast-schema-graph\">{\"@context\":\"https:\/\/schema.org\",\"@graph\":[{\"@type\":\"WebSite\",\"@id\":\"https:\/\/www.visit-ulcinj.com\/blog\/#website\",\"url\":\"https:\/\/www.visit-ulcinj.com\/blog\/\",\"name\":\"Lajme nga Ulqini\",\"description\":\"Lajme,Vijesti,Ulqini,Ulqin,Crna Gora,Mali i Zi\",\"potentialAction\":[{\"@type\":\"SearchAction\",\"target\":{\"@type\":\"EntryPoint\",\"urlTemplate\":\"https:\/\/www.visit-ulcinj.com\/blog\/?s={search_term_string}\"},\"query-input\":\"required name=search_term_string\"}],\"inLanguage\":\"en-US\"},{\"@type\":\"ImageObject\",\"inLanguage\":\"en-US\",\"@id\":\"https:\/\/www.visit-ulcinj.com\/blog\/2015\/04\/11\/polinduam-qe-cdo-gje-te-jete-e-paster-ligjerisht\/#primaryimage\",\"url\":\"https:\/\/www.visit-ulcinj.com\/blog\/wp-content\/uploads\/2015\/03\/Akva-park-polin.png\",\"contentUrl\":\"https:\/\/www.visit-ulcinj.com\/blog\/wp-content\/uploads\/2015\/03\/Akva-park-polin.png\",\"width\":700,\"height\":357},{\"@type\":\"WebPage\",\"@id\":\"https:\/\/www.visit-ulcinj.com\/blog\/2015\/04\/11\/polinduam-qe-cdo-gje-te-jete-e-paster-ligjerisht\/#webpage\",\"url\":\"https:\/\/www.visit-ulcinj.com\/blog\/2015\/04\/11\/polinduam-qe-cdo-gje-te-jete-e-paster-ligjerisht\/\",\"name\":\"Polin: Duam q\u00eb \u00e7do gj\u00eb t\u00eb jet\u00eb e past\u00ebr ligj\u00ebrisht - Lajme nga Ulqini\",\"isPartOf\":{\"@id\":\"https:\/\/www.visit-ulcinj.com\/blog\/#website\"},\"primaryImageOfPage\":{\"@id\":\"https:\/\/www.visit-ulcinj.com\/blog\/2015\/04\/11\/polinduam-qe-cdo-gje-te-jete-e-paster-ligjerisht\/#primaryimage\"},\"datePublished\":\"2015-04-11T07:24:11+00:00\",\"dateModified\":\"2015-04-11T07:24:19+00:00\",\"author\":{\"@id\":\"https:\/\/www.visit-ulcinj.com\/blog\/#\/schema\/person\/dcab619c614d3038751c63bc2aadc06d\"},\"description\":\"P\u00ebrfaq\u00ebsuesit e kompanis\u00eb s\u00eb njohur turke \u201cPolin\u201d kan\u00eb njoftuar se nuk jan\u00eb krijuar parakushtet juridike p\u00ebr fillimin e nd\u00ebrtimit t\u00eb akua parkut n\u00eb Shtoj.\",\"breadcrumb\":{\"@id\":\"https:\/\/www.visit-ulcinj.com\/blog\/2015\/04\/11\/polinduam-qe-cdo-gje-te-jete-e-paster-ligjerisht\/#breadcrumb\"},\"inLanguage\":\"en-US\",\"potentialAction\":[{\"@type\":\"ReadAction\",\"target\":[\"https:\/\/www.visit-ulcinj.com\/blog\/2015\/04\/11\/polinduam-qe-cdo-gje-te-jete-e-paster-ligjerisht\/\"]}]},{\"@type\":\"BreadcrumbList\",\"@id\":\"https:\/\/www.visit-ulcinj.com\/blog\/2015\/04\/11\/polinduam-qe-cdo-gje-te-jete-e-paster-ligjerisht\/#breadcrumb\",\"itemListElement\":[{\"@type\":\"ListItem\",\"position\":1,\"name\":\"Polin: Duam q\u00eb \u00e7do gj\u00eb t\u00eb jet\u00eb e past\u00ebr ligj\u00ebrisht\"}]},{\"@type\":\"Person\",\"@id\":\"https:\/\/www.visit-ulcinj.com\/blog\/#\/schema\/person\/dcab619c614d3038751c63bc2aadc06d\",\"name\":\"ulqini\",\"sameAs\":[\"http:\/\/www.visit-ulcinj.com\"],\"url\":\"https:\/\/www.visit-ulcinj.com\/blog\/author\/admin\/\"}]}<\/script>\n<!-- \/ Yoast SEO plugin. -->","yoast_head_json":{"title":"Polin: Duam q\u00eb \u00e7do gj\u00eb t\u00eb jet\u00eb e past\u00ebr ligj\u00ebrisht - Lajme nga Ulqini","description":"P\u00ebrfaq\u00ebsuesit e kompanis\u00eb s\u00eb njohur turke \u201cPolin\u201d kan\u00eb njoftuar se nuk jan\u00eb krijuar parakushtet juridike p\u00ebr fillimin e nd\u00ebrtimit t\u00eb akua parkut n\u00eb Shtoj.","robots":{"index":"index","follow":"follow","max-snippet":"max-snippet:-1","max-image-preview":"max-image-preview:large","max-video-preview":"max-video-preview:-1"},"canonical":"https:\/\/www.visit-ulcinj.com\/blog\/2015\/04\/11\/polinduam-qe-cdo-gje-te-jete-e-paster-ligjerisht\/","og_locale":"en_US","og_type":"article","og_title":"Polin: Duam q\u00eb \u00e7do gj\u00eb t\u00eb jet\u00eb e past\u00ebr ligj\u00ebrisht - Lajme nga Ulqini","og_description":"P\u00ebrfaq\u00ebsuesit e kompanis\u00eb s\u00eb njohur turke \u201cPolin\u201d kan\u00eb njoftuar se nuk jan\u00eb krijuar parakushtet juridike p\u00ebr fillimin e nd\u00ebrtimit t\u00eb akua parkut n\u00eb Shtoj.","og_url":"https:\/\/www.visit-ulcinj.com\/blog\/2015\/04\/11\/polinduam-qe-cdo-gje-te-jete-e-paster-ligjerisht\/","og_site_name":"Lajme nga Ulqini","article_published_time":"2015-04-11T07:24:11+00:00","article_modified_time":"2015-04-11T07:24:19+00:00","og_image":[{"url":"http:\/\/www.visit-ulcinj.com\/blog\/wp-content\/uploads\/2015\/03\/Akva-park-polin.png"}],"twitter_misc":{"Written by":"ulqini","Est. reading time":"1 minute"},"schema":{"@context":"https:\/\/schema.org","@graph":[{"@type":"WebSite","@id":"https:\/\/www.visit-ulcinj.com\/blog\/#website","url":"https:\/\/www.visit-ulcinj.com\/blog\/","name":"Lajme nga Ulqini","description":"Lajme,Vijesti,Ulqini,Ulqin,Crna Gora,Mali i Zi","potentialAction":[{"@type":"SearchAction","target":{"@type":"EntryPoint","urlTemplate":"https:\/\/www.visit-ulcinj.com\/blog\/?s={search_term_string}"},"query-input":"required name=search_term_string"}],"inLanguage":"en-US"},{"@type":"ImageObject","inLanguage":"en-US","@id":"https:\/\/www.visit-ulcinj.com\/blog\/2015\/04\/11\/polinduam-qe-cdo-gje-te-jete-e-paster-ligjerisht\/#primaryimage","url":"https:\/\/www.visit-ulcinj.com\/blog\/wp-content\/uploads\/2015\/03\/Akva-park-polin.png","contentUrl":"https:\/\/www.visit-ulcinj.com\/blog\/wp-content\/uploads\/2015\/03\/Akva-park-polin.png","width":700,"height":357},{"@type":"WebPage","@id":"https:\/\/www.visit-ulcinj.com\/blog\/2015\/04\/11\/polinduam-qe-cdo-gje-te-jete-e-paster-ligjerisht\/#webpage","url":"https:\/\/www.visit-ulcinj.com\/blog\/2015\/04\/11\/polinduam-qe-cdo-gje-te-jete-e-paster-ligjerisht\/","name":"Polin: Duam q\u00eb \u00e7do gj\u00eb t\u00eb jet\u00eb e past\u00ebr ligj\u00ebrisht - Lajme nga Ulqini","isPartOf":{"@id":"https:\/\/www.visit-ulcinj.com\/blog\/#website"},"primaryImageOfPage":{"@id":"https:\/\/www.visit-ulcinj.com\/blog\/2015\/04\/11\/polinduam-qe-cdo-gje-te-jete-e-paster-ligjerisht\/#primaryimage"},"datePublished":"2015-04-11T07:24:11+00:00","dateModified":"2015-04-11T07:24:19+00:00","author":{"@id":"https:\/\/www.visit-ulcinj.com\/blog\/#\/schema\/person\/dcab619c614d3038751c63bc2aadc06d"},"description":"P\u00ebrfaq\u00ebsuesit e kompanis\u00eb s\u00eb njohur turke \u201cPolin\u201d kan\u00eb njoftuar se nuk jan\u00eb krijuar parakushtet juridike p\u00ebr fillimin e nd\u00ebrtimit t\u00eb akua parkut n\u00eb Shtoj.","breadcrumb":{"@id":"https:\/\/www.visit-ulcinj.com\/blog\/2015\/04\/11\/polinduam-qe-cdo-gje-te-jete-e-paster-ligjerisht\/#breadcrumb"},"inLanguage":"en-US","potentialAction":[{"@type":"ReadAction","target":["https:\/\/www.visit-ulcinj.com\/blog\/2015\/04\/11\/polinduam-qe-cdo-gje-te-jete-e-paster-ligjerisht\/"]}]},{"@type":"BreadcrumbList","@id":"https:\/\/www.visit-ulcinj.com\/blog\/2015\/04\/11\/polinduam-qe-cdo-gje-te-jete-e-paster-ligjerisht\/#breadcrumb","itemListElement":[{"@type":"ListItem","position":1,"name":"Polin: Duam q\u00eb \u00e7do gj\u00eb t\u00eb jet\u00eb e past\u00ebr ligj\u00ebrisht"}]},{"@type":"Person","@id":"https:\/\/www.visit-ulcinj.com\/blog\/#\/schema\/person\/dcab619c614d3038751c63bc2aadc06d","name":"ulqini","sameAs":["http:\/\/www.visit-ulcinj.com"],"url":"https:\/\/www.visit-ulcinj.com\/blog\/author\/admin\/"}]}},"jetpack_featured_media_url":"","jetpack_sharing_enabled":true,"jetpack_shortlink":"https:\/\/wp.me\/pe6lTn-noF","_links":{"self":[{"href":"https:\/\/www.visit-ulcinj.com\/blog\/wp-json\/wp\/v2\/posts\/89941"}],"collection":[{"href":"https:\/\/www.visit-ulcinj.com\/blog\/wp-json\/wp\/v2\/posts"}],"about":[{"href":"https:\/\/www.visit-ulcinj.com\/blog\/wp-json\/wp\/v2\/types\/post"}],"author":[{"embeddable":true,"href":"https:\/\/www.visit-ulcinj.com\/blog\/wp-json\/wp\/v2\/users\/1"}],"replies":[{"embeddable":true,"href":"https:\/\/www.visit-ulcinj.com\/blog\/wp-json\/wp\/v2\/comments?post=89941"}],"version-history":[{"count":2,"href":"https:\/\/www.visit-ulcinj.com\/blog\/wp-json\/wp\/v2\/posts\/89941\/revisions"}],"predecessor-version":[{"id":89943,"href":"https:\/\/www.visit-ulcinj.com\/blog\/wp-json\/wp\/v2\/posts\/89941\/revisions\/89943"}],"wp:attachment":[{"href":"https:\/\/www.visit-ulcinj.com\/blog\/wp-json\/wp\/v2\/media?parent=89941"}],"wp:term":[{"taxonomy":"category","embeddable":true,"href":"https:\/\/www.visit-ulcinj.com\/blog\/wp-json\/wp\/v2\/categories?post=89941"},{"taxonomy":"post_tag","embeddable":true,"href":"https:\/\/www.visit-ulcinj.com\/blog\/wp-json\/wp\/v2\/tags?post=89941"}],"curies":[{"name":"wp","href":"https:\/\/api.w.org\/{rel}","templated":true}]}}