{"id":89947,"date":"2015-04-11T11:53:35","date_gmt":"2015-04-11T10:53:35","guid":{"rendered":"http:\/\/www.visit-ulcinj.com\/blog\/?p=89947"},"modified":"2015-04-11T11:56:20","modified_gmt":"2015-04-11T10:56:20","slug":"shqyrtim-publik-parkingjet-publike-ne-territorin-e-komunes-se-ulqinit","status":"publish","type":"post","link":"https:\/\/www.visit-ulcinj.com\/blog\/2015\/04\/11\/shqyrtim-publik-parkingjet-publike-ne-territorin-e-komunes-se-ulqinit\/","title":{"rendered":"Shqyrtim publik: Parkingjet publike n\u00eb territorin e Komun\u00ebs s\u00eb Ulqinit"},"content":{"rendered":"<p><strong><a href=\"http:\/\/www.visit-ulcinj.com\/blog\/wp-content\/uploads\/2015\/04\/Cmimi-i-parkingjeve-Ulqin.jpg\"><img loading=\"lazy\" class=\"alignleft wp-image-89948\" src=\"http:\/\/www.visit-ulcinj.com\/blog\/wp-content\/uploads\/2015\/04\/Cmimi-i-parkingjeve-Ulqin.jpg\" alt=\"Cmimi-i-parkingjeve-Ulqin\" width=\"508\" height=\"448\" srcset=\"https:\/\/www.visit-ulcinj.com\/blog\/wp-content\/uploads\/2015\/04\/Cmimi-i-parkingjeve-Ulqin.jpg 555w, https:\/\/www.visit-ulcinj.com\/blog\/wp-content\/uploads\/2015\/04\/Cmimi-i-parkingjeve-Ulqin-300x264.jpg 300w\" sizes=\"(max-width: 508px) 100vw, 508px\" \/><\/a>N\u00eb Ulqin parkingjet p\u00ebr vetura po vazhdojn\u00eb t\u00eb jen\u00eb nj\u00eb nd\u00ebr problemet e shumta jo vet\u00ebm p\u00ebr k\u00ebmb\u00ebsor\u00ebt, por edhe p\u00ebr ngas\u00ebsit e veturave. K\u00ebmb\u00ebsor\u00ebt po detyrohen t\u00eb ecin edhe rrug\u00ebve, n\u00eb munges\u00eb t\u00eb hap\u00ebsir\u00ebs s\u00eb trotuareve, e vozit\u00ebsit n\u00eb munges\u00eb t\u00eb parkingjeve po i parkojn\u00eb veturat n\u00ebp\u00ebr trotuare.<\/strong><\/p>\n<p>Kjo q\u00eb po b\u00ebn Komuna e Ulqinit \u00ebsht\u00eb nj\u00eb nga zgjidhjet m\u00eb t\u00eb mira q\u00eb t\u00eb largohet trafiku nga qendra. Trafiku m\u00eb i madh n\u00eb Ulqin shkaktohet nga njer\u00ebzit q\u00eb jan\u00eb duke lypur parking. Pra, komuna duhet ta nivelizojn\u00eb dhe ta rregullojm\u00eb parkingun n\u00eb qend\u00ebr me pages\u00eb, sepse pastaj nuk vjen secili n\u00eb qend\u00ebr kur e din se sa paguhet.<\/p>\n<p>Si n\u00eb \u00e7do vend t\u00eb bot\u00ebs policia do t\u00eb merret vet\u00ebm me shkelje n\u00eb trafik p\u00ebr parkingje n\u00eb vende ku nuk \u00ebsht\u00eb e lejuar, nd\u00ebrsa administrata me inspektor\u00ebt komunal e marrin p\u00ebrgjegj\u00ebsin\u00eb p\u00ebr d\u00ebnimin e makinave t\u00eb cilat q\u00ebndrojn\u00eb m\u00eb shum\u00eb se nj\u00eb afat t\u00eb caktuar apo ato q\u00eb nuk kan\u00eb pagua fare.<\/p>\n<h4>Megjith\u00ebse Komuna e Ulqinit ka paralajm\u00ebruar rregullimin e 1237 parkingjeve n\u00eb qytet, zyrtar\u00ebt e saj kan\u00eb dh\u00ebn\u00eb detaje se si do t\u00eb zbatohet nj\u00eb projekt i till\u00eb, n\u00eb cilat zona konkretisht, cilat do t\u00eb jen\u00eb \u00e7mimet ditore ose brenda or\u00ebs, si do t\u00eb rregullohet problemi i parkingjeve p\u00ebr banor\u00ebt e banesave kolektive, etj, duke <a href=\"http:\/\/www.opstinaulcinj.com\/upload\/document\/20150409-elaborat_parking_opstina_ulcinj.pdf\" target=\"_blank\">shikuar flet\u00ebn zyrtare t\u00eb Komun\u00ebs s\u00eb Ulqinit n\u00eb PDF.<\/a><br \/>\n<a href=\"http:\/\/www.opstinaulcinj.com\/upload\/document\/20150409-elaborat_parking_opstina_ulcinj.pdf\" target=\"_blank\">http:\/\/www.opstinaulcinj.com\/upload\/document\/20150409-elaborat_parking_opstina_ulcinj.pdf<\/a><\/h4>\n<p><a href=\"http:\/\/www.opstinaulcinj.com\/upload\/document\/20150409-elaborat_parking_opstina_ulcinj.pdf\" target=\"_blank\"><strong>Tash ka mbetur t\u00eb shikohet q\u00eb ky vendim i Komun\u00ebs p\u00ebr parkingje publike a i ka g\u00ebzuar qytetar\u00ebt e Ulqinit, prandaj ky Projekt qitet n\u00eb Shqyrtim Publik<\/strong><\/a><\/p>\n<p><a href=\"http:\/\/www.visit-ulcinj.com\/blog\/wp-content\/uploads\/2015\/04\/Zonat-e-parkimit-ne-Ulqin.jpg\"><img loading=\"lazy\" class=\"alignleft wp-image-89949\" src=\"http:\/\/www.visit-ulcinj.com\/blog\/wp-content\/uploads\/2015\/04\/Zonat-e-parkimit-ne-Ulqin.jpg\" alt=\"Zonat-e-parkimit-ne-Ulqin\" width=\"508\" height=\"604\" srcset=\"https:\/\/www.visit-ulcinj.com\/blog\/wp-content\/uploads\/2015\/04\/Zonat-e-parkimit-ne-Ulqin.jpg 1310w, https:\/\/www.visit-ulcinj.com\/blog\/wp-content\/uploads\/2015\/04\/Zonat-e-parkimit-ne-Ulqin-252x300.jpg 252w, https:\/\/www.visit-ulcinj.com\/blog\/wp-content\/uploads\/2015\/04\/Zonat-e-parkimit-ne-Ulqin-861x1024.jpg 861w\" sizes=\"(max-width: 508px) 100vw, 508px\" \/><\/a><\/p>\n<p><a href=\"http:\/\/www.opstinaulcinj.com\/upload\/document\/20150409-elaborat_parking_opstina_ulcinj.pdf\" target=\"_blank\"><strong>Ja pra edhe Projekt Vendimi p\u00ebr nd\u00ebrrimet dhe plot\u00ebsimet n\u00eb vendimin p\u00ebr parkingjet publike dhe Projekt Elaborati p\u00ebr sistemin e pages\u00ebs dhe kontrollit t\u00eb parkimit p\u00ebr territorin e komun\u00ebs s\u00eb Ulqinit<\/strong><\/a><\/p>\n<p>Kryetari i Komun\u00ebs s\u00eb Ulqinit, me P\u00ebrfundimin num\u00ebr 01 &#8211; 112\/15 t\u00eb dat\u00ebs 08. 04. 2015, ka v\u00ebrtetuar Projekt Vendimin p\u00ebr nd\u00ebrrimet dhe plot\u00ebsimet n\u00eb vendimin p\u00ebr parkingjet publike dhe Projekt Elaboratin p\u00ebr sistemin e pages\u00ebs dhe kontrollit t\u00eb parkimit p\u00ebr territorin e komun\u00ebs s\u00eb Ulqinit me zonim, k\u00ebshtu q\u00eb ka obliguar Sekretariatin p\u00ebr veprimtari komunale dhe mbrojtje t\u00eb ambientit t\u00eb Komun\u00ebs s\u00eb Ulqinit q\u00eb t\u00eb realizoj\u00eb shqyrtimin publik.<\/p>\n<p><a href=\"http:\/\/www.opstinaulcinj.com\/upload\/document\/20150409-elaborat_parking_opstina_ulcinj.pdf\" target=\"_blank\">Projektet qiten n\u00eb<\/a><\/p>\n<p><a href=\"http:\/\/www.opstinaulcinj.com\/upload\/document\/20150409-elaborat_parking_opstina_ulcinj.pdf\" target=\"_blank\">SHQYRTIM PUBLIK<\/a><\/p>\n<p>Me rastin e Projekteve t\u00eb p\u00ebrmendur Sekretariati p\u00ebr veprimtari komunale dhe mbrojtje t\u00eb ambientit i Komun\u00ebs s\u00eb Ulqinit organizon dhe realizon shqyrtimin publik.<\/p>\n<p>Shqyrtimi publik do t\u00eb zgjas\u00eb prej, m\u00eb 09. 04. 2015 dhe p\u00ebrfundon, m\u00eb 24. 04. 2015.<\/p>\n<p>Projektet do t\u00eb publikohet n\u00eb ueb sajtin e Komun\u00ebs s\u00eb Ulqinit www.opstinaulcinj.com<\/p>\n<p>Shikimi publik mund t\u00eb b\u00ebhet n\u00eb ambientet e Sekretariatit p\u00ebr veprimtari komunale dhe mbrojtje t\u00eb ambientit \u00e7do dit\u00eb pune n\u00eb orarin prej or\u00ebs 11:00 deri n\u00eb 13:00.<\/p>\n<p>Shqyrtimi qendror publik do t\u00eb mbahet n\u00eb sall\u00ebn e madhe t\u00eb Kuvendit t\u00eb Komun\u00ebs s\u00eb Ulqinit t\u00eb marten, m\u00eb 21 prill 2015, duke filluar n\u00eb or\u00ebn 13:30.<\/p>\n<p>V\u00ebrejtjet, propozimet dhe sugjerimet dor\u00ebzohen me shkrim n\u00eb adres\u00ebn:<\/p>\n<p>Sekretariati p\u00ebr veprimtari komunale dhe mbrojtje t\u00eb ambientit i Komun\u00ebs s\u00eb Ulqinit ose n\u00eb<\/p>\n<p>e &#8211; mailin: <a href=\"mailto:avdula.dervishi@ul-gov.me\">avdula.dervishi@ul-gov.me<\/a> deri me dat\u00ebn 24. 04. 2015.<\/p>\n<p>Sekretariati p\u00ebr veprimtari komunale dhe mbrojtje t\u00eb ambientit do t\u2019i shqyrtoj\u00eb v\u00ebrejtjet, propozimet dhe sugjerimet e pjes\u00ebmarr\u00ebsve n\u00eb shqyrtimin publik, pas t\u00eb cil\u00ebs gj\u00eb do t\u00eb hartoj\u00eb raportin ve\u00e7 e ve\u00e7 p\u00ebr shqyrtimin e realizuar publik, i cili do t\u00eb jet\u00eb pjes\u00eb p\u00ebrb\u00ebr\u00ebse e materialit p\u00ebr mbledhjen e Kuvendit.<\/p>\n<p>&nbsp;<\/p>\n<p>Num\u00ebr: 06 &#8211; 292\/15\u00a0\u00a0\u00a0\u00a0\u00a0\u00a0\u00a0\u00a0\u00a0\u00a0\u00a0\u00a0\u00a0\u00a0\u00a0\u00a0\u00a0\u00a0\u00a0\u00a0\u00a0\u00a0\u00a0\u00a0\u00a0\u00a0\u00a0\u00a0\u00a0\u00a0\u00a0\u00a0\u00a0\u00a0\u00a0\u00a0\u00a0\u00a0\u00a0\u00a0\u00a0\u00a0\u00a0\u00a0\u00a0\u00a0\u00a0\u00a0\u00a0\u00a0\u00a0\u00a0\u00a0\u00a0\u00a0\u00a0\u00a0\u00a0\u00a0\u00a0\u00a0\u00a0\u00a0 \u00a0\u00a0\u00a0\u00a0\u00a0\u00a0\u00a0 U. D. SEKRETARIT<\/p>\n<p>Ulqin, m\u00eb 09.04. 2015 \u00a0\u00a0\u00a0\u00a0\u00a0\u00a0\u00a0\u00a0\u00a0\u00a0\u00a0\u00a0\u00a0\u00a0\u00a0\u00a0\u00a0\u00a0\u00a0\u00a0\u00a0\u00a0\u00a0\u00a0\u00a0\u00a0\u00a0\u00a0\u00a0\u00a0\u00a0\u00a0\u00a0\u00a0\u00a0\u00a0\u00a0\u00a0\u00a0\u00a0\u00a0\u00a0\u00a0\u00a0\u00a0\u00a0\u00a0\u00a0\u00a0\u00a0\u00a0\u00a0\u00a0\u00a0\u00a0\u00a0\u00a0\u00a0 \u00a0\u00a0\u00a0\u00a0\u00a0\u00a0\u00a0\u00a0\u00a0\u00a0\u00a0Avdulla Dervishi<\/p>\n","protected":false},"excerpt":{"rendered":"<p>N\u00eb Ulqin parkingjet p\u00ebr vetura po vazhdojn\u00eb t\u00eb jen\u00eb nj\u00eb nd\u00ebr problemet e shumta jo vet\u00ebm p\u00ebr k\u00ebmb\u00ebsor\u00ebt, por edhe p\u00ebr ngas\u00ebsit e veturave. K\u00ebmb\u00ebsor\u00ebt po detyrohen t\u00eb ecin edhe rrug\u00ebve, n\u00eb munges\u00eb t\u00eb hap\u00ebsir\u00ebs s\u00eb trotuareve, e vozit\u00ebsit n\u00eb munges\u00eb t\u00eb parkingjeve po i parkojn\u00eb veturat n\u00ebp\u00ebr trotuare. Kjo q\u00eb po b\u00ebn Komuna e [&hellip;]<\/p>\n","protected":false},"author":1,"featured_media":0,"comment_status":"closed","ping_status":"closed","sticky":false,"template":"","format":"standard","meta":{"spay_email":"","jetpack_publicize_message":"","jetpack_is_tweetstorm":false,"jetpack_publicize_feature_enabled":true},"categories":[1],"tags":[],"jetpack_publicize_connections":[],"yoast_head":"<!-- This site is optimized with the Yoast SEO plugin v19.1 - https:\/\/yoast.com\/wordpress\/plugins\/seo\/ -->\n<title>Shqyrtim publik: Parkingjet publike n\u00eb territorin e Komun\u00ebs s\u00eb Ulqinit - Lajme nga Ulqini<\/title>\n<meta name=\"description\" content=\"N\u00eb Ulqin parkingjet p\u00ebr vetura po vazhdojn\u00eb t\u00eb jen\u00eb nj\u00eb nd\u00ebr problemet e shumta jo vet\u00ebm p\u00ebr k\u00ebmb\u00ebsor\u00ebt, por edhe p\u00ebr ngas\u00ebsit e veturave. K\u00ebmb\u00ebsor\u00ebt po\" \/>\n<meta name=\"robots\" content=\"index, follow, max-snippet:-1, max-image-preview:large, max-video-preview:-1\" \/>\n<link rel=\"canonical\" href=\"https:\/\/www.visit-ulcinj.com\/blog\/2015\/04\/11\/shqyrtim-publik-parkingjet-publike-ne-territorin-e-komunes-se-ulqinit\/\" \/>\n<meta property=\"og:locale\" content=\"en_US\" \/>\n<meta property=\"og:type\" content=\"article\" \/>\n<meta property=\"og:title\" content=\"Shqyrtim publik: Parkingjet publike n\u00eb territorin e Komun\u00ebs s\u00eb Ulqinit - Lajme nga Ulqini\" \/>\n<meta property=\"og:description\" content=\"N\u00eb Ulqin parkingjet p\u00ebr vetura po vazhdojn\u00eb t\u00eb jen\u00eb nj\u00eb nd\u00ebr problemet e shumta jo vet\u00ebm p\u00ebr k\u00ebmb\u00ebsor\u00ebt, por edhe p\u00ebr ngas\u00ebsit e veturave. K\u00ebmb\u00ebsor\u00ebt po\" \/>\n<meta property=\"og:url\" content=\"https:\/\/www.visit-ulcinj.com\/blog\/2015\/04\/11\/shqyrtim-publik-parkingjet-publike-ne-territorin-e-komunes-se-ulqinit\/\" \/>\n<meta property=\"og:site_name\" content=\"Lajme nga Ulqini\" \/>\n<meta property=\"article:published_time\" content=\"2015-04-11T10:53:35+00:00\" \/>\n<meta property=\"article:modified_time\" content=\"2015-04-11T10:56:20+00:00\" \/>\n<meta property=\"og:image\" content=\"http:\/\/www.visit-ulcinj.com\/blog\/wp-content\/uploads\/2015\/04\/Cmimi-i-parkingjeve-Ulqin.jpg\" \/>\n<meta name=\"twitter:label1\" content=\"Written by\" \/>\n\t<meta name=\"twitter:data1\" content=\"ulqini\" \/>\n\t<meta name=\"twitter:label2\" content=\"Est. reading time\" \/>\n\t<meta name=\"twitter:data2\" content=\"3 minutes\" \/>\n<script type=\"application\/ld+json\" class=\"yoast-schema-graph\">{\"@context\":\"https:\/\/schema.org\",\"@graph\":[{\"@type\":\"WebSite\",\"@id\":\"https:\/\/www.visit-ulcinj.com\/blog\/#website\",\"url\":\"https:\/\/www.visit-ulcinj.com\/blog\/\",\"name\":\"Lajme nga Ulqini\",\"description\":\"Lajme,Vijesti,Ulqini,Ulqin,Crna Gora,Mali i Zi\",\"potentialAction\":[{\"@type\":\"SearchAction\",\"target\":{\"@type\":\"EntryPoint\",\"urlTemplate\":\"https:\/\/www.visit-ulcinj.com\/blog\/?s={search_term_string}\"},\"query-input\":\"required name=search_term_string\"}],\"inLanguage\":\"en-US\"},{\"@type\":\"ImageObject\",\"inLanguage\":\"en-US\",\"@id\":\"https:\/\/www.visit-ulcinj.com\/blog\/2015\/04\/11\/shqyrtim-publik-parkingjet-publike-ne-territorin-e-komunes-se-ulqinit\/#primaryimage\",\"url\":\"https:\/\/www.visit-ulcinj.com\/blog\/wp-content\/uploads\/2015\/04\/Cmimi-i-parkingjeve-Ulqin.jpg\",\"contentUrl\":\"https:\/\/www.visit-ulcinj.com\/blog\/wp-content\/uploads\/2015\/04\/Cmimi-i-parkingjeve-Ulqin.jpg\",\"width\":555,\"height\":489},{\"@type\":\"WebPage\",\"@id\":\"https:\/\/www.visit-ulcinj.com\/blog\/2015\/04\/11\/shqyrtim-publik-parkingjet-publike-ne-territorin-e-komunes-se-ulqinit\/#webpage\",\"url\":\"https:\/\/www.visit-ulcinj.com\/blog\/2015\/04\/11\/shqyrtim-publik-parkingjet-publike-ne-territorin-e-komunes-se-ulqinit\/\",\"name\":\"Shqyrtim publik: Parkingjet publike n\u00eb territorin e Komun\u00ebs s\u00eb Ulqinit - Lajme nga Ulqini\",\"isPartOf\":{\"@id\":\"https:\/\/www.visit-ulcinj.com\/blog\/#website\"},\"primaryImageOfPage\":{\"@id\":\"https:\/\/www.visit-ulcinj.com\/blog\/2015\/04\/11\/shqyrtim-publik-parkingjet-publike-ne-territorin-e-komunes-se-ulqinit\/#primaryimage\"},\"datePublished\":\"2015-04-11T10:53:35+00:00\",\"dateModified\":\"2015-04-11T10:56:20+00:00\",\"author\":{\"@id\":\"https:\/\/www.visit-ulcinj.com\/blog\/#\/schema\/person\/dcab619c614d3038751c63bc2aadc06d\"},\"description\":\"N\u00eb Ulqin parkingjet p\u00ebr vetura po vazhdojn\u00eb t\u00eb jen\u00eb nj\u00eb nd\u00ebr problemet e shumta jo vet\u00ebm p\u00ebr k\u00ebmb\u00ebsor\u00ebt, por edhe p\u00ebr ngas\u00ebsit e veturave. K\u00ebmb\u00ebsor\u00ebt po\",\"breadcrumb\":{\"@id\":\"https:\/\/www.visit-ulcinj.com\/blog\/2015\/04\/11\/shqyrtim-publik-parkingjet-publike-ne-territorin-e-komunes-se-ulqinit\/#breadcrumb\"},\"inLanguage\":\"en-US\",\"potentialAction\":[{\"@type\":\"ReadAction\",\"target\":[\"https:\/\/www.visit-ulcinj.com\/blog\/2015\/04\/11\/shqyrtim-publik-parkingjet-publike-ne-territorin-e-komunes-se-ulqinit\/\"]}]},{\"@type\":\"BreadcrumbList\",\"@id\":\"https:\/\/www.visit-ulcinj.com\/blog\/2015\/04\/11\/shqyrtim-publik-parkingjet-publike-ne-territorin-e-komunes-se-ulqinit\/#breadcrumb\",\"itemListElement\":[{\"@type\":\"ListItem\",\"position\":1,\"name\":\"Shqyrtim publik: Parkingjet publike n\u00eb territorin e Komun\u00ebs s\u00eb Ulqinit\"}]},{\"@type\":\"Person\",\"@id\":\"https:\/\/www.visit-ulcinj.com\/blog\/#\/schema\/person\/dcab619c614d3038751c63bc2aadc06d\",\"name\":\"ulqini\",\"sameAs\":[\"http:\/\/www.visit-ulcinj.com\"],\"url\":\"https:\/\/www.visit-ulcinj.com\/blog\/author\/admin\/\"}]}<\/script>\n<!-- \/ Yoast SEO plugin. -->","yoast_head_json":{"title":"Shqyrtim publik: Parkingjet publike n\u00eb territorin e Komun\u00ebs s\u00eb Ulqinit - Lajme nga Ulqini","description":"N\u00eb Ulqin parkingjet p\u00ebr vetura po vazhdojn\u00eb t\u00eb jen\u00eb nj\u00eb nd\u00ebr problemet e shumta jo vet\u00ebm p\u00ebr k\u00ebmb\u00ebsor\u00ebt, por edhe p\u00ebr ngas\u00ebsit e veturave. K\u00ebmb\u00ebsor\u00ebt po","robots":{"index":"index","follow":"follow","max-snippet":"max-snippet:-1","max-image-preview":"max-image-preview:large","max-video-preview":"max-video-preview:-1"},"canonical":"https:\/\/www.visit-ulcinj.com\/blog\/2015\/04\/11\/shqyrtim-publik-parkingjet-publike-ne-territorin-e-komunes-se-ulqinit\/","og_locale":"en_US","og_type":"article","og_title":"Shqyrtim publik: Parkingjet publike n\u00eb territorin e Komun\u00ebs s\u00eb Ulqinit - Lajme nga Ulqini","og_description":"N\u00eb Ulqin parkingjet p\u00ebr vetura po vazhdojn\u00eb t\u00eb jen\u00eb nj\u00eb nd\u00ebr problemet e shumta jo vet\u00ebm p\u00ebr k\u00ebmb\u00ebsor\u00ebt, por edhe p\u00ebr ngas\u00ebsit e veturave. K\u00ebmb\u00ebsor\u00ebt po","og_url":"https:\/\/www.visit-ulcinj.com\/blog\/2015\/04\/11\/shqyrtim-publik-parkingjet-publike-ne-territorin-e-komunes-se-ulqinit\/","og_site_name":"Lajme nga Ulqini","article_published_time":"2015-04-11T10:53:35+00:00","article_modified_time":"2015-04-11T10:56:20+00:00","og_image":[{"url":"http:\/\/www.visit-ulcinj.com\/blog\/wp-content\/uploads\/2015\/04\/Cmimi-i-parkingjeve-Ulqin.jpg"}],"twitter_misc":{"Written by":"ulqini","Est. reading time":"3 minutes"},"schema":{"@context":"https:\/\/schema.org","@graph":[{"@type":"WebSite","@id":"https:\/\/www.visit-ulcinj.com\/blog\/#website","url":"https:\/\/www.visit-ulcinj.com\/blog\/","name":"Lajme nga Ulqini","description":"Lajme,Vijesti,Ulqini,Ulqin,Crna Gora,Mali i Zi","potentialAction":[{"@type":"SearchAction","target":{"@type":"EntryPoint","urlTemplate":"https:\/\/www.visit-ulcinj.com\/blog\/?s={search_term_string}"},"query-input":"required name=search_term_string"}],"inLanguage":"en-US"},{"@type":"ImageObject","inLanguage":"en-US","@id":"https:\/\/www.visit-ulcinj.com\/blog\/2015\/04\/11\/shqyrtim-publik-parkingjet-publike-ne-territorin-e-komunes-se-ulqinit\/#primaryimage","url":"https:\/\/www.visit-ulcinj.com\/blog\/wp-content\/uploads\/2015\/04\/Cmimi-i-parkingjeve-Ulqin.jpg","contentUrl":"https:\/\/www.visit-ulcinj.com\/blog\/wp-content\/uploads\/2015\/04\/Cmimi-i-parkingjeve-Ulqin.jpg","width":555,"height":489},{"@type":"WebPage","@id":"https:\/\/www.visit-ulcinj.com\/blog\/2015\/04\/11\/shqyrtim-publik-parkingjet-publike-ne-territorin-e-komunes-se-ulqinit\/#webpage","url":"https:\/\/www.visit-ulcinj.com\/blog\/2015\/04\/11\/shqyrtim-publik-parkingjet-publike-ne-territorin-e-komunes-se-ulqinit\/","name":"Shqyrtim publik: Parkingjet publike n\u00eb territorin e Komun\u00ebs s\u00eb Ulqinit - Lajme nga Ulqini","isPartOf":{"@id":"https:\/\/www.visit-ulcinj.com\/blog\/#website"},"primaryImageOfPage":{"@id":"https:\/\/www.visit-ulcinj.com\/blog\/2015\/04\/11\/shqyrtim-publik-parkingjet-publike-ne-territorin-e-komunes-se-ulqinit\/#primaryimage"},"datePublished":"2015-04-11T10:53:35+00:00","dateModified":"2015-04-11T10:56:20+00:00","author":{"@id":"https:\/\/www.visit-ulcinj.com\/blog\/#\/schema\/person\/dcab619c614d3038751c63bc2aadc06d"},"description":"N\u00eb Ulqin parkingjet p\u00ebr vetura po vazhdojn\u00eb t\u00eb jen\u00eb nj\u00eb nd\u00ebr problemet e shumta jo vet\u00ebm p\u00ebr k\u00ebmb\u00ebsor\u00ebt, por edhe p\u00ebr ngas\u00ebsit e veturave. K\u00ebmb\u00ebsor\u00ebt po","breadcrumb":{"@id":"https:\/\/www.visit-ulcinj.com\/blog\/2015\/04\/11\/shqyrtim-publik-parkingjet-publike-ne-territorin-e-komunes-se-ulqinit\/#breadcrumb"},"inLanguage":"en-US","potentialAction":[{"@type":"ReadAction","target":["https:\/\/www.visit-ulcinj.com\/blog\/2015\/04\/11\/shqyrtim-publik-parkingjet-publike-ne-territorin-e-komunes-se-ulqinit\/"]}]},{"@type":"BreadcrumbList","@id":"https:\/\/www.visit-ulcinj.com\/blog\/2015\/04\/11\/shqyrtim-publik-parkingjet-publike-ne-territorin-e-komunes-se-ulqinit\/#breadcrumb","itemListElement":[{"@type":"ListItem","position":1,"name":"Shqyrtim publik: Parkingjet publike n\u00eb territorin e Komun\u00ebs s\u00eb Ulqinit"}]},{"@type":"Person","@id":"https:\/\/www.visit-ulcinj.com\/blog\/#\/schema\/person\/dcab619c614d3038751c63bc2aadc06d","name":"ulqini","sameAs":["http:\/\/www.visit-ulcinj.com"],"url":"https:\/\/www.visit-ulcinj.com\/blog\/author\/admin\/"}]}},"jetpack_featured_media_url":"","jetpack_sharing_enabled":true,"jetpack_shortlink":"https:\/\/wp.me\/pe6lTn-noL","_links":{"self":[{"href":"https:\/\/www.visit-ulcinj.com\/blog\/wp-json\/wp\/v2\/posts\/89947"}],"collection":[{"href":"https:\/\/www.visit-ulcinj.com\/blog\/wp-json\/wp\/v2\/posts"}],"about":[{"href":"https:\/\/www.visit-ulcinj.com\/blog\/wp-json\/wp\/v2\/types\/post"}],"author":[{"embeddable":true,"href":"https:\/\/www.visit-ulcinj.com\/blog\/wp-json\/wp\/v2\/users\/1"}],"replies":[{"embeddable":true,"href":"https:\/\/www.visit-ulcinj.com\/blog\/wp-json\/wp\/v2\/comments?post=89947"}],"version-history":[{"count":2,"href":"https:\/\/www.visit-ulcinj.com\/blog\/wp-json\/wp\/v2\/posts\/89947\/revisions"}],"predecessor-version":[{"id":89951,"href":"https:\/\/www.visit-ulcinj.com\/blog\/wp-json\/wp\/v2\/posts\/89947\/revisions\/89951"}],"wp:attachment":[{"href":"https:\/\/www.visit-ulcinj.com\/blog\/wp-json\/wp\/v2\/media?parent=89947"}],"wp:term":[{"taxonomy":"category","embeddable":true,"href":"https:\/\/www.visit-ulcinj.com\/blog\/wp-json\/wp\/v2\/categories?post=89947"},{"taxonomy":"post_tag","embeddable":true,"href":"https:\/\/www.visit-ulcinj.com\/blog\/wp-json\/wp\/v2\/tags?post=89947"}],"curies":[{"name":"wp","href":"https:\/\/api.w.org\/{rel}","templated":true}]}}