{"id":89961,"date":"2015-04-11T19:24:22","date_gmt":"2015-04-11T18:24:22","guid":{"rendered":"http:\/\/www.visit-ulcinj.com\/blog\/?p=89961"},"modified":"2015-04-11T19:24:22","modified_gmt":"2015-04-11T18:24:22","slug":"luigj-shkrela-befasuar-shpalljen-publike-te-kksh-se","status":"publish","type":"post","link":"https:\/\/www.visit-ulcinj.com\/blog\/2015\/04\/11\/luigj-shkrela-befasuar-shpalljen-publike-te-kksh-se\/","title":{"rendered":"Luigj Shkrela i befasuar me shpalljen publike t\u00eb KKSH-s\u00eb"},"content":{"rendered":"<p><a href=\"http:\/\/www.visit-ulcinj.com\/blog\/wp-content\/uploads\/2015\/04\/Luigj-Shkrela.jpg\"><img loading=\"lazy\" class=\"alignleft wp-image-89962\" src=\"http:\/\/www.visit-ulcinj.com\/blog\/wp-content\/uploads\/2015\/04\/Luigj-Shkrela.jpg\" alt=\"Luigj Shkrela\" width=\"508\" height=\"286\" srcset=\"https:\/\/www.visit-ulcinj.com\/blog\/wp-content\/uploads\/2015\/04\/Luigj-Shkrela.jpg 960w, https:\/\/www.visit-ulcinj.com\/blog\/wp-content\/uploads\/2015\/04\/Luigj-Shkrela-300x169.jpg 300w\" sizes=\"(max-width: 508px) 100vw, 508px\" \/><\/a>Deputeti i Partis\u00eb demokratike t\u00eb socialist\u00ebve Luigj Shkrela ka deklaruar se \u00ebsht\u00eb i befasuar me faktin se nd\u00ebr kushtet t\u00eb cilat kandidat\u00ebt duhet ti plot\u00ebsojn\u00eb p\u00ebr zgjedhje n\u00eb K\u00ebshillin programor t\u00eb medies publike \u201cKoha javore\u201d n\u00eb shpalljen publike thuhet edhe se ato duhet t\u00eb jen\u00eb t\u00eb p\u00ebrshtatsh\u00ebm p\u00ebr kryerjen e funksionit, raporton portali Ul.info.<\/p>\n<p>\u201cNuk kam fjal\u00eb. Nuk e di ke e kan\u00eb konsultuar nga K\u00ebshilli komb\u00ebtar i Shqiptar\u00ebve (KKSH) p\u00ebr t\u00eb p\u00ebrcaktuar k\u00ebto kushte. Nga i erdhi ideja q\u00eb dikush duhet t\u00eb jet\u00eb i p\u00ebrshtatsh\u00ebm p\u00ebr k\u00ebt\u00eb funksion: p\u00ebr \u00e7ka t\u00eb jen\u00eb t\u00eb p\u00ebrshtatsh\u00ebm dhe p\u00ebr k\u00eb i p\u00ebrshtatsh\u00ebm\u201d, pyetet Shkrela, i cili sipas funksionit \u00ebsht\u00eb an\u00ebtar i KKSH-s\u00eb.<\/p>\n<p>Ai tha se ka menduar q\u00eb koh\u00ebt kur n\u00eb konkurse \u00ebsht\u00eb cekur p\u00ebrshtatshm\u00ebria mbet\u00ebn larg n\u00eb t\u00eb kaluar\u00ebn. \u201cPor, si\u00e7 duket disa kan\u00eb mbetur n\u00eb p\u00ebrqafimin e atyre koh\u00ebrave\u201d, shtoi deputeti i PDS-s\u00eb.<\/p>\n","protected":false},"excerpt":{"rendered":"<p>Deputeti i Partis\u00eb demokratike t\u00eb socialist\u00ebve Luigj Shkrela ka deklaruar se \u00ebsht\u00eb i befasuar me faktin se nd\u00ebr kushtet t\u00eb cilat kandidat\u00ebt duhet ti plot\u00ebsojn\u00eb p\u00ebr zgjedhje n\u00eb K\u00ebshillin programor t\u00eb medies publike \u201cKoha javore\u201d n\u00eb shpalljen publike thuhet edhe se ato duhet t\u00eb jen\u00eb t\u00eb p\u00ebrshtatsh\u00ebm p\u00ebr kryerjen e funksionit, raporton portali Ul.info. \u201cNuk [&hellip;]<\/p>\n","protected":false},"author":1,"featured_media":0,"comment_status":"closed","ping_status":"closed","sticky":false,"template":"","format":"standard","meta":{"spay_email":"","jetpack_publicize_message":"","jetpack_is_tweetstorm":false,"jetpack_publicize_feature_enabled":true},"categories":[14],"tags":[],"jetpack_publicize_connections":[],"yoast_head":"<!-- This site is optimized with the Yoast SEO plugin v19.1 - https:\/\/yoast.com\/wordpress\/plugins\/seo\/ -->\n<title>Luigj Shkrela i befasuar me shpalljen publike t\u00eb KKSH-s\u00eb - Lajme nga Ulqini<\/title>\n<meta name=\"description\" content=\"Deputeti i Partis\u00eb demokratike t\u00eb socialist\u00ebve Luigj Shkrela ka deklaruar se \u00ebsht\u00eb i befasuar me faktin se nd\u00ebr kushtet t\u00eb cilat kandidat\u00ebt duhet ti\" \/>\n<meta name=\"robots\" content=\"index, follow, max-snippet:-1, max-image-preview:large, max-video-preview:-1\" \/>\n<link rel=\"canonical\" href=\"https:\/\/www.visit-ulcinj.com\/blog\/2015\/04\/11\/luigj-shkrela-befasuar-shpalljen-publike-te-kksh-se\/\" \/>\n<meta property=\"og:locale\" content=\"en_US\" \/>\n<meta property=\"og:type\" content=\"article\" \/>\n<meta property=\"og:title\" content=\"Luigj Shkrela i befasuar me shpalljen publike t\u00eb KKSH-s\u00eb - Lajme nga Ulqini\" \/>\n<meta property=\"og:description\" content=\"Deputeti i Partis\u00eb demokratike t\u00eb socialist\u00ebve Luigj Shkrela ka deklaruar se \u00ebsht\u00eb i befasuar me faktin se nd\u00ebr kushtet t\u00eb cilat kandidat\u00ebt duhet ti\" \/>\n<meta property=\"og:url\" content=\"https:\/\/www.visit-ulcinj.com\/blog\/2015\/04\/11\/luigj-shkrela-befasuar-shpalljen-publike-te-kksh-se\/\" \/>\n<meta property=\"og:site_name\" content=\"Lajme nga Ulqini\" \/>\n<meta property=\"article:published_time\" content=\"2015-04-11T18:24:22+00:00\" \/>\n<meta property=\"og:image\" content=\"http:\/\/www.visit-ulcinj.com\/blog\/wp-content\/uploads\/2015\/04\/Luigj-Shkrela.jpg\" \/>\n<meta name=\"twitter:label1\" content=\"Written by\" \/>\n\t<meta name=\"twitter:data1\" content=\"ulqini\" \/>\n\t<meta name=\"twitter:label2\" content=\"Est. reading time\" \/>\n\t<meta name=\"twitter:data2\" content=\"1 minute\" \/>\n<script type=\"application\/ld+json\" class=\"yoast-schema-graph\">{\"@context\":\"https:\/\/schema.org\",\"@graph\":[{\"@type\":\"WebSite\",\"@id\":\"https:\/\/www.visit-ulcinj.com\/blog\/#website\",\"url\":\"https:\/\/www.visit-ulcinj.com\/blog\/\",\"name\":\"Lajme nga Ulqini\",\"description\":\"Lajme,Vijesti,Ulqini,Ulqin,Crna Gora,Mali i Zi\",\"potentialAction\":[{\"@type\":\"SearchAction\",\"target\":{\"@type\":\"EntryPoint\",\"urlTemplate\":\"https:\/\/www.visit-ulcinj.com\/blog\/?s={search_term_string}\"},\"query-input\":\"required name=search_term_string\"}],\"inLanguage\":\"en-US\"},{\"@type\":\"ImageObject\",\"inLanguage\":\"en-US\",\"@id\":\"https:\/\/www.visit-ulcinj.com\/blog\/2015\/04\/11\/luigj-shkrela-befasuar-shpalljen-publike-te-kksh-se\/#primaryimage\",\"url\":\"https:\/\/www.visit-ulcinj.com\/blog\/wp-content\/uploads\/2015\/04\/Luigj-Shkrela.jpg\",\"contentUrl\":\"https:\/\/www.visit-ulcinj.com\/blog\/wp-content\/uploads\/2015\/04\/Luigj-Shkrela.jpg\",\"width\":960,\"height\":540},{\"@type\":\"WebPage\",\"@id\":\"https:\/\/www.visit-ulcinj.com\/blog\/2015\/04\/11\/luigj-shkrela-befasuar-shpalljen-publike-te-kksh-se\/#webpage\",\"url\":\"https:\/\/www.visit-ulcinj.com\/blog\/2015\/04\/11\/luigj-shkrela-befasuar-shpalljen-publike-te-kksh-se\/\",\"name\":\"Luigj Shkrela i befasuar me shpalljen publike t\u00eb KKSH-s\u00eb - Lajme nga Ulqini\",\"isPartOf\":{\"@id\":\"https:\/\/www.visit-ulcinj.com\/blog\/#website\"},\"primaryImageOfPage\":{\"@id\":\"https:\/\/www.visit-ulcinj.com\/blog\/2015\/04\/11\/luigj-shkrela-befasuar-shpalljen-publike-te-kksh-se\/#primaryimage\"},\"datePublished\":\"2015-04-11T18:24:22+00:00\",\"dateModified\":\"2015-04-11T18:24:22+00:00\",\"author\":{\"@id\":\"https:\/\/www.visit-ulcinj.com\/blog\/#\/schema\/person\/dcab619c614d3038751c63bc2aadc06d\"},\"description\":\"Deputeti i Partis\u00eb demokratike t\u00eb socialist\u00ebve Luigj Shkrela ka deklaruar se \u00ebsht\u00eb i befasuar me faktin se nd\u00ebr kushtet t\u00eb cilat kandidat\u00ebt duhet ti\",\"breadcrumb\":{\"@id\":\"https:\/\/www.visit-ulcinj.com\/blog\/2015\/04\/11\/luigj-shkrela-befasuar-shpalljen-publike-te-kksh-se\/#breadcrumb\"},\"inLanguage\":\"en-US\",\"potentialAction\":[{\"@type\":\"ReadAction\",\"target\":[\"https:\/\/www.visit-ulcinj.com\/blog\/2015\/04\/11\/luigj-shkrela-befasuar-shpalljen-publike-te-kksh-se\/\"]}]},{\"@type\":\"BreadcrumbList\",\"@id\":\"https:\/\/www.visit-ulcinj.com\/blog\/2015\/04\/11\/luigj-shkrela-befasuar-shpalljen-publike-te-kksh-se\/#breadcrumb\",\"itemListElement\":[{\"@type\":\"ListItem\",\"position\":1,\"name\":\"Luigj Shkrela i befasuar me shpalljen publike t\u00eb KKSH-s\u00eb\"}]},{\"@type\":\"Person\",\"@id\":\"https:\/\/www.visit-ulcinj.com\/blog\/#\/schema\/person\/dcab619c614d3038751c63bc2aadc06d\",\"name\":\"ulqini\",\"sameAs\":[\"http:\/\/www.visit-ulcinj.com\"],\"url\":\"https:\/\/www.visit-ulcinj.com\/blog\/author\/admin\/\"}]}<\/script>\n<!-- \/ Yoast SEO plugin. -->","yoast_head_json":{"title":"Luigj Shkrela i befasuar me shpalljen publike t\u00eb KKSH-s\u00eb - Lajme nga Ulqini","description":"Deputeti i Partis\u00eb demokratike t\u00eb socialist\u00ebve Luigj Shkrela ka deklaruar se \u00ebsht\u00eb i befasuar me faktin se nd\u00ebr kushtet t\u00eb cilat kandidat\u00ebt duhet ti","robots":{"index":"index","follow":"follow","max-snippet":"max-snippet:-1","max-image-preview":"max-image-preview:large","max-video-preview":"max-video-preview:-1"},"canonical":"https:\/\/www.visit-ulcinj.com\/blog\/2015\/04\/11\/luigj-shkrela-befasuar-shpalljen-publike-te-kksh-se\/","og_locale":"en_US","og_type":"article","og_title":"Luigj Shkrela i befasuar me shpalljen publike t\u00eb KKSH-s\u00eb - Lajme nga Ulqini","og_description":"Deputeti i Partis\u00eb demokratike t\u00eb socialist\u00ebve Luigj Shkrela ka deklaruar se \u00ebsht\u00eb i befasuar me faktin se nd\u00ebr kushtet t\u00eb cilat kandidat\u00ebt duhet ti","og_url":"https:\/\/www.visit-ulcinj.com\/blog\/2015\/04\/11\/luigj-shkrela-befasuar-shpalljen-publike-te-kksh-se\/","og_site_name":"Lajme nga Ulqini","article_published_time":"2015-04-11T18:24:22+00:00","og_image":[{"url":"http:\/\/www.visit-ulcinj.com\/blog\/wp-content\/uploads\/2015\/04\/Luigj-Shkrela.jpg"}],"twitter_misc":{"Written by":"ulqini","Est. reading time":"1 minute"},"schema":{"@context":"https:\/\/schema.org","@graph":[{"@type":"WebSite","@id":"https:\/\/www.visit-ulcinj.com\/blog\/#website","url":"https:\/\/www.visit-ulcinj.com\/blog\/","name":"Lajme nga Ulqini","description":"Lajme,Vijesti,Ulqini,Ulqin,Crna Gora,Mali i Zi","potentialAction":[{"@type":"SearchAction","target":{"@type":"EntryPoint","urlTemplate":"https:\/\/www.visit-ulcinj.com\/blog\/?s={search_term_string}"},"query-input":"required name=search_term_string"}],"inLanguage":"en-US"},{"@type":"ImageObject","inLanguage":"en-US","@id":"https:\/\/www.visit-ulcinj.com\/blog\/2015\/04\/11\/luigj-shkrela-befasuar-shpalljen-publike-te-kksh-se\/#primaryimage","url":"https:\/\/www.visit-ulcinj.com\/blog\/wp-content\/uploads\/2015\/04\/Luigj-Shkrela.jpg","contentUrl":"https:\/\/www.visit-ulcinj.com\/blog\/wp-content\/uploads\/2015\/04\/Luigj-Shkrela.jpg","width":960,"height":540},{"@type":"WebPage","@id":"https:\/\/www.visit-ulcinj.com\/blog\/2015\/04\/11\/luigj-shkrela-befasuar-shpalljen-publike-te-kksh-se\/#webpage","url":"https:\/\/www.visit-ulcinj.com\/blog\/2015\/04\/11\/luigj-shkrela-befasuar-shpalljen-publike-te-kksh-se\/","name":"Luigj Shkrela i befasuar me shpalljen publike t\u00eb KKSH-s\u00eb - Lajme nga Ulqini","isPartOf":{"@id":"https:\/\/www.visit-ulcinj.com\/blog\/#website"},"primaryImageOfPage":{"@id":"https:\/\/www.visit-ulcinj.com\/blog\/2015\/04\/11\/luigj-shkrela-befasuar-shpalljen-publike-te-kksh-se\/#primaryimage"},"datePublished":"2015-04-11T18:24:22+00:00","dateModified":"2015-04-11T18:24:22+00:00","author":{"@id":"https:\/\/www.visit-ulcinj.com\/blog\/#\/schema\/person\/dcab619c614d3038751c63bc2aadc06d"},"description":"Deputeti i Partis\u00eb demokratike t\u00eb socialist\u00ebve Luigj Shkrela ka deklaruar se \u00ebsht\u00eb i befasuar me faktin se nd\u00ebr kushtet t\u00eb cilat kandidat\u00ebt duhet ti","breadcrumb":{"@id":"https:\/\/www.visit-ulcinj.com\/blog\/2015\/04\/11\/luigj-shkrela-befasuar-shpalljen-publike-te-kksh-se\/#breadcrumb"},"inLanguage":"en-US","potentialAction":[{"@type":"ReadAction","target":["https:\/\/www.visit-ulcinj.com\/blog\/2015\/04\/11\/luigj-shkrela-befasuar-shpalljen-publike-te-kksh-se\/"]}]},{"@type":"BreadcrumbList","@id":"https:\/\/www.visit-ulcinj.com\/blog\/2015\/04\/11\/luigj-shkrela-befasuar-shpalljen-publike-te-kksh-se\/#breadcrumb","itemListElement":[{"@type":"ListItem","position":1,"name":"Luigj Shkrela i befasuar me shpalljen publike t\u00eb KKSH-s\u00eb"}]},{"@type":"Person","@id":"https:\/\/www.visit-ulcinj.com\/blog\/#\/schema\/person\/dcab619c614d3038751c63bc2aadc06d","name":"ulqini","sameAs":["http:\/\/www.visit-ulcinj.com"],"url":"https:\/\/www.visit-ulcinj.com\/blog\/author\/admin\/"}]}},"jetpack_featured_media_url":"","jetpack_sharing_enabled":true,"jetpack_shortlink":"https:\/\/wp.me\/pe6lTn-noZ","_links":{"self":[{"href":"https:\/\/www.visit-ulcinj.com\/blog\/wp-json\/wp\/v2\/posts\/89961"}],"collection":[{"href":"https:\/\/www.visit-ulcinj.com\/blog\/wp-json\/wp\/v2\/posts"}],"about":[{"href":"https:\/\/www.visit-ulcinj.com\/blog\/wp-json\/wp\/v2\/types\/post"}],"author":[{"embeddable":true,"href":"https:\/\/www.visit-ulcinj.com\/blog\/wp-json\/wp\/v2\/users\/1"}],"replies":[{"embeddable":true,"href":"https:\/\/www.visit-ulcinj.com\/blog\/wp-json\/wp\/v2\/comments?post=89961"}],"version-history":[{"count":1,"href":"https:\/\/www.visit-ulcinj.com\/blog\/wp-json\/wp\/v2\/posts\/89961\/revisions"}],"predecessor-version":[{"id":89963,"href":"https:\/\/www.visit-ulcinj.com\/blog\/wp-json\/wp\/v2\/posts\/89961\/revisions\/89963"}],"wp:attachment":[{"href":"https:\/\/www.visit-ulcinj.com\/blog\/wp-json\/wp\/v2\/media?parent=89961"}],"wp:term":[{"taxonomy":"category","embeddable":true,"href":"https:\/\/www.visit-ulcinj.com\/blog\/wp-json\/wp\/v2\/categories?post=89961"},{"taxonomy":"post_tag","embeddable":true,"href":"https:\/\/www.visit-ulcinj.com\/blog\/wp-json\/wp\/v2\/tags?post=89961"}],"curies":[{"name":"wp","href":"https:\/\/api.w.org\/{rel}","templated":true}]}}