{"id":89967,"date":"2015-04-11T20:47:54","date_gmt":"2015-04-11T19:47:54","guid":{"rendered":"http:\/\/www.visit-ulcinj.com\/blog\/?p=89967"},"modified":"2015-04-11T21:03:04","modified_gmt":"2015-04-11T20:03:04","slug":"skenderbeg-klaiqi-kryetar-komunes-te-behet-nje-ulqinak-z-llunji","status":"publish","type":"post","link":"https:\/\/www.visit-ulcinj.com\/blog\/2015\/04\/11\/skenderbeg-klaiqi-kryetar-komunes-te-behet-nje-ulqinak-z-llunji\/","title":{"rendered":"Skenderbeg Klaiqi: Kryetar i Komunes do t\u00eb b\u00ebhet nje ulqinak, z. Llunji"},"content":{"rendered":"<p><strong><em><a href=\"http:\/\/www.visit-ulcinj.com\/blog\/wp-content\/uploads\/2015\/04\/Skenderbeg-Klaiqi.jpg\"><img loading=\"lazy\" class=\"alignleft wp-image-89968\" src=\"http:\/\/www.visit-ulcinj.com\/blog\/wp-content\/uploads\/2015\/04\/Skenderbeg-Klaiqi.jpg\" alt=\"Skenderbeg Klaiqi\" width=\"508\" height=\"503\" \/><\/a>Shkruan: Skenderbeg Klaiqi, Freiburg<\/em><\/strong><\/p>\n<p><em>\u00a0\u201e P\u00ebr shqiptar\u00ebt n\u00ebn Mal t\u00eb Zi nuk ka m\u00eb reciprocitet, ta din\u00eb Rama e Tha\u00e7i\u201d!<\/em><\/p>\n<p><em>(Dekorata \u00ebsht\u00eb nga ulqinaket apo nga shteti malazias?\u2026) \u00a0 \u00a0 \u00a0 \u00a0\u00a0<\/em><\/p>\n<p><strong><em>\u00a0<\/em><em>\u00a0A do t\u00eb k\u00ebnaqen malazez\u00ebt me nj\u00eb dekorat\u00eb reciproke, apo duhen dy, ose dicka m\u00eb shum\u00eb?<\/em><\/strong><\/p>\n<p><em>P\u00ebr fat t\u00eb keq, ulqinaket dhe shqiptar\u00ebt e sinqert\u00eb n\u00ebn Mal t\u00eb Zi nuk i pyet kush. Partit\u00eb shqiptare, mjerisht, duke qenw pa strategji komb\u00ebtare, ua kan\u00eb z\u00ebn\u00eb frymen patriot\u00ebve shqiptar\u00eb vendor\u00eb, ku edhe ato vet\u00eb jan\u00eb faktor\u00eb ndikues p\u00ebr shpernguljen-ekzodin e shqiptar\u00ebve nga k\u00ebto treva tona, me politik\u00ebn e tyre destruktive p\u00ebr\u00e7ar\u00ebse dhe shka\u00ebtrrimtare.<\/em><\/p>\n<p><a href=\"http:\/\/www.visit-ulcinj.com\/blog\/wp-content\/uploads\/2014\/02\/gjeka-cungu-abazoviq-ulqin.jpg\"><img loading=\"lazy\" class=\"alignleft wp-image-79799\" src=\"http:\/\/www.visit-ulcinj.com\/blog\/wp-content\/uploads\/2014\/02\/gjeka-cungu-abazoviq-ulqin.jpg\" alt=\"gjeka-cungu-abazoviq-ulqin\" width=\"508\" height=\"296\" srcset=\"https:\/\/www.visit-ulcinj.com\/blog\/wp-content\/uploads\/2014\/02\/gjeka-cungu-abazoviq-ulqin.jpg 646w, https:\/\/www.visit-ulcinj.com\/blog\/wp-content\/uploads\/2014\/02\/gjeka-cungu-abazoviq-ulqin-300x175.jpg 300w\" sizes=\"(max-width: 508px) 100vw, 508px\" \/><\/a><\/p>\n<p>Vitin e kaluar shqiptar\u00ebt u alarmuan \u00a0me moton \u201eRa Ulqini \u201c. P\u00ebr shkak t\u00eb turpit u bashkuan shqiptar\u00ebt, edhe pse ve\u00e7 ekzistonin pazaret e kryera: Forca e Nazif Cungut, q\u00eb shkoi n\u00eb koalicion me DPS t\u00eb Millo Gjukanoviqit, pasi q\u00eb k\u00ebto ishin edhe inicues te zgjedhjeve lokale t\u00eb parakohshme 2014. Koalicioni i nisur ne 2010 UDSH \u2013 DPS ku kryetar i komun\u00ebs s\u00eb Ulqinit kishim G\u00ebzim Hajdinagen, i cili p\u00ebr her\u00eb t\u00eb par\u00eb n\u00eb zgjedhje direkte p\u00ebr kryetar t\u00eb Ulqinit, e mundi direkt rivalin e tij ulqinak, Nazif Cungun (kjo shkoi larg, aq sa edhe \u201chanko-hallat\u201d u prish\u00ebn mes vetit \u2013 Ulqini u cop\u00ebtua pik\u00eb e pes\u00eb, \u00a0saq\u00eb anamalesit as q\u00eb u pyeten ndopak, derisa u erdhi shp\u00ebtimtari \u2013 lala, Fatmiri). Forca e re Demokratike u b\u00eb gati t\u00eb hynte n\u00eb koalicion me koalicionin proserb n\u00eb Mal te Zi \u2013 me Medojeviq. Pasi q\u00eb Cungu \u00ebsht\u00eb biznismen shqiptar, milioner n\u00eb MZ, b\u00ebri presion nga qeverisja vendore dhe u ndal. Filloi t\u00eb merret me kund\u00ebrshtime ndaj Partise t\u00eb Ferhat Dinoshes dhe G\u00ebzim Hajdinag\u00ebs\u00a0 UDSH (partneri koalicion\u00a0 e \u00a0Gjukanoviq). Me k\u00ebt\u00eb Forca e re Demokratike fitoi nj\u00eb simpati tek diaspora shqiptare n\u00eb SHBA, po ashtu edhe figura e dyt\u00eb n\u00eb k\u00ebt\u00eb parti, Genc Nimanbegu , ra n\u00eb sy si shpres\u00eb e nj\u00eb veprimtari shqiptar vendor. Madje, edhe nga diplomacia amerikane, ndoshta me sugjerime nga baxhanaku (grat\u00eb motra) i tij q\u00eb prej vitesh punon n\u00eb Podgorice, n\u00eb\u00a0 Ambasad\u00ebn amerikane, z. Bernard Coba.\u00a0 E t\u00ebra kjo coi deri n\u00eb at\u00eb q\u00eb\u00a0 diplomacia malazeze v\u00ebrejti se po i pregatitej dicka dhe b\u00ebri nj\u00eb rrokad\u00eb shahu dhe nga pushteti hoqi mikun e vjet\u00ebr besnik, Hajdinag\u00ebn (t\u00eb cilin e mban rezerve per nje moment t\u00eb nevojsh\u00ebm) dhe\u00a0 vendosi nje mik t\u00eb ri, Fatmir Gjeka, p\u00ebr\u00e7au UDSH dhe e vendosi n\u00eb pushtet t\u00eb kryetarit t\u00eb Ulqinit,\u00a0 Nazif Cungun.I etur p\u00ebr at\u00eb post, u v\u00ebrsul si bisha, duke i f\u00ebrkuar duart\u00eb,\u00a0 si Tuc Maku te \u201eToka e Jon\u00eb\u201c. I etur p\u00ebr t\u00eb dyfishuar pasurin\u00eb harrojn\u00eb interesin e premtuar komb\u00ebtar dhe nd\u00ebrkombtar, Fatmir Gjeka, i m\u00ebsuar me Hajdinag\u00ebn dhe Cungun u b\u00eb matrapazi me i perkryer n\u00eb\u00a0 politiken shqiptare ne MZ,\u00a0 saqe kur u mbajt\u00ebn zgjedhjet e fundit parlamentare n\u00eb MZ edhe n\u00eb Partin\u00eb (LD n\u00eb MZ) e fundit, e cila kishte mbetur pa b\u00ebr\u00eb zyrtarisht\u00a0 flirt politik me malazez\u00ebt, e shtyu\u00a0 n\u00eb koalicion dhe sot k\u00ebta shqiptar\u00eb, t\u00eb cilet e\u00a0 shp\u00ebtuan Ulqinin mos me ra\u2026 ende i kemi n\u00eb koalicion me Millon \u2013 DPS-n\u00eb.\u00a0 Dhe, p\u00ebrralla vazhdon\u00a0 derisa shqiptaret shtyhen kush te b\u00ebje krushqi (nuse) me malazezet e kush t\u2019i behet dashnore.<\/p>\n<p><a href=\"http:\/\/www.visit-ulcinj.com\/blog\/wp-content\/uploads\/2015\/04\/Hashim-Thaci-Ulqin-4.jpg\"><img loading=\"lazy\" class=\"alignleft wp-image-89813\" src=\"http:\/\/www.visit-ulcinj.com\/blog\/wp-content\/uploads\/2015\/04\/Hashim-Thaci-Ulqin-4.jpg\" alt=\"Hashim-Thaci-Ulqin-4\" width=\"508\" height=\"338\" srcset=\"https:\/\/www.visit-ulcinj.com\/blog\/wp-content\/uploads\/2015\/04\/Hashim-Thaci-Ulqin-4.jpg 960w, https:\/\/www.visit-ulcinj.com\/blog\/wp-content\/uploads\/2015\/04\/Hashim-Thaci-Ulqin-4-300x200.jpg 300w\" sizes=\"(max-width: 508px) 100vw, 508px\" \/><\/a><\/p>\n<p>&nbsp;<\/p>\n<p>Si duket, u shtuan edhe dy krushk\u00eb n\u00eb k\u00ebt\u00eb dasm\u00eb, Edvin Rama dhe Hashim Thaci. Edhe k\u00ebto u bene ulqinake. T\u00eb shohim se a do t\u00eb ndryshoj\u00eb dicka n\u00eb t\u00eb ardhmen. Nga Rama veshtir\u00eb se mund t\u00eb pritet dicka e frytshme. Ai u b\u00eb borxhli dy her\u00eb, pasi q\u00eb ai u ndihmue nga malazezet edhe n\u00eb zgjedhjet e fundit parlamentare n\u00eb Shqip\u00ebri, kur ne Shkoder p\u00ebr her\u00eb t\u00eb par\u00eb pushtetar\u00eb t\u00eb Qeverise malazeze moren pjes\u00eb n\u00eb miting, duke lobuar Edi Ramen. Ishin ministri i Qeverise malazeze: Branimir\u00a0 Gvozdenoviq, Sonja Vllahoviq. Si duket na ra Shkodra e \u201embeti\u00a0 Ulqini\u201c, por k\u00ebt\u00eb do e marrim vesh pas disa brezave si p\u00ebrher\u00eb, se k\u00ebshtu ndodh kur t\u00eb prij\u00eb kombin matrapazi e tregtari.\u00a0 Ne vitet 1992, gjat\u00eb bisedimeve n\u00eb ish Jugosllavi, kur filloi t\u00eb b\u00ebhet fjal\u00eb p\u00ebr Ulqin,Tivar,Tuz, Malesi, Plave e Gusi n\u00eb takim me Lordin Karingthon, shqiptar\u00ebt e k\u00ebtyre trevave shpresuan n\u00eb nj\u00eb Status special n\u00ebn Mal te Zi ,por ky u shujt shpejt, edhe pse k\u00ebtij veprimi i printe LD ne MZ, por e infiltruar m\u00eb shum\u00eb fytyra t\u00eb dyshimta perrreth, kujtojm\u00eb n\u00eb Bruksel nj\u00eb delegacion shqiptar nga MZ, at\u00eb kohe ishte edhe nj\u00eb avokat shqiptar, i cili mbajti q\u00ebndrim shum\u00eb d\u00ebmtues p\u00ebr shqiptar\u00ebt. N\u00eb fund u kerkua p\u00ebr Status special \u2013 reciprocitet p\u00ebr nj\u00eb grusht malazez n\u00eb Shkod\u00ebr.\u00a0 \u201cP\u00ebr shqiptar\u00ebt n\u00ebn Mal t\u00eb Zi nuk ka m\u00eb reciprocitet, ta din\u00eb Rama dhe Tha\u00e7i\u201c, e shuajti k\u00ebt\u00eb shpres\u00eb\u2026.<\/p>\n<p>Por, kontribut i dha vecan\u00ebrisht shoqata prosllave n\u00eb Shkoder \u201e<strong>Udru\u017eenja Srbo-Crnogoraca u Albaniji \u2018Moraca-Rozafa\u2019\u201d, <\/strong>e cila n\u00eb mes t\u00eb Shkodr\u00ebs, si nd\u00ebr breza, edhe sot d\u00ebmton me platforma t\u00eb p\u00ebrkryera shqiptar\u00ebt.\u00a0 Nj\u00eb dit\u00eb para se u celebruan dekoratat n\u00eb Ulqin dhe n\u00eb Shkod\u00ebr u mbajt promovimi i nje libri p\u00ebr Shkodr\u00ebn, i b\u00ebr\u00eb n\u00eb gjuh\u00ebn serbe,ne qirilice, nga Akademiku ne MZ Burovi\u0107 (Akademik Kaplan Burovi\u0107\/ n\u00eb mesin e shum\u00eb veprave t\u00eb tij preferojm\u00eb\u201c Zov Kosova\u201c) i cili n\u00eb t\u00eb v\u00ebrtet\u00eb \u00ebsht\u00eb nje ish-ulqinak, i cili simbas tij i rikthyer n\u00eb ortodoksiz\u00ebm nga islami i njohur me emrin KAPLANA RESULI \u2013\u00a0 Resulbegu, ulqinaku rrjedh nga nje familje ulqinake n\u00eb Kalan\u00eb e Ulqinit t\u00eb ardhur gjat\u00eb perandoris\u00eb osmane nga Bosna. Resulbeget sot jan\u00eb te besuesh\u00ebm, burimor malazez n\u00eb Ulqin(shoku e gjen\u00eb shokun kudo qe shkon n\u00eb \u00e7do kohe). \u00a0Hotelet n\u00eb Kala ku iu shtrua darka kryeministrave i posedojn\u00eb n\u00eb administrim Resulbeget. Miq\u00ebsi kjo e trasheguar q\u00eb n\u00eb koh\u00ebn kur u okupua ( \u201eRa Ulqini \u201c)\u00a0 Ulqini nga Mali i Zi \u2013 Krajl Nikolla Petroviq , i cili me t\u00eb ardhur n\u00eb Ulqin emroi dy Vojvod\u00eb,\u00a0 njerin malazez dhe tjetrin\u00a0 gjoja turk \u2013 ashtu i quanin shqiptaret musliman\u00eb n\u00eb Ulqin e Tivar at\u00eb koh\u00eb. Ata ishin Resulbeg\u00ebt, tash Vojvodet e vet\u00ebm t\u00eb Krajlit malazez n\u00eb Ulqin, por besnikria e agallar\u00ebve e bejler\u00ebsve me nga nj\u00eb, si ata i quajn\u00eb katundare (anamalasit dhe kranjante) po vazhdon ende sot ndaj malazezve.<\/p>\n<p><em><strong>\u00c7\u00ebshtja e problemit kombtar shqiptar n\u00eb Ulqin dhe rrethin\u00eb nd\u00ebr trevat e okupuara shqiptare n\u00eb Mal t\u00eb Zi i ka rr\u00ebnj\u00ebt shum\u00eb thell\u00eb dhe n\u00eb tjet\u00ebrsimet e shqiptareve n\u00eb periudha sunduese t\u00eb ndryshme.<\/strong><\/em><\/p>\n<p>Derisa Tha\u00e7i, shpresojme t\u2019i njoh\u00eb m\u00eb mir\u00eb malazez\u00ebt, edhe pse n\u00eb takimin e parafundit u tregua tejet politikan, duke th\u00ebn\u00eb se me malazezet i kemi pasur pun\u00ebt mire. N\u00ebse mendon p\u00ebr koh\u00ebn kur i kishim\u00a0 <strong>nipa<\/strong> \u00a0Crnojeviq\u00ebt, at\u00ebher\u00eb \u00ebsht\u00eb e drejt\u00eb, por n\u00ebse mendon n\u00eb brezat e fundit, s\u2019i beson kush.<\/p>\n<p>Nj\u00eb th\u00ebnie popullore thot\u00eb: \u00a0\u201cT\u2019i mbash femij\u00ebt n\u00eb preh\u00ebr t\u00eb lagin\u201c. K\u00ebshtu ju pret edhe ju dekorimi n\u00eb Ulqin. Nuk u dekoruat nga t\u00eb par\u00ebt e merituar n\u00eb vend, andaj mos lejoni q\u00eb hilja e radh\u00ebs\u00a0 ndaj shqiptar\u00ebve t\u00eb realizohet.\u00a0 P\u00ebrgatitet q\u00eb s\u00eb shpejti, n\u00eb fund t\u00eb vitit, koalicioni i ri\u00a0 Forca e Re Demokratike dhe DPS \u2013\u00a0 Kryetar i Komunas t\u00eb b\u00ebhet nje ulqina, z. Llunji, nga rradhet e Partise se Milo Gjukanoviqit . Tregoni se jeni qytetar\u00eb ulqinak\u00eb, nga ata patriot\u00eb Ulqinak (Cafo Begu, Don Nikolle Tusha, Hoxhe Llunji, Pjeter Gjura etj) dhe ballafaqohuni me nevojat p\u00ebr shqiptar\u00ebt n\u00eb k\u00ebt\u00eb trev\u00eb ton\u00ebn shekullore! Unifikoni ato parti shqiptare p\u00ebr nje platform\u00eb unike, mund\u00ebsoni nje <strong>Status Special<\/strong> per trevat shqiptare n\u00ebn Mal t\u00eb Zi! Ndaloni urgjentisht ndryshimin e demografis\u00eb t\u00eb vendeve tona! Nderhyni dukshem n\u00eb arsimin shqip t\u00eb brezave shqiptare n\u00eb vend, deri n\u00eb bashkimin e k\u00ebtyre vendeve arbnore, n\u00ebn ambrell\u00ebn e bashkimit mbar\u00ebkombtar.<\/p>\n<p><strong>Burimi: Opozita.com<\/strong><\/p>\n","protected":false},"excerpt":{"rendered":"<p>Shkruan: Skenderbeg Klaiqi, Freiburg \u00a0\u201e P\u00ebr shqiptar\u00ebt n\u00ebn Mal t\u00eb Zi nuk ka m\u00eb reciprocitet, ta din\u00eb Rama e Tha\u00e7i\u201d! (Dekorata \u00ebsht\u00eb nga ulqinaket apo nga shteti malazias?\u2026) \u00a0 \u00a0 \u00a0 \u00a0\u00a0 \u00a0\u00a0A do t\u00eb k\u00ebnaqen malazez\u00ebt me nj\u00eb dekorat\u00eb reciproke, apo duhen dy, ose dicka m\u00eb shum\u00eb? P\u00ebr fat t\u00eb keq, ulqinaket dhe shqiptar\u00ebt [&hellip;]<\/p>\n","protected":false},"author":1,"featured_media":0,"comment_status":"closed","ping_status":"closed","sticky":false,"template":"","format":"standard","meta":{"spay_email":"","jetpack_publicize_message":"","jetpack_is_tweetstorm":false,"jetpack_publicize_feature_enabled":true},"categories":[7,14249],"tags":[],"jetpack_publicize_connections":[],"yoast_head":"<!-- This site is optimized with the Yoast SEO plugin v19.1 - https:\/\/yoast.com\/wordpress\/plugins\/seo\/ -->\n<title>Skenderbeg Klaiqi: Kryetar i Komunes do t\u00eb b\u00ebhet nje ulqinak, z. Llunji - Lajme nga Ulqini<\/title>\n<meta name=\"description\" content=\"Shkruan: Skenderbeg Klaiqi, Freiburg \u00a0\u201e P\u00ebr shqiptar\u00ebt n\u00ebn Mal t\u00eb Zi nuk ka m\u00eb reciprocitet, ta din\u00eb Rama e Tha\u00e7i\u201d! (Dekorata \u00ebsht\u00eb nga ulqinaket apo nga\" \/>\n<meta name=\"robots\" content=\"index, follow, max-snippet:-1, max-image-preview:large, max-video-preview:-1\" \/>\n<link rel=\"canonical\" href=\"https:\/\/www.visit-ulcinj.com\/blog\/2015\/04\/11\/skenderbeg-klaiqi-kryetar-komunes-te-behet-nje-ulqinak-z-llunji\/\" \/>\n<meta property=\"og:locale\" content=\"en_US\" \/>\n<meta property=\"og:type\" content=\"article\" \/>\n<meta property=\"og:title\" content=\"Skenderbeg Klaiqi: Kryetar i Komunes do t\u00eb b\u00ebhet nje ulqinak, z. Llunji - Lajme nga Ulqini\" \/>\n<meta property=\"og:description\" content=\"Shkruan: Skenderbeg Klaiqi, Freiburg \u00a0\u201e P\u00ebr shqiptar\u00ebt n\u00ebn Mal t\u00eb Zi nuk ka m\u00eb reciprocitet, ta din\u00eb Rama e Tha\u00e7i\u201d! (Dekorata \u00ebsht\u00eb nga ulqinaket apo nga\" \/>\n<meta property=\"og:url\" content=\"https:\/\/www.visit-ulcinj.com\/blog\/2015\/04\/11\/skenderbeg-klaiqi-kryetar-komunes-te-behet-nje-ulqinak-z-llunji\/\" \/>\n<meta property=\"og:site_name\" content=\"Lajme nga Ulqini\" \/>\n<meta property=\"article:published_time\" content=\"2015-04-11T19:47:54+00:00\" \/>\n<meta property=\"article:modified_time\" content=\"2015-04-11T20:03:04+00:00\" \/>\n<meta property=\"og:image\" content=\"http:\/\/www.visit-ulcinj.com\/blog\/wp-content\/uploads\/2015\/04\/Skenderbeg-Klaiqi.jpg\" \/>\n<meta name=\"twitter:label1\" content=\"Written by\" \/>\n\t<meta name=\"twitter:data1\" content=\"ulqini\" \/>\n\t<meta name=\"twitter:label2\" content=\"Est. reading time\" \/>\n\t<meta name=\"twitter:data2\" content=\"7 minutes\" \/>\n<script type=\"application\/ld+json\" class=\"yoast-schema-graph\">{\"@context\":\"https:\/\/schema.org\",\"@graph\":[{\"@type\":\"WebSite\",\"@id\":\"https:\/\/www.visit-ulcinj.com\/blog\/#website\",\"url\":\"https:\/\/www.visit-ulcinj.com\/blog\/\",\"name\":\"Lajme nga Ulqini\",\"description\":\"Lajme,Vijesti,Ulqini,Ulqin,Crna Gora,Mali i Zi\",\"potentialAction\":[{\"@type\":\"SearchAction\",\"target\":{\"@type\":\"EntryPoint\",\"urlTemplate\":\"https:\/\/www.visit-ulcinj.com\/blog\/?s={search_term_string}\"},\"query-input\":\"required name=search_term_string\"}],\"inLanguage\":\"en-US\"},{\"@type\":\"ImageObject\",\"inLanguage\":\"en-US\",\"@id\":\"https:\/\/www.visit-ulcinj.com\/blog\/2015\/04\/11\/skenderbeg-klaiqi-kryetar-komunes-te-behet-nje-ulqinak-z-llunji\/#primaryimage\",\"url\":\"http:\/\/www.visit-ulcinj.com\/blog\/wp-content\/uploads\/2015\/04\/Skenderbeg-Klaiqi.jpg\",\"contentUrl\":\"http:\/\/www.visit-ulcinj.com\/blog\/wp-content\/uploads\/2015\/04\/Skenderbeg-Klaiqi.jpg\"},{\"@type\":\"WebPage\",\"@id\":\"https:\/\/www.visit-ulcinj.com\/blog\/2015\/04\/11\/skenderbeg-klaiqi-kryetar-komunes-te-behet-nje-ulqinak-z-llunji\/#webpage\",\"url\":\"https:\/\/www.visit-ulcinj.com\/blog\/2015\/04\/11\/skenderbeg-klaiqi-kryetar-komunes-te-behet-nje-ulqinak-z-llunji\/\",\"name\":\"Skenderbeg Klaiqi: Kryetar i Komunes do t\u00eb b\u00ebhet nje ulqinak, z. Llunji - Lajme nga Ulqini\",\"isPartOf\":{\"@id\":\"https:\/\/www.visit-ulcinj.com\/blog\/#website\"},\"primaryImageOfPage\":{\"@id\":\"https:\/\/www.visit-ulcinj.com\/blog\/2015\/04\/11\/skenderbeg-klaiqi-kryetar-komunes-te-behet-nje-ulqinak-z-llunji\/#primaryimage\"},\"datePublished\":\"2015-04-11T19:47:54+00:00\",\"dateModified\":\"2015-04-11T20:03:04+00:00\",\"author\":{\"@id\":\"https:\/\/www.visit-ulcinj.com\/blog\/#\/schema\/person\/dcab619c614d3038751c63bc2aadc06d\"},\"description\":\"Shkruan: Skenderbeg Klaiqi, Freiburg \u00a0\u201e P\u00ebr shqiptar\u00ebt n\u00ebn Mal t\u00eb Zi nuk ka m\u00eb reciprocitet, ta din\u00eb Rama e Tha\u00e7i\u201d! (Dekorata \u00ebsht\u00eb nga ulqinaket apo nga\",\"breadcrumb\":{\"@id\":\"https:\/\/www.visit-ulcinj.com\/blog\/2015\/04\/11\/skenderbeg-klaiqi-kryetar-komunes-te-behet-nje-ulqinak-z-llunji\/#breadcrumb\"},\"inLanguage\":\"en-US\",\"potentialAction\":[{\"@type\":\"ReadAction\",\"target\":[\"https:\/\/www.visit-ulcinj.com\/blog\/2015\/04\/11\/skenderbeg-klaiqi-kryetar-komunes-te-behet-nje-ulqinak-z-llunji\/\"]}]},{\"@type\":\"BreadcrumbList\",\"@id\":\"https:\/\/www.visit-ulcinj.com\/blog\/2015\/04\/11\/skenderbeg-klaiqi-kryetar-komunes-te-behet-nje-ulqinak-z-llunji\/#breadcrumb\",\"itemListElement\":[{\"@type\":\"ListItem\",\"position\":1,\"name\":\"Skenderbeg Klaiqi: Kryetar i Komunes do t\u00eb b\u00ebhet nje ulqinak, z. Llunji\"}]},{\"@type\":\"Person\",\"@id\":\"https:\/\/www.visit-ulcinj.com\/blog\/#\/schema\/person\/dcab619c614d3038751c63bc2aadc06d\",\"name\":\"ulqini\",\"sameAs\":[\"http:\/\/www.visit-ulcinj.com\"],\"url\":\"https:\/\/www.visit-ulcinj.com\/blog\/author\/admin\/\"}]}<\/script>\n<!-- \/ Yoast SEO plugin. -->","yoast_head_json":{"title":"Skenderbeg Klaiqi: Kryetar i Komunes do t\u00eb b\u00ebhet nje ulqinak, z. Llunji - Lajme nga Ulqini","description":"Shkruan: Skenderbeg Klaiqi, Freiburg \u00a0\u201e P\u00ebr shqiptar\u00ebt n\u00ebn Mal t\u00eb Zi nuk ka m\u00eb reciprocitet, ta din\u00eb Rama e Tha\u00e7i\u201d! (Dekorata \u00ebsht\u00eb nga ulqinaket apo nga","robots":{"index":"index","follow":"follow","max-snippet":"max-snippet:-1","max-image-preview":"max-image-preview:large","max-video-preview":"max-video-preview:-1"},"canonical":"https:\/\/www.visit-ulcinj.com\/blog\/2015\/04\/11\/skenderbeg-klaiqi-kryetar-komunes-te-behet-nje-ulqinak-z-llunji\/","og_locale":"en_US","og_type":"article","og_title":"Skenderbeg Klaiqi: Kryetar i Komunes do t\u00eb b\u00ebhet nje ulqinak, z. Llunji - Lajme nga Ulqini","og_description":"Shkruan: Skenderbeg Klaiqi, Freiburg \u00a0\u201e P\u00ebr shqiptar\u00ebt n\u00ebn Mal t\u00eb Zi nuk ka m\u00eb reciprocitet, ta din\u00eb Rama e Tha\u00e7i\u201d! (Dekorata \u00ebsht\u00eb nga ulqinaket apo nga","og_url":"https:\/\/www.visit-ulcinj.com\/blog\/2015\/04\/11\/skenderbeg-klaiqi-kryetar-komunes-te-behet-nje-ulqinak-z-llunji\/","og_site_name":"Lajme nga Ulqini","article_published_time":"2015-04-11T19:47:54+00:00","article_modified_time":"2015-04-11T20:03:04+00:00","og_image":[{"url":"http:\/\/www.visit-ulcinj.com\/blog\/wp-content\/uploads\/2015\/04\/Skenderbeg-Klaiqi.jpg"}],"twitter_misc":{"Written by":"ulqini","Est. reading time":"7 minutes"},"schema":{"@context":"https:\/\/schema.org","@graph":[{"@type":"WebSite","@id":"https:\/\/www.visit-ulcinj.com\/blog\/#website","url":"https:\/\/www.visit-ulcinj.com\/blog\/","name":"Lajme nga Ulqini","description":"Lajme,Vijesti,Ulqini,Ulqin,Crna Gora,Mali i Zi","potentialAction":[{"@type":"SearchAction","target":{"@type":"EntryPoint","urlTemplate":"https:\/\/www.visit-ulcinj.com\/blog\/?s={search_term_string}"},"query-input":"required name=search_term_string"}],"inLanguage":"en-US"},{"@type":"ImageObject","inLanguage":"en-US","@id":"https:\/\/www.visit-ulcinj.com\/blog\/2015\/04\/11\/skenderbeg-klaiqi-kryetar-komunes-te-behet-nje-ulqinak-z-llunji\/#primaryimage","url":"http:\/\/www.visit-ulcinj.com\/blog\/wp-content\/uploads\/2015\/04\/Skenderbeg-Klaiqi.jpg","contentUrl":"http:\/\/www.visit-ulcinj.com\/blog\/wp-content\/uploads\/2015\/04\/Skenderbeg-Klaiqi.jpg"},{"@type":"WebPage","@id":"https:\/\/www.visit-ulcinj.com\/blog\/2015\/04\/11\/skenderbeg-klaiqi-kryetar-komunes-te-behet-nje-ulqinak-z-llunji\/#webpage","url":"https:\/\/www.visit-ulcinj.com\/blog\/2015\/04\/11\/skenderbeg-klaiqi-kryetar-komunes-te-behet-nje-ulqinak-z-llunji\/","name":"Skenderbeg Klaiqi: Kryetar i Komunes do t\u00eb b\u00ebhet nje ulqinak, z. Llunji - Lajme nga Ulqini","isPartOf":{"@id":"https:\/\/www.visit-ulcinj.com\/blog\/#website"},"primaryImageOfPage":{"@id":"https:\/\/www.visit-ulcinj.com\/blog\/2015\/04\/11\/skenderbeg-klaiqi-kryetar-komunes-te-behet-nje-ulqinak-z-llunji\/#primaryimage"},"datePublished":"2015-04-11T19:47:54+00:00","dateModified":"2015-04-11T20:03:04+00:00","author":{"@id":"https:\/\/www.visit-ulcinj.com\/blog\/#\/schema\/person\/dcab619c614d3038751c63bc2aadc06d"},"description":"Shkruan: Skenderbeg Klaiqi, Freiburg \u00a0\u201e P\u00ebr shqiptar\u00ebt n\u00ebn Mal t\u00eb Zi nuk ka m\u00eb reciprocitet, ta din\u00eb Rama e Tha\u00e7i\u201d! (Dekorata \u00ebsht\u00eb nga ulqinaket apo nga","breadcrumb":{"@id":"https:\/\/www.visit-ulcinj.com\/blog\/2015\/04\/11\/skenderbeg-klaiqi-kryetar-komunes-te-behet-nje-ulqinak-z-llunji\/#breadcrumb"},"inLanguage":"en-US","potentialAction":[{"@type":"ReadAction","target":["https:\/\/www.visit-ulcinj.com\/blog\/2015\/04\/11\/skenderbeg-klaiqi-kryetar-komunes-te-behet-nje-ulqinak-z-llunji\/"]}]},{"@type":"BreadcrumbList","@id":"https:\/\/www.visit-ulcinj.com\/blog\/2015\/04\/11\/skenderbeg-klaiqi-kryetar-komunes-te-behet-nje-ulqinak-z-llunji\/#breadcrumb","itemListElement":[{"@type":"ListItem","position":1,"name":"Skenderbeg Klaiqi: Kryetar i Komunes do t\u00eb b\u00ebhet nje ulqinak, z. Llunji"}]},{"@type":"Person","@id":"https:\/\/www.visit-ulcinj.com\/blog\/#\/schema\/person\/dcab619c614d3038751c63bc2aadc06d","name":"ulqini","sameAs":["http:\/\/www.visit-ulcinj.com"],"url":"https:\/\/www.visit-ulcinj.com\/blog\/author\/admin\/"}]}},"jetpack_featured_media_url":"","jetpack_sharing_enabled":true,"jetpack_shortlink":"https:\/\/wp.me\/pe6lTn-np5","_links":{"self":[{"href":"https:\/\/www.visit-ulcinj.com\/blog\/wp-json\/wp\/v2\/posts\/89967"}],"collection":[{"href":"https:\/\/www.visit-ulcinj.com\/blog\/wp-json\/wp\/v2\/posts"}],"about":[{"href":"https:\/\/www.visit-ulcinj.com\/blog\/wp-json\/wp\/v2\/types\/post"}],"author":[{"embeddable":true,"href":"https:\/\/www.visit-ulcinj.com\/blog\/wp-json\/wp\/v2\/users\/1"}],"replies":[{"embeddable":true,"href":"https:\/\/www.visit-ulcinj.com\/blog\/wp-json\/wp\/v2\/comments?post=89967"}],"version-history":[{"count":1,"href":"https:\/\/www.visit-ulcinj.com\/blog\/wp-json\/wp\/v2\/posts\/89967\/revisions"}],"predecessor-version":[{"id":89969,"href":"https:\/\/www.visit-ulcinj.com\/blog\/wp-json\/wp\/v2\/posts\/89967\/revisions\/89969"}],"wp:attachment":[{"href":"https:\/\/www.visit-ulcinj.com\/blog\/wp-json\/wp\/v2\/media?parent=89967"}],"wp:term":[{"taxonomy":"category","embeddable":true,"href":"https:\/\/www.visit-ulcinj.com\/blog\/wp-json\/wp\/v2\/categories?post=89967"},{"taxonomy":"post_tag","embeddable":true,"href":"https:\/\/www.visit-ulcinj.com\/blog\/wp-json\/wp\/v2\/tags?post=89967"}],"curies":[{"name":"wp","href":"https:\/\/api.w.org\/{rel}","templated":true}]}}