{"id":89972,"date":"2015-04-11T21:02:15","date_gmt":"2015-04-11T20:02:15","guid":{"rendered":"http:\/\/www.visit-ulcinj.com\/blog\/?p=89972"},"modified":"2015-04-11T21:02:15","modified_gmt":"2015-04-11T20:02:15","slug":"nexhat-haziri-rama-dhe-thaci-qytetaret-e-pa-ndershem-te-ulqinit","status":"publish","type":"post","link":"https:\/\/www.visit-ulcinj.com\/blog\/2015\/04\/11\/nexhat-haziri-rama-dhe-thaci-qytetaret-e-pa-ndershem-te-ulqinit\/","title":{"rendered":"Nexhat Haziri: Rama dhe Tha\u00e7i, qytetar\u00ebt e (pa) ndersh\u00ebm t\u00eb Ulqinit"},"content":{"rendered":"<p><strong><a href=\"http:\/\/www.visit-ulcinj.com\/blog\/wp-content\/uploads\/2015\/04\/Nexhat-Haziri.jpg\"><img loading=\"lazy\" class=\"alignleft wp-image-89973\" src=\"http:\/\/www.visit-ulcinj.com\/blog\/wp-content\/uploads\/2015\/04\/Nexhat-Haziri.jpg\" alt=\"Nexhat Haziri\" width=\"508\" height=\"400\" \/><\/a>At\u00ebher\u00eb \u00e7far\u00eb u dashka \u00e7mimi qytetar nderi p\u00ebr k\u00ebta dy burra t\u00eb cil\u00ebt vet\u00eb pat\u00ebn k\u00ebrkuar nga ,kryetari i komun\u00ebs s\u00eb Ulqinit Fatmir Gjeka , q\u00eb tua b\u00ebj\u00eb k\u00ebt\u00eb &#8220;nder&#8221;, n\u00eb vizitat paraprake, t\u00eb cilin k\u00ebta do ta varin si medaljon n\u00eb qaf\u00eb p\u00ebr q\u00ebllime dhe ambicie t\u00eb tyre personale politike.<\/strong><\/p>\n<p>Ndarja e \u00e7mimit qytetar nderi t\u00eb Komun\u00ebs s\u00eb Ulqinit, kryeministri i Shqip\u00ebris\u00eb Edi Rama dhe z\u00ebvend\u00ebskryeministri dhe ministri i pun\u00ebve t\u00eb jashtme i Kosov\u00ebs Hashim Tha\u00e7i, nga ana e kryetarit t\u00eb Komun\u00ebs, Fatmir Gjeka, dit\u00eb m\u00eb par\u00eb akoma po p\u00ebrcillet me polemika t\u00eb shumta n\u00eb opinionin malazez por edhe at\u00eb shqiptar, nese kryetari Gjeka i kishte p\u00ebrfillur t\u00eb gjitha procedurat me rastin e marr\u00ebjes s\u00eb k\u00ebtij vendimi.Nj\u00eb gj\u00eb dihet, qeveria malazeze nuk do ta prish k\u00ebt\u00eb vendim t\u00eb kryetarit Gjeka, edhe pse ky i fundit vete e kishte pranuar se nuk kishte vendim t\u00eb kuvendit t\u00eb Komun\u00ebs s\u00eb Ulqinit p\u00ebr ndarjen e k\u00ebtij \u00e7mimi p\u00ebr Ram\u00ebn dhe Tha\u00e7in, por k\u00ebt\u00eb e kishte b\u00ebr\u00eb siq u shpreh ai n\u00eb konsultim me partit\u00eb politike.<\/p>\n<p>Dhe mos prishja e k\u00ebtij vendimi nga niveli qendror \u00ebsht\u00eb p\u00ebr arsyje t\u00eb mardh\u00ebnjeve t\u00eb mira q\u00eb kan\u00eb Rama , Tha\u00e7i me kryeministrin malazez Milo Gjukanoviq, mardh\u00ebnje k\u00ebto q\u00eb cil\u00ebsohen t\u00eb jen\u00eb m\u00eb shum\u00eb p\u00ebrsonale dhe klanore, sidomos n\u00eb kontrabandim dhe p\u00ebrfitime t\u00eb majme q\u00eb p\u00ebrfitojn\u00eb k\u00ebta, dhe kjo nuk \u00ebsht\u00eb e panjohur n\u00eb realitetin ballkanik, sesa p\u00ebr mardh\u00ebnje q\u00eb karakterizojn\u00eb zhvillim, dhe respektim reciprok t\u00eb standard\u00ebve eurpoane p\u00ebr t\u00eb drejtat e qytetar\u00ebve pakic\u00eb q\u00eb jetojn\u00eb n\u00eb vendet e p\u00ebrfaqsuara apo t\u00eb udh\u00ebhequra nga k\u00ebta lider.<\/p>\n<p>Por, nese p\u00ebr nj\u00eb moment edhe un\u00eb b\u00ebhem patriot romantik, edhe mund t\u00eb them\u00eb: P\u00ebr inat t\u00eb &#8220;shkive&#8221; duhet t\u00eb p\u00ebrg\u00ebzuar k\u00ebt\u00eb veprim t\u00eb kryetarit t\u00eb Komun\u00ebs s\u00eb Ulqinit, z. Fatmir Gjeka.Por, a duhet t\u00eb jet\u00eb kjo e vetmja arsye q\u00eb k\u00ebtyre burrave tu ndahet ky \u00e7mim.Them\u00eb se jo dhe besoj se k\u00ebt\u00eb e ndaj\u00eb m\u00eb shum\u00eb lexues t\u00eb mundsh\u00ebm.\u00c7far nderi i b\u00ebn k\u00ebta Ulqinit, cfar i ofruan dhe e ndihmuan qutetin dhe ulqinak\u00ebt.<\/p>\n<p>\u00c7far personifikojn\u00eb k\u00ebta dy lider politik p\u00ebr politikan\u00ebt lokal t\u00eb Ulqinit dhe mjafton nj\u00eb v\u00ebshtrim i shkurt\u00ebr gjendjes n\u00eb Shqip\u00ebri dhe Kosov\u00eb, ku regresi prek t\u00eb gjitha poret e jetes s\u00eb qytetar\u00ebve t\u00eb k\u00ebtyre dy vendeve, pra, nuk jan\u00eb model i nj\u00eb qeverisje t\u00eb mir\u00eb as n\u00eb Shqip\u00ebri e cila \u00ebsht\u00eb sh\u00ebndrruar n\u00eb nj\u00eb republik\u00eb t\u00eb tritolit as n\u00eb Kosov\u00eb e cila \u00ebsht\u00eb m\u00eb keq dhe m\u00eb e izoluar sa edhe vet Korea Veriore. E po cfar b\u00ebn\u00eb p\u00ebr Ulqinin.<\/p>\n<p>A u munduan k\u00ebt\u00eb lider, Rama e Thaci, s\u00eb paku t\u00eb pyesin se cili \u00ebsht\u00eb standarti i arsimimit n\u00eb shkollat shqipe n\u00eb Ulqin dhe gjithandej vendbanimeve shqiptare ne Mal t\u00eb Zi, cila \u00ebsht\u00eb literatura e tyre dhe sa i plot\u00ebson nevojat e tyre p\u00ebr m\u00ebsim nx\u00ebnje n\u00eb gjuh\u00ebn shqipe. Sa \u00ebsht\u00eb e mjaftueshme kuota e p\u00ebrcaktuar p\u00ebr rexhistrim t\u00eb student\u00ebve nga Ulqini dhe Mal\u00ebsia e Madhe n\u00eb universitet shtetrore n\u00eb Tiran\u00eb dhe Prishtin\u00eb. \u00c7far\u00eb b\u00ebn p\u00ebr Malsin\u00eb e madhe, q\u00eb kjo trev\u00eb mos t\u00eb boshatiset nga popullata shqiptare, e cila \u00ebsht\u00eb e diskriminuar nga politika e padrejt\u00eb dhe anti humane e qeveris\u00eb s\u00eb Podgoric\u00ebs, e cila po godet cdo pore t\u00eb jetes s\u00eb malsorit n\u00eb k\u00ebto treva.<\/p>\n<p>A k\u00ebrkuan nga qeveria malazeze ndeprerjen e k\u00ebsaj politike dhe avansimin e t\u00eb drejtave legjitime t\u00eb shqiptar\u00ebve n\u00eb Ulqin dhe Mal\u00ebsin\u00eb e madhe, siq \u00ebsht\u00eb edhe pranimi i kerkes\u00ebs legjitime t\u00eb shqptar\u00ebve p\u00ebr komun\u00ebn e dyt\u00eb t\u00eb tyre n\u00eb k\u00ebt\u00eb vend, at\u00eb t\u00eb Tuzit.A ndihmuan me ndonj\u00eb fond forcimin dhe ruajtjen e kultur\u00ebs dhe tradit\u00ebs shqiptare qoft\u00eb me sponzorizime t\u00eb t\u00eb botimeve shkencore e historike t\u00eb librave p\u00ebr kultur\u00ebn dhe tradit\u00ebn shqiptare n\u00eb Ulqin dhe n\u00eb Mal\u00ebsin\u00eb e madhe.P\u00ebrgjigja \u00ebsht\u00eb JO. Dhe kjo p\u00ebrshkak t\u00eb politik\u00ebs servile q\u00eb ndjekin Tirana dhe Prishtina me t\u00eb gjitha shtet\u00ebt fqinje n\u00eb t\u00eb cilat jetojn\u00eb edhe shqiptar\u00ebt. N\u00eb aspektin komb\u00ebtar, gjendja e shqiptar\u00ebve n\u00eb Mal t\u00eb Zi \u00ebsht\u00eb n\u00eb nivele alarmante dhe tep\u00ebr shqet\u00ebsuese.<\/p>\n<p>P\u00ebrqindja e tyre n\u00eb nivel shtet\u00ebror arrin n\u00eb 4,91% nga 7% q\u00eb ishte nj\u00eb dekad\u00eb m\u00eb par\u00eb. N\u00eb Mal\u00ebsi, me qend\u00ebr Tuzin, kemi rreth 64% shqiptar, n\u00eb koh\u00ebn kur n\u00eb 2003 kishim 84%, nd\u00ebrsa n\u00eb vitin 1993 kishim mbi 95%. N\u00eb Ulqin kemi rreth 72% shqiptar aktualisht. K\u00ebto jan\u00eb dy qytetet m\u00eb t\u00eb m\u00ebdha n\u00eb Mal t\u00eb Zi t\u00eb banuara me shqiptar\u00eb. Politika e pushtetit qeveritar ndaj shqiptar\u00ebve \u00ebsht\u00eb e pa emancipuar, tep\u00ebr diskriminuese, asimiluese, rrjedhimisht me q\u00ebllime t\u00eb spastrimit etnik p\u00ebrmes formave mohuese t\u00eb zhvillimit ekonomiko \u2013 shoq\u00ebror. Edhe pse sot kemi hyr\u00eb n\u00eb rrug\u00ebt e integrimit evropian, ende vazhdon politika asimiluese dhe e krijimit \u201ct\u00eb kushteve p\u00ebr d\u00ebbim\u201d t\u00eb shqiptar\u00ebve nga tokat e tyre.<\/p>\n<p>N\u00eb Plav\u00eb e Guci, Tivar dhe Rozhaj\u00eb, numri i shqiptar\u00ebve \u00ebsht\u00eb n\u00eb p\u00ebrqindje shum\u00eb t\u00eb vog\u00ebl dhe rrezikon q\u00eb s\u00eb shpejti t\u00eb mbes\u00eb vet\u00ebm let\u00ebr e historis\u00eb, siq e p\u00ebrshkruan publicisti dhe aktivisti p\u00ebr t\u00eb drejtat e njeriut, Anton Lulgjuraj. .As Rama e as Tha\u00e7i, e as parar\u00ebnd\u00ebsit e tyre nuk k\u00ebrkuan sqarim nga qeveria malazeze p\u00ebr aksionin fam\u00eb keq &#8220;Fluturimi i Shqiponj\u00ebs&#8221; ku n\u00eb vitin 2006, nga policia malazeze u arrestuan dhe u torturuan 18 shqiptar\u00eb me nj\u00eb akuz\u00eb krejt\u00ebsisht t\u00eb montuar dhe motivuar anti shqiptare, q\u00eb p\u00ebr q\u00ebllim kishin friksimin e shqiptar\u00ebve dhe inicimin e shp\u00ebrnguljes s\u00eb tyre nga trevat e tyre shekullore.<\/p>\n<p>As Rama e As Tha\u00e7i nuk morr\u00ebn mundin q\u00eb sivjet\u00eb n\u00eb 70 vjetorin e masakr\u00ebs s\u00eb Tivarit, ku nga komunistet jugosllav\u00eb u pushkatuan pabesisht mbi 4000 shqiptar, t\u00eb benin homazhe dhe t\u00eb kerkonin nga qeveria malazez lejen p\u00ebr ngritjen e nj\u00eb pllake p\u00ebrkujtimore ne vendin e quajtur nd\u00ebrtesa e Monopolit t\u00eb Duhanit.Nuk e di nese Rama dhe Tha\u00e7i, i kan\u00eb par\u00eb qindra shqiptar nga Shqip\u00ebria dhe Kosova n\u00eb t\u00eb ashtuquajturin Lama e pun\u00ebtor\u00ebve, apo m\u00eb mire t\u00eb themi t\u00eb skllav\u00ebve n\u00eb t\u00eb dy an\u00ebt e rrug\u00ebs nga ka kaluar ekskorda e tyre, q\u00eb mundohen ta sigurojn\u00eb kafshat\u00ebn e goj\u00ebs me pun\u00eb t\u00eb r\u00ebnda e pa kushte, t\u00eb abuzuar dhe t\u00eb trajtuar si qen.<\/p>\n<p>Natyrisht se para k\u00ebsaj shfaqje t\u00eb mjerimit dhe turpit ata edhe kan\u00eb mundur q\u00eb mos ta hedhin shikimin e tyre n\u00eb drejtim t\u00eb k\u00ebtyre njer\u00ebzve t\u00eb cil\u00ebt m\u00eb s\u00eb miri personifikojn\u00eb gjendjen e mjer\u00eb n\u00eb vendet e tyre t\u00eb qeverusura nga soji i politikan\u00ebve si Rama e Tha\u00e7i. At\u00ebher\u00eb cfar u deshka \u00e7mimi qytetar nderi p\u00ebr k\u00ebta dy burra t\u00eb cil\u00ebt vet\u00eb pat\u00ebn kerkuar nga ,kryetari i komun\u00ebs s\u00eb Ulqinit Fatmir Gjeka , q\u00eb tua b\u00ebj\u00eb k\u00ebt\u00eb &#8220;nder&#8221;, n\u00eb vizitat paraprake, t\u00eb cilin k\u00ebta do ta varin si medaljon n\u00eb qaf\u00eb p\u00ebr q\u00ebllime dhe ambicje t\u00eb tyre personale politike., Rama p\u00ebr tu konfirmuar si lider i shqiptar\u00ebve n\u00eb Ballkan dhe p\u00ebr ta shfrytzuar po ashtu p\u00ebr marketing politik n\u00eb prag\u00eb t\u00eb zgjedhjeve vendore q\u00eb do t\u00eb mbahen n\u00eb qershor n\u00eb Shqip\u00ebri, dhe n\u00eb an\u00ebn tjet\u00ebr z.Tha\u00e7i n\u00eb rrug\u00ebn e tij t\u00eb permbushjes s\u00eb ambicjes politike p\u00ebr tu b\u00ebr\u00eb president i Kosov\u00ebs.Epo me k\u00ebt\u00eb rast edhe un\u00eb dua ta ndaj k\u00ebt\u00eb lajm me ju. Me kerkes\u00ebn time, Madakaskari edhe mua do t\u00eb m\u00eb shpall\u00eb qytetar nderi.Dhe me k\u00ebt\u00eb rast p\u00ebrg\u00ebzoj gjith\u00eb &#8220;qutetar\u00ebt&#8221; e Kosov\u00ebs. Na koft\u00eb p\u00ebrhajr.<\/p>\n<p>Bota Sot<\/p>\n","protected":false},"excerpt":{"rendered":"<p>At\u00ebher\u00eb \u00e7far\u00eb u dashka \u00e7mimi qytetar nderi p\u00ebr k\u00ebta dy burra t\u00eb cil\u00ebt vet\u00eb pat\u00ebn k\u00ebrkuar nga ,kryetari i komun\u00ebs s\u00eb Ulqinit Fatmir Gjeka , q\u00eb tua b\u00ebj\u00eb k\u00ebt\u00eb &#8220;nder&#8221;, n\u00eb vizitat paraprake, t\u00eb cilin k\u00ebta do ta varin si medaljon n\u00eb qaf\u00eb p\u00ebr q\u00ebllime dhe ambicie t\u00eb tyre personale politike. Ndarja e \u00e7mimit qytetar [&hellip;]<\/p>\n","protected":false},"author":1,"featured_media":0,"comment_status":"closed","ping_status":"closed","sticky":false,"template":"","format":"standard","meta":{"spay_email":"","jetpack_publicize_message":"","jetpack_is_tweetstorm":false,"jetpack_publicize_feature_enabled":true},"categories":[14249],"tags":[],"jetpack_publicize_connections":[],"yoast_head":"<!-- This site is optimized with the Yoast SEO plugin v19.1 - https:\/\/yoast.com\/wordpress\/plugins\/seo\/ -->\n<title>Nexhat Haziri: Rama dhe Tha\u00e7i, qytetar\u00ebt e (pa) ndersh\u00ebm t\u00eb Ulqinit - Lajme nga Ulqini<\/title>\n<meta name=\"description\" content=\"At\u00ebher\u00eb \u00e7far\u00eb u dashka \u00e7mimi qytetar nderi p\u00ebr k\u00ebta dy burra t\u00eb cil\u00ebt vet\u00eb pat\u00ebn k\u00ebrkuar nga ,kryetari i komun\u00ebs s\u00eb Ulqinit Fatmir Gjeka , q\u00eb tua b\u00ebj\u00eb\" \/>\n<meta name=\"robots\" content=\"index, follow, max-snippet:-1, max-image-preview:large, max-video-preview:-1\" \/>\n<link rel=\"canonical\" href=\"https:\/\/www.visit-ulcinj.com\/blog\/2015\/04\/11\/nexhat-haziri-rama-dhe-thaci-qytetaret-e-pa-ndershem-te-ulqinit\/\" \/>\n<meta property=\"og:locale\" content=\"en_US\" \/>\n<meta property=\"og:type\" content=\"article\" \/>\n<meta property=\"og:title\" content=\"Nexhat Haziri: Rama dhe Tha\u00e7i, qytetar\u00ebt e (pa) ndersh\u00ebm t\u00eb Ulqinit - Lajme nga Ulqini\" \/>\n<meta property=\"og:description\" content=\"At\u00ebher\u00eb \u00e7far\u00eb u dashka \u00e7mimi qytetar nderi p\u00ebr k\u00ebta dy burra t\u00eb cil\u00ebt vet\u00eb pat\u00ebn k\u00ebrkuar nga ,kryetari i komun\u00ebs s\u00eb Ulqinit Fatmir Gjeka , q\u00eb tua b\u00ebj\u00eb\" \/>\n<meta property=\"og:url\" content=\"https:\/\/www.visit-ulcinj.com\/blog\/2015\/04\/11\/nexhat-haziri-rama-dhe-thaci-qytetaret-e-pa-ndershem-te-ulqinit\/\" \/>\n<meta property=\"og:site_name\" content=\"Lajme nga Ulqini\" \/>\n<meta property=\"article:published_time\" content=\"2015-04-11T20:02:15+00:00\" \/>\n<meta property=\"og:image\" content=\"http:\/\/www.visit-ulcinj.com\/blog\/wp-content\/uploads\/2015\/04\/Nexhat-Haziri.jpg\" \/>\n<meta name=\"twitter:label1\" content=\"Written by\" \/>\n\t<meta name=\"twitter:data1\" content=\"ulqini\" \/>\n\t<meta name=\"twitter:label2\" content=\"Est. reading time\" \/>\n\t<meta name=\"twitter:data2\" content=\"7 minutes\" \/>\n<script type=\"application\/ld+json\" class=\"yoast-schema-graph\">{\"@context\":\"https:\/\/schema.org\",\"@graph\":[{\"@type\":\"WebSite\",\"@id\":\"https:\/\/www.visit-ulcinj.com\/blog\/#website\",\"url\":\"https:\/\/www.visit-ulcinj.com\/blog\/\",\"name\":\"Lajme nga Ulqini\",\"description\":\"Lajme,Vijesti,Ulqini,Ulqin,Crna Gora,Mali i Zi\",\"potentialAction\":[{\"@type\":\"SearchAction\",\"target\":{\"@type\":\"EntryPoint\",\"urlTemplate\":\"https:\/\/www.visit-ulcinj.com\/blog\/?s={search_term_string}\"},\"query-input\":\"required name=search_term_string\"}],\"inLanguage\":\"en-US\"},{\"@type\":\"ImageObject\",\"inLanguage\":\"en-US\",\"@id\":\"https:\/\/www.visit-ulcinj.com\/blog\/2015\/04\/11\/nexhat-haziri-rama-dhe-thaci-qytetaret-e-pa-ndershem-te-ulqinit\/#primaryimage\",\"url\":\"http:\/\/www.visit-ulcinj.com\/blog\/wp-content\/uploads\/2015\/04\/Nexhat-Haziri.jpg\",\"contentUrl\":\"http:\/\/www.visit-ulcinj.com\/blog\/wp-content\/uploads\/2015\/04\/Nexhat-Haziri.jpg\"},{\"@type\":\"WebPage\",\"@id\":\"https:\/\/www.visit-ulcinj.com\/blog\/2015\/04\/11\/nexhat-haziri-rama-dhe-thaci-qytetaret-e-pa-ndershem-te-ulqinit\/#webpage\",\"url\":\"https:\/\/www.visit-ulcinj.com\/blog\/2015\/04\/11\/nexhat-haziri-rama-dhe-thaci-qytetaret-e-pa-ndershem-te-ulqinit\/\",\"name\":\"Nexhat Haziri: Rama dhe Tha\u00e7i, qytetar\u00ebt e (pa) ndersh\u00ebm t\u00eb Ulqinit - Lajme nga Ulqini\",\"isPartOf\":{\"@id\":\"https:\/\/www.visit-ulcinj.com\/blog\/#website\"},\"primaryImageOfPage\":{\"@id\":\"https:\/\/www.visit-ulcinj.com\/blog\/2015\/04\/11\/nexhat-haziri-rama-dhe-thaci-qytetaret-e-pa-ndershem-te-ulqinit\/#primaryimage\"},\"datePublished\":\"2015-04-11T20:02:15+00:00\",\"dateModified\":\"2015-04-11T20:02:15+00:00\",\"author\":{\"@id\":\"https:\/\/www.visit-ulcinj.com\/blog\/#\/schema\/person\/dcab619c614d3038751c63bc2aadc06d\"},\"description\":\"At\u00ebher\u00eb \u00e7far\u00eb u dashka \u00e7mimi qytetar nderi p\u00ebr k\u00ebta dy burra t\u00eb cil\u00ebt vet\u00eb pat\u00ebn k\u00ebrkuar nga ,kryetari i komun\u00ebs s\u00eb Ulqinit Fatmir Gjeka , q\u00eb tua b\u00ebj\u00eb\",\"breadcrumb\":{\"@id\":\"https:\/\/www.visit-ulcinj.com\/blog\/2015\/04\/11\/nexhat-haziri-rama-dhe-thaci-qytetaret-e-pa-ndershem-te-ulqinit\/#breadcrumb\"},\"inLanguage\":\"en-US\",\"potentialAction\":[{\"@type\":\"ReadAction\",\"target\":[\"https:\/\/www.visit-ulcinj.com\/blog\/2015\/04\/11\/nexhat-haziri-rama-dhe-thaci-qytetaret-e-pa-ndershem-te-ulqinit\/\"]}]},{\"@type\":\"BreadcrumbList\",\"@id\":\"https:\/\/www.visit-ulcinj.com\/blog\/2015\/04\/11\/nexhat-haziri-rama-dhe-thaci-qytetaret-e-pa-ndershem-te-ulqinit\/#breadcrumb\",\"itemListElement\":[{\"@type\":\"ListItem\",\"position\":1,\"name\":\"Nexhat Haziri: Rama dhe Tha\u00e7i, qytetar\u00ebt e (pa) ndersh\u00ebm t\u00eb Ulqinit\"}]},{\"@type\":\"Person\",\"@id\":\"https:\/\/www.visit-ulcinj.com\/blog\/#\/schema\/person\/dcab619c614d3038751c63bc2aadc06d\",\"name\":\"ulqini\",\"sameAs\":[\"http:\/\/www.visit-ulcinj.com\"],\"url\":\"https:\/\/www.visit-ulcinj.com\/blog\/author\/admin\/\"}]}<\/script>\n<!-- \/ Yoast SEO plugin. -->","yoast_head_json":{"title":"Nexhat Haziri: Rama dhe Tha\u00e7i, qytetar\u00ebt e (pa) ndersh\u00ebm t\u00eb Ulqinit - Lajme nga Ulqini","description":"At\u00ebher\u00eb \u00e7far\u00eb u dashka \u00e7mimi qytetar nderi p\u00ebr k\u00ebta dy burra t\u00eb cil\u00ebt vet\u00eb pat\u00ebn k\u00ebrkuar nga ,kryetari i komun\u00ebs s\u00eb Ulqinit Fatmir Gjeka , q\u00eb tua b\u00ebj\u00eb","robots":{"index":"index","follow":"follow","max-snippet":"max-snippet:-1","max-image-preview":"max-image-preview:large","max-video-preview":"max-video-preview:-1"},"canonical":"https:\/\/www.visit-ulcinj.com\/blog\/2015\/04\/11\/nexhat-haziri-rama-dhe-thaci-qytetaret-e-pa-ndershem-te-ulqinit\/","og_locale":"en_US","og_type":"article","og_title":"Nexhat Haziri: Rama dhe Tha\u00e7i, qytetar\u00ebt e (pa) ndersh\u00ebm t\u00eb Ulqinit - Lajme nga Ulqini","og_description":"At\u00ebher\u00eb \u00e7far\u00eb u dashka \u00e7mimi qytetar nderi p\u00ebr k\u00ebta dy burra t\u00eb cil\u00ebt vet\u00eb pat\u00ebn k\u00ebrkuar nga ,kryetari i komun\u00ebs s\u00eb Ulqinit Fatmir Gjeka , q\u00eb tua b\u00ebj\u00eb","og_url":"https:\/\/www.visit-ulcinj.com\/blog\/2015\/04\/11\/nexhat-haziri-rama-dhe-thaci-qytetaret-e-pa-ndershem-te-ulqinit\/","og_site_name":"Lajme nga Ulqini","article_published_time":"2015-04-11T20:02:15+00:00","og_image":[{"url":"http:\/\/www.visit-ulcinj.com\/blog\/wp-content\/uploads\/2015\/04\/Nexhat-Haziri.jpg"}],"twitter_misc":{"Written by":"ulqini","Est. reading time":"7 minutes"},"schema":{"@context":"https:\/\/schema.org","@graph":[{"@type":"WebSite","@id":"https:\/\/www.visit-ulcinj.com\/blog\/#website","url":"https:\/\/www.visit-ulcinj.com\/blog\/","name":"Lajme nga Ulqini","description":"Lajme,Vijesti,Ulqini,Ulqin,Crna Gora,Mali i Zi","potentialAction":[{"@type":"SearchAction","target":{"@type":"EntryPoint","urlTemplate":"https:\/\/www.visit-ulcinj.com\/blog\/?s={search_term_string}"},"query-input":"required name=search_term_string"}],"inLanguage":"en-US"},{"@type":"ImageObject","inLanguage":"en-US","@id":"https:\/\/www.visit-ulcinj.com\/blog\/2015\/04\/11\/nexhat-haziri-rama-dhe-thaci-qytetaret-e-pa-ndershem-te-ulqinit\/#primaryimage","url":"http:\/\/www.visit-ulcinj.com\/blog\/wp-content\/uploads\/2015\/04\/Nexhat-Haziri.jpg","contentUrl":"http:\/\/www.visit-ulcinj.com\/blog\/wp-content\/uploads\/2015\/04\/Nexhat-Haziri.jpg"},{"@type":"WebPage","@id":"https:\/\/www.visit-ulcinj.com\/blog\/2015\/04\/11\/nexhat-haziri-rama-dhe-thaci-qytetaret-e-pa-ndershem-te-ulqinit\/#webpage","url":"https:\/\/www.visit-ulcinj.com\/blog\/2015\/04\/11\/nexhat-haziri-rama-dhe-thaci-qytetaret-e-pa-ndershem-te-ulqinit\/","name":"Nexhat Haziri: Rama dhe Tha\u00e7i, qytetar\u00ebt e (pa) ndersh\u00ebm t\u00eb Ulqinit - Lajme nga Ulqini","isPartOf":{"@id":"https:\/\/www.visit-ulcinj.com\/blog\/#website"},"primaryImageOfPage":{"@id":"https:\/\/www.visit-ulcinj.com\/blog\/2015\/04\/11\/nexhat-haziri-rama-dhe-thaci-qytetaret-e-pa-ndershem-te-ulqinit\/#primaryimage"},"datePublished":"2015-04-11T20:02:15+00:00","dateModified":"2015-04-11T20:02:15+00:00","author":{"@id":"https:\/\/www.visit-ulcinj.com\/blog\/#\/schema\/person\/dcab619c614d3038751c63bc2aadc06d"},"description":"At\u00ebher\u00eb \u00e7far\u00eb u dashka \u00e7mimi qytetar nderi p\u00ebr k\u00ebta dy burra t\u00eb cil\u00ebt vet\u00eb pat\u00ebn k\u00ebrkuar nga ,kryetari i komun\u00ebs s\u00eb Ulqinit Fatmir Gjeka , q\u00eb tua b\u00ebj\u00eb","breadcrumb":{"@id":"https:\/\/www.visit-ulcinj.com\/blog\/2015\/04\/11\/nexhat-haziri-rama-dhe-thaci-qytetaret-e-pa-ndershem-te-ulqinit\/#breadcrumb"},"inLanguage":"en-US","potentialAction":[{"@type":"ReadAction","target":["https:\/\/www.visit-ulcinj.com\/blog\/2015\/04\/11\/nexhat-haziri-rama-dhe-thaci-qytetaret-e-pa-ndershem-te-ulqinit\/"]}]},{"@type":"BreadcrumbList","@id":"https:\/\/www.visit-ulcinj.com\/blog\/2015\/04\/11\/nexhat-haziri-rama-dhe-thaci-qytetaret-e-pa-ndershem-te-ulqinit\/#breadcrumb","itemListElement":[{"@type":"ListItem","position":1,"name":"Nexhat Haziri: Rama dhe Tha\u00e7i, qytetar\u00ebt e (pa) ndersh\u00ebm t\u00eb Ulqinit"}]},{"@type":"Person","@id":"https:\/\/www.visit-ulcinj.com\/blog\/#\/schema\/person\/dcab619c614d3038751c63bc2aadc06d","name":"ulqini","sameAs":["http:\/\/www.visit-ulcinj.com"],"url":"https:\/\/www.visit-ulcinj.com\/blog\/author\/admin\/"}]}},"jetpack_featured_media_url":"","jetpack_sharing_enabled":true,"jetpack_shortlink":"https:\/\/wp.me\/pe6lTn-npa","_links":{"self":[{"href":"https:\/\/www.visit-ulcinj.com\/blog\/wp-json\/wp\/v2\/posts\/89972"}],"collection":[{"href":"https:\/\/www.visit-ulcinj.com\/blog\/wp-json\/wp\/v2\/posts"}],"about":[{"href":"https:\/\/www.visit-ulcinj.com\/blog\/wp-json\/wp\/v2\/types\/post"}],"author":[{"embeddable":true,"href":"https:\/\/www.visit-ulcinj.com\/blog\/wp-json\/wp\/v2\/users\/1"}],"replies":[{"embeddable":true,"href":"https:\/\/www.visit-ulcinj.com\/blog\/wp-json\/wp\/v2\/comments?post=89972"}],"version-history":[{"count":1,"href":"https:\/\/www.visit-ulcinj.com\/blog\/wp-json\/wp\/v2\/posts\/89972\/revisions"}],"predecessor-version":[{"id":89974,"href":"https:\/\/www.visit-ulcinj.com\/blog\/wp-json\/wp\/v2\/posts\/89972\/revisions\/89974"}],"wp:attachment":[{"href":"https:\/\/www.visit-ulcinj.com\/blog\/wp-json\/wp\/v2\/media?parent=89972"}],"wp:term":[{"taxonomy":"category","embeddable":true,"href":"https:\/\/www.visit-ulcinj.com\/blog\/wp-json\/wp\/v2\/categories?post=89972"},{"taxonomy":"post_tag","embeddable":true,"href":"https:\/\/www.visit-ulcinj.com\/blog\/wp-json\/wp\/v2\/tags?post=89972"}],"curies":[{"name":"wp","href":"https:\/\/api.w.org\/{rel}","templated":true}]}}