{"id":89986,"date":"2015-04-14T22:27:02","date_gmt":"2015-04-14T21:27:02","guid":{"rendered":"http:\/\/www.visit-ulcinj.com\/blog\/?p=89986"},"modified":"2015-04-14T22:48:57","modified_gmt":"2015-04-14T21:48:57","slug":"kksh-kumtes-per-opinion-grafite-nacionaliste-ne-ulqin","status":"publish","type":"post","link":"https:\/\/www.visit-ulcinj.com\/blog\/2015\/04\/14\/kksh-kumtes-per-opinion-grafite-nacionaliste-ne-ulqin\/","title":{"rendered":"KKSH-Kumtes p\u00ebr Opinion: Grafite Nacionaliste ne Ulqin"},"content":{"rendered":"<p><a href=\"http:\/\/www.visit-ulcinj.com\/blog\/wp-content\/uploads\/2015\/04\/Grafiti-OS-Bosko-Strugar.jpg\"><img loading=\"lazy\" class=\"alignleft wp-image-89992\" src=\"http:\/\/www.visit-ulcinj.com\/blog\/wp-content\/uploads\/2015\/04\/Grafiti-OS-Bosko-Strugar.jpg\" alt=\"???????????????????????????????\" width=\"508\" height=\"286\" srcset=\"https:\/\/www.visit-ulcinj.com\/blog\/wp-content\/uploads\/2015\/04\/Grafiti-OS-Bosko-Strugar.jpg 640w, https:\/\/www.visit-ulcinj.com\/blog\/wp-content\/uploads\/2015\/04\/Grafiti-OS-Bosko-Strugar-300x169.jpg 300w\" sizes=\"(max-width: 508px) 100vw, 508px\" \/><\/a><br \/>\n<strong><a href=\"http:\/\/www.visit-ulcinj.com\/blog\/wp-content\/uploads\/2015\/04\/K\u00cbSHILLI-KOMB\u00cbTAR-I-SHQIPTAR\u00cbVE-N\u00cb-MALIN-E-ZI.jpg\"><img loading=\"lazy\" class=\"alignleft wp-image-89987 size-full\" src=\"http:\/\/www.visit-ulcinj.com\/blog\/wp-content\/uploads\/2015\/04\/K\u00cbSHILLI-KOMB\u00cbTAR-I-SHQIPTAR\u00cbVE-N\u00cb-MALIN-E-ZI.jpg\" alt=\"K\u00cbSHILLI KOMB\u00cbTAR I SHQIPTAR\u00cbVE N\u00cb MALIN E ZI\" width=\"300\" height=\"153\" \/><\/a>K\u00cbSHILLI KOMB\u00cbTAR I SHQIPTAR\u00cbVE N\u00cb MALIN E ZI<\/strong><\/p>\n<p><strong>NACIONALNI SAVJET ALBANACA U CRNOJ GORI<\/strong><\/p>\n<p><strong>ALBANIAN NATIONAL COUNCIL IN MONTENEGRO<\/strong><\/p>\n<p>Nr. 75\/15<\/p>\n<p>Ulqin, me 14.05.2015<\/p>\n<p>&nbsp;<\/p>\n<p>&nbsp;<\/p>\n<p>&nbsp;<\/p>\n<p style=\"text-align: center;\"><strong>Kumtes\u00eb p\u00ebr opinion<\/strong><\/p>\n<p>&nbsp;<\/p>\n<p>K\u00ebshilli Komb\u00ebtar i Shqiptar\u00ebve n\u00eb Malin e Zi, shpreh shqet\u00ebsimin e vet, p\u00ebr mbishkrimet e fundit t\u00eb ndodhura n\u00eb muret e shkoll\u00ebs fillore \u201cBoshko Strugar\u201d n\u00eb Ulqin, n\u00eb t\u00eb cilat v\u00ebrehen mbishkrime apo grafite me p\u00ebrmbajtje nacionaliste.<\/p>\n<p>K\u00ebshilli Komb\u00ebtar p\u00ebsh\u00ebndet reagimin e menj\u00ebhersh\u00ebm t\u00eb Ministris\u00eb s\u00eb Arsimit, e cila n\u00eb nj\u00eb deklarat\u00eb publike, d\u00ebnon ashp\u00ebr dhe shprehet e shqet\u00ebsuar p\u00ebr shfaqen e mbishkrimeve dhe grafiteve t\u00eb tilla n\u00eb muret e shkoll\u00ebs.<\/p>\n<p>K\u00ebshilli Komb\u00ebtar apelon t\u00eb individ\u00ebt apo grupet e ndryshme q\u00eb shkollat ti shohin si institucione edukativo-arsimore e jo si hapsira p\u00ebr shpalosjen e ideologjive nacionaliste apo partiake.<\/p>\n<p>Ftojm\u00eb organet kopetente, t\u00eb marrin t\u00eb gjitha masat e duhura p\u00ebr parandalimin e akteve t\u00eb tilla.<\/p>\n<p>Ne p\u00ebrkrahim \u00e7do iniciativ\u00eb dhe jemi t\u00eb gatsh\u00ebm t\u00eb marrim pjes\u00eb n\u00eb takime me strukturat udh\u00ebheq\u00ebse t\u00eb shkoll\u00ebs (K\u00ebshillin drejtues, K\u00ebshillin e prind\u00ebrve etj) me q\u00ebllim t\u00eb ruajtjes s\u00eb harmonis\u00eb nd\u00ebretnike n\u00eb shkoll\u00eb.<\/p>\n<p>&nbsp;<\/p>\n<p><strong>Sh\u00ebrbimi p\u00ebr informim i KKSH-s\u00eb<\/strong><\/p>\n<p><strong>Foto Burimi: Ul.info<\/strong><\/p>\n<p><a href=\"http:\/\/www.visit-ulcinj.com\/blog\/wp-content\/uploads\/2015\/04\/OS-Bosko-Strugar-grafiti.jpg\"><img loading=\"lazy\" class=\"alignleft wp-image-89995\" src=\"http:\/\/www.visit-ulcinj.com\/blog\/wp-content\/uploads\/2015\/04\/OS-Bosko-Strugar-grafiti.jpg\" alt=\"???????????????????????????????\" width=\"508\" height=\"286\" srcset=\"https:\/\/www.visit-ulcinj.com\/blog\/wp-content\/uploads\/2015\/04\/OS-Bosko-Strugar-grafiti.jpg 640w, https:\/\/www.visit-ulcinj.com\/blog\/wp-content\/uploads\/2015\/04\/OS-Bosko-Strugar-grafiti-300x169.jpg 300w\" sizes=\"(max-width: 508px) 100vw, 508px\" \/><\/a><\/p>\n","protected":false},"excerpt":{"rendered":"<p>K\u00cbSHILLI KOMB\u00cbTAR I SHQIPTAR\u00cbVE N\u00cb MALIN E ZI NACIONALNI SAVJET ALBANACA U CRNOJ GORI ALBANIAN NATIONAL COUNCIL IN MONTENEGRO Nr. 75\/15 Ulqin, me 14.05.2015 &nbsp; &nbsp; &nbsp; Kumtes\u00eb p\u00ebr opinion &nbsp; K\u00ebshilli Komb\u00ebtar i Shqiptar\u00ebve n\u00eb Malin e Zi, shpreh shqet\u00ebsimin e vet, p\u00ebr mbishkrimet e fundit t\u00eb ndodhura n\u00eb muret e shkoll\u00ebs fillore \u201cBoshko [&hellip;]<\/p>\n","protected":false},"author":1,"featured_media":0,"comment_status":"closed","ping_status":"closed","sticky":false,"template":"","format":"standard","meta":{"spay_email":"","jetpack_publicize_message":"","jetpack_is_tweetstorm":false,"jetpack_publicize_feature_enabled":true},"categories":[6],"tags":[],"jetpack_publicize_connections":[],"yoast_head":"<!-- This site is optimized with the Yoast SEO plugin v19.1 - https:\/\/yoast.com\/wordpress\/plugins\/seo\/ -->\n<title>KKSH-Kumtes p\u00ebr Opinion: Grafite Nacionaliste ne Ulqin - Lajme nga Ulqini<\/title>\n<meta name=\"description\" content=\"K\u00cbSHILLI KOMB\u00cbTAR I SHQIPTAR\u00cbVE N\u00cb MALIN E ZI NACIONALNI SAVJET ALBANACA U CRNOJ GORI ALBANIAN NATIONAL COUNCIL IN MONTENEGRO Nr. 75\/15 Ulqin, me\" \/>\n<meta name=\"robots\" content=\"index, follow, max-snippet:-1, max-image-preview:large, max-video-preview:-1\" \/>\n<link rel=\"canonical\" href=\"https:\/\/www.visit-ulcinj.com\/blog\/2015\/04\/14\/kksh-kumtes-per-opinion-grafite-nacionaliste-ne-ulqin\/\" \/>\n<meta property=\"og:locale\" content=\"en_US\" \/>\n<meta property=\"og:type\" content=\"article\" \/>\n<meta property=\"og:title\" content=\"KKSH-Kumtes p\u00ebr Opinion: Grafite Nacionaliste ne Ulqin - Lajme nga Ulqini\" \/>\n<meta property=\"og:description\" content=\"K\u00cbSHILLI KOMB\u00cbTAR I SHQIPTAR\u00cbVE N\u00cb MALIN E ZI NACIONALNI SAVJET ALBANACA U CRNOJ GORI ALBANIAN NATIONAL COUNCIL IN MONTENEGRO Nr. 75\/15 Ulqin, me\" \/>\n<meta property=\"og:url\" content=\"https:\/\/www.visit-ulcinj.com\/blog\/2015\/04\/14\/kksh-kumtes-per-opinion-grafite-nacionaliste-ne-ulqin\/\" \/>\n<meta property=\"og:site_name\" content=\"Lajme nga Ulqini\" \/>\n<meta property=\"article:published_time\" content=\"2015-04-14T21:27:02+00:00\" \/>\n<meta property=\"article:modified_time\" content=\"2015-04-14T21:48:57+00:00\" \/>\n<meta property=\"og:image\" content=\"http:\/\/www.visit-ulcinj.com\/blog\/wp-content\/uploads\/2015\/04\/Grafiti-OS-Bosko-Strugar.jpg\" \/>\n<meta name=\"twitter:label1\" content=\"Written by\" \/>\n\t<meta name=\"twitter:data1\" content=\"ulqini\" \/>\n\t<meta name=\"twitter:label2\" content=\"Est. reading time\" \/>\n\t<meta name=\"twitter:data2\" content=\"1 minute\" \/>\n<script type=\"application\/ld+json\" class=\"yoast-schema-graph\">{\"@context\":\"https:\/\/schema.org\",\"@graph\":[{\"@type\":\"WebSite\",\"@id\":\"https:\/\/www.visit-ulcinj.com\/blog\/#website\",\"url\":\"https:\/\/www.visit-ulcinj.com\/blog\/\",\"name\":\"Lajme nga Ulqini\",\"description\":\"Lajme,Vijesti,Ulqini,Ulqin,Crna Gora,Mali i Zi\",\"potentialAction\":[{\"@type\":\"SearchAction\",\"target\":{\"@type\":\"EntryPoint\",\"urlTemplate\":\"https:\/\/www.visit-ulcinj.com\/blog\/?s={search_term_string}\"},\"query-input\":\"required name=search_term_string\"}],\"inLanguage\":\"en-US\"},{\"@type\":\"ImageObject\",\"inLanguage\":\"en-US\",\"@id\":\"https:\/\/www.visit-ulcinj.com\/blog\/2015\/04\/14\/kksh-kumtes-per-opinion-grafite-nacionaliste-ne-ulqin\/#primaryimage\",\"url\":\"https:\/\/www.visit-ulcinj.com\/blog\/wp-content\/uploads\/2015\/04\/Grafiti-OS-Bosko-Strugar.jpg\",\"contentUrl\":\"https:\/\/www.visit-ulcinj.com\/blog\/wp-content\/uploads\/2015\/04\/Grafiti-OS-Bosko-Strugar.jpg\",\"width\":640,\"height\":360},{\"@type\":\"WebPage\",\"@id\":\"https:\/\/www.visit-ulcinj.com\/blog\/2015\/04\/14\/kksh-kumtes-per-opinion-grafite-nacionaliste-ne-ulqin\/#webpage\",\"url\":\"https:\/\/www.visit-ulcinj.com\/blog\/2015\/04\/14\/kksh-kumtes-per-opinion-grafite-nacionaliste-ne-ulqin\/\",\"name\":\"KKSH-Kumtes p\u00ebr Opinion: Grafite Nacionaliste ne Ulqin - Lajme nga Ulqini\",\"isPartOf\":{\"@id\":\"https:\/\/www.visit-ulcinj.com\/blog\/#website\"},\"primaryImageOfPage\":{\"@id\":\"https:\/\/www.visit-ulcinj.com\/blog\/2015\/04\/14\/kksh-kumtes-per-opinion-grafite-nacionaliste-ne-ulqin\/#primaryimage\"},\"datePublished\":\"2015-04-14T21:27:02+00:00\",\"dateModified\":\"2015-04-14T21:48:57+00:00\",\"author\":{\"@id\":\"https:\/\/www.visit-ulcinj.com\/blog\/#\/schema\/person\/dcab619c614d3038751c63bc2aadc06d\"},\"description\":\"K\u00cbSHILLI KOMB\u00cbTAR I SHQIPTAR\u00cbVE N\u00cb MALIN E ZI NACIONALNI SAVJET ALBANACA U CRNOJ GORI ALBANIAN NATIONAL COUNCIL IN MONTENEGRO Nr. 75\/15 Ulqin, me\",\"breadcrumb\":{\"@id\":\"https:\/\/www.visit-ulcinj.com\/blog\/2015\/04\/14\/kksh-kumtes-per-opinion-grafite-nacionaliste-ne-ulqin\/#breadcrumb\"},\"inLanguage\":\"en-US\",\"potentialAction\":[{\"@type\":\"ReadAction\",\"target\":[\"https:\/\/www.visit-ulcinj.com\/blog\/2015\/04\/14\/kksh-kumtes-per-opinion-grafite-nacionaliste-ne-ulqin\/\"]}]},{\"@type\":\"BreadcrumbList\",\"@id\":\"https:\/\/www.visit-ulcinj.com\/blog\/2015\/04\/14\/kksh-kumtes-per-opinion-grafite-nacionaliste-ne-ulqin\/#breadcrumb\",\"itemListElement\":[{\"@type\":\"ListItem\",\"position\":1,\"name\":\"KKSH-Kumtes p\u00ebr Opinion: Grafite Nacionaliste ne Ulqin\"}]},{\"@type\":\"Person\",\"@id\":\"https:\/\/www.visit-ulcinj.com\/blog\/#\/schema\/person\/dcab619c614d3038751c63bc2aadc06d\",\"name\":\"ulqini\",\"sameAs\":[\"http:\/\/www.visit-ulcinj.com\"],\"url\":\"https:\/\/www.visit-ulcinj.com\/blog\/author\/admin\/\"}]}<\/script>\n<!-- \/ Yoast SEO plugin. -->","yoast_head_json":{"title":"KKSH-Kumtes p\u00ebr Opinion: Grafite Nacionaliste ne Ulqin - Lajme nga Ulqini","description":"K\u00cbSHILLI KOMB\u00cbTAR I SHQIPTAR\u00cbVE N\u00cb MALIN E ZI NACIONALNI SAVJET ALBANACA U CRNOJ GORI ALBANIAN NATIONAL COUNCIL IN MONTENEGRO Nr. 75\/15 Ulqin, me","robots":{"index":"index","follow":"follow","max-snippet":"max-snippet:-1","max-image-preview":"max-image-preview:large","max-video-preview":"max-video-preview:-1"},"canonical":"https:\/\/www.visit-ulcinj.com\/blog\/2015\/04\/14\/kksh-kumtes-per-opinion-grafite-nacionaliste-ne-ulqin\/","og_locale":"en_US","og_type":"article","og_title":"KKSH-Kumtes p\u00ebr Opinion: Grafite Nacionaliste ne Ulqin - Lajme nga Ulqini","og_description":"K\u00cbSHILLI KOMB\u00cbTAR I SHQIPTAR\u00cbVE N\u00cb MALIN E ZI NACIONALNI SAVJET ALBANACA U CRNOJ GORI ALBANIAN NATIONAL COUNCIL IN MONTENEGRO Nr. 75\/15 Ulqin, me","og_url":"https:\/\/www.visit-ulcinj.com\/blog\/2015\/04\/14\/kksh-kumtes-per-opinion-grafite-nacionaliste-ne-ulqin\/","og_site_name":"Lajme nga Ulqini","article_published_time":"2015-04-14T21:27:02+00:00","article_modified_time":"2015-04-14T21:48:57+00:00","og_image":[{"url":"http:\/\/www.visit-ulcinj.com\/blog\/wp-content\/uploads\/2015\/04\/Grafiti-OS-Bosko-Strugar.jpg"}],"twitter_misc":{"Written by":"ulqini","Est. reading time":"1 minute"},"schema":{"@context":"https:\/\/schema.org","@graph":[{"@type":"WebSite","@id":"https:\/\/www.visit-ulcinj.com\/blog\/#website","url":"https:\/\/www.visit-ulcinj.com\/blog\/","name":"Lajme nga Ulqini","description":"Lajme,Vijesti,Ulqini,Ulqin,Crna Gora,Mali i Zi","potentialAction":[{"@type":"SearchAction","target":{"@type":"EntryPoint","urlTemplate":"https:\/\/www.visit-ulcinj.com\/blog\/?s={search_term_string}"},"query-input":"required name=search_term_string"}],"inLanguage":"en-US"},{"@type":"ImageObject","inLanguage":"en-US","@id":"https:\/\/www.visit-ulcinj.com\/blog\/2015\/04\/14\/kksh-kumtes-per-opinion-grafite-nacionaliste-ne-ulqin\/#primaryimage","url":"https:\/\/www.visit-ulcinj.com\/blog\/wp-content\/uploads\/2015\/04\/Grafiti-OS-Bosko-Strugar.jpg","contentUrl":"https:\/\/www.visit-ulcinj.com\/blog\/wp-content\/uploads\/2015\/04\/Grafiti-OS-Bosko-Strugar.jpg","width":640,"height":360},{"@type":"WebPage","@id":"https:\/\/www.visit-ulcinj.com\/blog\/2015\/04\/14\/kksh-kumtes-per-opinion-grafite-nacionaliste-ne-ulqin\/#webpage","url":"https:\/\/www.visit-ulcinj.com\/blog\/2015\/04\/14\/kksh-kumtes-per-opinion-grafite-nacionaliste-ne-ulqin\/","name":"KKSH-Kumtes p\u00ebr Opinion: Grafite Nacionaliste ne Ulqin - Lajme nga Ulqini","isPartOf":{"@id":"https:\/\/www.visit-ulcinj.com\/blog\/#website"},"primaryImageOfPage":{"@id":"https:\/\/www.visit-ulcinj.com\/blog\/2015\/04\/14\/kksh-kumtes-per-opinion-grafite-nacionaliste-ne-ulqin\/#primaryimage"},"datePublished":"2015-04-14T21:27:02+00:00","dateModified":"2015-04-14T21:48:57+00:00","author":{"@id":"https:\/\/www.visit-ulcinj.com\/blog\/#\/schema\/person\/dcab619c614d3038751c63bc2aadc06d"},"description":"K\u00cbSHILLI KOMB\u00cbTAR I SHQIPTAR\u00cbVE N\u00cb MALIN E ZI NACIONALNI SAVJET ALBANACA U CRNOJ GORI ALBANIAN NATIONAL COUNCIL IN MONTENEGRO Nr. 75\/15 Ulqin, me","breadcrumb":{"@id":"https:\/\/www.visit-ulcinj.com\/blog\/2015\/04\/14\/kksh-kumtes-per-opinion-grafite-nacionaliste-ne-ulqin\/#breadcrumb"},"inLanguage":"en-US","potentialAction":[{"@type":"ReadAction","target":["https:\/\/www.visit-ulcinj.com\/blog\/2015\/04\/14\/kksh-kumtes-per-opinion-grafite-nacionaliste-ne-ulqin\/"]}]},{"@type":"BreadcrumbList","@id":"https:\/\/www.visit-ulcinj.com\/blog\/2015\/04\/14\/kksh-kumtes-per-opinion-grafite-nacionaliste-ne-ulqin\/#breadcrumb","itemListElement":[{"@type":"ListItem","position":1,"name":"KKSH-Kumtes p\u00ebr Opinion: Grafite Nacionaliste ne Ulqin"}]},{"@type":"Person","@id":"https:\/\/www.visit-ulcinj.com\/blog\/#\/schema\/person\/dcab619c614d3038751c63bc2aadc06d","name":"ulqini","sameAs":["http:\/\/www.visit-ulcinj.com"],"url":"https:\/\/www.visit-ulcinj.com\/blog\/author\/admin\/"}]}},"jetpack_featured_media_url":"","jetpack_sharing_enabled":true,"jetpack_shortlink":"https:\/\/wp.me\/pe6lTn-npo","_links":{"self":[{"href":"https:\/\/www.visit-ulcinj.com\/blog\/wp-json\/wp\/v2\/posts\/89986"}],"collection":[{"href":"https:\/\/www.visit-ulcinj.com\/blog\/wp-json\/wp\/v2\/posts"}],"about":[{"href":"https:\/\/www.visit-ulcinj.com\/blog\/wp-json\/wp\/v2\/types\/post"}],"author":[{"embeddable":true,"href":"https:\/\/www.visit-ulcinj.com\/blog\/wp-json\/wp\/v2\/users\/1"}],"replies":[{"embeddable":true,"href":"https:\/\/www.visit-ulcinj.com\/blog\/wp-json\/wp\/v2\/comments?post=89986"}],"version-history":[{"count":4,"href":"https:\/\/www.visit-ulcinj.com\/blog\/wp-json\/wp\/v2\/posts\/89986\/revisions"}],"predecessor-version":[{"id":89996,"href":"https:\/\/www.visit-ulcinj.com\/blog\/wp-json\/wp\/v2\/posts\/89986\/revisions\/89996"}],"wp:attachment":[{"href":"https:\/\/www.visit-ulcinj.com\/blog\/wp-json\/wp\/v2\/media?parent=89986"}],"wp:term":[{"taxonomy":"category","embeddable":true,"href":"https:\/\/www.visit-ulcinj.com\/blog\/wp-json\/wp\/v2\/categories?post=89986"},{"taxonomy":"post_tag","embeddable":true,"href":"https:\/\/www.visit-ulcinj.com\/blog\/wp-json\/wp\/v2\/tags?post=89986"}],"curies":[{"name":"wp","href":"https:\/\/api.w.org\/{rel}","templated":true}]}}