{"id":9,"date":"2008-01-02T12:18:50","date_gmt":"2008-01-02T17:18:50","guid":{"rendered":"http:\/\/www.visit-ulcinj.com\/blog\/2008\/01\/02\/qasje\/"},"modified":"2008-02-12T17:57:12","modified_gmt":"2008-02-12T22:57:12","slug":"qasje","status":"publish","type":"post","link":"https:\/\/www.visit-ulcinj.com\/blog\/2008\/01\/02\/qasje\/","title":{"rendered":"Qasje"},"content":{"rendered":"<h6><span style=\"font-family: Times New Roman\"><\/span><\/h6>\n<p><span style=\"font-size: 12pt; font-family: 'Times New Roman'\"><\/span><span><font face=\"Verdana\" size=\"2\"><img loading=\"lazy\" src=\"http:\/\/www.kohajavore.cg.yu\/slike\/1198484347.jpg\" style=\"width: 175px; height: 127px\" align=\"left\" border=\"1\" height=\"176\" width=\"209\" \/><strong>A ka shpres\u00eb p\u00ebr ne?<\/strong><\/font><\/span><span><font face=\"Verdana\" size=\"2\"><br \/>\n&#8220;\u00c7ka \u00ebsht\u00eb ajo me t\u00eb cil\u00ebn e kemi borxhuar ne bot\u00ebn?&#8221; Cili \u00ebsht\u00eb imazhi yn\u00eb pozitiv n\u00eb bot\u00eb? Special, i yni, i shqiptar\u00ebve n\u00eb Mal t\u00eb Zi.<br \/>\nGjithmon\u00eb, dikush tjet\u00ebr, na e ka fajin. N\u00ebse do tzi kthehemi shembullit t\u00eb p\u00ebrmendur t\u00eb Italis\u00eb&#8221;, konstatojm\u00eb me ofsham\u00eb q\u00eb do t\u00eb duhej t\u00eb na<!--more--> \u00e7lironte nga p\u00ebrgjegj\u00ebsia: &#8220;Leht\u00eb e kan\u00eb ata, konstatojm\u00eb ne, Roma gjithmon\u00eb e ka shkelur dik\u00eb&#8221;. E, po nuk \u00ebsht\u00eb k\u00ebshtu! Momenti i fundit hyjnor i Rom\u00ebs ka qen\u00eb viti 313 dhe Konstantini. Intelektual\u00ebt e mir\u00ebfillt\u00eb e dijn\u00eb pse, e ata &#8220;intelektual\u00ebt&#8221; e tjer\u00eb &#8220;le tzi shfletojn\u00eb enciklopedit\u00eb&#8221;, qofshin ato edhe t\u00eb<\/font><\/span><span><font face=\"Verdana\" size=\"2\"> internetit.<\/font><\/span><\/p>\n<p><font face=\"Verdana\" size=\"2\"><strong>Xhoana M. Perkaj<\/strong><\/font><\/p>\n<p><font face=\"Verdana\" size=\"2\">&#8220;The Day When Music Died&#8221;, dita kur ka vdekur muzika, \u00ebsht\u00eb nj\u00eb varg i vepr\u00ebs &#8220;American Pie&#8221;, t\u00eb nj\u00eb bendi amerikan t\u00eb viteve t\u00eb 80-ta, n\u00eb rimejkun e Madonn\u00ebs. Ashtu si\u00e7 titulli, n\u00eb shikim t\u00eb par\u00eb, prozaik, &#8220;American Pia&#8221;, nuk \u00ebsht\u00eb i till\u00eb, por, plot simbolik\u00eb, ashtu edhe vargu i cituar, \u00ebsht\u00eb plot simbolik\u00eb. Por, pse e mora pik\u00ebrisht k\u00ebt\u00eb varg?<br \/>\nN\u00eb k\u00ebt\u00eb faqe lexojm\u00eb, zakonisht, p\u00ebr k\u00ebto raste, &#8220;tema t\u00eb r\u00ebnda&#8221;: politik\u00eb, ekonomi, statusi i Kosov\u00ebs, etj., etj. Rrall\u00eb her\u00eb na bie nd\u00ebr mend t\u00eb flasim p\u00ebr at\u00eb q\u00eb \u00ebsht\u00eb qen\u00ebsore p\u00ebr nj\u00eb etnos, e ky \u00ebsht\u00eb imazhi i tij n\u00eb bot\u00eb. Si krijohet ky imazh? Me siguri jo p\u00ebrmes politik\u00ebs, as ekonomis\u00eb. Pra, p\u00ebr \u00e7ka jemi duke folur k\u00ebtu?<br \/>\nK\u00ebto dit\u00eb kam hasur n\u00eb nj\u00eb fakt q\u00eb thot\u00eb se 80% e monumenteve kulturore n\u00eb bot\u00eb gjenden n\u00eb nj\u00eb shtet, n\u00eb Itali. Si\u00e7 e dim\u00eb, Italia \u00ebsht\u00eb nj\u00eb shtet jo i madh. M\u00eb tutje, nj\u00eb shembull edhe m\u00eb eklatant n\u00eb kuptimin pozitiv: Hungaria, nj\u00eb shtet dhe popull v\u00ebrtet i vog\u00ebl, n\u00eb suaza bot\u00ebrore, mikroshtet, ka dh\u00ebn\u00eb, \u00ebsht\u00eb p\u00ebr t\u00eb mos e besuar, 12 fitues t\u00eb \u00c7mimit Nobel. Faktet e tilla t\u00eb shtyjn\u00eb tzia shtrosh vetes pyetjen: &#8220;\u00c7ka \u00ebsht\u00eb ajo me t\u00eb cil\u00ebn e kemi borxhuar ne bot\u00ebn?&#8221; Cili \u00ebsht\u00eb imazhi yn\u00eb pozitiv n\u00eb bot\u00eb? Special, i yni, i shqiptar\u00ebve n\u00eb Mal t\u00eb Zi.<br \/>\nGjithmon\u00eb, dikush tjet\u00ebr, na e ka fajin. N\u00ebse do tzi kthehemi shembullit t\u00eb p\u00ebrmendur t\u00eb Italis\u00eb&#8221;, konstatojm\u00eb me ofsham\u00eb q\u00eb do t\u00eb duhej t\u00eb na \u00e7lironte nga p\u00ebrgjegj\u00ebsia: &#8220;Leht\u00eb e kan\u00eb ata, konstatojm\u00eb ne, Roma gjithmon\u00eb e ka shkelur dik\u00eb&#8221;. E, po nuk \u00ebsht\u00eb k\u00ebshtu! Momenti i fundit hyjnor i Rom\u00ebs ka qen\u00eb viti 313 dhe Konstantini. Intelektual\u00ebt e mir\u00ebfillt\u00eb e dijn\u00eb pse, e ata &#8220;intelektual\u00ebt&#8221; e tjer\u00eb &#8220;le tzi shfletojn\u00eb enciklopedit\u00eb&#8221;, qofshin ato edhe t\u00eb internetit. E rrafshuar p\u00ebrtok\u00eb nga gjerman\u00ebt n\u00eb shek. V., Italia p\u00ebrs\u00ebri ka pasur \u00e7far\u00eb t\u00eb ruaj\u00eb p\u00ebr thesarin e njer\u00ebzimit. N\u00eb an\u00ebn tjet\u00ebr, hungarez\u00ebt kur arrit\u00ebn nga stepat aziatike n\u00eb Panoni, nuk ishin ve\u00e7se nj\u00eb popull i eg\u00ebr dhe nomad, i cili edhe nat\u00ebn e kalonte n\u00eb shpin\u00eb t\u00eb kalit. Dihet edhe numri i p\u00ebraf\u00ebrt i tyre n\u00eb k\u00ebt\u00eb koh\u00eb. Supozohet se nuk mund t\u00eb num\u00ebronin m\u00eb se 25 mij\u00eb njer\u00ebz.<br \/>\n\u00c7far\u00eb lidhjeje ka k\u00ebnga e Madonn\u00ebs italiane me hungarez\u00ebt e \u00c7mimit Nobel? T\u00eb enjt\u00ebn e shkuar ishte nj\u00eb moment shk\u00eblqimtar i pianistit ton\u00eb t\u00eb ri, Kristian Bojaj, i cili, me propozimin tim mori pjes\u00eb n\u00eb Tuz, n\u00eb &#8220;Dit\u00ebt e kultur\u00ebs s\u00eb popujve pakic\u00eb&#8221;. N\u00eb mesin e emrave t\u00eb r\u00ebnd\u00ebsish\u00ebm t\u00eb muzik\u00ebs klasike, Kristiani zgjodhi t\u00eb ekzekutoj\u00eb &#8220;Etid\u00ebn&#8221;e Czernyt. P\u00ebr intelektual\u00ebt, ata n\u00eb thonj\u00ebza, etida \u00ebsht\u00eb nj\u00eb nga llojet me t\u00eb v\u00ebshtira p\u00ebr ekzekutim dhe \u00ebsht\u00eb prov\u00eb e mjeshtris\u00eb s\u00eb v\u00ebrtet\u00eb t\u00eb ekzekutuesit. Po, \u00e7ka t\u00eb thuhet p\u00ebr prind\u00ebrit e tij, njer\u00ebz modest\u00eb, t\u00eb cil\u00ebt b\u00ebjn\u00eb sakrifica vet\u00ebm q\u00eb Kristiani t\u00eb mund ta vijoj\u00eb shkoll\u00ebn e mesme t\u00eb muzik\u00ebs.<br \/>\nAjo mbr\u00ebmje ishte, ta parafrazoj Madonn\u00ebn, &#8220;The night when the music won&#8221;. Pra, nat\u00eb kur ngadhnjeu muzika. E shikojn\u00eb Kristianin n\u00eb video wall dhe me kalonin n\u00ebp\u00ebr mend autor\u00ebt e m\u00ebdhenj t\u00eb k\u00ebtij instrumenti magjik, t\u00eb tingullit t\u00eb ftoht\u00eb dhe, nj\u00ebkoh\u00ebsisht, dramatik. Autor\u00ebt e mi t\u00eb adhuruar, nga Bahu e deri te pianist\u00ebt e m\u00ebdhenj t\u00eb rock muzik\u00ebs, Oldfield, Jarre dhe m\u00eb madh\u00ebshtori &#8211; Vangelis.<br \/>\nAt\u00eb nat\u00eb, duke e shikuar Kristianin, n\u00eb publik ishte edhe ambasadori austriak, mora shpres\u00eb t\u00eb mendoj se Mal\u00ebsia me potencialet e saj t\u00eb shk\u00eblqyeshme intelektuale, nj\u00eb dit\u00eb do t\u00eb b\u00ebhet diamant n\u00eb kuror\u00ebn e qenies kulturore t\u00eb etnosit mbar\u00ebshqiptar.<\/font><\/p>\n<p>http:\/\/www.kohajavore.cg.yu\/<\/p>\n","protected":false},"excerpt":{"rendered":"<p><img loading=\"lazy\" src=\"http:\/\/www.kohajavore.cg.yu\/slike\/1198484347.jpg\" alt=\"Banane Ulcinj\" height=\"140\" width=\"140\" \/><\/p>\n","protected":false},"author":1,"featured_media":0,"comment_status":"open","ping_status":"closed","sticky":false,"template":"","format":"standard","meta":{"spay_email":"","jetpack_publicize_message":"","jetpack_is_tweetstorm":false,"jetpack_publicize_feature_enabled":true},"categories":[8],"tags":[1157,1156,188,362,95,195,201,200,359,199],"jetpack_publicize_connections":[],"yoast_head":"<!-- This site is optimized with the Yoast SEO plugin v19.1 - https:\/\/yoast.com\/wordpress\/plugins\/seo\/ -->\n<title>Qasje - Lajme nga Ulqini<\/title>\n<meta name=\"robots\" content=\"index, follow, max-snippet:-1, max-image-preview:large, max-video-preview:-1\" \/>\n<link rel=\"canonical\" href=\"https:\/\/www.visit-ulcinj.com\/blog\/2008\/01\/02\/qasje\/\" \/>\n<meta property=\"og:locale\" content=\"en_US\" \/>\n<meta property=\"og:type\" content=\"article\" \/>\n<meta property=\"og:title\" content=\"Qasje - Lajme nga Ulqini\" \/>\n<meta property=\"og:url\" content=\"https:\/\/www.visit-ulcinj.com\/blog\/2008\/01\/02\/qasje\/\" \/>\n<meta property=\"og:site_name\" content=\"Lajme nga Ulqini\" \/>\n<meta property=\"article:published_time\" content=\"2008-01-02T17:18:50+00:00\" \/>\n<meta property=\"article:modified_time\" content=\"2008-02-12T22:57:12+00:00\" \/>\n<meta property=\"og:image\" content=\"http:\/\/www.kohajavore.cg.yu\/slike\/1198484347.jpg\" \/>\n<meta name=\"twitter:label1\" content=\"Written by\" \/>\n\t<meta name=\"twitter:data1\" content=\"ulqini\" \/>\n\t<meta name=\"twitter:label2\" content=\"Est. reading time\" \/>\n\t<meta name=\"twitter:data2\" content=\"4 minutes\" \/>\n<script type=\"application\/ld+json\" class=\"yoast-schema-graph\">{\"@context\":\"https:\/\/schema.org\",\"@graph\":[{\"@type\":\"WebSite\",\"@id\":\"https:\/\/www.visit-ulcinj.com\/blog\/#website\",\"url\":\"https:\/\/www.visit-ulcinj.com\/blog\/\",\"name\":\"Lajme nga Ulqini\",\"description\":\"Lajme,Vijesti,Ulqini,Ulqin,Crna Gora,Mali i Zi\",\"potentialAction\":[{\"@type\":\"SearchAction\",\"target\":{\"@type\":\"EntryPoint\",\"urlTemplate\":\"https:\/\/www.visit-ulcinj.com\/blog\/?s={search_term_string}\"},\"query-input\":\"required name=search_term_string\"}],\"inLanguage\":\"en-US\"},{\"@type\":\"ImageObject\",\"inLanguage\":\"en-US\",\"@id\":\"https:\/\/www.visit-ulcinj.com\/blog\/2008\/01\/02\/qasje\/#primaryimage\",\"url\":\"http:\/\/www.kohajavore.cg.yu\/slike\/1198484347.jpg\",\"contentUrl\":\"http:\/\/www.kohajavore.cg.yu\/slike\/1198484347.jpg\"},{\"@type\":\"WebPage\",\"@id\":\"https:\/\/www.visit-ulcinj.com\/blog\/2008\/01\/02\/qasje\/#webpage\",\"url\":\"https:\/\/www.visit-ulcinj.com\/blog\/2008\/01\/02\/qasje\/\",\"name\":\"Qasje - Lajme nga Ulqini\",\"isPartOf\":{\"@id\":\"https:\/\/www.visit-ulcinj.com\/blog\/#website\"},\"primaryImageOfPage\":{\"@id\":\"https:\/\/www.visit-ulcinj.com\/blog\/2008\/01\/02\/qasje\/#primaryimage\"},\"datePublished\":\"2008-01-02T17:18:50+00:00\",\"dateModified\":\"2008-02-12T22:57:12+00:00\",\"author\":{\"@id\":\"https:\/\/www.visit-ulcinj.com\/blog\/#\/schema\/person\/dcab619c614d3038751c63bc2aadc06d\"},\"breadcrumb\":{\"@id\":\"https:\/\/www.visit-ulcinj.com\/blog\/2008\/01\/02\/qasje\/#breadcrumb\"},\"inLanguage\":\"en-US\",\"potentialAction\":[{\"@type\":\"ReadAction\",\"target\":[\"https:\/\/www.visit-ulcinj.com\/blog\/2008\/01\/02\/qasje\/\"]}]},{\"@type\":\"BreadcrumbList\",\"@id\":\"https:\/\/www.visit-ulcinj.com\/blog\/2008\/01\/02\/qasje\/#breadcrumb\",\"itemListElement\":[{\"@type\":\"ListItem\",\"position\":1,\"name\":\"Qasje\"}]},{\"@type\":\"Person\",\"@id\":\"https:\/\/www.visit-ulcinj.com\/blog\/#\/schema\/person\/dcab619c614d3038751c63bc2aadc06d\",\"name\":\"ulqini\",\"sameAs\":[\"http:\/\/www.visit-ulcinj.com\"],\"url\":\"https:\/\/www.visit-ulcinj.com\/blog\/author\/admin\/\"}]}<\/script>\n<!-- \/ Yoast SEO plugin. -->","yoast_head_json":{"title":"Qasje - Lajme nga Ulqini","robots":{"index":"index","follow":"follow","max-snippet":"max-snippet:-1","max-image-preview":"max-image-preview:large","max-video-preview":"max-video-preview:-1"},"canonical":"https:\/\/www.visit-ulcinj.com\/blog\/2008\/01\/02\/qasje\/","og_locale":"en_US","og_type":"article","og_title":"Qasje - Lajme nga Ulqini","og_url":"https:\/\/www.visit-ulcinj.com\/blog\/2008\/01\/02\/qasje\/","og_site_name":"Lajme nga Ulqini","article_published_time":"2008-01-02T17:18:50+00:00","article_modified_time":"2008-02-12T22:57:12+00:00","og_image":[{"url":"http:\/\/www.kohajavore.cg.yu\/slike\/1198484347.jpg"}],"twitter_misc":{"Written by":"ulqini","Est. reading time":"4 minutes"},"schema":{"@context":"https:\/\/schema.org","@graph":[{"@type":"WebSite","@id":"https:\/\/www.visit-ulcinj.com\/blog\/#website","url":"https:\/\/www.visit-ulcinj.com\/blog\/","name":"Lajme nga Ulqini","description":"Lajme,Vijesti,Ulqini,Ulqin,Crna Gora,Mali i Zi","potentialAction":[{"@type":"SearchAction","target":{"@type":"EntryPoint","urlTemplate":"https:\/\/www.visit-ulcinj.com\/blog\/?s={search_term_string}"},"query-input":"required name=search_term_string"}],"inLanguage":"en-US"},{"@type":"ImageObject","inLanguage":"en-US","@id":"https:\/\/www.visit-ulcinj.com\/blog\/2008\/01\/02\/qasje\/#primaryimage","url":"http:\/\/www.kohajavore.cg.yu\/slike\/1198484347.jpg","contentUrl":"http:\/\/www.kohajavore.cg.yu\/slike\/1198484347.jpg"},{"@type":"WebPage","@id":"https:\/\/www.visit-ulcinj.com\/blog\/2008\/01\/02\/qasje\/#webpage","url":"https:\/\/www.visit-ulcinj.com\/blog\/2008\/01\/02\/qasje\/","name":"Qasje - Lajme nga Ulqini","isPartOf":{"@id":"https:\/\/www.visit-ulcinj.com\/blog\/#website"},"primaryImageOfPage":{"@id":"https:\/\/www.visit-ulcinj.com\/blog\/2008\/01\/02\/qasje\/#primaryimage"},"datePublished":"2008-01-02T17:18:50+00:00","dateModified":"2008-02-12T22:57:12+00:00","author":{"@id":"https:\/\/www.visit-ulcinj.com\/blog\/#\/schema\/person\/dcab619c614d3038751c63bc2aadc06d"},"breadcrumb":{"@id":"https:\/\/www.visit-ulcinj.com\/blog\/2008\/01\/02\/qasje\/#breadcrumb"},"inLanguage":"en-US","potentialAction":[{"@type":"ReadAction","target":["https:\/\/www.visit-ulcinj.com\/blog\/2008\/01\/02\/qasje\/"]}]},{"@type":"BreadcrumbList","@id":"https:\/\/www.visit-ulcinj.com\/blog\/2008\/01\/02\/qasje\/#breadcrumb","itemListElement":[{"@type":"ListItem","position":1,"name":"Qasje"}]},{"@type":"Person","@id":"https:\/\/www.visit-ulcinj.com\/blog\/#\/schema\/person\/dcab619c614d3038751c63bc2aadc06d","name":"ulqini","sameAs":["http:\/\/www.visit-ulcinj.com"],"url":"https:\/\/www.visit-ulcinj.com\/blog\/author\/admin\/"}]}},"jetpack_featured_media_url":"","jetpack_sharing_enabled":true,"jetpack_shortlink":"https:\/\/wp.me\/se6lTn-qasje","_links":{"self":[{"href":"https:\/\/www.visit-ulcinj.com\/blog\/wp-json\/wp\/v2\/posts\/9"}],"collection":[{"href":"https:\/\/www.visit-ulcinj.com\/blog\/wp-json\/wp\/v2\/posts"}],"about":[{"href":"https:\/\/www.visit-ulcinj.com\/blog\/wp-json\/wp\/v2\/types\/post"}],"author":[{"embeddable":true,"href":"https:\/\/www.visit-ulcinj.com\/blog\/wp-json\/wp\/v2\/users\/1"}],"replies":[{"embeddable":true,"href":"https:\/\/www.visit-ulcinj.com\/blog\/wp-json\/wp\/v2\/comments?post=9"}],"version-history":[{"count":0,"href":"https:\/\/www.visit-ulcinj.com\/blog\/wp-json\/wp\/v2\/posts\/9\/revisions"}],"wp:attachment":[{"href":"https:\/\/www.visit-ulcinj.com\/blog\/wp-json\/wp\/v2\/media?parent=9"}],"wp:term":[{"taxonomy":"category","embeddable":true,"href":"https:\/\/www.visit-ulcinj.com\/blog\/wp-json\/wp\/v2\/categories?post=9"},{"taxonomy":"post_tag","embeddable":true,"href":"https:\/\/www.visit-ulcinj.com\/blog\/wp-json\/wp\/v2\/tags?post=9"}],"curies":[{"name":"wp","href":"https:\/\/api.w.org\/{rel}","templated":true}]}}