{"id":90,"date":"2008-01-08T15:49:03","date_gmt":"2008-01-08T20:49:03","guid":{"rendered":"http:\/\/www.visit-ulcinj.com\/blog\/2008\/01\/08\/mali-i-zi-nuk-i-zbaton-standardet-europiane-per-pakica\/"},"modified":"2008-02-12T18:17:24","modified_gmt":"2008-02-12T23:17:24","slug":"mali-i-zi-nuk-i-zbaton-standardet-europiane-per-pakica","status":"publish","type":"post","link":"https:\/\/www.visit-ulcinj.com\/blog\/2008\/01\/08\/mali-i-zi-nuk-i-zbaton-standardet-europiane-per-pakica\/","title":{"rendered":"Mali i Zi nuk i zbaton standardet europiane p\u00ebr pakica"},"content":{"rendered":"<p align=\"left\"><img loading=\"lazy\" src=\"http:\/\/www.visit-ulcinj.com\/blog\/wp-content\/uploads\/2008\/01\/ferhat-dinosha.thumbnail.jpg\" align=\"left\" height=\"128\" hspace=\"2\" vspace=\"2\" width=\"113\" \/>Ulqin, 7 janar \u2014 Shteti i Malit t\u00eb Zi nuk ka arritur ende t\u00eb zbatoj\u00eb korpusin e t\u00eb drejtave t\u00eb pakicave komb\u00ebtare si n\u00eb demokracit\u00eb shumetnike evropiane, nuk ka arritur t\u00eb zbatoj\u00eb standardet evropiane n\u00eb jet\u00ebn shoq\u00ebrore dhe politike.<br \/>\nK\u00ebshtu ka th\u00ebn\u00eb t\u00eb h\u00ebn\u00ebn Ferhat Dinosha,<!--more-->Unionit Demokratik t\u00eb Shqiptar\u00ebve n\u00eb Mal t\u00eb Zi.&#8221;Mali i Zi deputet dhe kryetar i tash \u00ebsht\u00eb shtet i pavarur edhe ne do t\u00eb k\u00ebrkojm\u00eb at\u00eb q\u00eb ofron ky korpus i t\u00eb drejtave t\u00eb pakicave nacionale ngjash\u00ebm n\u00eb demokracit\u00eb evropiane e asgj\u00eb m\u00eb shum\u00eb e as m\u00eb pak&#8221;, tha ai.Sipas tij, kushtetuta e re ofron baz\u00ebn themelore n\u00eb k\u00ebt\u00eb fush\u00eb.&#8221;Ekziston Ligji mbi t\u00eb drejtat dhe lirit\u00eb e pakicave, t\u00eb cilit dy nene shum\u00eb thelb\u00ebsore ia ka kontestuar Gjykata Kushtetuese.<br \/>\nPik\u00ebrisht k\u00ebto dy nene flasin mbi p\u00ebrfaq\u00ebsimin politik t\u00eb pakicave n\u00eb parlament. Kushtetuta b\u00ebn t\u00eb mundur kthimin e k\u00ebtyre dy neneve&#8221;,tha Dinosha, duke shtuar se pushtetar\u00ebt ende nuk jan\u00eb duke e arritur k\u00ebt\u00eb n\u00eb praktik\u00eb.<\/p>\n<p align=\"left\">Gazeta Express<\/p>\n<p><strong><font color=\"#000080\" size=\"2\">Presidenti Topi dhe Presidenti Vujanovi\u00e7 rikonfirmojn\u00eb q\u00ebndrimet p\u00ebr thellimin e bashk\u00ebpunimit t\u00eb gjithansh\u00ebm mes Shqip\u00ebris\u00eb e Malit t\u00eb Zi<\/font><\/strong><strong><font color=\"#000080\" size=\"2\"><font face=\"Times New Roman\"><img loading=\"lazy\" src=\"http:\/\/www.visit-ulcinj.com\/blog\/wp-content\/uploads\/2008\/01\/topi-vujanoviq.thumbnail.jpg\" align=\"left\" border=\"0\" height=\"100\" hspace=\"2\" vspace=\"2\" width=\"128\" \/>Presidenti i Republik\u00ebs, Bamir Topi zhvilloi nj\u00eb vizit\u00eb pune nj\u00ebditore n\u00eb Malin e Zi, i ftuar nga Presidenti Filip Vujanovi\u00e7. Presidenti Topi \u00ebsht\u00eb pritur dhe shoq\u00ebruar q\u00eb n\u00eb pik\u00ebn e kalimit kufitar t\u00eb Muriqanit nga Kryetari i Komun\u00ebs s\u00eb Ulqinit, G\u00ebzim Hajdinaga dhe i ngarkuari me pun\u00eb i Republik\u00ebs s\u00eb Shqip\u00ebris\u00eb n\u00eb Malin e Zi, Sajmir Bala.<br \/>\nKreu i shtetit pati takime t\u00eb ve\u00e7anta me kryetar\u00ebt e partive parlamentare shqiptare n\u00eb Malin e Zi, z. Mehmet Bardhi t\u00eb Lidhjes Demokratike t\u00eb Malit t\u00eb Zi, z. Ferhat Dinosha t\u00eb Unionit Demokratik dhe z. Vasel Sinishta t\u00eb Alternativ\u00ebs Shqiptare. Kryetar\u00ebt e partive shqiptare e kan\u00eb njohur Presidentin Topi me p\u00ebrpjekjet e b\u00ebra p\u00ebr rritjen e rolit t\u00eb shqiptar\u00ebve n\u00eb Malin e Zi, n\u00eb kuad\u00ebr t\u00eb ideve q\u00eb p\u00ebrfaq\u00ebson secila parti.<br \/>\nKreu i shtetit shqiptar i inkurajoi t\u00eb tre p\u00ebrfaq\u00ebsuesit politik\u00eb q\u00eb t\u00eb forcojn\u00eb dialogun dhe bashk\u00ebpunimin mes partive shqiptare p\u00ebr t\u00eb sh\u00ebrbyer si ura komunikimi n\u00eb marr\u00ebdh\u00ebniet mes Shqip\u00ebris\u00eb e Malit t\u00eb Zi, n\u00eb funksion t\u00eb aspiratave t\u00eb p\u00ebrbashk\u00ebta integruese.<br \/>\nM\u00eb pas, Presidenti Topi zhvilloi nj\u00eb takim pune me Presidentin e Malit t\u00eb Zi, Filip Vujanovi\u00e7, n\u00eb hotelin &#8220;Kulla e Balshajve&#8221; n\u00eb Ulqin, q\u00eb sh\u00ebrbeu si nj\u00eb impuls i ri p\u00ebr marr\u00ebdh\u00ebniet shum\u00eb t\u00eb mira q\u00eb ekzistojn\u00eb midis dy vendeve, t\u00eb cilat jan\u00eb t\u00eb p\u00ebrkushtuara p\u00ebr t\u00eb afirmuar marr\u00ebdh\u00ebnie t\u00eb fqinj\u00ebsis\u00eb s\u00eb mir\u00eb si orientimin i p\u00ebrhersh\u00ebm mes tyre.<br \/>\nN\u00eb nj\u00eb komunikat\u00eb t\u00eb p\u00ebrbashk\u00ebt p\u00ebr shtyp, Presidenti Topi dhe Presidenti Vujanovi\u00e7 shpreh\u00ebn besimin se komunikimi i hapur mes qytetar\u00ebve t\u00eb dy shteteve do t\u00eb vazhdoj\u00eb dhe se bashk\u00ebpunimi ekonomik duhet intensifikuar n\u00eb t\u00eb mir\u00eb t\u00eb ekonomive respektive. T\u00eb dy President\u00ebt shpreh\u00ebn besimin se projekte t\u00eb p\u00ebrbashk\u00ebta t\u00eb dy vendeve do t\u00eb zbatohen n\u00ebp\u00ebrmjet mb\u00ebshtetjes dhe ndihmes\u00ebs financiare t\u00eb organizatave financiare nd\u00ebrkomb\u00ebtare dhe bankave, me synim vler\u00ebsimin e burimeve natyrore ekonomike, si nj\u00eb pasuri e p\u00ebrbashk\u00ebt e Shqip\u00ebris\u00eb dhe Malit t\u00eb Zi, ve\u00e7an\u00ebrisht zona e Parkut Komb\u00ebtar t\u00eb Liqenit t\u00eb Shkodr\u00ebs dhe Lumi Bun\u00eb.<br \/>\nPresidenti Topi dhe Presidenti Vujanovi\u00e7 shpreh\u00ebn bindjen e tyre p\u00ebr nj\u00eb bashk\u00ebpunim t\u00eb ngusht\u00eb mes dy vendeve n\u00eb proceset integruese n\u00eb NATO dhe BE, si interesa strategjike t\u00eb Shqip\u00ebris\u00eb dhe Malit t\u00eb Zi.<br \/>\nKy takim pune ishte edhe nj\u00eb mund\u00ebsi p\u00ebr t\u00eb dy President\u00ebt p\u00ebr t\u00eb shk\u00ebmbyer pik\u00ebpamje mbi \u00e7\u00ebshtjet rajonale, duke p\u00ebrfshir\u00eb edhe \u00e7\u00ebshtjen e Kosov\u00ebs, ku t\u00eb dy vendet rishpreh\u00ebn q\u00ebndrimet e tyre t\u00eb njohura publikisht mbi t\u00eb ardhmen e saj.<\/font><\/font><\/strong><\/p>\n<table style=\"border-collapse: collapse\" id=\"AutoNumber7\" border=\"1\" bordercolor=\"#111111\" cellpadding=\"0\" cellspacing=\"0\" width=\"100%\">\n<tr>\n<td valign=\"top\" width=\"33%\"><a href=\"http:\/\/www.president.al\/shqip\/foto.asp?id=4548\"><img src=\"http:\/\/www.president.al\/album\/thumb\/4548.jpg\" border=\"0\" width=\"205\" \/><\/a><\/td>\n<td valign=\"top\" width=\"33%\"><a href=\"http:\/\/www.president.al\/shqip\/foto.asp?id=4547\"><img src=\"http:\/\/www.president.al\/album\/thumb\/4547.jpg\" border=\"0\" width=\"205\" \/><\/a><\/td>\n<td valign=\"top\" width=\"33%\"><a href=\"http:\/\/www.president.al\/shqip\/foto.asp?id=4546\"><img src=\"http:\/\/www.president.al\/album\/thumb\/4546.jpg\" border=\"0\" width=\"205\" \/><\/a><\/td>\n<\/tr>\n<tr>\n<td valign=\"top\" width=\"33%\">\n<p align=\"left\"><font face=\"Arial\" size=\"2\">Presidenti Topi gjat\u00eb takimit me Presidentin e Malit t\u00eb Zi, Filip Vujanovi\u00e7.<br \/>\n<strong>11\/13\/2007<\/strong><\/font><\/td>\n<td valign=\"top\" width=\"33%\"><font face=\"Arial\" size=\"2\">Presidenti Topi dhe Presidenti i Malit t\u00eb Zi, Vujanovi\u00e7 n\u00eb Ulqin.<br \/>\n<strong>11\/13\/2007<\/strong><\/font><\/td>\n<td valign=\"top\" width=\"33%\"><font face=\"Arial\" size=\"2\">Presidenti Topi mikpritet n\u00eb pik\u00ebn kufitare n\u00eb Muriqan nga p\u00ebrfaq\u00ebsues t\u00eb pushtetit vendor t\u00eb Ulqinit.<\/font><\/td>\n<\/tr>\n<\/table>\n<table style=\"border-collapse: collapse\" id=\"AutoNumber7\" border=\"1\" bordercolor=\"#111111\" cellpadding=\"0\" cellspacing=\"0\" width=\"100%\">\n<tr>\n<td valign=\"top\" width=\"33%\"><a href=\"http:\/\/www.president.al\/shqip\/foto.asp?id=4551\"><img src=\"http:\/\/www.president.al\/album\/thumb\/4551.jpg\" border=\"0\" width=\"205\" \/><\/a><\/td>\n<td valign=\"top\" width=\"33%\"><a href=\"http:\/\/www.president.al\/shqip\/foto.asp?id=4550\"><img src=\"http:\/\/www.president.al\/album\/thumb\/4550.jpg\" border=\"0\" width=\"205\" \/><\/a><\/td>\n<td valign=\"top\" width=\"33%\"><a href=\"http:\/\/www.president.al\/shqip\/foto.asp?id=4549\"><img src=\"http:\/\/www.president.al\/album\/thumb\/4549.jpg\" border=\"0\" width=\"205\" \/><\/a><\/td>\n<\/tr>\n<tr>\n<td valign=\"top\" width=\"33%\">\n<p align=\"left\"><font face=\"Arial\" size=\"2\">Presidenti Topi takon Kyetarin e Unionit Demokratik, Ferhat Dinosha.<br \/>\n<strong>11\/13\/2007<\/strong><\/font><\/td>\n<td valign=\"top\" width=\"33%\"><font face=\"Arial\" size=\"2\">Presidenti Topi takon Kryetarin e Partis\u00eb Alternativa Shqiptare, Vasel Sinishta.<br \/>\n<strong>11\/13\/2007<\/strong><\/font><\/td>\n<td valign=\"top\" width=\"33%\"><font face=\"Arial\" size=\"2\">Presidenti Topi takon Kryetarin e Lidhjes Demokratike t\u00eb Malit t\u00eb Zi, Mehmet Bardhi.<\/font><\/td>\n<\/tr>\n<\/table>\n<p align=\"left\">&nbsp;<\/p>\n","protected":false},"excerpt":{"rendered":"<p><img loading=\"lazy\" src=\"http:\/\/www.visit-ulcinj.com\/blog\/wp-content\/uploads\/2008\/01\/ferhat-dinosha.thumbnail.jpg\" alt=\"Ferhat Dinosha\" height=\"140\" width=\"140\" \/><\/p>\n","protected":false},"author":1,"featured_media":0,"comment_status":"open","ping_status":"closed","sticky":false,"template":"","format":"standard","meta":{"spay_email":"","jetpack_publicize_message":"","jetpack_is_tweetstorm":false,"jetpack_publicize_feature_enabled":true},"categories":[1],"tags":[1183,103,102,101,100,97,98,362,95,104,99,96,359],"jetpack_publicize_connections":[],"yoast_head":"<!-- This site is optimized with the Yoast SEO plugin v19.1 - https:\/\/yoast.com\/wordpress\/plugins\/seo\/ -->\n<title>Mali i Zi nuk i zbaton standardet europiane p\u00ebr pakica - Lajme nga Ulqini<\/title>\n<meta name=\"robots\" content=\"index, follow, max-snippet:-1, max-image-preview:large, max-video-preview:-1\" \/>\n<link rel=\"canonical\" href=\"https:\/\/www.visit-ulcinj.com\/blog\/2008\/01\/08\/mali-i-zi-nuk-i-zbaton-standardet-europiane-per-pakica\/\" \/>\n<meta property=\"og:locale\" content=\"en_US\" \/>\n<meta property=\"og:type\" content=\"article\" \/>\n<meta property=\"og:title\" content=\"Mali i Zi nuk i zbaton standardet europiane p\u00ebr pakica - Lajme nga Ulqini\" \/>\n<meta property=\"og:url\" content=\"https:\/\/www.visit-ulcinj.com\/blog\/2008\/01\/08\/mali-i-zi-nuk-i-zbaton-standardet-europiane-per-pakica\/\" \/>\n<meta property=\"og:site_name\" content=\"Lajme nga Ulqini\" \/>\n<meta property=\"article:published_time\" content=\"2008-01-08T20:49:03+00:00\" \/>\n<meta property=\"article:modified_time\" content=\"2008-02-12T23:17:24+00:00\" \/>\n<meta property=\"og:image\" content=\"http:\/\/www.visit-ulcinj.com\/blog\/wp-content\/uploads\/2008\/01\/ferhat-dinosha.thumbnail.jpg\" \/>\n<meta name=\"twitter:label1\" content=\"Written by\" \/>\n\t<meta name=\"twitter:data1\" content=\"ulqini\" \/>\n\t<meta name=\"twitter:label2\" content=\"Est. reading time\" \/>\n\t<meta name=\"twitter:data2\" content=\"4 minutes\" \/>\n<script type=\"application\/ld+json\" class=\"yoast-schema-graph\">{\"@context\":\"https:\/\/schema.org\",\"@graph\":[{\"@type\":\"WebSite\",\"@id\":\"https:\/\/www.visit-ulcinj.com\/blog\/#website\",\"url\":\"https:\/\/www.visit-ulcinj.com\/blog\/\",\"name\":\"Lajme nga Ulqini\",\"description\":\"Lajme,Vijesti,Ulqini,Ulqin,Crna Gora,Mali i Zi\",\"potentialAction\":[{\"@type\":\"SearchAction\",\"target\":{\"@type\":\"EntryPoint\",\"urlTemplate\":\"https:\/\/www.visit-ulcinj.com\/blog\/?s={search_term_string}\"},\"query-input\":\"required name=search_term_string\"}],\"inLanguage\":\"en-US\"},{\"@type\":\"ImageObject\",\"inLanguage\":\"en-US\",\"@id\":\"https:\/\/www.visit-ulcinj.com\/blog\/2008\/01\/08\/mali-i-zi-nuk-i-zbaton-standardet-europiane-per-pakica\/#primaryimage\",\"url\":\"http:\/\/www.visit-ulcinj.com\/blog\/wp-content\/uploads\/2008\/01\/ferhat-dinosha.thumbnail.jpg\",\"contentUrl\":\"http:\/\/www.visit-ulcinj.com\/blog\/wp-content\/uploads\/2008\/01\/ferhat-dinosha.thumbnail.jpg\"},{\"@type\":\"WebPage\",\"@id\":\"https:\/\/www.visit-ulcinj.com\/blog\/2008\/01\/08\/mali-i-zi-nuk-i-zbaton-standardet-europiane-per-pakica\/#webpage\",\"url\":\"https:\/\/www.visit-ulcinj.com\/blog\/2008\/01\/08\/mali-i-zi-nuk-i-zbaton-standardet-europiane-per-pakica\/\",\"name\":\"Mali i Zi nuk i zbaton standardet europiane p\u00ebr pakica - Lajme nga Ulqini\",\"isPartOf\":{\"@id\":\"https:\/\/www.visit-ulcinj.com\/blog\/#website\"},\"primaryImageOfPage\":{\"@id\":\"https:\/\/www.visit-ulcinj.com\/blog\/2008\/01\/08\/mali-i-zi-nuk-i-zbaton-standardet-europiane-per-pakica\/#primaryimage\"},\"datePublished\":\"2008-01-08T20:49:03+00:00\",\"dateModified\":\"2008-02-12T23:17:24+00:00\",\"author\":{\"@id\":\"https:\/\/www.visit-ulcinj.com\/blog\/#\/schema\/person\/dcab619c614d3038751c63bc2aadc06d\"},\"breadcrumb\":{\"@id\":\"https:\/\/www.visit-ulcinj.com\/blog\/2008\/01\/08\/mali-i-zi-nuk-i-zbaton-standardet-europiane-per-pakica\/#breadcrumb\"},\"inLanguage\":\"en-US\",\"potentialAction\":[{\"@type\":\"ReadAction\",\"target\":[\"https:\/\/www.visit-ulcinj.com\/blog\/2008\/01\/08\/mali-i-zi-nuk-i-zbaton-standardet-europiane-per-pakica\/\"]}]},{\"@type\":\"BreadcrumbList\",\"@id\":\"https:\/\/www.visit-ulcinj.com\/blog\/2008\/01\/08\/mali-i-zi-nuk-i-zbaton-standardet-europiane-per-pakica\/#breadcrumb\",\"itemListElement\":[{\"@type\":\"ListItem\",\"position\":1,\"name\":\"Mali i Zi nuk i zbaton standardet europiane p\u00ebr pakica\"}]},{\"@type\":\"Person\",\"@id\":\"https:\/\/www.visit-ulcinj.com\/blog\/#\/schema\/person\/dcab619c614d3038751c63bc2aadc06d\",\"name\":\"ulqini\",\"sameAs\":[\"http:\/\/www.visit-ulcinj.com\"],\"url\":\"https:\/\/www.visit-ulcinj.com\/blog\/author\/admin\/\"}]}<\/script>\n<!-- \/ Yoast SEO plugin. -->","yoast_head_json":{"title":"Mali i Zi nuk i zbaton standardet europiane p\u00ebr pakica - Lajme nga Ulqini","robots":{"index":"index","follow":"follow","max-snippet":"max-snippet:-1","max-image-preview":"max-image-preview:large","max-video-preview":"max-video-preview:-1"},"canonical":"https:\/\/www.visit-ulcinj.com\/blog\/2008\/01\/08\/mali-i-zi-nuk-i-zbaton-standardet-europiane-per-pakica\/","og_locale":"en_US","og_type":"article","og_title":"Mali i Zi nuk i zbaton standardet europiane p\u00ebr pakica - Lajme nga Ulqini","og_url":"https:\/\/www.visit-ulcinj.com\/blog\/2008\/01\/08\/mali-i-zi-nuk-i-zbaton-standardet-europiane-per-pakica\/","og_site_name":"Lajme nga Ulqini","article_published_time":"2008-01-08T20:49:03+00:00","article_modified_time":"2008-02-12T23:17:24+00:00","og_image":[{"url":"http:\/\/www.visit-ulcinj.com\/blog\/wp-content\/uploads\/2008\/01\/ferhat-dinosha.thumbnail.jpg"}],"twitter_misc":{"Written by":"ulqini","Est. reading time":"4 minutes"},"schema":{"@context":"https:\/\/schema.org","@graph":[{"@type":"WebSite","@id":"https:\/\/www.visit-ulcinj.com\/blog\/#website","url":"https:\/\/www.visit-ulcinj.com\/blog\/","name":"Lajme nga Ulqini","description":"Lajme,Vijesti,Ulqini,Ulqin,Crna Gora,Mali i Zi","potentialAction":[{"@type":"SearchAction","target":{"@type":"EntryPoint","urlTemplate":"https:\/\/www.visit-ulcinj.com\/blog\/?s={search_term_string}"},"query-input":"required name=search_term_string"}],"inLanguage":"en-US"},{"@type":"ImageObject","inLanguage":"en-US","@id":"https:\/\/www.visit-ulcinj.com\/blog\/2008\/01\/08\/mali-i-zi-nuk-i-zbaton-standardet-europiane-per-pakica\/#primaryimage","url":"http:\/\/www.visit-ulcinj.com\/blog\/wp-content\/uploads\/2008\/01\/ferhat-dinosha.thumbnail.jpg","contentUrl":"http:\/\/www.visit-ulcinj.com\/blog\/wp-content\/uploads\/2008\/01\/ferhat-dinosha.thumbnail.jpg"},{"@type":"WebPage","@id":"https:\/\/www.visit-ulcinj.com\/blog\/2008\/01\/08\/mali-i-zi-nuk-i-zbaton-standardet-europiane-per-pakica\/#webpage","url":"https:\/\/www.visit-ulcinj.com\/blog\/2008\/01\/08\/mali-i-zi-nuk-i-zbaton-standardet-europiane-per-pakica\/","name":"Mali i Zi nuk i zbaton standardet europiane p\u00ebr pakica - Lajme nga Ulqini","isPartOf":{"@id":"https:\/\/www.visit-ulcinj.com\/blog\/#website"},"primaryImageOfPage":{"@id":"https:\/\/www.visit-ulcinj.com\/blog\/2008\/01\/08\/mali-i-zi-nuk-i-zbaton-standardet-europiane-per-pakica\/#primaryimage"},"datePublished":"2008-01-08T20:49:03+00:00","dateModified":"2008-02-12T23:17:24+00:00","author":{"@id":"https:\/\/www.visit-ulcinj.com\/blog\/#\/schema\/person\/dcab619c614d3038751c63bc2aadc06d"},"breadcrumb":{"@id":"https:\/\/www.visit-ulcinj.com\/blog\/2008\/01\/08\/mali-i-zi-nuk-i-zbaton-standardet-europiane-per-pakica\/#breadcrumb"},"inLanguage":"en-US","potentialAction":[{"@type":"ReadAction","target":["https:\/\/www.visit-ulcinj.com\/blog\/2008\/01\/08\/mali-i-zi-nuk-i-zbaton-standardet-europiane-per-pakica\/"]}]},{"@type":"BreadcrumbList","@id":"https:\/\/www.visit-ulcinj.com\/blog\/2008\/01\/08\/mali-i-zi-nuk-i-zbaton-standardet-europiane-per-pakica\/#breadcrumb","itemListElement":[{"@type":"ListItem","position":1,"name":"Mali i Zi nuk i zbaton standardet europiane p\u00ebr pakica"}]},{"@type":"Person","@id":"https:\/\/www.visit-ulcinj.com\/blog\/#\/schema\/person\/dcab619c614d3038751c63bc2aadc06d","name":"ulqini","sameAs":["http:\/\/www.visit-ulcinj.com"],"url":"https:\/\/www.visit-ulcinj.com\/blog\/author\/admin\/"}]}},"jetpack_featured_media_url":"","jetpack_sharing_enabled":true,"jetpack_shortlink":"https:\/\/wp.me\/pe6lTn-1s","_links":{"self":[{"href":"https:\/\/www.visit-ulcinj.com\/blog\/wp-json\/wp\/v2\/posts\/90"}],"collection":[{"href":"https:\/\/www.visit-ulcinj.com\/blog\/wp-json\/wp\/v2\/posts"}],"about":[{"href":"https:\/\/www.visit-ulcinj.com\/blog\/wp-json\/wp\/v2\/types\/post"}],"author":[{"embeddable":true,"href":"https:\/\/www.visit-ulcinj.com\/blog\/wp-json\/wp\/v2\/users\/1"}],"replies":[{"embeddable":true,"href":"https:\/\/www.visit-ulcinj.com\/blog\/wp-json\/wp\/v2\/comments?post=90"}],"version-history":[{"count":0,"href":"https:\/\/www.visit-ulcinj.com\/blog\/wp-json\/wp\/v2\/posts\/90\/revisions"}],"wp:attachment":[{"href":"https:\/\/www.visit-ulcinj.com\/blog\/wp-json\/wp\/v2\/media?parent=90"}],"wp:term":[{"taxonomy":"category","embeddable":true,"href":"https:\/\/www.visit-ulcinj.com\/blog\/wp-json\/wp\/v2\/categories?post=90"},{"taxonomy":"post_tag","embeddable":true,"href":"https:\/\/www.visit-ulcinj.com\/blog\/wp-json\/wp\/v2\/tags?post=90"}],"curies":[{"name":"wp","href":"https:\/\/api.w.org\/{rel}","templated":true}]}}