{"id":900,"date":"2008-03-15T03:16:52","date_gmt":"2008-03-15T08:16:52","guid":{"rendered":"http:\/\/www.visit-ulcinj.com\/blog\/2008\/03\/15\/radnici-vojno-odmaralista-valdanos-u-ulcinju-nece-otpremnine-od-oko-7700-eura\/"},"modified":"2008-03-15T03:23:23","modified_gmt":"2008-03-15T08:23:23","slug":"radnici-vojno-odmaralista-valdanos-u-ulcinju-nece-otpremnine-od-oko-7700-eura","status":"publish","type":"post","link":"https:\/\/www.visit-ulcinj.com\/blog\/2008\/03\/15\/radnici-vojno-odmaralista-valdanos-u-ulcinju-nece-otpremnine-od-oko-7700-eura\/","title":{"rendered":"Radnici vojnog odmarali\u0161ta &#8220;Valdanos&#8221; u Ulcinju ne?e otpremnine od oko 7.700 eura"},"content":{"rendered":"<p><a href=\"http:\/\/www.visit-ulcinj.com\/blog\/wp-content\/uploads\/2008\/03\/shefki-keko-lamoja-2.jpg\" rel=\"lightbox[pics-1205568681]\" title=\"\u0160efki-Keko Ljamovi?\"><img loading=\"lazy\" src=\"http:\/\/www.visit-ulcinj.com\/blog\/wp-content\/uploads\/2008\/03\/shefki-keko-lamoja-2.thumbnail.jpg\" alt=\"\u0160efki-Keko Ljamovi?\" align=\"left\" height=\"200\" width=\"175\" \/><\/a><a href=\"http:\/\/www.visit-ulcinj.com\/gallery\/main.php\" title=\"Ulcinj-ulqini-ulqin,montenegro\" target=\"_blank\"><strong>Ulcinj<\/strong> <\/a>&#8211; Vlada je zadu\u017eila Ministarstvo odbrane da likvidira vojno odmarali\u0161te &#8220;Valdanos&#8221; u Ulcinju i proda pokretnu imovinu te ustanove, ali 44 radnika odbilo je otpremnine od 24 li?na dohotka u prosje?nom iznosu od oko 7.700 eura bez prethodno ponu?enog socijalnog programa.<br \/>\nPredstavnici Sindikata te ustanove pozvali su ju?e Vladu da preispita zaklju?ke donijete 28. februara i ne dozvoli da radnici, koji imaju ukupno vi\u0161e od 1.000 godina radnog sta\u017ea, na kraju postanu socijalni slu?ajevi.<br \/>\n&#8211; Na osnovu informacija koju je, bez znanja zaposlenih, pripremilo Ministarstvo odbrane, Vlada je zaklju?ila da radnicima treba prekinuti radni odnos iako nam sve vrijeme nije vrednovan minuli rad, niti rije\u0161ena stambena pitanja, a nije nam ponu?eno ni da, kao prelazno rje\u0161enje, sa?ekamo budu?eg zakupca &#8211; kazali su ju?e &#8220;Vijestima&#8221; predstavnici Sindikalne organizacije Vojne ustanove &#8220;Boka&#8221; u <a href=\"http:\/\/www.visit-ulcinj.com\/gallery\/main.php\" title=\"Ulcinj-ulqini-ulqin,montenegro\" target=\"_blank\">Ulcinju,<\/a> nakon sastanka sa radnom grupom Ministarstva, koja im je objelodanila zaklju?ke Vlade.<br \/>\nOni isti?u da se bez socijalnog programa, sumom od 7.700 eura, ne mo\u017ee kupiti socijalni mir.<br \/>\nNa nedavnom sastanku kolektiva, izme?u ostalog, zatra\u017eena je podr\u0161ka OSP i gradona?elnika, izrada plana i priprema predstoje?e sezone, koje bi sa?inio direktor ustanove, mogu?nost iznala\u017eenja prinudnog rje\u0161enja i izmirivanje zaostalih obaveza kroz pozajmice. <a href=\"http:\/\/www.visit-ulcinj.com\/blog\/wp-content\/uploads\/2008\/03\/valdanos-by-night-_2_.jpg\" rel=\"lightbox[pics-1205568681]\" title=\"Valdanos by Night ulcinj\"><img loading=\"lazy\" src=\"http:\/\/www.visit-ulcinj.com\/blog\/wp-content\/uploads\/2008\/03\/valdanos-by-night-_2_.thumbnail.jpg\" alt=\"Valdanos by Night ulcinj\" align=\"right\" height=\"150\" width=\"200\" \/><\/a><br \/>\n&#8211; S obzirom na to da je sve upu?ivalo na to da ?e na\u0161i pretpostavljeni donijeti ovakvu odluku, obratili smo se nadle\u017enom Ministarstvu rada, koje nam je odobrilo osnivanje sindikalne organizacije. Nakon pozitivnog odgovora, sa?inili smo predlog kolektivnog ugovora koji smo ponudili radnoj grupi na razmatranje, ali ona nam je osporila registraciju i odbila da razgovara o tome &#8211; istakli su predstavnici sindikata.<br \/>\nPredsjednik OSP \u0160efki-Keko Ljamovi? kazao je da radnici odmarali\u0161ta imaju apsolutnu podr\u0161ku gradskog i republi?kog sindikata.<br \/>\n&#8211; Pomo?nik Ministarstva odbrane dr Rajko Novi?evi? krajem pro\u0161le godine obavijestio me da ?e u slu?aju privatizacije Valdanosa usko sara?ivati sa OSP i brinuti o radnicima koji \u017eele da tu ostanu &#8211; kazao je Ljamovi?.<br \/>\nUpravnik odmarali\u0161ta Miomir Ramovi? ju?e se nije javljao na mobilni telefon.<br \/>\nS.ADROVI?<br \/>\nwww.vijesti.cg.yu<\/p>\n<!-- vimeo error: not a vimeo video -->\n","protected":false},"excerpt":{"rendered":"<p><img loading=\"lazy\" src=\"http:\/\/www.visit-ulcinj.com\/blog\/wp-content\/uploads\/2008\/03\/shefki-keko-lamoja-2.thumbnail.jpg\" alt=\"\u0160efki-Keko Ljamovi?\" align=\"left\" height=\"140\" width=\"140\" \/><\/p>\n","protected":false},"author":1,"featured_media":0,"comment_status":"open","ping_status":"closed","sticky":false,"template":"","format":"standard","meta":{"spay_email":"","jetpack_publicize_message":"","jetpack_is_tweetstorm":false,"jetpack_publicize_feature_enabled":true},"categories":[11],"tags":[2125,2126,2129,2132,2128,2130,2127,295,2131,2124,2123,2182],"jetpack_publicize_connections":[],"yoast_head":"<!-- This site is optimized with the Yoast SEO plugin v19.1 - https:\/\/yoast.com\/wordpress\/plugins\/seo\/ -->\n<title>Radnici vojnog odmarali\u0161ta &quot;Valdanos&quot; u Ulcinju ne?e otpremnine od oko 7.700 eura - Lajme nga Ulqini<\/title>\n<meta name=\"robots\" content=\"index, follow, max-snippet:-1, max-image-preview:large, max-video-preview:-1\" \/>\n<link rel=\"canonical\" href=\"https:\/\/www.visit-ulcinj.com\/blog\/2008\/03\/15\/radnici-vojno-odmaralista-valdanos-u-ulcinju-nece-otpremnine-od-oko-7700-eura\/\" \/>\n<meta property=\"og:locale\" content=\"en_US\" \/>\n<meta property=\"og:type\" content=\"article\" \/>\n<meta property=\"og:title\" content=\"Radnici vojnog odmarali\u0161ta &quot;Valdanos&quot; u Ulcinju ne?e otpremnine od oko 7.700 eura - Lajme nga Ulqini\" \/>\n<meta property=\"og:url\" content=\"https:\/\/www.visit-ulcinj.com\/blog\/2008\/03\/15\/radnici-vojno-odmaralista-valdanos-u-ulcinju-nece-otpremnine-od-oko-7700-eura\/\" \/>\n<meta property=\"og:site_name\" content=\"Lajme nga Ulqini\" \/>\n<meta property=\"article:published_time\" content=\"2008-03-15T08:16:52+00:00\" \/>\n<meta property=\"article:modified_time\" content=\"2008-03-15T08:23:23+00:00\" \/>\n<meta property=\"og:image\" content=\"http:\/\/www.visit-ulcinj.com\/blog\/wp-content\/uploads\/2008\/03\/shefki-keko-lamoja-2.thumbnail.jpg\" \/>\n<meta name=\"twitter:label1\" content=\"Written by\" \/>\n\t<meta name=\"twitter:data1\" content=\"ulqini\" \/>\n\t<meta name=\"twitter:label2\" content=\"Est. reading time\" \/>\n\t<meta name=\"twitter:data2\" content=\"2 minutes\" \/>\n<script type=\"application\/ld+json\" class=\"yoast-schema-graph\">{\"@context\":\"https:\/\/schema.org\",\"@graph\":[{\"@type\":\"WebSite\",\"@id\":\"https:\/\/www.visit-ulcinj.com\/blog\/#website\",\"url\":\"https:\/\/www.visit-ulcinj.com\/blog\/\",\"name\":\"Lajme nga Ulqini\",\"description\":\"Lajme,Vijesti,Ulqini,Ulqin,Crna Gora,Mali i Zi\",\"potentialAction\":[{\"@type\":\"SearchAction\",\"target\":{\"@type\":\"EntryPoint\",\"urlTemplate\":\"https:\/\/www.visit-ulcinj.com\/blog\/?s={search_term_string}\"},\"query-input\":\"required name=search_term_string\"}],\"inLanguage\":\"en-US\"},{\"@type\":\"ImageObject\",\"inLanguage\":\"en-US\",\"@id\":\"https:\/\/www.visit-ulcinj.com\/blog\/2008\/03\/15\/radnici-vojno-odmaralista-valdanos-u-ulcinju-nece-otpremnine-od-oko-7700-eura\/#primaryimage\",\"url\":\"http:\/\/www.visit-ulcinj.com\/blog\/wp-content\/uploads\/2008\/03\/shefki-keko-lamoja-2.thumbnail.jpg\",\"contentUrl\":\"http:\/\/www.visit-ulcinj.com\/blog\/wp-content\/uploads\/2008\/03\/shefki-keko-lamoja-2.thumbnail.jpg\"},{\"@type\":\"WebPage\",\"@id\":\"https:\/\/www.visit-ulcinj.com\/blog\/2008\/03\/15\/radnici-vojno-odmaralista-valdanos-u-ulcinju-nece-otpremnine-od-oko-7700-eura\/#webpage\",\"url\":\"https:\/\/www.visit-ulcinj.com\/blog\/2008\/03\/15\/radnici-vojno-odmaralista-valdanos-u-ulcinju-nece-otpremnine-od-oko-7700-eura\/\",\"name\":\"Radnici vojnog odmarali\u0161ta \\\"Valdanos\\\" u Ulcinju ne?e otpremnine od oko 7.700 eura - Lajme nga Ulqini\",\"isPartOf\":{\"@id\":\"https:\/\/www.visit-ulcinj.com\/blog\/#website\"},\"primaryImageOfPage\":{\"@id\":\"https:\/\/www.visit-ulcinj.com\/blog\/2008\/03\/15\/radnici-vojno-odmaralista-valdanos-u-ulcinju-nece-otpremnine-od-oko-7700-eura\/#primaryimage\"},\"datePublished\":\"2008-03-15T08:16:52+00:00\",\"dateModified\":\"2008-03-15T08:23:23+00:00\",\"author\":{\"@id\":\"https:\/\/www.visit-ulcinj.com\/blog\/#\/schema\/person\/dcab619c614d3038751c63bc2aadc06d\"},\"breadcrumb\":{\"@id\":\"https:\/\/www.visit-ulcinj.com\/blog\/2008\/03\/15\/radnici-vojno-odmaralista-valdanos-u-ulcinju-nece-otpremnine-od-oko-7700-eura\/#breadcrumb\"},\"inLanguage\":\"en-US\",\"potentialAction\":[{\"@type\":\"ReadAction\",\"target\":[\"https:\/\/www.visit-ulcinj.com\/blog\/2008\/03\/15\/radnici-vojno-odmaralista-valdanos-u-ulcinju-nece-otpremnine-od-oko-7700-eura\/\"]}]},{\"@type\":\"BreadcrumbList\",\"@id\":\"https:\/\/www.visit-ulcinj.com\/blog\/2008\/03\/15\/radnici-vojno-odmaralista-valdanos-u-ulcinju-nece-otpremnine-od-oko-7700-eura\/#breadcrumb\",\"itemListElement\":[{\"@type\":\"ListItem\",\"position\":1,\"name\":\"Radnici vojnog odmarali\u0161ta &#8220;Valdanos&#8221; u Ulcinju ne?e otpremnine od oko 7.700 eura\"}]},{\"@type\":\"Person\",\"@id\":\"https:\/\/www.visit-ulcinj.com\/blog\/#\/schema\/person\/dcab619c614d3038751c63bc2aadc06d\",\"name\":\"ulqini\",\"sameAs\":[\"http:\/\/www.visit-ulcinj.com\"],\"url\":\"https:\/\/www.visit-ulcinj.com\/blog\/author\/admin\/\"}]}<\/script>\n<!-- \/ Yoast SEO plugin. -->","yoast_head_json":{"title":"Radnici vojnog odmarali\u0161ta \"Valdanos\" u Ulcinju ne?e otpremnine od oko 7.700 eura - Lajme nga Ulqini","robots":{"index":"index","follow":"follow","max-snippet":"max-snippet:-1","max-image-preview":"max-image-preview:large","max-video-preview":"max-video-preview:-1"},"canonical":"https:\/\/www.visit-ulcinj.com\/blog\/2008\/03\/15\/radnici-vojno-odmaralista-valdanos-u-ulcinju-nece-otpremnine-od-oko-7700-eura\/","og_locale":"en_US","og_type":"article","og_title":"Radnici vojnog odmarali\u0161ta \"Valdanos\" u Ulcinju ne?e otpremnine od oko 7.700 eura - Lajme nga Ulqini","og_url":"https:\/\/www.visit-ulcinj.com\/blog\/2008\/03\/15\/radnici-vojno-odmaralista-valdanos-u-ulcinju-nece-otpremnine-od-oko-7700-eura\/","og_site_name":"Lajme nga Ulqini","article_published_time":"2008-03-15T08:16:52+00:00","article_modified_time":"2008-03-15T08:23:23+00:00","og_image":[{"url":"http:\/\/www.visit-ulcinj.com\/blog\/wp-content\/uploads\/2008\/03\/shefki-keko-lamoja-2.thumbnail.jpg"}],"twitter_misc":{"Written by":"ulqini","Est. reading time":"2 minutes"},"schema":{"@context":"https:\/\/schema.org","@graph":[{"@type":"WebSite","@id":"https:\/\/www.visit-ulcinj.com\/blog\/#website","url":"https:\/\/www.visit-ulcinj.com\/blog\/","name":"Lajme nga Ulqini","description":"Lajme,Vijesti,Ulqini,Ulqin,Crna Gora,Mali i Zi","potentialAction":[{"@type":"SearchAction","target":{"@type":"EntryPoint","urlTemplate":"https:\/\/www.visit-ulcinj.com\/blog\/?s={search_term_string}"},"query-input":"required name=search_term_string"}],"inLanguage":"en-US"},{"@type":"ImageObject","inLanguage":"en-US","@id":"https:\/\/www.visit-ulcinj.com\/blog\/2008\/03\/15\/radnici-vojno-odmaralista-valdanos-u-ulcinju-nece-otpremnine-od-oko-7700-eura\/#primaryimage","url":"http:\/\/www.visit-ulcinj.com\/blog\/wp-content\/uploads\/2008\/03\/shefki-keko-lamoja-2.thumbnail.jpg","contentUrl":"http:\/\/www.visit-ulcinj.com\/blog\/wp-content\/uploads\/2008\/03\/shefki-keko-lamoja-2.thumbnail.jpg"},{"@type":"WebPage","@id":"https:\/\/www.visit-ulcinj.com\/blog\/2008\/03\/15\/radnici-vojno-odmaralista-valdanos-u-ulcinju-nece-otpremnine-od-oko-7700-eura\/#webpage","url":"https:\/\/www.visit-ulcinj.com\/blog\/2008\/03\/15\/radnici-vojno-odmaralista-valdanos-u-ulcinju-nece-otpremnine-od-oko-7700-eura\/","name":"Radnici vojnog odmarali\u0161ta \"Valdanos\" u Ulcinju ne?e otpremnine od oko 7.700 eura - Lajme nga Ulqini","isPartOf":{"@id":"https:\/\/www.visit-ulcinj.com\/blog\/#website"},"primaryImageOfPage":{"@id":"https:\/\/www.visit-ulcinj.com\/blog\/2008\/03\/15\/radnici-vojno-odmaralista-valdanos-u-ulcinju-nece-otpremnine-od-oko-7700-eura\/#primaryimage"},"datePublished":"2008-03-15T08:16:52+00:00","dateModified":"2008-03-15T08:23:23+00:00","author":{"@id":"https:\/\/www.visit-ulcinj.com\/blog\/#\/schema\/person\/dcab619c614d3038751c63bc2aadc06d"},"breadcrumb":{"@id":"https:\/\/www.visit-ulcinj.com\/blog\/2008\/03\/15\/radnici-vojno-odmaralista-valdanos-u-ulcinju-nece-otpremnine-od-oko-7700-eura\/#breadcrumb"},"inLanguage":"en-US","potentialAction":[{"@type":"ReadAction","target":["https:\/\/www.visit-ulcinj.com\/blog\/2008\/03\/15\/radnici-vojno-odmaralista-valdanos-u-ulcinju-nece-otpremnine-od-oko-7700-eura\/"]}]},{"@type":"BreadcrumbList","@id":"https:\/\/www.visit-ulcinj.com\/blog\/2008\/03\/15\/radnici-vojno-odmaralista-valdanos-u-ulcinju-nece-otpremnine-od-oko-7700-eura\/#breadcrumb","itemListElement":[{"@type":"ListItem","position":1,"name":"Radnici vojnog odmarali\u0161ta &#8220;Valdanos&#8221; u Ulcinju ne?e otpremnine od oko 7.700 eura"}]},{"@type":"Person","@id":"https:\/\/www.visit-ulcinj.com\/blog\/#\/schema\/person\/dcab619c614d3038751c63bc2aadc06d","name":"ulqini","sameAs":["http:\/\/www.visit-ulcinj.com"],"url":"https:\/\/www.visit-ulcinj.com\/blog\/author\/admin\/"}]}},"jetpack_featured_media_url":"","jetpack_sharing_enabled":true,"jetpack_shortlink":"https:\/\/wp.me\/pe6lTn-ew","_links":{"self":[{"href":"https:\/\/www.visit-ulcinj.com\/blog\/wp-json\/wp\/v2\/posts\/900"}],"collection":[{"href":"https:\/\/www.visit-ulcinj.com\/blog\/wp-json\/wp\/v2\/posts"}],"about":[{"href":"https:\/\/www.visit-ulcinj.com\/blog\/wp-json\/wp\/v2\/types\/post"}],"author":[{"embeddable":true,"href":"https:\/\/www.visit-ulcinj.com\/blog\/wp-json\/wp\/v2\/users\/1"}],"replies":[{"embeddable":true,"href":"https:\/\/www.visit-ulcinj.com\/blog\/wp-json\/wp\/v2\/comments?post=900"}],"version-history":[{"count":0,"href":"https:\/\/www.visit-ulcinj.com\/blog\/wp-json\/wp\/v2\/posts\/900\/revisions"}],"wp:attachment":[{"href":"https:\/\/www.visit-ulcinj.com\/blog\/wp-json\/wp\/v2\/media?parent=900"}],"wp:term":[{"taxonomy":"category","embeddable":true,"href":"https:\/\/www.visit-ulcinj.com\/blog\/wp-json\/wp\/v2\/categories?post=900"},{"taxonomy":"post_tag","embeddable":true,"href":"https:\/\/www.visit-ulcinj.com\/blog\/wp-json\/wp\/v2\/tags?post=900"}],"curies":[{"name":"wp","href":"https:\/\/api.w.org\/{rel}","templated":true}]}}