{"id":90010,"date":"2015-04-15T09:05:07","date_gmt":"2015-04-15T08:05:07","guid":{"rendered":"http:\/\/www.visit-ulcinj.com\/blog\/?p=90010"},"modified":"2015-04-15T09:05:07","modified_gmt":"2015-04-15T08:05:07","slug":"komuna-ulqinit-sqaron-opinionin-lidhur-blerjen-e-automjeteve","status":"publish","type":"post","link":"https:\/\/www.visit-ulcinj.com\/blog\/2015\/04\/15\/komuna-ulqinit-sqaron-opinionin-lidhur-blerjen-e-automjeteve\/","title":{"rendered":"Komuna Ulqinit, sqaron opinionin lidhur me blerjen e automjeteve"},"content":{"rendered":"<div class=\"text\">\n<p><a href=\"http:\/\/www.visit-ulcinj.com\/blog\/wp-content\/uploads\/2015\/03\/audi_a6.jpg\"><img loading=\"lazy\" class=\"alignleft wp-image-89342 size-full\" src=\"http:\/\/www.visit-ulcinj.com\/blog\/wp-content\/uploads\/2015\/03\/audi_a6.jpg\" alt=\"audi_a6\" width=\"508\" height=\"287\" \/><\/a>N\u00eb disa\u00a0media \u00a0jan\u00eb plasuar t\u00eb pav\u00ebrteta, lidhur\u00a0me\u00a0blerjen e automjeteve p\u00ebr\u00a0 nevoja \u00a0\u00a0t\u00eb Komun\u00ebs<\/p>\n<p>Andaj, p\u00ebr shkak t\u00eb transparenc\u00ebs \u00a0dhe\u00a0 m\u00ebnjanimit \u00a0t\u00eb hijeve t\u00eb \u00a0dyshimit njoftojm\u00eb\u00a0 opinion e gjer\u00eb\u00a0 me\u00a0 rrjedh\u00ebn e\u00a0 procedur\u00ebs s\u00eb\u00a0blerjes s\u00eb automjeteve .<\/p>\n<p><strong>1<\/strong>. Prokurimi\u00a0 publik\u00a0 p\u00ebr\u00a0 blerjen e\u00a0 automjeteve\u00a0 \u00ebsht\u00eb\u00a0 shpallur dy\u00a0her\u00eb.<\/p>\n<p><strong>2 .<\/strong>Blerja\u00a0 e automjeteve\u00a0 ka q\u00ebn\u00eb e\u00a0planifikuar\u00a0 me\u00a0 buxhetin e Komun\u00ebs\u00a0 s\u00eb Ulqinit\u00a0p\u00ebr\u00a0 vitin 2014 dhe\u00a0plani i\u00a0 prokurimeve publike\u00a0 p\u00ebr t\u00eb nj\u00ebjtin \u00a0vit.<\/p>\n<p><strong>3.\u00a0<\/strong>Tenderi\u00a0 \u00ebsht\u00eb shpallur\u00a0 publikisht\u00a0 n\u00eb sajtin\u00a0 e\u00a0 prokurimeve\u00a0 publike t\u00eb Malit t\u00eb Zi.<\/p>\n<p><strong>4.\u00a0<\/strong>Tenderi ka qen\u00eb\u00a0 i hapur\u00a0 dhe publik, me t\u00eb drejt\u00eb\u00a0konkurimi\u00a0t\u00eb\u00a0cdo\u00a0\u00a0 ofertuesi nga\u00a0 vendi\u00a0 dhe jasht\u00eb Malit t\u00eb Zi.<\/p>\n<p><strong>5<\/strong>.N\u00eb\u00a0rastin e par\u00eb parashikimi\u00a0 ka qen\u00eb\u00a0 24000 euro dhe nuk \u00ebsht\u00eb lajm\u00ebruar\u00a0asnj\u00eb\u00a0ofertues<\/p>\n<p><strong>6<\/strong>.N\u00eb rastin e dyt\u00eb , parashikimi\u00a0i ofert\u00ebs\u00a0ka qen\u00eb 25000 euro dhe kemi pasur nj\u00eb\u00a0 ofert\u00eb t\u00eb vetme\u00a0 t\u00eb\u00a0 mb\u00ebrritur\u00a0 dhe e cila\u00a0 i ka\u00a0 plot\u00ebsuar\u00a0 kushtet\u00a0 e tenderit.<\/p>\n<p><strong>7<\/strong>.Tenderi ka qen\u00eb\u00a0 i planifikuar\u00a0 me\u00a0 t\u00eb \u00a0gjitha parametrat\u00a0 t\u00eb suazave\u00a0\u00a0 ligjore\u00a0 dhe nuk\u00a0 ka\u00a0 favorizuar\u00a0 asnj\u00eb\u00a0 ofertues\u00a0 apo kompani\u00a0 prodhuese t\u00eb automjeteve .<\/p>\n<p>Pra, cdo kompani\u00a0 ka pasur t\u00eb\u00a0 drejt\u00eb\u00a0 t\u00eb konkuroj\u00a0 me t\u00eb drejta t\u00eb\u00a0 nj\u00ebjta.<\/p>\n<p><strong>SHERBIMI\u00a0I\u00a0FINANCAVE\u00a0I\u00a0KOMUN\u00cbS S\u00cb ULQINIT\u00a0<\/strong><\/p>\n<p><strong>Komuna Ulqinit<\/strong><\/p>\n<\/div>\n","protected":false},"excerpt":{"rendered":"<p>N\u00eb disa\u00a0media \u00a0jan\u00eb plasuar t\u00eb pav\u00ebrteta, lidhur\u00a0me\u00a0blerjen e automjeteve p\u00ebr\u00a0 nevoja \u00a0\u00a0t\u00eb Komun\u00ebs Andaj, p\u00ebr shkak t\u00eb transparenc\u00ebs \u00a0dhe\u00a0 m\u00ebnjanimit \u00a0t\u00eb hijeve t\u00eb \u00a0dyshimit njoftojm\u00eb\u00a0 opinion e gjer\u00eb\u00a0 me\u00a0 rrjedh\u00ebn e\u00a0 procedur\u00ebs s\u00eb\u00a0blerjes s\u00eb automjeteve . 1. Prokurimi\u00a0 publik\u00a0 p\u00ebr\u00a0 blerjen e\u00a0 automjeteve\u00a0 \u00ebsht\u00eb\u00a0 shpallur dy\u00a0her\u00eb. 2 .Blerja\u00a0 e automjeteve\u00a0 ka q\u00ebn\u00eb e\u00a0planifikuar\u00a0 me\u00a0 buxhetin [&hellip;]<\/p>\n","protected":false},"author":1,"featured_media":0,"comment_status":"closed","ping_status":"closed","sticky":false,"template":"","format":"standard","meta":{"spay_email":"","jetpack_publicize_message":"","jetpack_is_tweetstorm":false,"jetpack_publicize_feature_enabled":true},"categories":[11],"tags":[],"jetpack_publicize_connections":[],"yoast_head":"<!-- This site is optimized with the Yoast SEO plugin v19.1 - https:\/\/yoast.com\/wordpress\/plugins\/seo\/ -->\n<title>Komuna Ulqinit, sqaron opinionin lidhur me blerjen e automjeteve - Lajme nga Ulqini<\/title>\n<meta name=\"description\" content=\"N\u00eb disa\u00a0media \u00a0jan\u00eb plasuar t\u00eb pav\u00ebrteta, lidhur\u00a0me\u00a0blerjen e automjeteve p\u00ebr\u00a0 nevoja \u00a0\u00a0t\u00eb Komun\u00ebs Andaj, p\u00ebr shkak t\u00eb transparenc\u00ebs \u00a0dhe\u00a0 m\u00ebnjanimit \u00a0t\u00eb\" \/>\n<meta name=\"robots\" content=\"index, follow, max-snippet:-1, max-image-preview:large, max-video-preview:-1\" \/>\n<link rel=\"canonical\" href=\"https:\/\/www.visit-ulcinj.com\/blog\/2015\/04\/15\/komuna-ulqinit-sqaron-opinionin-lidhur-blerjen-e-automjeteve\/\" \/>\n<meta property=\"og:locale\" content=\"en_US\" \/>\n<meta property=\"og:type\" content=\"article\" \/>\n<meta property=\"og:title\" content=\"Komuna Ulqinit, sqaron opinionin lidhur me blerjen e automjeteve - Lajme nga Ulqini\" \/>\n<meta property=\"og:description\" content=\"N\u00eb disa\u00a0media \u00a0jan\u00eb plasuar t\u00eb pav\u00ebrteta, lidhur\u00a0me\u00a0blerjen e automjeteve p\u00ebr\u00a0 nevoja \u00a0\u00a0t\u00eb Komun\u00ebs Andaj, p\u00ebr shkak t\u00eb transparenc\u00ebs \u00a0dhe\u00a0 m\u00ebnjanimit \u00a0t\u00eb\" \/>\n<meta property=\"og:url\" content=\"https:\/\/www.visit-ulcinj.com\/blog\/2015\/04\/15\/komuna-ulqinit-sqaron-opinionin-lidhur-blerjen-e-automjeteve\/\" \/>\n<meta property=\"og:site_name\" content=\"Lajme nga Ulqini\" \/>\n<meta property=\"article:published_time\" content=\"2015-04-15T08:05:07+00:00\" \/>\n<meta property=\"og:image\" content=\"http:\/\/www.visit-ulcinj.com\/blog\/wp-content\/uploads\/2015\/03\/audi_a6.jpg\" \/>\n<meta name=\"twitter:label1\" content=\"Written by\" \/>\n\t<meta name=\"twitter:data1\" content=\"ulqini\" \/>\n\t<meta name=\"twitter:label2\" content=\"Est. reading time\" \/>\n\t<meta name=\"twitter:data2\" content=\"1 minute\" \/>\n<script type=\"application\/ld+json\" class=\"yoast-schema-graph\">{\"@context\":\"https:\/\/schema.org\",\"@graph\":[{\"@type\":\"WebSite\",\"@id\":\"https:\/\/www.visit-ulcinj.com\/blog\/#website\",\"url\":\"https:\/\/www.visit-ulcinj.com\/blog\/\",\"name\":\"Lajme nga Ulqini\",\"description\":\"Lajme,Vijesti,Ulqini,Ulqin,Crna Gora,Mali i Zi\",\"potentialAction\":[{\"@type\":\"SearchAction\",\"target\":{\"@type\":\"EntryPoint\",\"urlTemplate\":\"https:\/\/www.visit-ulcinj.com\/blog\/?s={search_term_string}\"},\"query-input\":\"required name=search_term_string\"}],\"inLanguage\":\"en-US\"},{\"@type\":\"ImageObject\",\"inLanguage\":\"en-US\",\"@id\":\"https:\/\/www.visit-ulcinj.com\/blog\/2015\/04\/15\/komuna-ulqinit-sqaron-opinionin-lidhur-blerjen-e-automjeteve\/#primaryimage\",\"url\":\"http:\/\/www.visit-ulcinj.com\/blog\/wp-content\/uploads\/2015\/03\/audi_a6.jpg\",\"contentUrl\":\"http:\/\/www.visit-ulcinj.com\/blog\/wp-content\/uploads\/2015\/03\/audi_a6.jpg\"},{\"@type\":\"WebPage\",\"@id\":\"https:\/\/www.visit-ulcinj.com\/blog\/2015\/04\/15\/komuna-ulqinit-sqaron-opinionin-lidhur-blerjen-e-automjeteve\/#webpage\",\"url\":\"https:\/\/www.visit-ulcinj.com\/blog\/2015\/04\/15\/komuna-ulqinit-sqaron-opinionin-lidhur-blerjen-e-automjeteve\/\",\"name\":\"Komuna Ulqinit, sqaron opinionin lidhur me blerjen e automjeteve - Lajme nga Ulqini\",\"isPartOf\":{\"@id\":\"https:\/\/www.visit-ulcinj.com\/blog\/#website\"},\"primaryImageOfPage\":{\"@id\":\"https:\/\/www.visit-ulcinj.com\/blog\/2015\/04\/15\/komuna-ulqinit-sqaron-opinionin-lidhur-blerjen-e-automjeteve\/#primaryimage\"},\"datePublished\":\"2015-04-15T08:05:07+00:00\",\"dateModified\":\"2015-04-15T08:05:07+00:00\",\"author\":{\"@id\":\"https:\/\/www.visit-ulcinj.com\/blog\/#\/schema\/person\/dcab619c614d3038751c63bc2aadc06d\"},\"description\":\"N\u00eb disa\u00a0media \u00a0jan\u00eb plasuar t\u00eb pav\u00ebrteta, lidhur\u00a0me\u00a0blerjen e automjeteve p\u00ebr\u00a0 nevoja \u00a0\u00a0t\u00eb Komun\u00ebs Andaj, p\u00ebr shkak t\u00eb transparenc\u00ebs \u00a0dhe\u00a0 m\u00ebnjanimit \u00a0t\u00eb\",\"breadcrumb\":{\"@id\":\"https:\/\/www.visit-ulcinj.com\/blog\/2015\/04\/15\/komuna-ulqinit-sqaron-opinionin-lidhur-blerjen-e-automjeteve\/#breadcrumb\"},\"inLanguage\":\"en-US\",\"potentialAction\":[{\"@type\":\"ReadAction\",\"target\":[\"https:\/\/www.visit-ulcinj.com\/blog\/2015\/04\/15\/komuna-ulqinit-sqaron-opinionin-lidhur-blerjen-e-automjeteve\/\"]}]},{\"@type\":\"BreadcrumbList\",\"@id\":\"https:\/\/www.visit-ulcinj.com\/blog\/2015\/04\/15\/komuna-ulqinit-sqaron-opinionin-lidhur-blerjen-e-automjeteve\/#breadcrumb\",\"itemListElement\":[{\"@type\":\"ListItem\",\"position\":1,\"name\":\"Komuna Ulqinit, sqaron opinionin lidhur me blerjen e automjeteve\"}]},{\"@type\":\"Person\",\"@id\":\"https:\/\/www.visit-ulcinj.com\/blog\/#\/schema\/person\/dcab619c614d3038751c63bc2aadc06d\",\"name\":\"ulqini\",\"sameAs\":[\"http:\/\/www.visit-ulcinj.com\"],\"url\":\"https:\/\/www.visit-ulcinj.com\/blog\/author\/admin\/\"}]}<\/script>\n<!-- \/ Yoast SEO plugin. -->","yoast_head_json":{"title":"Komuna Ulqinit, sqaron opinionin lidhur me blerjen e automjeteve - Lajme nga Ulqini","description":"N\u00eb disa\u00a0media \u00a0jan\u00eb plasuar t\u00eb pav\u00ebrteta, lidhur\u00a0me\u00a0blerjen e automjeteve p\u00ebr\u00a0 nevoja \u00a0\u00a0t\u00eb Komun\u00ebs Andaj, p\u00ebr shkak t\u00eb transparenc\u00ebs \u00a0dhe\u00a0 m\u00ebnjanimit \u00a0t\u00eb","robots":{"index":"index","follow":"follow","max-snippet":"max-snippet:-1","max-image-preview":"max-image-preview:large","max-video-preview":"max-video-preview:-1"},"canonical":"https:\/\/www.visit-ulcinj.com\/blog\/2015\/04\/15\/komuna-ulqinit-sqaron-opinionin-lidhur-blerjen-e-automjeteve\/","og_locale":"en_US","og_type":"article","og_title":"Komuna Ulqinit, sqaron opinionin lidhur me blerjen e automjeteve - Lajme nga Ulqini","og_description":"N\u00eb disa\u00a0media \u00a0jan\u00eb plasuar t\u00eb pav\u00ebrteta, lidhur\u00a0me\u00a0blerjen e automjeteve p\u00ebr\u00a0 nevoja \u00a0\u00a0t\u00eb Komun\u00ebs Andaj, p\u00ebr shkak t\u00eb transparenc\u00ebs \u00a0dhe\u00a0 m\u00ebnjanimit \u00a0t\u00eb","og_url":"https:\/\/www.visit-ulcinj.com\/blog\/2015\/04\/15\/komuna-ulqinit-sqaron-opinionin-lidhur-blerjen-e-automjeteve\/","og_site_name":"Lajme nga Ulqini","article_published_time":"2015-04-15T08:05:07+00:00","og_image":[{"url":"http:\/\/www.visit-ulcinj.com\/blog\/wp-content\/uploads\/2015\/03\/audi_a6.jpg"}],"twitter_misc":{"Written by":"ulqini","Est. reading time":"1 minute"},"schema":{"@context":"https:\/\/schema.org","@graph":[{"@type":"WebSite","@id":"https:\/\/www.visit-ulcinj.com\/blog\/#website","url":"https:\/\/www.visit-ulcinj.com\/blog\/","name":"Lajme nga Ulqini","description":"Lajme,Vijesti,Ulqini,Ulqin,Crna Gora,Mali i Zi","potentialAction":[{"@type":"SearchAction","target":{"@type":"EntryPoint","urlTemplate":"https:\/\/www.visit-ulcinj.com\/blog\/?s={search_term_string}"},"query-input":"required name=search_term_string"}],"inLanguage":"en-US"},{"@type":"ImageObject","inLanguage":"en-US","@id":"https:\/\/www.visit-ulcinj.com\/blog\/2015\/04\/15\/komuna-ulqinit-sqaron-opinionin-lidhur-blerjen-e-automjeteve\/#primaryimage","url":"http:\/\/www.visit-ulcinj.com\/blog\/wp-content\/uploads\/2015\/03\/audi_a6.jpg","contentUrl":"http:\/\/www.visit-ulcinj.com\/blog\/wp-content\/uploads\/2015\/03\/audi_a6.jpg"},{"@type":"WebPage","@id":"https:\/\/www.visit-ulcinj.com\/blog\/2015\/04\/15\/komuna-ulqinit-sqaron-opinionin-lidhur-blerjen-e-automjeteve\/#webpage","url":"https:\/\/www.visit-ulcinj.com\/blog\/2015\/04\/15\/komuna-ulqinit-sqaron-opinionin-lidhur-blerjen-e-automjeteve\/","name":"Komuna Ulqinit, sqaron opinionin lidhur me blerjen e automjeteve - Lajme nga Ulqini","isPartOf":{"@id":"https:\/\/www.visit-ulcinj.com\/blog\/#website"},"primaryImageOfPage":{"@id":"https:\/\/www.visit-ulcinj.com\/blog\/2015\/04\/15\/komuna-ulqinit-sqaron-opinionin-lidhur-blerjen-e-automjeteve\/#primaryimage"},"datePublished":"2015-04-15T08:05:07+00:00","dateModified":"2015-04-15T08:05:07+00:00","author":{"@id":"https:\/\/www.visit-ulcinj.com\/blog\/#\/schema\/person\/dcab619c614d3038751c63bc2aadc06d"},"description":"N\u00eb disa\u00a0media \u00a0jan\u00eb plasuar t\u00eb pav\u00ebrteta, lidhur\u00a0me\u00a0blerjen e automjeteve p\u00ebr\u00a0 nevoja \u00a0\u00a0t\u00eb Komun\u00ebs Andaj, p\u00ebr shkak t\u00eb transparenc\u00ebs \u00a0dhe\u00a0 m\u00ebnjanimit \u00a0t\u00eb","breadcrumb":{"@id":"https:\/\/www.visit-ulcinj.com\/blog\/2015\/04\/15\/komuna-ulqinit-sqaron-opinionin-lidhur-blerjen-e-automjeteve\/#breadcrumb"},"inLanguage":"en-US","potentialAction":[{"@type":"ReadAction","target":["https:\/\/www.visit-ulcinj.com\/blog\/2015\/04\/15\/komuna-ulqinit-sqaron-opinionin-lidhur-blerjen-e-automjeteve\/"]}]},{"@type":"BreadcrumbList","@id":"https:\/\/www.visit-ulcinj.com\/blog\/2015\/04\/15\/komuna-ulqinit-sqaron-opinionin-lidhur-blerjen-e-automjeteve\/#breadcrumb","itemListElement":[{"@type":"ListItem","position":1,"name":"Komuna Ulqinit, sqaron opinionin lidhur me blerjen e automjeteve"}]},{"@type":"Person","@id":"https:\/\/www.visit-ulcinj.com\/blog\/#\/schema\/person\/dcab619c614d3038751c63bc2aadc06d","name":"ulqini","sameAs":["http:\/\/www.visit-ulcinj.com"],"url":"https:\/\/www.visit-ulcinj.com\/blog\/author\/admin\/"}]}},"jetpack_featured_media_url":"","jetpack_sharing_enabled":true,"jetpack_shortlink":"https:\/\/wp.me\/pe6lTn-npM","_links":{"self":[{"href":"https:\/\/www.visit-ulcinj.com\/blog\/wp-json\/wp\/v2\/posts\/90010"}],"collection":[{"href":"https:\/\/www.visit-ulcinj.com\/blog\/wp-json\/wp\/v2\/posts"}],"about":[{"href":"https:\/\/www.visit-ulcinj.com\/blog\/wp-json\/wp\/v2\/types\/post"}],"author":[{"embeddable":true,"href":"https:\/\/www.visit-ulcinj.com\/blog\/wp-json\/wp\/v2\/users\/1"}],"replies":[{"embeddable":true,"href":"https:\/\/www.visit-ulcinj.com\/blog\/wp-json\/wp\/v2\/comments?post=90010"}],"version-history":[{"count":1,"href":"https:\/\/www.visit-ulcinj.com\/blog\/wp-json\/wp\/v2\/posts\/90010\/revisions"}],"predecessor-version":[{"id":90011,"href":"https:\/\/www.visit-ulcinj.com\/blog\/wp-json\/wp\/v2\/posts\/90010\/revisions\/90011"}],"wp:attachment":[{"href":"https:\/\/www.visit-ulcinj.com\/blog\/wp-json\/wp\/v2\/media?parent=90010"}],"wp:term":[{"taxonomy":"category","embeddable":true,"href":"https:\/\/www.visit-ulcinj.com\/blog\/wp-json\/wp\/v2\/categories?post=90010"},{"taxonomy":"post_tag","embeddable":true,"href":"https:\/\/www.visit-ulcinj.com\/blog\/wp-json\/wp\/v2\/tags?post=90010"}],"curies":[{"name":"wp","href":"https:\/\/api.w.org\/{rel}","templated":true}]}}