{"id":90012,"date":"2015-04-15T21:50:28","date_gmt":"2015-04-15T20:50:28","guid":{"rendered":"http:\/\/www.visit-ulcinj.com\/blog\/?p=90012"},"modified":"2015-04-15T21:50:28","modified_gmt":"2015-04-15T20:50:28","slug":"memoriam-basri-sadiku","status":"publish","type":"post","link":"https:\/\/www.visit-ulcinj.com\/blog\/2015\/04\/15\/memoriam-basri-sadiku\/","title":{"rendered":"IN MEMORIAM : Basri Sadiku"},"content":{"rendered":"<p><a href=\"http:\/\/www.visit-ulcinj.com\/blog\/wp-content\/uploads\/2015\/04\/Basri-Sadiku-Ulqin.jpg\"><img loading=\"lazy\" class=\"alignleft wp-image-90013 size-medium\" src=\"http:\/\/www.visit-ulcinj.com\/blog\/wp-content\/uploads\/2015\/04\/Basri-Sadiku-Ulqin-217x300.jpg\" alt=\"Basri-Sadiku-Ulqin\" width=\"217\" height=\"300\" srcset=\"https:\/\/www.visit-ulcinj.com\/blog\/wp-content\/uploads\/2015\/04\/Basri-Sadiku-Ulqin-217x300.jpg 217w, https:\/\/www.visit-ulcinj.com\/blog\/wp-content\/uploads\/2015\/04\/Basri-Sadiku-Ulqin.jpg 480w\" sizes=\"(max-width: 217px) 100vw, 217px\" \/><\/a>T\u00eb marten , me 14.04.2015 n\u00eb mosh\u00ebn 85 vje\u00e7are nd\u00ebrroj jet\u00eb zotri H. Basri SADIKU nga Rana. Basriu ka qen\u00eb themeluasi dhe prezidenti i par\u00eb i Shoqat\u00ebs joqeveritare &#8220;Rana&#8221;. M\u00eb aktivitete dhe m\u00eb idet e tij, Basriu \u00ebsht\u00eb b\u00ebr\u00eb sinonimi i k\u00ebsaj Shoqate. Nep\u00ebr mes\u00eb t\u00eb k\u00ebsaj Shoqate, Basriu ka dh\u00ebn\u00eb kontribut t\u00eb madh p\u00ebr regullimin e Ran\u00ebs, p\u00ebr p\u00ebrmirsimin e jet\u00ebs n\u00eb Ran\u00eb gjat\u00eb sezonit turistik, si nj\u00eb nd\u00ebr pjes\u00ebt m\u00eb t\u00eb bukura dhe m\u00eb atraktive t\u00eb qytet<span class=\"text_exposed_show\">it ton\u00eb t\u00eb bukur. Basriu ka qen\u00eb aktivist i &#8220;fort&#8221; dhe ka pasur lidhje edhe personale n\u00eb t\u00ebr hapsir\u00ebn e Yugosllavis\u00eb e dikur\u00ebshme. N\u00eb t\u00ebr aktivitetet t\u00eb cilat i kan\u00eb nd\u00ebrmar\u00eb dhe organizuar OJQ, Basriu m\u00eb autoritetin e tij ka dh\u00ebn\u00eb kontribut t\u00eb madh. N\u00eb ve\u00e7anti dua t\u00eb theksoj kontributin e t\u00ebshm\u00eb, t\u00eb ndjerit Basriut, n\u00eb manifestimin &#8220;T\u00eb gjith\u00eb p\u00ebr turiz\u00ebm&#8221;. Inshalla shpirti i tij \u00ebsht\u00eb n\u00eb Xhehnet. Pas rahmet.<\/span><\/p>\n<div class=\"text_exposed_show\">\n<p>U utorak, 14.04.2015. godine u 85. godini \u017eivota preselio se u ahiret, gospodin Basri SADIKU, \u010dovjek koji je ostavio dubok i neizbrisiv trag u Ulcinju, posebno na svom Pristanu. Bio je osniva\u010d i prvi predsjednik nevladine organizacije &#8220;Rana&#8221; sa kojom je u\u010destvovao u kreiranju ljep\u0161eg i boljeg \u017eivota na Pristanu, posebno tokom turisti\u010dke sezone. Osta\u0107e upam\u0107en, kao \u010dovjek koji je imao svoj sna\u017eni ego, ali i kao \u010dovjek koji je imao poznanstva i prijatelje \u0161irom biv\u0161e Jugoslavije. Bio je tih i nenametljiv \u010dovjek, ali i li\u010dnost koja je svojim autoritetom dao veliki doprinos raznim manifestacijama, posebno onoj najpoznatijoj koje su organizovale nevladine organizacije &#8220;Svi za turizam&#8221;. Njegova markantna figura \u0107e nedostajati na\u0161em Pristanu, u to nema nikakve sumnje.<\/p>\n<p>&nbsp;<\/p>\n<p class=\"_5pbw\" data-ft=\"{&quot;tn&quot;:&quot;C&quot;}\"><strong><span class=\"fwb fcg\" data-ft=\"{&quot;tn&quot;:&quot;;&quot;}\"><a id=\"js_1k\" href=\"https:\/\/www.facebook.com\/ismet.karamanaga?fref=nf\" data-hovercard=\"\/ajax\/hovercard\/user.php?id=1359492972&amp;extragetparams=%7B%22fref%22%3A%22nf%22%7D\">Ismet Karamanaga Facebook<\/a><\/span><\/strong><\/p>\n<\/div>\n","protected":false},"excerpt":{"rendered":"<p>T\u00eb marten , me 14.04.2015 n\u00eb mosh\u00ebn 85 vje\u00e7are nd\u00ebrroj jet\u00eb zotri H. Basri SADIKU nga Rana. Basriu ka qen\u00eb themeluasi dhe prezidenti i par\u00eb i Shoqat\u00ebs joqeveritare &#8220;Rana&#8221;. M\u00eb aktivitete dhe m\u00eb idet e tij, Basriu \u00ebsht\u00eb b\u00ebr\u00eb sinonimi i k\u00ebsaj Shoqate. Nep\u00ebr mes\u00eb t\u00eb k\u00ebsaj Shoqate, Basriu ka dh\u00ebn\u00eb kontribut t\u00eb madh p\u00ebr [&hellip;]<\/p>\n","protected":false},"author":1,"featured_media":0,"comment_status":"closed","ping_status":"closed","sticky":false,"template":"","format":"standard","meta":{"spay_email":"","jetpack_publicize_message":"","jetpack_is_tweetstorm":false,"jetpack_publicize_feature_enabled":true},"categories":[6950],"tags":[],"jetpack_publicize_connections":[],"yoast_head":"<!-- This site is optimized with the Yoast SEO plugin v19.1 - https:\/\/yoast.com\/wordpress\/plugins\/seo\/ -->\n<title>IN MEMORIAM : Basri Sadiku - Lajme nga Ulqini<\/title>\n<meta name=\"description\" content=\"T\u00eb marten , me 14.04.2015 n\u00eb mosh\u00ebn 85 vje\u00e7are nd\u00ebrroj jet\u00eb zotri H. Basri SADIKU nga Rana. Basriu ka qen\u00eb themeluasi dhe prezidenti i par\u00eb i Shoqat\u00ebs\" \/>\n<meta name=\"robots\" content=\"index, follow, max-snippet:-1, max-image-preview:large, max-video-preview:-1\" \/>\n<link rel=\"canonical\" href=\"https:\/\/www.visit-ulcinj.com\/blog\/2015\/04\/15\/memoriam-basri-sadiku\/\" \/>\n<meta property=\"og:locale\" content=\"en_US\" \/>\n<meta property=\"og:type\" content=\"article\" \/>\n<meta property=\"og:title\" content=\"IN MEMORIAM : Basri Sadiku - Lajme nga Ulqini\" \/>\n<meta property=\"og:description\" content=\"T\u00eb marten , me 14.04.2015 n\u00eb mosh\u00ebn 85 vje\u00e7are nd\u00ebrroj jet\u00eb zotri H. Basri SADIKU nga Rana. Basriu ka qen\u00eb themeluasi dhe prezidenti i par\u00eb i Shoqat\u00ebs\" \/>\n<meta property=\"og:url\" content=\"https:\/\/www.visit-ulcinj.com\/blog\/2015\/04\/15\/memoriam-basri-sadiku\/\" \/>\n<meta property=\"og:site_name\" content=\"Lajme nga Ulqini\" \/>\n<meta property=\"article:published_time\" content=\"2015-04-15T20:50:28+00:00\" \/>\n<meta property=\"og:image\" content=\"http:\/\/www.visit-ulcinj.com\/blog\/wp-content\/uploads\/2015\/04\/Basri-Sadiku-Ulqin-217x300.jpg\" \/>\n<meta name=\"twitter:label1\" content=\"Written by\" \/>\n\t<meta name=\"twitter:data1\" content=\"ulqini\" \/>\n\t<meta name=\"twitter:label2\" content=\"Est. reading time\" \/>\n\t<meta name=\"twitter:data2\" content=\"2 minutes\" \/>\n<script type=\"application\/ld+json\" class=\"yoast-schema-graph\">{\"@context\":\"https:\/\/schema.org\",\"@graph\":[{\"@type\":\"WebSite\",\"@id\":\"https:\/\/www.visit-ulcinj.com\/blog\/#website\",\"url\":\"https:\/\/www.visit-ulcinj.com\/blog\/\",\"name\":\"Lajme nga Ulqini\",\"description\":\"Lajme,Vijesti,Ulqini,Ulqin,Crna Gora,Mali i Zi\",\"potentialAction\":[{\"@type\":\"SearchAction\",\"target\":{\"@type\":\"EntryPoint\",\"urlTemplate\":\"https:\/\/www.visit-ulcinj.com\/blog\/?s={search_term_string}\"},\"query-input\":\"required name=search_term_string\"}],\"inLanguage\":\"en-US\"},{\"@type\":\"ImageObject\",\"inLanguage\":\"en-US\",\"@id\":\"https:\/\/www.visit-ulcinj.com\/blog\/2015\/04\/15\/memoriam-basri-sadiku\/#primaryimage\",\"url\":\"https:\/\/www.visit-ulcinj.com\/blog\/wp-content\/uploads\/2015\/04\/Basri-Sadiku-Ulqin.jpg\",\"contentUrl\":\"https:\/\/www.visit-ulcinj.com\/blog\/wp-content\/uploads\/2015\/04\/Basri-Sadiku-Ulqin.jpg\",\"width\":480,\"height\":663},{\"@type\":\"WebPage\",\"@id\":\"https:\/\/www.visit-ulcinj.com\/blog\/2015\/04\/15\/memoriam-basri-sadiku\/#webpage\",\"url\":\"https:\/\/www.visit-ulcinj.com\/blog\/2015\/04\/15\/memoriam-basri-sadiku\/\",\"name\":\"IN MEMORIAM : Basri Sadiku - Lajme nga Ulqini\",\"isPartOf\":{\"@id\":\"https:\/\/www.visit-ulcinj.com\/blog\/#website\"},\"primaryImageOfPage\":{\"@id\":\"https:\/\/www.visit-ulcinj.com\/blog\/2015\/04\/15\/memoriam-basri-sadiku\/#primaryimage\"},\"datePublished\":\"2015-04-15T20:50:28+00:00\",\"dateModified\":\"2015-04-15T20:50:28+00:00\",\"author\":{\"@id\":\"https:\/\/www.visit-ulcinj.com\/blog\/#\/schema\/person\/dcab619c614d3038751c63bc2aadc06d\"},\"description\":\"T\u00eb marten , me 14.04.2015 n\u00eb mosh\u00ebn 85 vje\u00e7are nd\u00ebrroj jet\u00eb zotri H. Basri SADIKU nga Rana. Basriu ka qen\u00eb themeluasi dhe prezidenti i par\u00eb i Shoqat\u00ebs\",\"breadcrumb\":{\"@id\":\"https:\/\/www.visit-ulcinj.com\/blog\/2015\/04\/15\/memoriam-basri-sadiku\/#breadcrumb\"},\"inLanguage\":\"en-US\",\"potentialAction\":[{\"@type\":\"ReadAction\",\"target\":[\"https:\/\/www.visit-ulcinj.com\/blog\/2015\/04\/15\/memoriam-basri-sadiku\/\"]}]},{\"@type\":\"BreadcrumbList\",\"@id\":\"https:\/\/www.visit-ulcinj.com\/blog\/2015\/04\/15\/memoriam-basri-sadiku\/#breadcrumb\",\"itemListElement\":[{\"@type\":\"ListItem\",\"position\":1,\"name\":\"IN MEMORIAM : Basri Sadiku\"}]},{\"@type\":\"Person\",\"@id\":\"https:\/\/www.visit-ulcinj.com\/blog\/#\/schema\/person\/dcab619c614d3038751c63bc2aadc06d\",\"name\":\"ulqini\",\"sameAs\":[\"http:\/\/www.visit-ulcinj.com\"],\"url\":\"https:\/\/www.visit-ulcinj.com\/blog\/author\/admin\/\"}]}<\/script>\n<!-- \/ Yoast SEO plugin. -->","yoast_head_json":{"title":"IN MEMORIAM : Basri Sadiku - Lajme nga Ulqini","description":"T\u00eb marten , me 14.04.2015 n\u00eb mosh\u00ebn 85 vje\u00e7are nd\u00ebrroj jet\u00eb zotri H. Basri SADIKU nga Rana. Basriu ka qen\u00eb themeluasi dhe prezidenti i par\u00eb i Shoqat\u00ebs","robots":{"index":"index","follow":"follow","max-snippet":"max-snippet:-1","max-image-preview":"max-image-preview:large","max-video-preview":"max-video-preview:-1"},"canonical":"https:\/\/www.visit-ulcinj.com\/blog\/2015\/04\/15\/memoriam-basri-sadiku\/","og_locale":"en_US","og_type":"article","og_title":"IN MEMORIAM : Basri Sadiku - Lajme nga Ulqini","og_description":"T\u00eb marten , me 14.04.2015 n\u00eb mosh\u00ebn 85 vje\u00e7are nd\u00ebrroj jet\u00eb zotri H. Basri SADIKU nga Rana. Basriu ka qen\u00eb themeluasi dhe prezidenti i par\u00eb i Shoqat\u00ebs","og_url":"https:\/\/www.visit-ulcinj.com\/blog\/2015\/04\/15\/memoriam-basri-sadiku\/","og_site_name":"Lajme nga Ulqini","article_published_time":"2015-04-15T20:50:28+00:00","og_image":[{"url":"http:\/\/www.visit-ulcinj.com\/blog\/wp-content\/uploads\/2015\/04\/Basri-Sadiku-Ulqin-217x300.jpg"}],"twitter_misc":{"Written by":"ulqini","Est. reading time":"2 minutes"},"schema":{"@context":"https:\/\/schema.org","@graph":[{"@type":"WebSite","@id":"https:\/\/www.visit-ulcinj.com\/blog\/#website","url":"https:\/\/www.visit-ulcinj.com\/blog\/","name":"Lajme nga Ulqini","description":"Lajme,Vijesti,Ulqini,Ulqin,Crna Gora,Mali i Zi","potentialAction":[{"@type":"SearchAction","target":{"@type":"EntryPoint","urlTemplate":"https:\/\/www.visit-ulcinj.com\/blog\/?s={search_term_string}"},"query-input":"required name=search_term_string"}],"inLanguage":"en-US"},{"@type":"ImageObject","inLanguage":"en-US","@id":"https:\/\/www.visit-ulcinj.com\/blog\/2015\/04\/15\/memoriam-basri-sadiku\/#primaryimage","url":"https:\/\/www.visit-ulcinj.com\/blog\/wp-content\/uploads\/2015\/04\/Basri-Sadiku-Ulqin.jpg","contentUrl":"https:\/\/www.visit-ulcinj.com\/blog\/wp-content\/uploads\/2015\/04\/Basri-Sadiku-Ulqin.jpg","width":480,"height":663},{"@type":"WebPage","@id":"https:\/\/www.visit-ulcinj.com\/blog\/2015\/04\/15\/memoriam-basri-sadiku\/#webpage","url":"https:\/\/www.visit-ulcinj.com\/blog\/2015\/04\/15\/memoriam-basri-sadiku\/","name":"IN MEMORIAM : Basri Sadiku - Lajme nga Ulqini","isPartOf":{"@id":"https:\/\/www.visit-ulcinj.com\/blog\/#website"},"primaryImageOfPage":{"@id":"https:\/\/www.visit-ulcinj.com\/blog\/2015\/04\/15\/memoriam-basri-sadiku\/#primaryimage"},"datePublished":"2015-04-15T20:50:28+00:00","dateModified":"2015-04-15T20:50:28+00:00","author":{"@id":"https:\/\/www.visit-ulcinj.com\/blog\/#\/schema\/person\/dcab619c614d3038751c63bc2aadc06d"},"description":"T\u00eb marten , me 14.04.2015 n\u00eb mosh\u00ebn 85 vje\u00e7are nd\u00ebrroj jet\u00eb zotri H. Basri SADIKU nga Rana. Basriu ka qen\u00eb themeluasi dhe prezidenti i par\u00eb i Shoqat\u00ebs","breadcrumb":{"@id":"https:\/\/www.visit-ulcinj.com\/blog\/2015\/04\/15\/memoriam-basri-sadiku\/#breadcrumb"},"inLanguage":"en-US","potentialAction":[{"@type":"ReadAction","target":["https:\/\/www.visit-ulcinj.com\/blog\/2015\/04\/15\/memoriam-basri-sadiku\/"]}]},{"@type":"BreadcrumbList","@id":"https:\/\/www.visit-ulcinj.com\/blog\/2015\/04\/15\/memoriam-basri-sadiku\/#breadcrumb","itemListElement":[{"@type":"ListItem","position":1,"name":"IN MEMORIAM : Basri Sadiku"}]},{"@type":"Person","@id":"https:\/\/www.visit-ulcinj.com\/blog\/#\/schema\/person\/dcab619c614d3038751c63bc2aadc06d","name":"ulqini","sameAs":["http:\/\/www.visit-ulcinj.com"],"url":"https:\/\/www.visit-ulcinj.com\/blog\/author\/admin\/"}]}},"jetpack_featured_media_url":"","jetpack_sharing_enabled":true,"jetpack_shortlink":"https:\/\/wp.me\/pe6lTn-npO","_links":{"self":[{"href":"https:\/\/www.visit-ulcinj.com\/blog\/wp-json\/wp\/v2\/posts\/90012"}],"collection":[{"href":"https:\/\/www.visit-ulcinj.com\/blog\/wp-json\/wp\/v2\/posts"}],"about":[{"href":"https:\/\/www.visit-ulcinj.com\/blog\/wp-json\/wp\/v2\/types\/post"}],"author":[{"embeddable":true,"href":"https:\/\/www.visit-ulcinj.com\/blog\/wp-json\/wp\/v2\/users\/1"}],"replies":[{"embeddable":true,"href":"https:\/\/www.visit-ulcinj.com\/blog\/wp-json\/wp\/v2\/comments?post=90012"}],"version-history":[{"count":1,"href":"https:\/\/www.visit-ulcinj.com\/blog\/wp-json\/wp\/v2\/posts\/90012\/revisions"}],"predecessor-version":[{"id":90014,"href":"https:\/\/www.visit-ulcinj.com\/blog\/wp-json\/wp\/v2\/posts\/90012\/revisions\/90014"}],"wp:attachment":[{"href":"https:\/\/www.visit-ulcinj.com\/blog\/wp-json\/wp\/v2\/media?parent=90012"}],"wp:term":[{"taxonomy":"category","embeddable":true,"href":"https:\/\/www.visit-ulcinj.com\/blog\/wp-json\/wp\/v2\/categories?post=90012"},{"taxonomy":"post_tag","embeddable":true,"href":"https:\/\/www.visit-ulcinj.com\/blog\/wp-json\/wp\/v2\/tags?post=90012"}],"curies":[{"name":"wp","href":"https:\/\/api.w.org\/{rel}","templated":true}]}}