{"id":90020,"date":"2015-04-15T22:18:24","date_gmt":"2015-04-15T21:18:24","guid":{"rendered":"http:\/\/www.visit-ulcinj.com\/blog\/?p=90020"},"modified":"2015-04-15T22:21:43","modified_gmt":"2015-04-15T21:21:43","slug":"rojal-grupa-pokazala-interesovanje-za-adu-bojanu","status":"publish","type":"post","link":"https:\/\/www.visit-ulcinj.com\/blog\/2015\/04\/15\/rojal-grupa-pokazala-interesovanje-za-adu-bojanu\/","title":{"rendered":"Rojal grupa pokazala interesovanje za Adu Bojanu"},"content":{"rendered":"<p><a href=\"http:\/\/www.visit-ulcinj.com\/blog\/wp-content\/uploads\/2014\/03\/Ada-Bojana-1.jpg\"><img loading=\"lazy\" class=\"alignleft wp-image-80825\" src=\"http:\/\/www.visit-ulcinj.com\/blog\/wp-content\/uploads\/2014\/03\/Ada-Bojana-1.jpg\" alt=\"Ada-Bojana-1\" width=\"508\" height=\"461\" srcset=\"https:\/\/www.visit-ulcinj.com\/blog\/wp-content\/uploads\/2014\/03\/Ada-Bojana-1.jpg 700w, https:\/\/www.visit-ulcinj.com\/blog\/wp-content\/uploads\/2014\/03\/Ada-Bojana-1-300x272.jpg 300w\" sizes=\"(max-width: 508px) 100vw, 508px\" \/><\/a>Rojal grupa iz Ujedinjenih Arapskih Emirata pokazala je interesovanje za Adu Bojanu. Predstavnici te kompanije su prije nekoliko dana obi\u0161li to turisti\u010dko naselje, potvrdio je za Televiziju Crne Gore direktor Hotelsko-turisti\u010dkog preduze\u0107a \u201eUlcinjska rivijera\u201c Radomir Mikan Zec.<\/p>\n<p>Ulcinjani od dolaska, tako renomiranog investitora, o\u010dekuju da preporodi turizam u tom gradu i Crnoj Gori. \u00a0Iako je odustala od Kralji\u010dine pla\u017ee, arapska Royal grupa nije odustala od investicija u Crnu Goru. To potvr\u0111uje njihov nedavni obilazak Ulcinja i Ade Bojane.<\/p>\n<p>&#8220;Utisci su veoma povoljni, tako da mislimo da su veoma zainteresovani to su \u010dak i pokazali, ali dok se ne potpi\u0161e ugovor sve je u fazi planiranja\u201d, ka\u017ee Mikan Zec.<\/p>\n<p>Danas stari sjaj Adi mo\u017ee vratiti samo renomirani investitor poput Royal grupe. \u00a0&#8220;Valorizacija Velike pla\u017ee i ulcinjskih potencijala mo\u017ee puno doprinijeti ne samo Crnoj Gori \u201c, samtra predsjednik op\u0161tine Ulcinj fatmir \u0110eka.<\/p>\n<p>&#8220;To podrzaumijeva ne samo izgradnju hotela, nego kompletne infrastrukture. Aerodromi, vodovod, kanalizacija, energetika, i to bi zna\u010dilo da Crnu Goru sigurno jedan vrlo brzi ekonomski preporod\u201d, poja\u0161njava Zec.<\/p>\n<p>Arapi su prije nekoliko godina mjerkali Adu i najavljivali investicije od vi\u0161e milijardi. Osim Arapa u proteklih nekoliko godina za Adu Bojanu bili su zainteresovani investitori iz drugih dr\u017eava. Konkretnih ponuda nije bilo, pa su svi dosada\u0161nji poku\u0161aji privatizcije ovog mjesta bili bezuspje\u0161ni.<\/p>\n<p>Razlog su nerije\u0161eni imovinski odnosi koji su lani regulisani, pa je Ulcinjska rivijera ove godine u planu privatizacije. Sa svim tim se poklopio i odustanak od Kralji\u010dine pla\u017ee, i Ulcinj je kako ka\u017eu sagovornici Dnevnika, dobio \u0161ansu koja se dugo \u010dekala. \u00a0Kako je ne bi propustili priliku i napravili gre\u0161ku kao sa Kralji\u010dinom pla\u017eom, oni pozivaju javnost na oprez.<\/p>\n<p>\u201cTreba ponekada iza\u0107i iz skromnih politi\u010dkih poena gdje je interes gra\u0111ana i dr\u017eave u pitanju\u201d, poru\u010duje je \u0110eka.<\/p>\n<p>&#8220;Da se ide maksimalno oprezno , da se svemu pri\u0111e studiozno, da na\u0161i kadrovi dobro izanaliziraju sve da sve dobro pripreme, da nema tu nekih politi\u010dkih igara\u201d, zaklju\u010dio je Zec.<\/p>\n<p>Ako se to i ostvari HTP Ulcinjska rivijera koja upravlja Adom do kraja godine bi\u0107e na tre\u0107em tenderu za prodaju sa svih 63 odsto dr\u017eavnih akcija.<\/p>\n<p>Biljana Rov\u010danin, Televizija Crne Gore<\/p>\n","protected":false},"excerpt":{"rendered":"<p>Rojal grupa iz Ujedinjenih Arapskih Emirata pokazala je interesovanje za Adu Bojanu. Predstavnici te kompanije su prije nekoliko dana obi\u0161li to turisti\u010dko naselje, potvrdio je za Televiziju Crne Gore direktor Hotelsko-turisti\u010dkog preduze\u0107a \u201eUlcinjska rivijera\u201c Radomir Mikan Zec. Ulcinjani od dolaska, tako renomiranog investitora, o\u010dekuju da preporodi turizam u tom gradu i Crnoj Gori. \u00a0Iako je [&hellip;]<\/p>\n","protected":false},"author":1,"featured_media":0,"comment_status":"closed","ping_status":"closed","sticky":false,"template":"","format":"standard","meta":{"spay_email":"","jetpack_publicize_message":"","jetpack_is_tweetstorm":false,"jetpack_publicize_feature_enabled":true},"categories":[8337],"tags":[],"jetpack_publicize_connections":[],"yoast_head":"<!-- This site is optimized with the Yoast SEO plugin v19.1 - https:\/\/yoast.com\/wordpress\/plugins\/seo\/ -->\n<title>Rojal grupa pokazala interesovanje za Adu Bojanu - Lajme nga Ulqini<\/title>\n<meta name=\"description\" content=\"Rojal grupa iz Ujedinjenih Arapskih Emirata pokazala je interesovanje za Adu Bojanu. Predstavnici te kompanije su prije nekoliko dana obi\u0161li to turisti\u010dko\" \/>\n<meta name=\"robots\" content=\"index, follow, max-snippet:-1, max-image-preview:large, max-video-preview:-1\" \/>\n<link rel=\"canonical\" href=\"https:\/\/www.visit-ulcinj.com\/blog\/2015\/04\/15\/rojal-grupa-pokazala-interesovanje-za-adu-bojanu\/\" \/>\n<meta property=\"og:locale\" content=\"en_US\" \/>\n<meta property=\"og:type\" content=\"article\" \/>\n<meta property=\"og:title\" content=\"Rojal grupa pokazala interesovanje za Adu Bojanu - Lajme nga Ulqini\" \/>\n<meta property=\"og:description\" content=\"Rojal grupa iz Ujedinjenih Arapskih Emirata pokazala je interesovanje za Adu Bojanu. Predstavnici te kompanije su prije nekoliko dana obi\u0161li to turisti\u010dko\" \/>\n<meta property=\"og:url\" content=\"https:\/\/www.visit-ulcinj.com\/blog\/2015\/04\/15\/rojal-grupa-pokazala-interesovanje-za-adu-bojanu\/\" \/>\n<meta property=\"og:site_name\" content=\"Lajme nga Ulqini\" \/>\n<meta property=\"article:published_time\" content=\"2015-04-15T21:18:24+00:00\" \/>\n<meta property=\"article:modified_time\" content=\"2015-04-15T21:21:43+00:00\" \/>\n<meta property=\"og:image\" content=\"http:\/\/www.visit-ulcinj.com\/blog\/wp-content\/uploads\/2014\/03\/Ada-Bojana-1.jpg\" \/>\n<meta name=\"twitter:label1\" content=\"Written by\" \/>\n\t<meta name=\"twitter:data1\" content=\"ulqini\" \/>\n\t<meta name=\"twitter:label2\" content=\"Est. reading time\" \/>\n\t<meta name=\"twitter:data2\" content=\"2 minutes\" \/>\n<script type=\"application\/ld+json\" class=\"yoast-schema-graph\">{\"@context\":\"https:\/\/schema.org\",\"@graph\":[{\"@type\":\"WebSite\",\"@id\":\"https:\/\/www.visit-ulcinj.com\/blog\/#website\",\"url\":\"https:\/\/www.visit-ulcinj.com\/blog\/\",\"name\":\"Lajme nga Ulqini\",\"description\":\"Lajme,Vijesti,Ulqini,Ulqin,Crna Gora,Mali i Zi\",\"potentialAction\":[{\"@type\":\"SearchAction\",\"target\":{\"@type\":\"EntryPoint\",\"urlTemplate\":\"https:\/\/www.visit-ulcinj.com\/blog\/?s={search_term_string}\"},\"query-input\":\"required name=search_term_string\"}],\"inLanguage\":\"en-US\"},{\"@type\":\"ImageObject\",\"inLanguage\":\"en-US\",\"@id\":\"https:\/\/www.visit-ulcinj.com\/blog\/2015\/04\/15\/rojal-grupa-pokazala-interesovanje-za-adu-bojanu\/#primaryimage\",\"url\":\"https:\/\/www.visit-ulcinj.com\/blog\/wp-content\/uploads\/2014\/03\/Ada-Bojana-1.jpg\",\"contentUrl\":\"https:\/\/www.visit-ulcinj.com\/blog\/wp-content\/uploads\/2014\/03\/Ada-Bojana-1.jpg\",\"width\":700,\"height\":635},{\"@type\":\"WebPage\",\"@id\":\"https:\/\/www.visit-ulcinj.com\/blog\/2015\/04\/15\/rojal-grupa-pokazala-interesovanje-za-adu-bojanu\/#webpage\",\"url\":\"https:\/\/www.visit-ulcinj.com\/blog\/2015\/04\/15\/rojal-grupa-pokazala-interesovanje-za-adu-bojanu\/\",\"name\":\"Rojal grupa pokazala interesovanje za Adu Bojanu - Lajme nga Ulqini\",\"isPartOf\":{\"@id\":\"https:\/\/www.visit-ulcinj.com\/blog\/#website\"},\"primaryImageOfPage\":{\"@id\":\"https:\/\/www.visit-ulcinj.com\/blog\/2015\/04\/15\/rojal-grupa-pokazala-interesovanje-za-adu-bojanu\/#primaryimage\"},\"datePublished\":\"2015-04-15T21:18:24+00:00\",\"dateModified\":\"2015-04-15T21:21:43+00:00\",\"author\":{\"@id\":\"https:\/\/www.visit-ulcinj.com\/blog\/#\/schema\/person\/dcab619c614d3038751c63bc2aadc06d\"},\"description\":\"Rojal grupa iz Ujedinjenih Arapskih Emirata pokazala je interesovanje za Adu Bojanu. Predstavnici te kompanije su prije nekoliko dana obi\u0161li to turisti\u010dko\",\"breadcrumb\":{\"@id\":\"https:\/\/www.visit-ulcinj.com\/blog\/2015\/04\/15\/rojal-grupa-pokazala-interesovanje-za-adu-bojanu\/#breadcrumb\"},\"inLanguage\":\"en-US\",\"potentialAction\":[{\"@type\":\"ReadAction\",\"target\":[\"https:\/\/www.visit-ulcinj.com\/blog\/2015\/04\/15\/rojal-grupa-pokazala-interesovanje-za-adu-bojanu\/\"]}]},{\"@type\":\"BreadcrumbList\",\"@id\":\"https:\/\/www.visit-ulcinj.com\/blog\/2015\/04\/15\/rojal-grupa-pokazala-interesovanje-za-adu-bojanu\/#breadcrumb\",\"itemListElement\":[{\"@type\":\"ListItem\",\"position\":1,\"name\":\"Rojal grupa pokazala interesovanje za Adu Bojanu\"}]},{\"@type\":\"Person\",\"@id\":\"https:\/\/www.visit-ulcinj.com\/blog\/#\/schema\/person\/dcab619c614d3038751c63bc2aadc06d\",\"name\":\"ulqini\",\"sameAs\":[\"http:\/\/www.visit-ulcinj.com\"],\"url\":\"https:\/\/www.visit-ulcinj.com\/blog\/author\/admin\/\"}]}<\/script>\n<!-- \/ Yoast SEO plugin. -->","yoast_head_json":{"title":"Rojal grupa pokazala interesovanje za Adu Bojanu - Lajme nga Ulqini","description":"Rojal grupa iz Ujedinjenih Arapskih Emirata pokazala je interesovanje za Adu Bojanu. Predstavnici te kompanije su prije nekoliko dana obi\u0161li to turisti\u010dko","robots":{"index":"index","follow":"follow","max-snippet":"max-snippet:-1","max-image-preview":"max-image-preview:large","max-video-preview":"max-video-preview:-1"},"canonical":"https:\/\/www.visit-ulcinj.com\/blog\/2015\/04\/15\/rojal-grupa-pokazala-interesovanje-za-adu-bojanu\/","og_locale":"en_US","og_type":"article","og_title":"Rojal grupa pokazala interesovanje za Adu Bojanu - Lajme nga Ulqini","og_description":"Rojal grupa iz Ujedinjenih Arapskih Emirata pokazala je interesovanje za Adu Bojanu. Predstavnici te kompanije su prije nekoliko dana obi\u0161li to turisti\u010dko","og_url":"https:\/\/www.visit-ulcinj.com\/blog\/2015\/04\/15\/rojal-grupa-pokazala-interesovanje-za-adu-bojanu\/","og_site_name":"Lajme nga Ulqini","article_published_time":"2015-04-15T21:18:24+00:00","article_modified_time":"2015-04-15T21:21:43+00:00","og_image":[{"url":"http:\/\/www.visit-ulcinj.com\/blog\/wp-content\/uploads\/2014\/03\/Ada-Bojana-1.jpg"}],"twitter_misc":{"Written by":"ulqini","Est. reading time":"2 minutes"},"schema":{"@context":"https:\/\/schema.org","@graph":[{"@type":"WebSite","@id":"https:\/\/www.visit-ulcinj.com\/blog\/#website","url":"https:\/\/www.visit-ulcinj.com\/blog\/","name":"Lajme nga Ulqini","description":"Lajme,Vijesti,Ulqini,Ulqin,Crna Gora,Mali i Zi","potentialAction":[{"@type":"SearchAction","target":{"@type":"EntryPoint","urlTemplate":"https:\/\/www.visit-ulcinj.com\/blog\/?s={search_term_string}"},"query-input":"required name=search_term_string"}],"inLanguage":"en-US"},{"@type":"ImageObject","inLanguage":"en-US","@id":"https:\/\/www.visit-ulcinj.com\/blog\/2015\/04\/15\/rojal-grupa-pokazala-interesovanje-za-adu-bojanu\/#primaryimage","url":"https:\/\/www.visit-ulcinj.com\/blog\/wp-content\/uploads\/2014\/03\/Ada-Bojana-1.jpg","contentUrl":"https:\/\/www.visit-ulcinj.com\/blog\/wp-content\/uploads\/2014\/03\/Ada-Bojana-1.jpg","width":700,"height":635},{"@type":"WebPage","@id":"https:\/\/www.visit-ulcinj.com\/blog\/2015\/04\/15\/rojal-grupa-pokazala-interesovanje-za-adu-bojanu\/#webpage","url":"https:\/\/www.visit-ulcinj.com\/blog\/2015\/04\/15\/rojal-grupa-pokazala-interesovanje-za-adu-bojanu\/","name":"Rojal grupa pokazala interesovanje za Adu Bojanu - Lajme nga Ulqini","isPartOf":{"@id":"https:\/\/www.visit-ulcinj.com\/blog\/#website"},"primaryImageOfPage":{"@id":"https:\/\/www.visit-ulcinj.com\/blog\/2015\/04\/15\/rojal-grupa-pokazala-interesovanje-za-adu-bojanu\/#primaryimage"},"datePublished":"2015-04-15T21:18:24+00:00","dateModified":"2015-04-15T21:21:43+00:00","author":{"@id":"https:\/\/www.visit-ulcinj.com\/blog\/#\/schema\/person\/dcab619c614d3038751c63bc2aadc06d"},"description":"Rojal grupa iz Ujedinjenih Arapskih Emirata pokazala je interesovanje za Adu Bojanu. Predstavnici te kompanije su prije nekoliko dana obi\u0161li to turisti\u010dko","breadcrumb":{"@id":"https:\/\/www.visit-ulcinj.com\/blog\/2015\/04\/15\/rojal-grupa-pokazala-interesovanje-za-adu-bojanu\/#breadcrumb"},"inLanguage":"en-US","potentialAction":[{"@type":"ReadAction","target":["https:\/\/www.visit-ulcinj.com\/blog\/2015\/04\/15\/rojal-grupa-pokazala-interesovanje-za-adu-bojanu\/"]}]},{"@type":"BreadcrumbList","@id":"https:\/\/www.visit-ulcinj.com\/blog\/2015\/04\/15\/rojal-grupa-pokazala-interesovanje-za-adu-bojanu\/#breadcrumb","itemListElement":[{"@type":"ListItem","position":1,"name":"Rojal grupa pokazala interesovanje za Adu Bojanu"}]},{"@type":"Person","@id":"https:\/\/www.visit-ulcinj.com\/blog\/#\/schema\/person\/dcab619c614d3038751c63bc2aadc06d","name":"ulqini","sameAs":["http:\/\/www.visit-ulcinj.com"],"url":"https:\/\/www.visit-ulcinj.com\/blog\/author\/admin\/"}]}},"jetpack_featured_media_url":"","jetpack_sharing_enabled":true,"jetpack_shortlink":"https:\/\/wp.me\/pe6lTn-npW","_links":{"self":[{"href":"https:\/\/www.visit-ulcinj.com\/blog\/wp-json\/wp\/v2\/posts\/90020"}],"collection":[{"href":"https:\/\/www.visit-ulcinj.com\/blog\/wp-json\/wp\/v2\/posts"}],"about":[{"href":"https:\/\/www.visit-ulcinj.com\/blog\/wp-json\/wp\/v2\/types\/post"}],"author":[{"embeddable":true,"href":"https:\/\/www.visit-ulcinj.com\/blog\/wp-json\/wp\/v2\/users\/1"}],"replies":[{"embeddable":true,"href":"https:\/\/www.visit-ulcinj.com\/blog\/wp-json\/wp\/v2\/comments?post=90020"}],"version-history":[{"count":1,"href":"https:\/\/www.visit-ulcinj.com\/blog\/wp-json\/wp\/v2\/posts\/90020\/revisions"}],"predecessor-version":[{"id":90021,"href":"https:\/\/www.visit-ulcinj.com\/blog\/wp-json\/wp\/v2\/posts\/90020\/revisions\/90021"}],"wp:attachment":[{"href":"https:\/\/www.visit-ulcinj.com\/blog\/wp-json\/wp\/v2\/media?parent=90020"}],"wp:term":[{"taxonomy":"category","embeddable":true,"href":"https:\/\/www.visit-ulcinj.com\/blog\/wp-json\/wp\/v2\/categories?post=90020"},{"taxonomy":"post_tag","embeddable":true,"href":"https:\/\/www.visit-ulcinj.com\/blog\/wp-json\/wp\/v2\/tags?post=90020"}],"curies":[{"name":"wp","href":"https:\/\/api.w.org\/{rel}","templated":true}]}}