{"id":90022,"date":"2015-04-15T22:24:52","date_gmt":"2015-04-15T21:24:52","guid":{"rendered":"http:\/\/www.visit-ulcinj.com\/blog\/?p=90022"},"modified":"2015-04-15T22:24:52","modified_gmt":"2015-04-15T21:24:52","slug":"pds-ulqin-pakenaqesi-mbas-konferences-zgjedhore","status":"publish","type":"post","link":"https:\/\/www.visit-ulcinj.com\/blog\/2015\/04\/15\/pds-ulqin-pakenaqesi-mbas-konferences-zgjedhore\/","title":{"rendered":"PDS Ulqin: Pak\u00ebnaq\u00ebsi mbas konferenc\u00ebs zgjedhore"},"content":{"rendered":"<p><a href=\"http:\/\/www.visit-ulcinj.com\/blog\/wp-content\/uploads\/2015\/04\/PDS-Ulqin.jpg\"><img loading=\"lazy\" class=\"alignleft wp-image-90023\" src=\"http:\/\/www.visit-ulcinj.com\/blog\/wp-content\/uploads\/2015\/04\/PDS-Ulqin.jpg\" alt=\"PDS Ulqin\" width=\"508\" height=\"380\" srcset=\"https:\/\/www.visit-ulcinj.com\/blog\/wp-content\/uploads\/2015\/04\/PDS-Ulqin.jpg 645w, https:\/\/www.visit-ulcinj.com\/blog\/wp-content\/uploads\/2015\/04\/PDS-Ulqin-300x225.jpg 300w\" sizes=\"(max-width: 508px) 100vw, 508px\" \/><\/a>Nj\u00eb grup i an\u00ebtar\u00ebve t\u00eb Partis\u00eb demokratike t\u00eb socialist\u00ebve n\u00eb Ulqin kan\u00eb deklaruar se mbas Konferenc\u00ebs s\u00eb 7 zgjedhore \u00ebsht\u00eb e qart\u00eb se disa familje kan\u00eb privatizuar partin\u00eb. \u201cN\u00ebse e shikoni list\u00ebn do t\u00eb shihni se nga nj\u00eb familje ka disa an\u00ebtar\u00eb\u201d, thuhet n\u00eb reagimin e an\u00ebtar\u00ebve nga pjesa e ngusht\u00eb e qytetit. Theksohet se ato n\u00eb k\u00ebto zgjedhje i soll\u00ebn PDS-s\u00eb gati dy t\u00eb tret\u00ebn e votave, nd\u00ebrsa n\u00eb K\u00ebshillin e ri komunal ato jan\u00eb t\u00eb p\u00ebrfaq\u00ebsuar me vet\u00ebm nj\u00eb t\u00eb shtat\u00ebn e an\u00ebtar\u00ebve.<br \/>\n\u201cNe vendasit e Ulqini, Shqiptar\u00ebt mysliman dhe Malazez\u00ebt, ne 15, kemi n\u00ebnshkruar peticionin p\u00ebr p\u00ebrjashtimin nga partia, nd\u00ebrsa presim q\u00eb ky num\u00ebr nga dita n\u00eb dit\u00eb t\u00eb rritet, k\u00ebshtu q\u00eb do t\u00eb dalim edhe publikisht me emra\u201d, shtohet p\u00ebrve\u00e7 tjerash n\u00eb reagim.<br \/>\nN\u00eb deklarat\u00ebn p\u00ebr \u201cDan\u201d funksionar\u00ebt e PDS-s\u00eb Loro Nrekiqi dhe Luigj Shkrela kan\u00eb demantuar akuzat duke th\u00ebn\u00eb se konferenca ka kaluar n\u00eb frym\u00eb demokratike dhe n\u00eb pajtim me rregullat dhe statutin partiak. \u201cK\u00ebto jan\u00eb absurditete, me siguri t\u00eb an\u00ebtar\u00ebve t\u00eb cil\u00ebt i ndajn\u00eb njer\u00ebzit p\u00ebr nga feja dhe kombi, e t\u00eb cil\u00ebt nuk mor\u00ebn p\u00ebrkrahjen e delegat\u00ebve t\u00eb hyjn\u00eb n\u00eb KK. Nuk kishin as guximin t\u00eb em\u00ebrohen\u201d, tha Nrekiq.<\/p>\n<p>Bota Sot<\/p>\n","protected":false},"excerpt":{"rendered":"<p>Nj\u00eb grup i an\u00ebtar\u00ebve t\u00eb Partis\u00eb demokratike t\u00eb socialist\u00ebve n\u00eb Ulqin kan\u00eb deklaruar se mbas Konferenc\u00ebs s\u00eb 7 zgjedhore \u00ebsht\u00eb e qart\u00eb se disa familje kan\u00eb privatizuar partin\u00eb. \u201cN\u00ebse e shikoni list\u00ebn do t\u00eb shihni se nga nj\u00eb familje ka disa an\u00ebtar\u00eb\u201d, thuhet n\u00eb reagimin e an\u00ebtar\u00ebve nga pjesa e ngusht\u00eb e qytetit. Theksohet se [&hellip;]<\/p>\n","protected":false},"author":1,"featured_media":0,"comment_status":"closed","ping_status":"closed","sticky":false,"template":"","format":"standard","meta":{"spay_email":"","jetpack_publicize_message":"","jetpack_is_tweetstorm":false,"jetpack_publicize_feature_enabled":true},"categories":[12],"tags":[],"jetpack_publicize_connections":[],"yoast_head":"<!-- This site is optimized with the Yoast SEO plugin v19.1 - https:\/\/yoast.com\/wordpress\/plugins\/seo\/ -->\n<title>PDS Ulqin: Pak\u00ebnaq\u00ebsi mbas konferenc\u00ebs zgjedhore - Lajme nga Ulqini<\/title>\n<meta name=\"description\" content=\"Nj\u00eb grup i an\u00ebtar\u00ebve t\u00eb Partis\u00eb demokratike t\u00eb socialist\u00ebve n\u00eb Ulqin kan\u00eb deklaruar se mbas Konferenc\u00ebs s\u00eb 7 zgjedhore \u00ebsht\u00eb e qart\u00eb se disa familje kan\u00eb\" \/>\n<meta name=\"robots\" content=\"index, follow, max-snippet:-1, max-image-preview:large, max-video-preview:-1\" \/>\n<link rel=\"canonical\" href=\"https:\/\/www.visit-ulcinj.com\/blog\/2015\/04\/15\/pds-ulqin-pakenaqesi-mbas-konferences-zgjedhore\/\" \/>\n<meta property=\"og:locale\" content=\"en_US\" \/>\n<meta property=\"og:type\" content=\"article\" \/>\n<meta property=\"og:title\" content=\"PDS Ulqin: Pak\u00ebnaq\u00ebsi mbas konferenc\u00ebs zgjedhore - Lajme nga Ulqini\" \/>\n<meta property=\"og:description\" content=\"Nj\u00eb grup i an\u00ebtar\u00ebve t\u00eb Partis\u00eb demokratike t\u00eb socialist\u00ebve n\u00eb Ulqin kan\u00eb deklaruar se mbas Konferenc\u00ebs s\u00eb 7 zgjedhore \u00ebsht\u00eb e qart\u00eb se disa familje kan\u00eb\" \/>\n<meta property=\"og:url\" content=\"https:\/\/www.visit-ulcinj.com\/blog\/2015\/04\/15\/pds-ulqin-pakenaqesi-mbas-konferences-zgjedhore\/\" \/>\n<meta property=\"og:site_name\" content=\"Lajme nga Ulqini\" \/>\n<meta property=\"article:published_time\" content=\"2015-04-15T21:24:52+00:00\" \/>\n<meta property=\"og:image\" content=\"http:\/\/www.visit-ulcinj.com\/blog\/wp-content\/uploads\/2015\/04\/PDS-Ulqin.jpg\" \/>\n<meta name=\"twitter:label1\" content=\"Written by\" \/>\n\t<meta name=\"twitter:data1\" content=\"ulqini\" \/>\n\t<meta name=\"twitter:label2\" content=\"Est. reading time\" \/>\n\t<meta name=\"twitter:data2\" content=\"1 minute\" \/>\n<script type=\"application\/ld+json\" class=\"yoast-schema-graph\">{\"@context\":\"https:\/\/schema.org\",\"@graph\":[{\"@type\":\"WebSite\",\"@id\":\"https:\/\/www.visit-ulcinj.com\/blog\/#website\",\"url\":\"https:\/\/www.visit-ulcinj.com\/blog\/\",\"name\":\"Lajme nga Ulqini\",\"description\":\"Lajme,Vijesti,Ulqini,Ulqin,Crna Gora,Mali i Zi\",\"potentialAction\":[{\"@type\":\"SearchAction\",\"target\":{\"@type\":\"EntryPoint\",\"urlTemplate\":\"https:\/\/www.visit-ulcinj.com\/blog\/?s={search_term_string}\"},\"query-input\":\"required name=search_term_string\"}],\"inLanguage\":\"en-US\"},{\"@type\":\"ImageObject\",\"inLanguage\":\"en-US\",\"@id\":\"https:\/\/www.visit-ulcinj.com\/blog\/2015\/04\/15\/pds-ulqin-pakenaqesi-mbas-konferences-zgjedhore\/#primaryimage\",\"url\":\"https:\/\/www.visit-ulcinj.com\/blog\/wp-content\/uploads\/2015\/04\/PDS-Ulqin.jpg\",\"contentUrl\":\"https:\/\/www.visit-ulcinj.com\/blog\/wp-content\/uploads\/2015\/04\/PDS-Ulqin.jpg\",\"width\":645,\"height\":483},{\"@type\":\"WebPage\",\"@id\":\"https:\/\/www.visit-ulcinj.com\/blog\/2015\/04\/15\/pds-ulqin-pakenaqesi-mbas-konferences-zgjedhore\/#webpage\",\"url\":\"https:\/\/www.visit-ulcinj.com\/blog\/2015\/04\/15\/pds-ulqin-pakenaqesi-mbas-konferences-zgjedhore\/\",\"name\":\"PDS Ulqin: Pak\u00ebnaq\u00ebsi mbas konferenc\u00ebs zgjedhore - Lajme nga Ulqini\",\"isPartOf\":{\"@id\":\"https:\/\/www.visit-ulcinj.com\/blog\/#website\"},\"primaryImageOfPage\":{\"@id\":\"https:\/\/www.visit-ulcinj.com\/blog\/2015\/04\/15\/pds-ulqin-pakenaqesi-mbas-konferences-zgjedhore\/#primaryimage\"},\"datePublished\":\"2015-04-15T21:24:52+00:00\",\"dateModified\":\"2015-04-15T21:24:52+00:00\",\"author\":{\"@id\":\"https:\/\/www.visit-ulcinj.com\/blog\/#\/schema\/person\/dcab619c614d3038751c63bc2aadc06d\"},\"description\":\"Nj\u00eb grup i an\u00ebtar\u00ebve t\u00eb Partis\u00eb demokratike t\u00eb socialist\u00ebve n\u00eb Ulqin kan\u00eb deklaruar se mbas Konferenc\u00ebs s\u00eb 7 zgjedhore \u00ebsht\u00eb e qart\u00eb se disa familje kan\u00eb\",\"breadcrumb\":{\"@id\":\"https:\/\/www.visit-ulcinj.com\/blog\/2015\/04\/15\/pds-ulqin-pakenaqesi-mbas-konferences-zgjedhore\/#breadcrumb\"},\"inLanguage\":\"en-US\",\"potentialAction\":[{\"@type\":\"ReadAction\",\"target\":[\"https:\/\/www.visit-ulcinj.com\/blog\/2015\/04\/15\/pds-ulqin-pakenaqesi-mbas-konferences-zgjedhore\/\"]}]},{\"@type\":\"BreadcrumbList\",\"@id\":\"https:\/\/www.visit-ulcinj.com\/blog\/2015\/04\/15\/pds-ulqin-pakenaqesi-mbas-konferences-zgjedhore\/#breadcrumb\",\"itemListElement\":[{\"@type\":\"ListItem\",\"position\":1,\"name\":\"PDS Ulqin: Pak\u00ebnaq\u00ebsi mbas konferenc\u00ebs zgjedhore\"}]},{\"@type\":\"Person\",\"@id\":\"https:\/\/www.visit-ulcinj.com\/blog\/#\/schema\/person\/dcab619c614d3038751c63bc2aadc06d\",\"name\":\"ulqini\",\"sameAs\":[\"http:\/\/www.visit-ulcinj.com\"],\"url\":\"https:\/\/www.visit-ulcinj.com\/blog\/author\/admin\/\"}]}<\/script>\n<!-- \/ Yoast SEO plugin. -->","yoast_head_json":{"title":"PDS Ulqin: Pak\u00ebnaq\u00ebsi mbas konferenc\u00ebs zgjedhore - Lajme nga Ulqini","description":"Nj\u00eb grup i an\u00ebtar\u00ebve t\u00eb Partis\u00eb demokratike t\u00eb socialist\u00ebve n\u00eb Ulqin kan\u00eb deklaruar se mbas Konferenc\u00ebs s\u00eb 7 zgjedhore \u00ebsht\u00eb e qart\u00eb se disa familje kan\u00eb","robots":{"index":"index","follow":"follow","max-snippet":"max-snippet:-1","max-image-preview":"max-image-preview:large","max-video-preview":"max-video-preview:-1"},"canonical":"https:\/\/www.visit-ulcinj.com\/blog\/2015\/04\/15\/pds-ulqin-pakenaqesi-mbas-konferences-zgjedhore\/","og_locale":"en_US","og_type":"article","og_title":"PDS Ulqin: Pak\u00ebnaq\u00ebsi mbas konferenc\u00ebs zgjedhore - Lajme nga Ulqini","og_description":"Nj\u00eb grup i an\u00ebtar\u00ebve t\u00eb Partis\u00eb demokratike t\u00eb socialist\u00ebve n\u00eb Ulqin kan\u00eb deklaruar se mbas Konferenc\u00ebs s\u00eb 7 zgjedhore \u00ebsht\u00eb e qart\u00eb se disa familje kan\u00eb","og_url":"https:\/\/www.visit-ulcinj.com\/blog\/2015\/04\/15\/pds-ulqin-pakenaqesi-mbas-konferences-zgjedhore\/","og_site_name":"Lajme nga Ulqini","article_published_time":"2015-04-15T21:24:52+00:00","og_image":[{"url":"http:\/\/www.visit-ulcinj.com\/blog\/wp-content\/uploads\/2015\/04\/PDS-Ulqin.jpg"}],"twitter_misc":{"Written by":"ulqini","Est. reading time":"1 minute"},"schema":{"@context":"https:\/\/schema.org","@graph":[{"@type":"WebSite","@id":"https:\/\/www.visit-ulcinj.com\/blog\/#website","url":"https:\/\/www.visit-ulcinj.com\/blog\/","name":"Lajme nga Ulqini","description":"Lajme,Vijesti,Ulqini,Ulqin,Crna Gora,Mali i Zi","potentialAction":[{"@type":"SearchAction","target":{"@type":"EntryPoint","urlTemplate":"https:\/\/www.visit-ulcinj.com\/blog\/?s={search_term_string}"},"query-input":"required name=search_term_string"}],"inLanguage":"en-US"},{"@type":"ImageObject","inLanguage":"en-US","@id":"https:\/\/www.visit-ulcinj.com\/blog\/2015\/04\/15\/pds-ulqin-pakenaqesi-mbas-konferences-zgjedhore\/#primaryimage","url":"https:\/\/www.visit-ulcinj.com\/blog\/wp-content\/uploads\/2015\/04\/PDS-Ulqin.jpg","contentUrl":"https:\/\/www.visit-ulcinj.com\/blog\/wp-content\/uploads\/2015\/04\/PDS-Ulqin.jpg","width":645,"height":483},{"@type":"WebPage","@id":"https:\/\/www.visit-ulcinj.com\/blog\/2015\/04\/15\/pds-ulqin-pakenaqesi-mbas-konferences-zgjedhore\/#webpage","url":"https:\/\/www.visit-ulcinj.com\/blog\/2015\/04\/15\/pds-ulqin-pakenaqesi-mbas-konferences-zgjedhore\/","name":"PDS Ulqin: Pak\u00ebnaq\u00ebsi mbas konferenc\u00ebs zgjedhore - Lajme nga Ulqini","isPartOf":{"@id":"https:\/\/www.visit-ulcinj.com\/blog\/#website"},"primaryImageOfPage":{"@id":"https:\/\/www.visit-ulcinj.com\/blog\/2015\/04\/15\/pds-ulqin-pakenaqesi-mbas-konferences-zgjedhore\/#primaryimage"},"datePublished":"2015-04-15T21:24:52+00:00","dateModified":"2015-04-15T21:24:52+00:00","author":{"@id":"https:\/\/www.visit-ulcinj.com\/blog\/#\/schema\/person\/dcab619c614d3038751c63bc2aadc06d"},"description":"Nj\u00eb grup i an\u00ebtar\u00ebve t\u00eb Partis\u00eb demokratike t\u00eb socialist\u00ebve n\u00eb Ulqin kan\u00eb deklaruar se mbas Konferenc\u00ebs s\u00eb 7 zgjedhore \u00ebsht\u00eb e qart\u00eb se disa familje kan\u00eb","breadcrumb":{"@id":"https:\/\/www.visit-ulcinj.com\/blog\/2015\/04\/15\/pds-ulqin-pakenaqesi-mbas-konferences-zgjedhore\/#breadcrumb"},"inLanguage":"en-US","potentialAction":[{"@type":"ReadAction","target":["https:\/\/www.visit-ulcinj.com\/blog\/2015\/04\/15\/pds-ulqin-pakenaqesi-mbas-konferences-zgjedhore\/"]}]},{"@type":"BreadcrumbList","@id":"https:\/\/www.visit-ulcinj.com\/blog\/2015\/04\/15\/pds-ulqin-pakenaqesi-mbas-konferences-zgjedhore\/#breadcrumb","itemListElement":[{"@type":"ListItem","position":1,"name":"PDS Ulqin: Pak\u00ebnaq\u00ebsi mbas konferenc\u00ebs zgjedhore"}]},{"@type":"Person","@id":"https:\/\/www.visit-ulcinj.com\/blog\/#\/schema\/person\/dcab619c614d3038751c63bc2aadc06d","name":"ulqini","sameAs":["http:\/\/www.visit-ulcinj.com"],"url":"https:\/\/www.visit-ulcinj.com\/blog\/author\/admin\/"}]}},"jetpack_featured_media_url":"","jetpack_sharing_enabled":true,"jetpack_shortlink":"https:\/\/wp.me\/pe6lTn-npY","_links":{"self":[{"href":"https:\/\/www.visit-ulcinj.com\/blog\/wp-json\/wp\/v2\/posts\/90022"}],"collection":[{"href":"https:\/\/www.visit-ulcinj.com\/blog\/wp-json\/wp\/v2\/posts"}],"about":[{"href":"https:\/\/www.visit-ulcinj.com\/blog\/wp-json\/wp\/v2\/types\/post"}],"author":[{"embeddable":true,"href":"https:\/\/www.visit-ulcinj.com\/blog\/wp-json\/wp\/v2\/users\/1"}],"replies":[{"embeddable":true,"href":"https:\/\/www.visit-ulcinj.com\/blog\/wp-json\/wp\/v2\/comments?post=90022"}],"version-history":[{"count":1,"href":"https:\/\/www.visit-ulcinj.com\/blog\/wp-json\/wp\/v2\/posts\/90022\/revisions"}],"predecessor-version":[{"id":90024,"href":"https:\/\/www.visit-ulcinj.com\/blog\/wp-json\/wp\/v2\/posts\/90022\/revisions\/90024"}],"wp:attachment":[{"href":"https:\/\/www.visit-ulcinj.com\/blog\/wp-json\/wp\/v2\/media?parent=90022"}],"wp:term":[{"taxonomy":"category","embeddable":true,"href":"https:\/\/www.visit-ulcinj.com\/blog\/wp-json\/wp\/v2\/categories?post=90022"},{"taxonomy":"post_tag","embeddable":true,"href":"https:\/\/www.visit-ulcinj.com\/blog\/wp-json\/wp\/v2\/tags?post=90022"}],"curies":[{"name":"wp","href":"https:\/\/api.w.org\/{rel}","templated":true}]}}