{"id":90030,"date":"2015-04-16T18:42:29","date_gmt":"2015-04-16T17:42:29","guid":{"rendered":"http:\/\/www.visit-ulcinj.com\/blog\/?p=90030"},"modified":"2015-04-16T18:42:29","modified_gmt":"2015-04-16T17:42:29","slug":"ulqin-hotel-albatrosi-gatshem-per-turistet","status":"publish","type":"post","link":"https:\/\/www.visit-ulcinj.com\/blog\/2015\/04\/16\/ulqin-hotel-albatrosi-gatshem-per-turistet\/","title":{"rendered":"Ulqin: Hotel Albatrosi i gatsh\u00ebm p\u00ebr turist\u00ebt"},"content":{"rendered":"<div class=\"entry-content\">\n<p><a href=\"http:\/\/www.visit-ulcinj.com\/blog\/wp-content\/uploads\/2010\/04\/Hotel-Albatros-Ulcinj.jpg\"><img loading=\"lazy\" class=\"alignleft wp-image-31707\" src=\"http:\/\/www.visit-ulcinj.com\/blog\/wp-content\/uploads\/2010\/04\/Hotel-Albatros-Ulcinj.jpg\" alt=\"Hotel Albatros Ulcinj\" width=\"508\" height=\"381\" srcset=\"https:\/\/www.visit-ulcinj.com\/blog\/wp-content\/uploads\/2010\/04\/Hotel-Albatros-Ulcinj.jpg 1024w, https:\/\/www.visit-ulcinj.com\/blog\/wp-content\/uploads\/2010\/04\/Hotel-Albatros-Ulcinj-300x225.jpg 300w\" sizes=\"(max-width: 508px) 100vw, 508px\" \/><\/a>Nga 20 prilli hoteli Albatros n\u00eb Ulqin, do t\u00eb jet\u00eb i gatsh\u00ebm dhe n\u00eb dispozicion t\u00eb turist\u00ebve. P\u00ebr pritjen e mysafir\u00ebve apo pushuesve dhe akomodimin sa m\u00eb t\u00eb mir\u00eb n\u00eb k\u00ebt\u00eb objekt jan\u00eb b\u00ebr\u00eb p\u00ebrgatitje dhe investimet e duhura.<\/p>\n<p>Xhemajl Bushati, drejtor i Hotel Albatrosit, tha p\u00ebr portalin \u201cToskanapress.info\u201d se kan\u00eb realizuar p\u00ebrbatitjet e duhura n\u00eb t\u00eb gjitha aspektet p\u00ebr pritjen e turist\u00ebve.<\/p>\n<p>\u201cSivjet kemi b\u00ebr\u00eb investime serioze dhe kushtet do t\u00eb jen\u00eb m\u00eb t\u00eb mira dhe m\u00eb t\u00eb lira. Edhe sivjet turist\u00ebt nga Kosova do t\u00eb vijn\u00eb sipas parashikimeve edhe \u00eb num\u00ebr m\u00eb t\u00eb madh. \u00c7mimet do t\u00eb jen\u00eb minimale dhe ato do t\u00eb sillen nga 25 euro\u201d, tha Xhemajl Bushati.<\/p>\n<p>Sipas tij turist\u00ebt mund t\u00eb akomodohen n\u00eb hotel nga 20 prilli dhe ku hoteli ka 140 dhoma dhe Brenda nj\u00eb nate mund t\u00eb akomodoj deri n\u00eb 350 persona.<\/p>\n<p>\u201cPresim q\u00eb sivjet me ardh turist\u00eb nga rreth dyzet\u00eb shtete t\u00eb ndryshme e m\u00eb s\u00eb shumti turist\u00eb presim nga Kosova, Gjermania, Qekia, Hungaria, Polonia, Rusia e vende tjera. Kemi k\u00ebrkesa t\u00eb shumta\u201d, tha drejtori i Albatrosit.<\/p>\n<p>Hoteli, i kategoris\u00eb A, gjendet rreth nj\u00eb mij\u00eb metra larg qendr\u00ebs s\u00eb qytetit apo Ran\u00ebs apo plazhit t\u00eb vog\u00ebl. Objekti gjendet n\u00eb nj\u00eb pozit\u00eb t\u00eb ve\u00e7ant\u00eb. Nd\u00ebrtesa e tij zhytet n\u00eb pishnajat e mrekullueshme dhe \u00ebsht\u00eb vendosur n\u00eb bregun e detiti.<\/p>\n<p>Kokteji nga ajri i detit, aroma e lavand\u00ebs s\u00eb eg\u00ebr, polenit, pishave dhe luleve \u00ebsht\u00eb vendosur n\u00eb dispozicion t\u00eb mysafir\u00ebve. Dhe v\u00ebrtet n\u00eb \u00e7astin e krjimit t\u00eb planetit ton\u00eb, bashkimi m\u00eb i mrekulluesh\u00ebm i tok\u00ebs dhe detit ka ngjar\u00eb p\u00ebk\u00ebrisht aty.<\/p>\n<p>Mysafir\u00ebt n\u00eb \u00e7do koh\u00eb t\u00eb dit\u00ebs mund t\u00eb k\u00ebnaqen me p\u00ebshp\u00ebritjen e val\u00ebve, k\u00ebng\u00ebn e zogj\u00ebve, f\u00ebshf\u00ebrim\u00ebn e pishave mesdhetare, n\u00ebp\u00ebr t\u00eb cil\u00ebn k\u00ebrcejn\u00eb kitrrat \u00e7apk\u00ebne, t\u00eb veshura me g\u00ebzof t\u00eb zi.<\/p>\n<p><strong>Toskanapress.info<\/strong><\/p>\n<\/div>\n","protected":false},"excerpt":{"rendered":"<p>Nga 20 prilli hoteli Albatros n\u00eb Ulqin, do t\u00eb jet\u00eb i gatsh\u00ebm dhe n\u00eb dispozicion t\u00eb turist\u00ebve. P\u00ebr pritjen e mysafir\u00ebve apo pushuesve dhe akomodimin sa m\u00eb t\u00eb mir\u00eb n\u00eb k\u00ebt\u00eb objekt jan\u00eb b\u00ebr\u00eb p\u00ebrgatitje dhe investimet e duhura. Xhemajl Bushati, drejtor i Hotel Albatrosit, tha p\u00ebr portalin \u201cToskanapress.info\u201d se kan\u00eb realizuar p\u00ebrbatitjet e duhura [&hellip;]<\/p>\n","protected":false},"author":1,"featured_media":0,"comment_status":"closed","ping_status":"closed","sticky":false,"template":"","format":"standard","meta":{"spay_email":"","jetpack_publicize_message":"","jetpack_is_tweetstorm":false,"jetpack_publicize_feature_enabled":true},"categories":[15],"tags":[],"jetpack_publicize_connections":[],"yoast_head":"<!-- This site is optimized with the Yoast SEO plugin v19.1 - https:\/\/yoast.com\/wordpress\/plugins\/seo\/ -->\n<title>Ulqin: Hotel Albatrosi i gatsh\u00ebm p\u00ebr turist\u00ebt - Lajme nga Ulqini<\/title>\n<meta name=\"description\" content=\"Nga 20 prilli hoteli Albatros n\u00eb Ulqin, do t\u00eb jet\u00eb i gatsh\u00ebm dhe n\u00eb dispozicion t\u00eb turist\u00ebve. P\u00ebr pritjen e mysafir\u00ebve apo pushuesve dhe akomodimin sa m\u00eb\" \/>\n<meta name=\"robots\" content=\"index, follow, max-snippet:-1, max-image-preview:large, max-video-preview:-1\" \/>\n<link rel=\"canonical\" href=\"https:\/\/www.visit-ulcinj.com\/blog\/2015\/04\/16\/ulqin-hotel-albatrosi-gatshem-per-turistet\/\" \/>\n<meta property=\"og:locale\" content=\"en_US\" \/>\n<meta property=\"og:type\" content=\"article\" \/>\n<meta property=\"og:title\" content=\"Ulqin: Hotel Albatrosi i gatsh\u00ebm p\u00ebr turist\u00ebt - Lajme nga Ulqini\" \/>\n<meta property=\"og:description\" content=\"Nga 20 prilli hoteli Albatros n\u00eb Ulqin, do t\u00eb jet\u00eb i gatsh\u00ebm dhe n\u00eb dispozicion t\u00eb turist\u00ebve. P\u00ebr pritjen e mysafir\u00ebve apo pushuesve dhe akomodimin sa m\u00eb\" \/>\n<meta property=\"og:url\" content=\"https:\/\/www.visit-ulcinj.com\/blog\/2015\/04\/16\/ulqin-hotel-albatrosi-gatshem-per-turistet\/\" \/>\n<meta property=\"og:site_name\" content=\"Lajme nga Ulqini\" \/>\n<meta property=\"article:published_time\" content=\"2015-04-16T17:42:29+00:00\" \/>\n<meta property=\"og:image\" content=\"http:\/\/www.visit-ulcinj.com\/blog\/wp-content\/uploads\/2010\/04\/Hotel-Albatros-Ulcinj.jpg\" \/>\n<meta name=\"twitter:label1\" content=\"Written by\" \/>\n\t<meta name=\"twitter:data1\" content=\"ulqini\" \/>\n\t<meta name=\"twitter:label2\" content=\"Est. reading time\" \/>\n\t<meta name=\"twitter:data2\" content=\"2 minutes\" \/>\n<script type=\"application\/ld+json\" class=\"yoast-schema-graph\">{\"@context\":\"https:\/\/schema.org\",\"@graph\":[{\"@type\":\"WebSite\",\"@id\":\"https:\/\/www.visit-ulcinj.com\/blog\/#website\",\"url\":\"https:\/\/www.visit-ulcinj.com\/blog\/\",\"name\":\"Lajme nga Ulqini\",\"description\":\"Lajme,Vijesti,Ulqini,Ulqin,Crna Gora,Mali i Zi\",\"potentialAction\":[{\"@type\":\"SearchAction\",\"target\":{\"@type\":\"EntryPoint\",\"urlTemplate\":\"https:\/\/www.visit-ulcinj.com\/blog\/?s={search_term_string}\"},\"query-input\":\"required name=search_term_string\"}],\"inLanguage\":\"en-US\"},{\"@type\":\"ImageObject\",\"inLanguage\":\"en-US\",\"@id\":\"https:\/\/www.visit-ulcinj.com\/blog\/2015\/04\/16\/ulqin-hotel-albatrosi-gatshem-per-turistet\/#primaryimage\",\"url\":\"https:\/\/www.visit-ulcinj.com\/blog\/wp-content\/uploads\/2010\/04\/Hotel-Albatros-Ulcinj.jpg\",\"contentUrl\":\"https:\/\/www.visit-ulcinj.com\/blog\/wp-content\/uploads\/2010\/04\/Hotel-Albatros-Ulcinj.jpg\",\"width\":\"1024\",\"height\":\"768\"},{\"@type\":\"WebPage\",\"@id\":\"https:\/\/www.visit-ulcinj.com\/blog\/2015\/04\/16\/ulqin-hotel-albatrosi-gatshem-per-turistet\/#webpage\",\"url\":\"https:\/\/www.visit-ulcinj.com\/blog\/2015\/04\/16\/ulqin-hotel-albatrosi-gatshem-per-turistet\/\",\"name\":\"Ulqin: Hotel Albatrosi i gatsh\u00ebm p\u00ebr turist\u00ebt - Lajme nga Ulqini\",\"isPartOf\":{\"@id\":\"https:\/\/www.visit-ulcinj.com\/blog\/#website\"},\"primaryImageOfPage\":{\"@id\":\"https:\/\/www.visit-ulcinj.com\/blog\/2015\/04\/16\/ulqin-hotel-albatrosi-gatshem-per-turistet\/#primaryimage\"},\"datePublished\":\"2015-04-16T17:42:29+00:00\",\"dateModified\":\"2015-04-16T17:42:29+00:00\",\"author\":{\"@id\":\"https:\/\/www.visit-ulcinj.com\/blog\/#\/schema\/person\/dcab619c614d3038751c63bc2aadc06d\"},\"description\":\"Nga 20 prilli hoteli Albatros n\u00eb Ulqin, do t\u00eb jet\u00eb i gatsh\u00ebm dhe n\u00eb dispozicion t\u00eb turist\u00ebve. P\u00ebr pritjen e mysafir\u00ebve apo pushuesve dhe akomodimin sa m\u00eb\",\"breadcrumb\":{\"@id\":\"https:\/\/www.visit-ulcinj.com\/blog\/2015\/04\/16\/ulqin-hotel-albatrosi-gatshem-per-turistet\/#breadcrumb\"},\"inLanguage\":\"en-US\",\"potentialAction\":[{\"@type\":\"ReadAction\",\"target\":[\"https:\/\/www.visit-ulcinj.com\/blog\/2015\/04\/16\/ulqin-hotel-albatrosi-gatshem-per-turistet\/\"]}]},{\"@type\":\"BreadcrumbList\",\"@id\":\"https:\/\/www.visit-ulcinj.com\/blog\/2015\/04\/16\/ulqin-hotel-albatrosi-gatshem-per-turistet\/#breadcrumb\",\"itemListElement\":[{\"@type\":\"ListItem\",\"position\":1,\"name\":\"Ulqin: Hotel Albatrosi i gatsh\u00ebm p\u00ebr turist\u00ebt\"}]},{\"@type\":\"Person\",\"@id\":\"https:\/\/www.visit-ulcinj.com\/blog\/#\/schema\/person\/dcab619c614d3038751c63bc2aadc06d\",\"name\":\"ulqini\",\"sameAs\":[\"http:\/\/www.visit-ulcinj.com\"],\"url\":\"https:\/\/www.visit-ulcinj.com\/blog\/author\/admin\/\"}]}<\/script>\n<!-- \/ Yoast SEO plugin. -->","yoast_head_json":{"title":"Ulqin: Hotel Albatrosi i gatsh\u00ebm p\u00ebr turist\u00ebt - Lajme nga Ulqini","description":"Nga 20 prilli hoteli Albatros n\u00eb Ulqin, do t\u00eb jet\u00eb i gatsh\u00ebm dhe n\u00eb dispozicion t\u00eb turist\u00ebve. P\u00ebr pritjen e mysafir\u00ebve apo pushuesve dhe akomodimin sa m\u00eb","robots":{"index":"index","follow":"follow","max-snippet":"max-snippet:-1","max-image-preview":"max-image-preview:large","max-video-preview":"max-video-preview:-1"},"canonical":"https:\/\/www.visit-ulcinj.com\/blog\/2015\/04\/16\/ulqin-hotel-albatrosi-gatshem-per-turistet\/","og_locale":"en_US","og_type":"article","og_title":"Ulqin: Hotel Albatrosi i gatsh\u00ebm p\u00ebr turist\u00ebt - Lajme nga Ulqini","og_description":"Nga 20 prilli hoteli Albatros n\u00eb Ulqin, do t\u00eb jet\u00eb i gatsh\u00ebm dhe n\u00eb dispozicion t\u00eb turist\u00ebve. P\u00ebr pritjen e mysafir\u00ebve apo pushuesve dhe akomodimin sa m\u00eb","og_url":"https:\/\/www.visit-ulcinj.com\/blog\/2015\/04\/16\/ulqin-hotel-albatrosi-gatshem-per-turistet\/","og_site_name":"Lajme nga Ulqini","article_published_time":"2015-04-16T17:42:29+00:00","og_image":[{"url":"http:\/\/www.visit-ulcinj.com\/blog\/wp-content\/uploads\/2010\/04\/Hotel-Albatros-Ulcinj.jpg"}],"twitter_misc":{"Written by":"ulqini","Est. reading time":"2 minutes"},"schema":{"@context":"https:\/\/schema.org","@graph":[{"@type":"WebSite","@id":"https:\/\/www.visit-ulcinj.com\/blog\/#website","url":"https:\/\/www.visit-ulcinj.com\/blog\/","name":"Lajme nga Ulqini","description":"Lajme,Vijesti,Ulqini,Ulqin,Crna Gora,Mali i Zi","potentialAction":[{"@type":"SearchAction","target":{"@type":"EntryPoint","urlTemplate":"https:\/\/www.visit-ulcinj.com\/blog\/?s={search_term_string}"},"query-input":"required name=search_term_string"}],"inLanguage":"en-US"},{"@type":"ImageObject","inLanguage":"en-US","@id":"https:\/\/www.visit-ulcinj.com\/blog\/2015\/04\/16\/ulqin-hotel-albatrosi-gatshem-per-turistet\/#primaryimage","url":"https:\/\/www.visit-ulcinj.com\/blog\/wp-content\/uploads\/2010\/04\/Hotel-Albatros-Ulcinj.jpg","contentUrl":"https:\/\/www.visit-ulcinj.com\/blog\/wp-content\/uploads\/2010\/04\/Hotel-Albatros-Ulcinj.jpg","width":"1024","height":"768"},{"@type":"WebPage","@id":"https:\/\/www.visit-ulcinj.com\/blog\/2015\/04\/16\/ulqin-hotel-albatrosi-gatshem-per-turistet\/#webpage","url":"https:\/\/www.visit-ulcinj.com\/blog\/2015\/04\/16\/ulqin-hotel-albatrosi-gatshem-per-turistet\/","name":"Ulqin: Hotel Albatrosi i gatsh\u00ebm p\u00ebr turist\u00ebt - Lajme nga Ulqini","isPartOf":{"@id":"https:\/\/www.visit-ulcinj.com\/blog\/#website"},"primaryImageOfPage":{"@id":"https:\/\/www.visit-ulcinj.com\/blog\/2015\/04\/16\/ulqin-hotel-albatrosi-gatshem-per-turistet\/#primaryimage"},"datePublished":"2015-04-16T17:42:29+00:00","dateModified":"2015-04-16T17:42:29+00:00","author":{"@id":"https:\/\/www.visit-ulcinj.com\/blog\/#\/schema\/person\/dcab619c614d3038751c63bc2aadc06d"},"description":"Nga 20 prilli hoteli Albatros n\u00eb Ulqin, do t\u00eb jet\u00eb i gatsh\u00ebm dhe n\u00eb dispozicion t\u00eb turist\u00ebve. P\u00ebr pritjen e mysafir\u00ebve apo pushuesve dhe akomodimin sa m\u00eb","breadcrumb":{"@id":"https:\/\/www.visit-ulcinj.com\/blog\/2015\/04\/16\/ulqin-hotel-albatrosi-gatshem-per-turistet\/#breadcrumb"},"inLanguage":"en-US","potentialAction":[{"@type":"ReadAction","target":["https:\/\/www.visit-ulcinj.com\/blog\/2015\/04\/16\/ulqin-hotel-albatrosi-gatshem-per-turistet\/"]}]},{"@type":"BreadcrumbList","@id":"https:\/\/www.visit-ulcinj.com\/blog\/2015\/04\/16\/ulqin-hotel-albatrosi-gatshem-per-turistet\/#breadcrumb","itemListElement":[{"@type":"ListItem","position":1,"name":"Ulqin: Hotel Albatrosi i gatsh\u00ebm p\u00ebr turist\u00ebt"}]},{"@type":"Person","@id":"https:\/\/www.visit-ulcinj.com\/blog\/#\/schema\/person\/dcab619c614d3038751c63bc2aadc06d","name":"ulqini","sameAs":["http:\/\/www.visit-ulcinj.com"],"url":"https:\/\/www.visit-ulcinj.com\/blog\/author\/admin\/"}]}},"jetpack_featured_media_url":"","jetpack_sharing_enabled":true,"jetpack_shortlink":"https:\/\/wp.me\/pe6lTn-nq6","_links":{"self":[{"href":"https:\/\/www.visit-ulcinj.com\/blog\/wp-json\/wp\/v2\/posts\/90030"}],"collection":[{"href":"https:\/\/www.visit-ulcinj.com\/blog\/wp-json\/wp\/v2\/posts"}],"about":[{"href":"https:\/\/www.visit-ulcinj.com\/blog\/wp-json\/wp\/v2\/types\/post"}],"author":[{"embeddable":true,"href":"https:\/\/www.visit-ulcinj.com\/blog\/wp-json\/wp\/v2\/users\/1"}],"replies":[{"embeddable":true,"href":"https:\/\/www.visit-ulcinj.com\/blog\/wp-json\/wp\/v2\/comments?post=90030"}],"version-history":[{"count":1,"href":"https:\/\/www.visit-ulcinj.com\/blog\/wp-json\/wp\/v2\/posts\/90030\/revisions"}],"predecessor-version":[{"id":90031,"href":"https:\/\/www.visit-ulcinj.com\/blog\/wp-json\/wp\/v2\/posts\/90030\/revisions\/90031"}],"wp:attachment":[{"href":"https:\/\/www.visit-ulcinj.com\/blog\/wp-json\/wp\/v2\/media?parent=90030"}],"wp:term":[{"taxonomy":"category","embeddable":true,"href":"https:\/\/www.visit-ulcinj.com\/blog\/wp-json\/wp\/v2\/categories?post=90030"},{"taxonomy":"post_tag","embeddable":true,"href":"https:\/\/www.visit-ulcinj.com\/blog\/wp-json\/wp\/v2\/tags?post=90030"}],"curies":[{"name":"wp","href":"https:\/\/api.w.org\/{rel}","templated":true}]}}