{"id":90032,"date":"2015-04-16T18:55:36","date_gmt":"2015-04-16T17:55:36","guid":{"rendered":"http:\/\/www.visit-ulcinj.com\/blog\/?p=90032"},"modified":"2015-04-16T22:20:38","modified_gmt":"2015-04-16T21:20:38","slug":"forcohet-bashkepunimi-bizneseve-nga-ulqini-dhe-kosova","status":"publish","type":"post","link":"https:\/\/www.visit-ulcinj.com\/blog\/2015\/04\/16\/forcohet-bashkepunimi-bizneseve-nga-ulqini-dhe-kosova\/","title":{"rendered":"Forcohet bashk\u00ebpunimi i Bizneseve nga Ulqini dhe Kosova"},"content":{"rendered":"<div class=\"entry-content\">\n<p><a href=\"http:\/\/www.visit-ulcinj.com\/blog\/wp-content\/uploads\/2015\/04\/Biznes-Klub-ana-malit.jpg\"><img loading=\"lazy\" class=\"alignleft wp-image-90033\" src=\"http:\/\/www.visit-ulcinj.com\/blog\/wp-content\/uploads\/2015\/04\/Biznes-Klub-ana-malit.jpg\" alt=\"Biznes Klub ana malit\" width=\"508\" height=\"381\" srcset=\"https:\/\/www.visit-ulcinj.com\/blog\/wp-content\/uploads\/2015\/04\/Biznes-Klub-ana-malit.jpg 960w, https:\/\/www.visit-ulcinj.com\/blog\/wp-content\/uploads\/2015\/04\/Biznes-Klub-ana-malit-300x225.jpg 300w\" sizes=\"(max-width: 508px) 100vw, 508px\" \/><\/a>Jan\u00eb krijuar ura t\u00eb mira t\u00eb bashk\u00ebpunimit jo vet\u00ebm nd\u00ebrmjet bizneseve nga Kosova dhe atyre nga Mali i Zi, por edhe me t\u00eb gjitha bizneset shqiptare\u201d, tha Kabil Kurti, president i Biznes Klub Anamalit nga Ulqini i Malit t\u00ebi Zi.<\/p>\n<p><a href=\"http:\/\/www.visit-ulcinj.com\/blog\/wp-content\/uploads\/2015\/04\/Kabil-Kurti-BKA.jpg\"><img loading=\"lazy\" class=\"alignleft wp-image-90042\" src=\"http:\/\/www.visit-ulcinj.com\/blog\/wp-content\/uploads\/2015\/04\/Kabil-Kurti-BKA.jpg\" alt=\"Kabil-Kurti-BKA\" width=\"508\" height=\"678\" srcset=\"https:\/\/www.visit-ulcinj.com\/blog\/wp-content\/uploads\/2015\/04\/Kabil-Kurti-BKA.jpg 719w, https:\/\/www.visit-ulcinj.com\/blog\/wp-content\/uploads\/2015\/04\/Kabil-Kurti-BKA-225x300.jpg 225w\" sizes=\"(max-width: 508px) 100vw, 508px\" \/><\/a><\/p>\n<p>Kurti shtoi, se bashk\u00ebpunimi dhe shk\u00ebmbimet tregtare nd\u00ebrmjet bizneseve shqiptare nga t\u00eb gjitha trevat duhet t\u00eb rriten edhe m\u00eb shum\u00eb, me q\u00ebllim t\u00eb zhvillimit t\u00eb\u00a0 trevave ku jetojn\u00eb shqiptar\u00ebt, por edhe t\u00eb ngritjes s\u00eb mir\u00ebqenies sociale dhe ndajles s\u00eb migrimit q\u00eb kan\u00eb prekur thuajse t\u00eb gjitha vendbanimet ku jetojn\u00eb shqitar\u00ebt.<\/p>\n<p>Sipas tij pos forcimit t\u00eb bashk\u00ebpunimit, vllaz\u00ebror, atij ekonomik, \u00ebsht\u00eb forcuar edhe bashk\u00ebpunimi politik. Ai k\u00ebto komente i tha n\u00eb Kuvendin e VI zgjedhor t\u00eb Aleanc\u00ebs s\u00eb Bizneseve n\u00eb Kosov\u00eb.<\/p>\n<p><strong>Toskanapress.info<\/strong><\/p>\n<\/div>\n","protected":false},"excerpt":{"rendered":"<p>Jan\u00eb krijuar ura t\u00eb mira t\u00eb bashk\u00ebpunimit jo vet\u00ebm nd\u00ebrmjet bizneseve nga Kosova dhe atyre nga Mali i Zi, por edhe me t\u00eb gjitha bizneset shqiptare\u201d, tha Kabil Kurti, president i Biznes Klub Anamalit nga Ulqini i Malit t\u00ebi Zi. Kurti shtoi, se bashk\u00ebpunimi dhe shk\u00ebmbimet tregtare nd\u00ebrmjet bizneseve shqiptare nga t\u00eb gjitha trevat duhet [&hellip;]<\/p>\n","protected":false},"author":1,"featured_media":0,"comment_status":"closed","ping_status":"closed","sticky":false,"template":"","format":"standard","meta":{"spay_email":"","jetpack_publicize_message":"","jetpack_is_tweetstorm":false,"jetpack_publicize_feature_enabled":true},"categories":[10],"tags":[],"jetpack_publicize_connections":[],"yoast_head":"<!-- This site is optimized with the Yoast SEO plugin v19.1 - https:\/\/yoast.com\/wordpress\/plugins\/seo\/ -->\n<title>Forcohet bashk\u00ebpunimi i Bizneseve nga Ulqini dhe Kosova - Lajme nga Ulqini<\/title>\n<meta name=\"description\" content=\"Jan\u00eb krijuar ura t\u00eb mira t\u00eb bashk\u00ebpunimit jo vet\u00ebm nd\u00ebrmjet bizneseve nga Kosova dhe atyre nga Mali i Zi, por edhe me t\u00eb gjitha bizneset shqiptare\u201d, tha\" \/>\n<meta name=\"robots\" content=\"index, follow, max-snippet:-1, max-image-preview:large, max-video-preview:-1\" \/>\n<link rel=\"canonical\" href=\"https:\/\/www.visit-ulcinj.com\/blog\/2015\/04\/16\/forcohet-bashkepunimi-bizneseve-nga-ulqini-dhe-kosova\/\" \/>\n<meta property=\"og:locale\" content=\"en_US\" \/>\n<meta property=\"og:type\" content=\"article\" \/>\n<meta property=\"og:title\" content=\"Forcohet bashk\u00ebpunimi i Bizneseve nga Ulqini dhe Kosova - Lajme nga Ulqini\" \/>\n<meta property=\"og:description\" content=\"Jan\u00eb krijuar ura t\u00eb mira t\u00eb bashk\u00ebpunimit jo vet\u00ebm nd\u00ebrmjet bizneseve nga Kosova dhe atyre nga Mali i Zi, por edhe me t\u00eb gjitha bizneset shqiptare\u201d, tha\" \/>\n<meta property=\"og:url\" content=\"https:\/\/www.visit-ulcinj.com\/blog\/2015\/04\/16\/forcohet-bashkepunimi-bizneseve-nga-ulqini-dhe-kosova\/\" \/>\n<meta property=\"og:site_name\" content=\"Lajme nga Ulqini\" \/>\n<meta property=\"article:published_time\" content=\"2015-04-16T17:55:36+00:00\" \/>\n<meta property=\"article:modified_time\" content=\"2015-04-16T21:20:38+00:00\" \/>\n<meta property=\"og:image\" content=\"http:\/\/www.visit-ulcinj.com\/blog\/wp-content\/uploads\/2015\/04\/Biznes-Klub-ana-malit.jpg\" \/>\n<meta name=\"twitter:label1\" content=\"Written by\" \/>\n\t<meta name=\"twitter:data1\" content=\"ulqini\" \/>\n\t<meta name=\"twitter:label2\" content=\"Est. reading time\" \/>\n\t<meta name=\"twitter:data2\" content=\"1 minute\" \/>\n<script type=\"application\/ld+json\" class=\"yoast-schema-graph\">{\"@context\":\"https:\/\/schema.org\",\"@graph\":[{\"@type\":\"WebSite\",\"@id\":\"https:\/\/www.visit-ulcinj.com\/blog\/#website\",\"url\":\"https:\/\/www.visit-ulcinj.com\/blog\/\",\"name\":\"Lajme nga Ulqini\",\"description\":\"Lajme,Vijesti,Ulqini,Ulqin,Crna Gora,Mali i Zi\",\"potentialAction\":[{\"@type\":\"SearchAction\",\"target\":{\"@type\":\"EntryPoint\",\"urlTemplate\":\"https:\/\/www.visit-ulcinj.com\/blog\/?s={search_term_string}\"},\"query-input\":\"required name=search_term_string\"}],\"inLanguage\":\"en-US\"},{\"@type\":\"ImageObject\",\"inLanguage\":\"en-US\",\"@id\":\"https:\/\/www.visit-ulcinj.com\/blog\/2015\/04\/16\/forcohet-bashkepunimi-bizneseve-nga-ulqini-dhe-kosova\/#primaryimage\",\"url\":\"https:\/\/www.visit-ulcinj.com\/blog\/wp-content\/uploads\/2015\/04\/Biznes-Klub-ana-malit.jpg\",\"contentUrl\":\"https:\/\/www.visit-ulcinj.com\/blog\/wp-content\/uploads\/2015\/04\/Biznes-Klub-ana-malit.jpg\",\"width\":960,\"height\":720},{\"@type\":\"WebPage\",\"@id\":\"https:\/\/www.visit-ulcinj.com\/blog\/2015\/04\/16\/forcohet-bashkepunimi-bizneseve-nga-ulqini-dhe-kosova\/#webpage\",\"url\":\"https:\/\/www.visit-ulcinj.com\/blog\/2015\/04\/16\/forcohet-bashkepunimi-bizneseve-nga-ulqini-dhe-kosova\/\",\"name\":\"Forcohet bashk\u00ebpunimi i Bizneseve nga Ulqini dhe Kosova - Lajme nga Ulqini\",\"isPartOf\":{\"@id\":\"https:\/\/www.visit-ulcinj.com\/blog\/#website\"},\"primaryImageOfPage\":{\"@id\":\"https:\/\/www.visit-ulcinj.com\/blog\/2015\/04\/16\/forcohet-bashkepunimi-bizneseve-nga-ulqini-dhe-kosova\/#primaryimage\"},\"datePublished\":\"2015-04-16T17:55:36+00:00\",\"dateModified\":\"2015-04-16T21:20:38+00:00\",\"author\":{\"@id\":\"https:\/\/www.visit-ulcinj.com\/blog\/#\/schema\/person\/dcab619c614d3038751c63bc2aadc06d\"},\"description\":\"Jan\u00eb krijuar ura t\u00eb mira t\u00eb bashk\u00ebpunimit jo vet\u00ebm nd\u00ebrmjet bizneseve nga Kosova dhe atyre nga Mali i Zi, por edhe me t\u00eb gjitha bizneset shqiptare\u201d, tha\",\"breadcrumb\":{\"@id\":\"https:\/\/www.visit-ulcinj.com\/blog\/2015\/04\/16\/forcohet-bashkepunimi-bizneseve-nga-ulqini-dhe-kosova\/#breadcrumb\"},\"inLanguage\":\"en-US\",\"potentialAction\":[{\"@type\":\"ReadAction\",\"target\":[\"https:\/\/www.visit-ulcinj.com\/blog\/2015\/04\/16\/forcohet-bashkepunimi-bizneseve-nga-ulqini-dhe-kosova\/\"]}]},{\"@type\":\"BreadcrumbList\",\"@id\":\"https:\/\/www.visit-ulcinj.com\/blog\/2015\/04\/16\/forcohet-bashkepunimi-bizneseve-nga-ulqini-dhe-kosova\/#breadcrumb\",\"itemListElement\":[{\"@type\":\"ListItem\",\"position\":1,\"name\":\"Forcohet bashk\u00ebpunimi i Bizneseve nga Ulqini dhe Kosova\"}]},{\"@type\":\"Person\",\"@id\":\"https:\/\/www.visit-ulcinj.com\/blog\/#\/schema\/person\/dcab619c614d3038751c63bc2aadc06d\",\"name\":\"ulqini\",\"sameAs\":[\"http:\/\/www.visit-ulcinj.com\"],\"url\":\"https:\/\/www.visit-ulcinj.com\/blog\/author\/admin\/\"}]}<\/script>\n<!-- \/ Yoast SEO plugin. -->","yoast_head_json":{"title":"Forcohet bashk\u00ebpunimi i Bizneseve nga Ulqini dhe Kosova - Lajme nga Ulqini","description":"Jan\u00eb krijuar ura t\u00eb mira t\u00eb bashk\u00ebpunimit jo vet\u00ebm nd\u00ebrmjet bizneseve nga Kosova dhe atyre nga Mali i Zi, por edhe me t\u00eb gjitha bizneset shqiptare\u201d, tha","robots":{"index":"index","follow":"follow","max-snippet":"max-snippet:-1","max-image-preview":"max-image-preview:large","max-video-preview":"max-video-preview:-1"},"canonical":"https:\/\/www.visit-ulcinj.com\/blog\/2015\/04\/16\/forcohet-bashkepunimi-bizneseve-nga-ulqini-dhe-kosova\/","og_locale":"en_US","og_type":"article","og_title":"Forcohet bashk\u00ebpunimi i Bizneseve nga Ulqini dhe Kosova - Lajme nga Ulqini","og_description":"Jan\u00eb krijuar ura t\u00eb mira t\u00eb bashk\u00ebpunimit jo vet\u00ebm nd\u00ebrmjet bizneseve nga Kosova dhe atyre nga Mali i Zi, por edhe me t\u00eb gjitha bizneset shqiptare\u201d, tha","og_url":"https:\/\/www.visit-ulcinj.com\/blog\/2015\/04\/16\/forcohet-bashkepunimi-bizneseve-nga-ulqini-dhe-kosova\/","og_site_name":"Lajme nga Ulqini","article_published_time":"2015-04-16T17:55:36+00:00","article_modified_time":"2015-04-16T21:20:38+00:00","og_image":[{"url":"http:\/\/www.visit-ulcinj.com\/blog\/wp-content\/uploads\/2015\/04\/Biznes-Klub-ana-malit.jpg"}],"twitter_misc":{"Written by":"ulqini","Est. reading time":"1 minute"},"schema":{"@context":"https:\/\/schema.org","@graph":[{"@type":"WebSite","@id":"https:\/\/www.visit-ulcinj.com\/blog\/#website","url":"https:\/\/www.visit-ulcinj.com\/blog\/","name":"Lajme nga Ulqini","description":"Lajme,Vijesti,Ulqini,Ulqin,Crna Gora,Mali i Zi","potentialAction":[{"@type":"SearchAction","target":{"@type":"EntryPoint","urlTemplate":"https:\/\/www.visit-ulcinj.com\/blog\/?s={search_term_string}"},"query-input":"required name=search_term_string"}],"inLanguage":"en-US"},{"@type":"ImageObject","inLanguage":"en-US","@id":"https:\/\/www.visit-ulcinj.com\/blog\/2015\/04\/16\/forcohet-bashkepunimi-bizneseve-nga-ulqini-dhe-kosova\/#primaryimage","url":"https:\/\/www.visit-ulcinj.com\/blog\/wp-content\/uploads\/2015\/04\/Biznes-Klub-ana-malit.jpg","contentUrl":"https:\/\/www.visit-ulcinj.com\/blog\/wp-content\/uploads\/2015\/04\/Biznes-Klub-ana-malit.jpg","width":960,"height":720},{"@type":"WebPage","@id":"https:\/\/www.visit-ulcinj.com\/blog\/2015\/04\/16\/forcohet-bashkepunimi-bizneseve-nga-ulqini-dhe-kosova\/#webpage","url":"https:\/\/www.visit-ulcinj.com\/blog\/2015\/04\/16\/forcohet-bashkepunimi-bizneseve-nga-ulqini-dhe-kosova\/","name":"Forcohet bashk\u00ebpunimi i Bizneseve nga Ulqini dhe Kosova - Lajme nga Ulqini","isPartOf":{"@id":"https:\/\/www.visit-ulcinj.com\/blog\/#website"},"primaryImageOfPage":{"@id":"https:\/\/www.visit-ulcinj.com\/blog\/2015\/04\/16\/forcohet-bashkepunimi-bizneseve-nga-ulqini-dhe-kosova\/#primaryimage"},"datePublished":"2015-04-16T17:55:36+00:00","dateModified":"2015-04-16T21:20:38+00:00","author":{"@id":"https:\/\/www.visit-ulcinj.com\/blog\/#\/schema\/person\/dcab619c614d3038751c63bc2aadc06d"},"description":"Jan\u00eb krijuar ura t\u00eb mira t\u00eb bashk\u00ebpunimit jo vet\u00ebm nd\u00ebrmjet bizneseve nga Kosova dhe atyre nga Mali i Zi, por edhe me t\u00eb gjitha bizneset shqiptare\u201d, tha","breadcrumb":{"@id":"https:\/\/www.visit-ulcinj.com\/blog\/2015\/04\/16\/forcohet-bashkepunimi-bizneseve-nga-ulqini-dhe-kosova\/#breadcrumb"},"inLanguage":"en-US","potentialAction":[{"@type":"ReadAction","target":["https:\/\/www.visit-ulcinj.com\/blog\/2015\/04\/16\/forcohet-bashkepunimi-bizneseve-nga-ulqini-dhe-kosova\/"]}]},{"@type":"BreadcrumbList","@id":"https:\/\/www.visit-ulcinj.com\/blog\/2015\/04\/16\/forcohet-bashkepunimi-bizneseve-nga-ulqini-dhe-kosova\/#breadcrumb","itemListElement":[{"@type":"ListItem","position":1,"name":"Forcohet bashk\u00ebpunimi i Bizneseve nga Ulqini dhe Kosova"}]},{"@type":"Person","@id":"https:\/\/www.visit-ulcinj.com\/blog\/#\/schema\/person\/dcab619c614d3038751c63bc2aadc06d","name":"ulqini","sameAs":["http:\/\/www.visit-ulcinj.com"],"url":"https:\/\/www.visit-ulcinj.com\/blog\/author\/admin\/"}]}},"jetpack_featured_media_url":"","jetpack_sharing_enabled":true,"jetpack_shortlink":"https:\/\/wp.me\/pe6lTn-nq8","_links":{"self":[{"href":"https:\/\/www.visit-ulcinj.com\/blog\/wp-json\/wp\/v2\/posts\/90032"}],"collection":[{"href":"https:\/\/www.visit-ulcinj.com\/blog\/wp-json\/wp\/v2\/posts"}],"about":[{"href":"https:\/\/www.visit-ulcinj.com\/blog\/wp-json\/wp\/v2\/types\/post"}],"author":[{"embeddable":true,"href":"https:\/\/www.visit-ulcinj.com\/blog\/wp-json\/wp\/v2\/users\/1"}],"replies":[{"embeddable":true,"href":"https:\/\/www.visit-ulcinj.com\/blog\/wp-json\/wp\/v2\/comments?post=90032"}],"version-history":[{"count":3,"href":"https:\/\/www.visit-ulcinj.com\/blog\/wp-json\/wp\/v2\/posts\/90032\/revisions"}],"predecessor-version":[{"id":90044,"href":"https:\/\/www.visit-ulcinj.com\/blog\/wp-json\/wp\/v2\/posts\/90032\/revisions\/90044"}],"wp:attachment":[{"href":"https:\/\/www.visit-ulcinj.com\/blog\/wp-json\/wp\/v2\/media?parent=90032"}],"wp:term":[{"taxonomy":"category","embeddable":true,"href":"https:\/\/www.visit-ulcinj.com\/blog\/wp-json\/wp\/v2\/categories?post=90032"},{"taxonomy":"post_tag","embeddable":true,"href":"https:\/\/www.visit-ulcinj.com\/blog\/wp-json\/wp\/v2\/tags?post=90032"}],"curies":[{"name":"wp","href":"https:\/\/api.w.org\/{rel}","templated":true}]}}