{"id":90059,"date":"2015-04-17T10:31:30","date_gmt":"2015-04-17T09:31:30","guid":{"rendered":"http:\/\/www.visit-ulcinj.com\/blog\/?p=90059"},"modified":"2015-04-19T10:34:35","modified_gmt":"2015-04-19T09:34:35","slug":"skender-elezagic-oo-sdp-ulcinj-nije-se-izjasnjavao-o-kandidatima-za-lidera-stranke","status":"publish","type":"post","link":"https:\/\/www.visit-ulcinj.com\/blog\/2015\/04\/17\/skender-elezagic-oo-sdp-ulcinj-nije-se-izjasnjavao-o-kandidatima-za-lidera-stranke\/","title":{"rendered":"Skender Elezagi\u0107: OO SDP-a Ulcinj nije se izja\u0161njavao o kandidatima za lidera stranke"},"content":{"rendered":"<div class=\"short-text\"><a href=\"http:\/\/www.visit-ulcinj.com\/blog\/wp-content\/uploads\/2011\/08\/Shumica-e-re-ne-Kuvendin-e-Komunes-se-Ulqinit_Nazif-CunguFatmir-GjekaSkender-ElezagaAmir-HolliKoalicioni-ne-Ulqin.1.jpg\"><img loading=\"lazy\" class=\"alignleft wp-image-49869\" src=\"http:\/\/www.visit-ulcinj.com\/blog\/wp-content\/uploads\/2011\/08\/Shumica-e-re-ne-Kuvendin-e-Komunes-se-Ulqinit_Nazif-CunguFatmir-GjekaSkender-ElezagaAmir-HolliKoalicioni-ne-Ulqin.1.jpg\" alt=\"Shumica e re ne Kuvendin e Komunes se Ulqinit_Nazif Cungu,Fatmir Gjeka,Skender Elezaga,Amir Holli,Koalicioni ne Ulqin.1\" width=\"508\" height=\"345\" srcset=\"https:\/\/www.visit-ulcinj.com\/blog\/wp-content\/uploads\/2011\/08\/Shumica-e-re-ne-Kuvendin-e-Komunes-se-Ulqinit_Nazif-CunguFatmir-GjekaSkender-ElezagaAmir-HolliKoalicioni-ne-Ulqin.1.jpg 720w, https:\/\/www.visit-ulcinj.com\/blog\/wp-content\/uploads\/2011\/08\/Shumica-e-re-ne-Kuvendin-e-Komunes-se-Ulqinit_Nazif-CunguFatmir-GjekaSkender-ElezagaAmir-HolliKoalicioni-ne-Ulqin.1-300x203.jpg 300w\" sizes=\"(max-width: 508px) 100vw, 508px\" \/><\/a>Na Konvenciji Op\u0161tinskog odbora Socijaldemokratske partije SDP Ulcinj koja je odr\u017eana sino\u0107 nije bilo seizja\u0161njavanja o podr\u0161ci kandidatima za predsjednika partije niti je o tome uop\u0161te raspravljano, tvrdi predsjednik kluba odbornika SDP Ulcinj i dlegat na Kongresu Skender Elezagi\u0107.<\/div>\n<div class=\"long-text\">\n<div class=\"body-text\">\n<p>Podsje\u0107amo da je sino\u0107 Op\u0161tinski odbor Socijaldemokratske partije OO SDP Ulcinj poslao zvani\u010dno saop\u0161tenje u kome je istaknuto da demokratski kapacitet partije mo\u017ee samo da oja\u010da \u010dinjenicom da imaju vi\u0161e kandidata za mjesto predsjednika SDP Crne Gore.<\/p>\n<p>\u201cNa osnovu neskrivenog raspolo\u017eenja svih u\u010desnika Konvencije, a pogotovo delegata za VIII Kongres, kandidat Ivan Brajovi\u0107 ima ogromnu podr\u0161ku ulcinjskih socijaldemokrata jer je osoba koji garantuje dobre odnose i politi\u010dku stabilnost partije\u201d, izjavio je sino\u0107 predsjednik OO SDP Ulcinj Selim Resulbegovi\u0107.<\/p>\n<p>Me\u0111utim, nakon toga Elezagi\u0107 je saop\u0161tio da se na konvenciji nije raspravljalo o kandidatima za predsjednika partije, koji \u0107e se birati na strana\u010dkom Kongresu 3. juna.<\/p>\n<p>\u201eTo je poku\u0161aj da se javnosti predstavi da je OO SDP Ulcinj \u00a0nepodjeljeno dao podr\u0161ku jednom od kandidata predstavlja \u010distu \u00a0manipulaciju\u201c, istakao je Elezagi\u0107 u izjavi dostavljenoj CdM-u.<\/p>\n<p>Prema njegovim rije\u010dima Konvencija, \u00a0koja je sazvana u potpunosti u skladu sa Statutom partije, \u00a0odr\u017eana je u demokratskoj atmosferi.<\/p>\n<p>\u201eSve odluke, koje su \u00a0Konvenciji predlo\u017eili Predsjedni\u0161tvo i Op\u0161tinski odbor a koje se odnose na delegate za Kongres, prijedloge za \u010dlanove Glavnog odbora i prijedlog za \u010dlana \u00a0Statutarne komisije, usvojene su jednoglasno od strane svih prisutnih\u00a0delegata\u201c, istakao je on.<\/p>\n<p>Podsje\u0107amo osim Brajovi\u0107a za funkciju predsjednika SDP-a kandidovao se sada\u0161nji lider stranke Ranko Krivokapi\u0107, a Dnevne novine su objavile da \u0107e se za perdsjednika SDP-a kandidovati i \u010dlan Glavnog odbora SDP-a iz Plava dr Merdin Marki\u0161i\u0107.<\/p>\n<p><strong>Izvor: CDM<\/strong><\/p>\n<\/div>\n<\/div>\n","protected":false},"excerpt":{"rendered":"<p>Na Konvenciji Op\u0161tinskog odbora Socijaldemokratske partije SDP Ulcinj koja je odr\u017eana sino\u0107 nije bilo seizja\u0161njavanja o podr\u0161ci kandidatima za predsjednika partije niti je o tome uop\u0161te raspravljano, tvrdi predsjednik kluba odbornika SDP Ulcinj i dlegat na Kongresu Skender Elezagi\u0107. Podsje\u0107amo da je sino\u0107 Op\u0161tinski odbor Socijaldemokratske partije OO SDP Ulcinj poslao zvani\u010dno saop\u0161tenje u kome [&hellip;]<\/p>\n","protected":false},"author":1,"featured_media":0,"comment_status":"closed","ping_status":"closed","sticky":false,"template":"","format":"standard","meta":{"spay_email":"","jetpack_publicize_message":"","jetpack_is_tweetstorm":false,"jetpack_publicize_feature_enabled":true},"categories":[6950],"tags":[],"jetpack_publicize_connections":[],"yoast_head":"<!-- This site is optimized with the Yoast SEO plugin v19.1 - https:\/\/yoast.com\/wordpress\/plugins\/seo\/ -->\n<title>Skender Elezagi\u0107: OO SDP-a Ulcinj nije se izja\u0161njavao o kandidatima za lidera stranke - Lajme nga Ulqini<\/title>\n<meta name=\"description\" content=\"Na Konvenciji Op\u0161tinskog odbora Socijaldemokratske partije SDP Ulcinj koja je odr\u017eana sino\u0107 nije bilo seizja\u0161njavanja o podr\u0161ci kandidatima za\" \/>\n<meta name=\"robots\" content=\"index, follow, max-snippet:-1, max-image-preview:large, max-video-preview:-1\" \/>\n<link rel=\"canonical\" href=\"https:\/\/www.visit-ulcinj.com\/blog\/2015\/04\/17\/skender-elezagic-oo-sdp-ulcinj-nije-se-izjasnjavao-o-kandidatima-za-lidera-stranke\/\" \/>\n<meta property=\"og:locale\" content=\"en_US\" \/>\n<meta property=\"og:type\" content=\"article\" \/>\n<meta property=\"og:title\" content=\"Skender Elezagi\u0107: OO SDP-a Ulcinj nije se izja\u0161njavao o kandidatima za lidera stranke - Lajme nga Ulqini\" \/>\n<meta property=\"og:description\" content=\"Na Konvenciji Op\u0161tinskog odbora Socijaldemokratske partije SDP Ulcinj koja je odr\u017eana sino\u0107 nije bilo seizja\u0161njavanja o podr\u0161ci kandidatima za\" \/>\n<meta property=\"og:url\" content=\"https:\/\/www.visit-ulcinj.com\/blog\/2015\/04\/17\/skender-elezagic-oo-sdp-ulcinj-nije-se-izjasnjavao-o-kandidatima-za-lidera-stranke\/\" \/>\n<meta property=\"og:site_name\" content=\"Lajme nga Ulqini\" \/>\n<meta property=\"article:published_time\" content=\"2015-04-17T09:31:30+00:00\" \/>\n<meta property=\"article:modified_time\" content=\"2015-04-19T09:34:35+00:00\" \/>\n<meta property=\"og:image\" content=\"http:\/\/www.visit-ulcinj.com\/blog\/wp-content\/uploads\/2011\/08\/Shumica-e-re-ne-Kuvendin-e-Komunes-se-Ulqinit_Nazif-CunguFatmir-GjekaSkender-ElezagaAmir-HolliKoalicioni-ne-Ulqin.1.jpg\" \/>\n<meta name=\"twitter:label1\" content=\"Written by\" \/>\n\t<meta name=\"twitter:data1\" content=\"ulqini\" \/>\n\t<meta name=\"twitter:label2\" content=\"Est. reading time\" \/>\n\t<meta name=\"twitter:data2\" content=\"1 minute\" \/>\n<script type=\"application\/ld+json\" class=\"yoast-schema-graph\">{\"@context\":\"https:\/\/schema.org\",\"@graph\":[{\"@type\":\"WebSite\",\"@id\":\"https:\/\/www.visit-ulcinj.com\/blog\/#website\",\"url\":\"https:\/\/www.visit-ulcinj.com\/blog\/\",\"name\":\"Lajme nga Ulqini\",\"description\":\"Lajme,Vijesti,Ulqini,Ulqin,Crna Gora,Mali i Zi\",\"potentialAction\":[{\"@type\":\"SearchAction\",\"target\":{\"@type\":\"EntryPoint\",\"urlTemplate\":\"https:\/\/www.visit-ulcinj.com\/blog\/?s={search_term_string}\"},\"query-input\":\"required name=search_term_string\"}],\"inLanguage\":\"en-US\"},{\"@type\":\"ImageObject\",\"inLanguage\":\"en-US\",\"@id\":\"https:\/\/www.visit-ulcinj.com\/blog\/2015\/04\/17\/skender-elezagic-oo-sdp-ulcinj-nije-se-izjasnjavao-o-kandidatima-za-lidera-stranke\/#primaryimage\",\"url\":\"https:\/\/www.visit-ulcinj.com\/blog\/wp-content\/uploads\/2011\/08\/Shumica-e-re-ne-Kuvendin-e-Komunes-se-Ulqinit_Nazif-CunguFatmir-GjekaSkender-ElezagaAmir-HolliKoalicioni-ne-Ulqin.1.jpg\",\"contentUrl\":\"https:\/\/www.visit-ulcinj.com\/blog\/wp-content\/uploads\/2011\/08\/Shumica-e-re-ne-Kuvendin-e-Komunes-se-Ulqinit_Nazif-CunguFatmir-GjekaSkender-ElezagaAmir-HolliKoalicioni-ne-Ulqin.1.jpg\",\"width\":\"720\",\"height\":\"489\"},{\"@type\":\"WebPage\",\"@id\":\"https:\/\/www.visit-ulcinj.com\/blog\/2015\/04\/17\/skender-elezagic-oo-sdp-ulcinj-nije-se-izjasnjavao-o-kandidatima-za-lidera-stranke\/#webpage\",\"url\":\"https:\/\/www.visit-ulcinj.com\/blog\/2015\/04\/17\/skender-elezagic-oo-sdp-ulcinj-nije-se-izjasnjavao-o-kandidatima-za-lidera-stranke\/\",\"name\":\"Skender Elezagi\u0107: OO SDP-a Ulcinj nije se izja\u0161njavao o kandidatima za lidera stranke - Lajme nga Ulqini\",\"isPartOf\":{\"@id\":\"https:\/\/www.visit-ulcinj.com\/blog\/#website\"},\"primaryImageOfPage\":{\"@id\":\"https:\/\/www.visit-ulcinj.com\/blog\/2015\/04\/17\/skender-elezagic-oo-sdp-ulcinj-nije-se-izjasnjavao-o-kandidatima-za-lidera-stranke\/#primaryimage\"},\"datePublished\":\"2015-04-17T09:31:30+00:00\",\"dateModified\":\"2015-04-19T09:34:35+00:00\",\"author\":{\"@id\":\"https:\/\/www.visit-ulcinj.com\/blog\/#\/schema\/person\/dcab619c614d3038751c63bc2aadc06d\"},\"description\":\"Na Konvenciji Op\u0161tinskog odbora Socijaldemokratske partije SDP Ulcinj koja je odr\u017eana sino\u0107 nije bilo seizja\u0161njavanja o podr\u0161ci kandidatima za\",\"breadcrumb\":{\"@id\":\"https:\/\/www.visit-ulcinj.com\/blog\/2015\/04\/17\/skender-elezagic-oo-sdp-ulcinj-nije-se-izjasnjavao-o-kandidatima-za-lidera-stranke\/#breadcrumb\"},\"inLanguage\":\"en-US\",\"potentialAction\":[{\"@type\":\"ReadAction\",\"target\":[\"https:\/\/www.visit-ulcinj.com\/blog\/2015\/04\/17\/skender-elezagic-oo-sdp-ulcinj-nije-se-izjasnjavao-o-kandidatima-za-lidera-stranke\/\"]}]},{\"@type\":\"BreadcrumbList\",\"@id\":\"https:\/\/www.visit-ulcinj.com\/blog\/2015\/04\/17\/skender-elezagic-oo-sdp-ulcinj-nije-se-izjasnjavao-o-kandidatima-za-lidera-stranke\/#breadcrumb\",\"itemListElement\":[{\"@type\":\"ListItem\",\"position\":1,\"name\":\"Skender Elezagi\u0107: OO SDP-a Ulcinj nije se izja\u0161njavao o kandidatima za lidera stranke\"}]},{\"@type\":\"Person\",\"@id\":\"https:\/\/www.visit-ulcinj.com\/blog\/#\/schema\/person\/dcab619c614d3038751c63bc2aadc06d\",\"name\":\"ulqini\",\"sameAs\":[\"http:\/\/www.visit-ulcinj.com\"],\"url\":\"https:\/\/www.visit-ulcinj.com\/blog\/author\/admin\/\"}]}<\/script>\n<!-- \/ Yoast SEO plugin. -->","yoast_head_json":{"title":"Skender Elezagi\u0107: OO SDP-a Ulcinj nije se izja\u0161njavao o kandidatima za lidera stranke - Lajme nga Ulqini","description":"Na Konvenciji Op\u0161tinskog odbora Socijaldemokratske partije SDP Ulcinj koja je odr\u017eana sino\u0107 nije bilo seizja\u0161njavanja o podr\u0161ci kandidatima za","robots":{"index":"index","follow":"follow","max-snippet":"max-snippet:-1","max-image-preview":"max-image-preview:large","max-video-preview":"max-video-preview:-1"},"canonical":"https:\/\/www.visit-ulcinj.com\/blog\/2015\/04\/17\/skender-elezagic-oo-sdp-ulcinj-nije-se-izjasnjavao-o-kandidatima-za-lidera-stranke\/","og_locale":"en_US","og_type":"article","og_title":"Skender Elezagi\u0107: OO SDP-a Ulcinj nije se izja\u0161njavao o kandidatima za lidera stranke - Lajme nga Ulqini","og_description":"Na Konvenciji Op\u0161tinskog odbora Socijaldemokratske partije SDP Ulcinj koja je odr\u017eana sino\u0107 nije bilo seizja\u0161njavanja o podr\u0161ci kandidatima za","og_url":"https:\/\/www.visit-ulcinj.com\/blog\/2015\/04\/17\/skender-elezagic-oo-sdp-ulcinj-nije-se-izjasnjavao-o-kandidatima-za-lidera-stranke\/","og_site_name":"Lajme nga Ulqini","article_published_time":"2015-04-17T09:31:30+00:00","article_modified_time":"2015-04-19T09:34:35+00:00","og_image":[{"url":"http:\/\/www.visit-ulcinj.com\/blog\/wp-content\/uploads\/2011\/08\/Shumica-e-re-ne-Kuvendin-e-Komunes-se-Ulqinit_Nazif-CunguFatmir-GjekaSkender-ElezagaAmir-HolliKoalicioni-ne-Ulqin.1.jpg"}],"twitter_misc":{"Written by":"ulqini","Est. reading time":"1 minute"},"schema":{"@context":"https:\/\/schema.org","@graph":[{"@type":"WebSite","@id":"https:\/\/www.visit-ulcinj.com\/blog\/#website","url":"https:\/\/www.visit-ulcinj.com\/blog\/","name":"Lajme nga Ulqini","description":"Lajme,Vijesti,Ulqini,Ulqin,Crna Gora,Mali i Zi","potentialAction":[{"@type":"SearchAction","target":{"@type":"EntryPoint","urlTemplate":"https:\/\/www.visit-ulcinj.com\/blog\/?s={search_term_string}"},"query-input":"required name=search_term_string"}],"inLanguage":"en-US"},{"@type":"ImageObject","inLanguage":"en-US","@id":"https:\/\/www.visit-ulcinj.com\/blog\/2015\/04\/17\/skender-elezagic-oo-sdp-ulcinj-nije-se-izjasnjavao-o-kandidatima-za-lidera-stranke\/#primaryimage","url":"https:\/\/www.visit-ulcinj.com\/blog\/wp-content\/uploads\/2011\/08\/Shumica-e-re-ne-Kuvendin-e-Komunes-se-Ulqinit_Nazif-CunguFatmir-GjekaSkender-ElezagaAmir-HolliKoalicioni-ne-Ulqin.1.jpg","contentUrl":"https:\/\/www.visit-ulcinj.com\/blog\/wp-content\/uploads\/2011\/08\/Shumica-e-re-ne-Kuvendin-e-Komunes-se-Ulqinit_Nazif-CunguFatmir-GjekaSkender-ElezagaAmir-HolliKoalicioni-ne-Ulqin.1.jpg","width":"720","height":"489"},{"@type":"WebPage","@id":"https:\/\/www.visit-ulcinj.com\/blog\/2015\/04\/17\/skender-elezagic-oo-sdp-ulcinj-nije-se-izjasnjavao-o-kandidatima-za-lidera-stranke\/#webpage","url":"https:\/\/www.visit-ulcinj.com\/blog\/2015\/04\/17\/skender-elezagic-oo-sdp-ulcinj-nije-se-izjasnjavao-o-kandidatima-za-lidera-stranke\/","name":"Skender Elezagi\u0107: OO SDP-a Ulcinj nije se izja\u0161njavao o kandidatima za lidera stranke - Lajme nga Ulqini","isPartOf":{"@id":"https:\/\/www.visit-ulcinj.com\/blog\/#website"},"primaryImageOfPage":{"@id":"https:\/\/www.visit-ulcinj.com\/blog\/2015\/04\/17\/skender-elezagic-oo-sdp-ulcinj-nije-se-izjasnjavao-o-kandidatima-za-lidera-stranke\/#primaryimage"},"datePublished":"2015-04-17T09:31:30+00:00","dateModified":"2015-04-19T09:34:35+00:00","author":{"@id":"https:\/\/www.visit-ulcinj.com\/blog\/#\/schema\/person\/dcab619c614d3038751c63bc2aadc06d"},"description":"Na Konvenciji Op\u0161tinskog odbora Socijaldemokratske partije SDP Ulcinj koja je odr\u017eana sino\u0107 nije bilo seizja\u0161njavanja o podr\u0161ci kandidatima za","breadcrumb":{"@id":"https:\/\/www.visit-ulcinj.com\/blog\/2015\/04\/17\/skender-elezagic-oo-sdp-ulcinj-nije-se-izjasnjavao-o-kandidatima-za-lidera-stranke\/#breadcrumb"},"inLanguage":"en-US","potentialAction":[{"@type":"ReadAction","target":["https:\/\/www.visit-ulcinj.com\/blog\/2015\/04\/17\/skender-elezagic-oo-sdp-ulcinj-nije-se-izjasnjavao-o-kandidatima-za-lidera-stranke\/"]}]},{"@type":"BreadcrumbList","@id":"https:\/\/www.visit-ulcinj.com\/blog\/2015\/04\/17\/skender-elezagic-oo-sdp-ulcinj-nije-se-izjasnjavao-o-kandidatima-za-lidera-stranke\/#breadcrumb","itemListElement":[{"@type":"ListItem","position":1,"name":"Skender Elezagi\u0107: OO SDP-a Ulcinj nije se izja\u0161njavao o kandidatima za lidera stranke"}]},{"@type":"Person","@id":"https:\/\/www.visit-ulcinj.com\/blog\/#\/schema\/person\/dcab619c614d3038751c63bc2aadc06d","name":"ulqini","sameAs":["http:\/\/www.visit-ulcinj.com"],"url":"https:\/\/www.visit-ulcinj.com\/blog\/author\/admin\/"}]}},"jetpack_featured_media_url":"","jetpack_sharing_enabled":true,"jetpack_shortlink":"https:\/\/wp.me\/pe6lTn-nqz","_links":{"self":[{"href":"https:\/\/www.visit-ulcinj.com\/blog\/wp-json\/wp\/v2\/posts\/90059"}],"collection":[{"href":"https:\/\/www.visit-ulcinj.com\/blog\/wp-json\/wp\/v2\/posts"}],"about":[{"href":"https:\/\/www.visit-ulcinj.com\/blog\/wp-json\/wp\/v2\/types\/post"}],"author":[{"embeddable":true,"href":"https:\/\/www.visit-ulcinj.com\/blog\/wp-json\/wp\/v2\/users\/1"}],"replies":[{"embeddable":true,"href":"https:\/\/www.visit-ulcinj.com\/blog\/wp-json\/wp\/v2\/comments?post=90059"}],"version-history":[{"count":1,"href":"https:\/\/www.visit-ulcinj.com\/blog\/wp-json\/wp\/v2\/posts\/90059\/revisions"}],"predecessor-version":[{"id":90060,"href":"https:\/\/www.visit-ulcinj.com\/blog\/wp-json\/wp\/v2\/posts\/90059\/revisions\/90060"}],"wp:attachment":[{"href":"https:\/\/www.visit-ulcinj.com\/blog\/wp-json\/wp\/v2\/media?parent=90059"}],"wp:term":[{"taxonomy":"category","embeddable":true,"href":"https:\/\/www.visit-ulcinj.com\/blog\/wp-json\/wp\/v2\/categories?post=90059"},{"taxonomy":"post_tag","embeddable":true,"href":"https:\/\/www.visit-ulcinj.com\/blog\/wp-json\/wp\/v2\/tags?post=90059"}],"curies":[{"name":"wp","href":"https:\/\/api.w.org\/{rel}","templated":true}]}}