{"id":90078,"date":"2015-04-20T19:28:28","date_gmt":"2015-04-20T18:28:28","guid":{"rendered":"http:\/\/www.visit-ulcinj.com\/blog\/?p=90078"},"modified":"2015-04-20T19:28:28","modified_gmt":"2015-04-20T18:28:28","slug":"zeneli-dhe-politika-e-standardeve-te-kunderta-ndaj-shqiptareve","status":"publish","type":"post","link":"https:\/\/www.visit-ulcinj.com\/blog\/2015\/04\/20\/zeneli-dhe-politika-e-standardeve-te-kunderta-ndaj-shqiptareve\/","title":{"rendered":"Zeneli: BE dhe politika e standardeve t\u00eb kund\u00ebrta ndaj shqiptar\u00ebve"},"content":{"rendered":"<p><a href=\"http:\/\/www.visit-ulcinj.com\/blog\/wp-content\/uploads\/2015\/01\/Xheladin-Zeneli.jpg\"><img loading=\"lazy\" class=\"alignleft wp-image-87753 size-full\" src=\"http:\/\/www.visit-ulcinj.com\/blog\/wp-content\/uploads\/2015\/01\/Xheladin-Zeneli.jpg\" alt=\"Xheladin Zeneli\" width=\"331\" height=\"238\" srcset=\"https:\/\/www.visit-ulcinj.com\/blog\/wp-content\/uploads\/2015\/01\/Xheladin-Zeneli.jpg 331w, https:\/\/www.visit-ulcinj.com\/blog\/wp-content\/uploads\/2015\/01\/Xheladin-Zeneli-300x215.jpg 300w\" sizes=\"(max-width: 331px) 100vw, 331px\" \/><\/a>Traktati i Bashkimit Europian, respektivisht dispozitat e p\u00ebrgjith\u00ebshme q\u00eb b\u00ebjn\u00eb fjal\u00eb p\u00ebr t\u00eb drejtat e njeriut dhe minoriteteve, neni 2, i saj thot\u00eb:<\/p>\n<p>&#8220;Unioni ( Europian) \u00ebsht\u00eb themeluar mbi vlerat e respektit p\u00ebr dinjitetin njer\u00ebzor, liris\u00eb, demokracis\u00eb, barazis\u00eb, sundimit t\u00eb ligjit dhe respektimin e t\u00eb drejtave t\u00eb njeriut, p\u00ebrfshir\u00eb edhe t\u00eb drejtat e personave q\u00eb u p\u00ebrkasin minoriteteve&#8230;&#8221;.<\/p>\n<p>Si zbatohen n\u00eb realitet vlerat demokratike,posa\u00e7\u00ebrisht ajo e barazis\u00eb n\u00eb mes kombeve dhe komb\u00ebsive t\u00eb tjera n\u00eb krahasim me pjes\u00ebt e popullit shqiptar q\u00eb jetojn\u00eb jasht\u00eb shteteve t\u00eb tyre am\u00eb ( Shqip\u00ebria dhe Kosova) por n\u00eb trojet e veta etnike brenda kufijv\u00eb administrativ t\u00eb Malit t\u00eb Zi, Maqedonis\u00eb dhe Serbis\u00eb, vlen q\u00eb t\u00eb flitet p\u00ebrmes gjuh\u00ebs s\u00eb fakteve.Dhe faktet d\u00ebshmojn\u00eb n\u00eb favor t\u00eb asaj se BE, p\u00ebrkat\u00ebsisht strukturat e saja vendim-marr\u00ebse q\u00eb jan\u00eb p\u00ebrgjegj\u00ebse p\u00ebr imlementimin e politik\u00ebs ndaj shteteve jo an\u00ebtare , udh\u00ebheqin nj\u00eb politik\u00eb t\u00eb standardeve t\u00eb kund\u00ebrta dhe t\u00eb precedenteve t\u00eb ndryshme ndaj shqiptar\u00ebve, n\u00eb krahasim me kombet dhe komb\u00ebsit e tjera n\u00eb rajon q\u00eb mund t\u00eb karakterizohet si politik\u00eb diskriminuese ndaj tyre ( pra,shqiptar\u00ebve).<\/p>\n<p>Sipas regjistrimeve zyrtare t\u00eb vitit 2011, p\u00ebrqindja e struktur\u00ebs komb\u00ebtare e popullsis\u00eb s\u00eb Kosov\u00ebs \u00ebsht\u00eb 93% shqiptar\u00eb dhe 7% pjes\u00ebtar\u00eb t\u00eb komb\u00ebsive t\u00eb tjera.Emblemi i flamurit zyrtar i shtetit t\u00eb Kosov\u00ebs, i imponuar nga Bashk\u00ebsia Europiane, ka gjasht\u00eb yje n\u00eb p\u00ebrb\u00ebrjen e vet,t\u00eb cil\u00ebt simbolizojn\u00eb dhe p\u00ebrfaq\u00ebsojn\u00eb nacionalitetet kryesore n\u00eb Kosov\u00eb (shqiptar\u00ebt,serb\u00ebt, turqit, boshnjak\u00ebt,rom\u00ebt dhe goran\u00ebt).Mali i Zi,sipas regjistrimeve t\u00eb vitit 2011 ka k\u00ebt\u00eb p\u00ebrb\u00ebrje nacionale: 45% me popullsi malazeze, kurse 55% e popullsis\u00eb \u00ebsht\u00eb me p\u00ebrkat\u00ebsi komb\u00ebtare jo malazeze ,ku p\u00ebrfshihen edhe shqiptar\u00ebt si popull autokton. Flamuri i shtetit t\u00eb Malit t\u00eb Zi simbolizon vet\u00ebm nj\u00eb popull,ate malazez dhe n\u00eb p\u00ebrb\u00ebrjen e tij nuk ka asnj\u00eb &#8221; yll&#8221; apo shenj\u00eb q\u00eb tregon se n\u00eb k\u00ebt\u00eb shtet jetojn\u00eb edhe popuj t\u00eb tjer\u00eb, me p\u00ebrqindje shum\u00eb ma t\u00eb madhe se n\u00eb Kosov\u00eb. Kurse flamuri i Maqedonis\u00eb nuk ka asnj\u00eb simbol n\u00eb p\u00ebrb\u00ebrjen e vet i cili do t\u00eb tregonte prezenc\u00ebn e elementit t\u00eb madh shqiptar n\u00eb k\u00ebt\u00eb republik\u00eb.<\/p>\n<p>Gjithashtu, Kosova me 93% shqiptar\u00eb quhet &#8220;shtet multietnik&#8221; Maqedonia me rreth 40% shqiptar\u00eb, quhet&#8221;shtet i maqedon\u00ebve&#8221;, kurse Mali i Zi ,me popullsi malazeze 45%, quhet &#8220;shtet i malazez\u00ebve&#8221; ( !?).Derisa Brukseli angazhohet p\u00ebr avancimin e statusit ( ve\u00e7se t\u00eb avancuar) t\u00eb serb\u00ebve n\u00eb Kosov\u00eb, n\u00eb t\u00eb nj\u00ebjt\u00ebn koh\u00eb hesht p\u00ebr t\u00eb drejtat e c\u00ebnuara t\u00eb shqiptar\u00ebve n\u00eb Preshev\u00eb, Bujanovc dhe Medvegj\u00eb. BE p\u00ebrkrah lidhjen ( asocionin) e komunave me popullsi serbe n\u00eb Kosov\u00eb, por deri m\u00eb sot, ende nuk \u00ebsht\u00eb prononcuar lidhur me t\u00eb drejt\u00ebn e formimit t\u00eb Komun\u00ebs s\u00eb Mal\u00ebsis\u00eb ( Tuzit) si komun\u00eb t\u00eb barabart\u00eb me komunat e tjera n\u00eb Mal t\u00eb Zi !<\/p>\n<p>&#8211; A jan\u00eb k\u00ebto shembuj i dy standardeve t\u00eb kund\u00ebrta t\u00eb BE q\u00eb implementon dhe praktikon n\u00eb nj\u00eb pjes\u00eb t\u00eb kontinentit t\u00eb vet , p\u00ebrkat\u00ebsisht n\u00eb raport me at pjes\u00eb t\u00eb popullit shqiptar q\u00eb jeton brenda kufij\u00ebve administrativ n\u00eb Mal t\u00eb Zi,n\u00eb Maqedoni dhe n\u00eb Serbi ?<\/p>\n<p>&#8211; N\u00ebse shqiptar\u00ebt trajtohen n\u00eb k\u00ebt\u00eb m\u00ebnyr\u00eb para se shtetet e tyre p\u00ebrkat\u00ebse administrative b\u00ebhen pjes\u00eb e Bashkimit Europian, at\u00ebher\u00eb kush garanton se ata ( pra,shqiptar\u00ebt) do t\u00eb trajtohen n\u00eb m\u00ebnyr\u00eb t\u00eb drejt\u00eb dhe t\u00eb barabart\u00eb, pasi q\u00eb t\u00eb b\u00ebhen pjes\u00eb e BE apo t\u00eb ashtuquajtur\u00ebs &#8221; familje europiane&#8221; ?<\/p>\n<p>Shqiptar\u00ebt si nj\u00eb nd\u00ebr popujt m\u00eb t\u00eb lasht\u00eb t\u00eb kontinentit europian, gjat\u00eb gjith\u00eb historis\u00eb s\u00eb vet, e kan\u00eb d\u00ebshmuar fuqish\u00ebm pro europianizmin e tyre, por \u00ebsht\u00eb \u00e7\u00ebshtje tjet\u00ebr se sa ,e nj\u00ebjta Europ\u00eb \u00ebsht\u00eb treguar e drejt\u00eb dhe e pa an\u00ebshme n\u00eb vler\u00ebsimin e k\u00ebrkesave t\u00eb arsyeshme dhe legjitime t\u00eb shqiptar\u00ebve !?<\/p>\n<p>Europa e shekullit t\u00eb 21 nuk mund sillet me bot\u00ebkuptimet e shekullit 19-t\u00eb. Akrepat e or\u00ebs s\u00eb saj duhet t\u00eb ecin p\u00ebrpara edhe p\u00ebr shqiptar\u00ebt, nj\u00eblloj si edhe p\u00ebr t\u00eb tjer\u00ebt . Shqiptar\u00ebt d\u00ebshirojn\u00eb t\u00eb jen\u00eb pjes\u00eb e nj\u00eb Europe bashk\u00ebkohore, pra e nj\u00eb Europe e cila i ka tejkaluar bot\u00ebkuptimet dhe paragjykimet e s\u00eb kaluar\u00ebs n\u00eb raport me shqiptar\u00ebt dhe q\u00eb \u00ebsht\u00eb e ndieshme dhe e gatshme t\u00eb gjykoj\u00eb drejt\u00eb ndaj nj\u00eb populli t\u00eb cilit iu jan\u00eb b\u00ebr\u00eb dhe q\u00eb fatkeq\u00ebsisht, gjith\u00ebnj\u00eb vazhdohet t&#8217;i b\u00ebhen padrejt\u00ebsi politike dhe komb\u00ebtare.<\/p>\n<p>&nbsp;<\/p>\n<p><strong>Xheladin Zeneli<\/strong><\/p>\n<p><strong>Prilll 2015<\/strong><\/p>\n","protected":false},"excerpt":{"rendered":"<p>Traktati i Bashkimit Europian, respektivisht dispozitat e p\u00ebrgjith\u00ebshme q\u00eb b\u00ebjn\u00eb fjal\u00eb p\u00ebr t\u00eb drejtat e njeriut dhe minoriteteve, neni 2, i saj thot\u00eb: &#8220;Unioni ( Europian) \u00ebsht\u00eb themeluar mbi vlerat e respektit p\u00ebr dinjitetin njer\u00ebzor, liris\u00eb, demokracis\u00eb, barazis\u00eb, sundimit t\u00eb ligjit dhe respektimin e t\u00eb drejtave t\u00eb njeriut, p\u00ebrfshir\u00eb edhe t\u00eb drejtat e personave q\u00eb [&hellip;]<\/p>\n","protected":false},"author":1,"featured_media":0,"comment_status":"closed","ping_status":"closed","sticky":false,"template":"","format":"standard","meta":{"spay_email":"","jetpack_publicize_message":"","jetpack_is_tweetstorm":false,"jetpack_publicize_feature_enabled":true},"categories":[14249],"tags":[],"jetpack_publicize_connections":[],"yoast_head":"<!-- This site is optimized with the Yoast SEO plugin v19.1 - https:\/\/yoast.com\/wordpress\/plugins\/seo\/ -->\n<title>Zeneli: BE dhe politika e standardeve t\u00eb kund\u00ebrta ndaj shqiptar\u00ebve - Lajme nga Ulqini<\/title>\n<meta name=\"description\" content=\"Traktati i Bashkimit Europian, respektivisht dispozitat e p\u00ebrgjith\u00ebshme q\u00eb b\u00ebjn\u00eb fjal\u00eb p\u00ebr t\u00eb drejtat e njeriut dhe minoriteteve, neni 2, i saj thot\u00eb:\" \/>\n<meta name=\"robots\" content=\"index, follow, max-snippet:-1, max-image-preview:large, max-video-preview:-1\" \/>\n<link rel=\"canonical\" href=\"https:\/\/www.visit-ulcinj.com\/blog\/2015\/04\/20\/zeneli-dhe-politika-e-standardeve-te-kunderta-ndaj-shqiptareve\/\" \/>\n<meta property=\"og:locale\" content=\"en_US\" \/>\n<meta property=\"og:type\" content=\"article\" \/>\n<meta property=\"og:title\" content=\"Zeneli: BE dhe politika e standardeve t\u00eb kund\u00ebrta ndaj shqiptar\u00ebve - Lajme nga Ulqini\" \/>\n<meta property=\"og:description\" content=\"Traktati i Bashkimit Europian, respektivisht dispozitat e p\u00ebrgjith\u00ebshme q\u00eb b\u00ebjn\u00eb fjal\u00eb p\u00ebr t\u00eb drejtat e njeriut dhe minoriteteve, neni 2, i saj thot\u00eb:\" \/>\n<meta property=\"og:url\" content=\"https:\/\/www.visit-ulcinj.com\/blog\/2015\/04\/20\/zeneli-dhe-politika-e-standardeve-te-kunderta-ndaj-shqiptareve\/\" \/>\n<meta property=\"og:site_name\" content=\"Lajme nga Ulqini\" \/>\n<meta property=\"article:published_time\" content=\"2015-04-20T18:28:28+00:00\" \/>\n<meta property=\"og:image\" content=\"http:\/\/www.visit-ulcinj.com\/blog\/wp-content\/uploads\/2015\/01\/Xheladin-Zeneli.jpg\" \/>\n<meta name=\"twitter:label1\" content=\"Written by\" \/>\n\t<meta name=\"twitter:data1\" content=\"ulqini\" \/>\n\t<meta name=\"twitter:label2\" content=\"Est. reading time\" \/>\n\t<meta name=\"twitter:data2\" content=\"4 minutes\" \/>\n<script type=\"application\/ld+json\" class=\"yoast-schema-graph\">{\"@context\":\"https:\/\/schema.org\",\"@graph\":[{\"@type\":\"WebSite\",\"@id\":\"https:\/\/www.visit-ulcinj.com\/blog\/#website\",\"url\":\"https:\/\/www.visit-ulcinj.com\/blog\/\",\"name\":\"Lajme nga Ulqini\",\"description\":\"Lajme,Vijesti,Ulqini,Ulqin,Crna Gora,Mali i Zi\",\"potentialAction\":[{\"@type\":\"SearchAction\",\"target\":{\"@type\":\"EntryPoint\",\"urlTemplate\":\"https:\/\/www.visit-ulcinj.com\/blog\/?s={search_term_string}\"},\"query-input\":\"required name=search_term_string\"}],\"inLanguage\":\"en-US\"},{\"@type\":\"ImageObject\",\"inLanguage\":\"en-US\",\"@id\":\"https:\/\/www.visit-ulcinj.com\/blog\/2015\/04\/20\/zeneli-dhe-politika-e-standardeve-te-kunderta-ndaj-shqiptareve\/#primaryimage\",\"url\":\"https:\/\/www.visit-ulcinj.com\/blog\/wp-content\/uploads\/2015\/01\/Xheladin-Zeneli.jpg\",\"contentUrl\":\"https:\/\/www.visit-ulcinj.com\/blog\/wp-content\/uploads\/2015\/01\/Xheladin-Zeneli.jpg\",\"width\":331,\"height\":238},{\"@type\":\"WebPage\",\"@id\":\"https:\/\/www.visit-ulcinj.com\/blog\/2015\/04\/20\/zeneli-dhe-politika-e-standardeve-te-kunderta-ndaj-shqiptareve\/#webpage\",\"url\":\"https:\/\/www.visit-ulcinj.com\/blog\/2015\/04\/20\/zeneli-dhe-politika-e-standardeve-te-kunderta-ndaj-shqiptareve\/\",\"name\":\"Zeneli: BE dhe politika e standardeve t\u00eb kund\u00ebrta ndaj shqiptar\u00ebve - Lajme nga Ulqini\",\"isPartOf\":{\"@id\":\"https:\/\/www.visit-ulcinj.com\/blog\/#website\"},\"primaryImageOfPage\":{\"@id\":\"https:\/\/www.visit-ulcinj.com\/blog\/2015\/04\/20\/zeneli-dhe-politika-e-standardeve-te-kunderta-ndaj-shqiptareve\/#primaryimage\"},\"datePublished\":\"2015-04-20T18:28:28+00:00\",\"dateModified\":\"2015-04-20T18:28:28+00:00\",\"author\":{\"@id\":\"https:\/\/www.visit-ulcinj.com\/blog\/#\/schema\/person\/dcab619c614d3038751c63bc2aadc06d\"},\"description\":\"Traktati i Bashkimit Europian, respektivisht dispozitat e p\u00ebrgjith\u00ebshme q\u00eb b\u00ebjn\u00eb fjal\u00eb p\u00ebr t\u00eb drejtat e njeriut dhe minoriteteve, neni 2, i saj thot\u00eb:\",\"breadcrumb\":{\"@id\":\"https:\/\/www.visit-ulcinj.com\/blog\/2015\/04\/20\/zeneli-dhe-politika-e-standardeve-te-kunderta-ndaj-shqiptareve\/#breadcrumb\"},\"inLanguage\":\"en-US\",\"potentialAction\":[{\"@type\":\"ReadAction\",\"target\":[\"https:\/\/www.visit-ulcinj.com\/blog\/2015\/04\/20\/zeneli-dhe-politika-e-standardeve-te-kunderta-ndaj-shqiptareve\/\"]}]},{\"@type\":\"BreadcrumbList\",\"@id\":\"https:\/\/www.visit-ulcinj.com\/blog\/2015\/04\/20\/zeneli-dhe-politika-e-standardeve-te-kunderta-ndaj-shqiptareve\/#breadcrumb\",\"itemListElement\":[{\"@type\":\"ListItem\",\"position\":1,\"name\":\"Zeneli: BE dhe politika e standardeve t\u00eb kund\u00ebrta ndaj shqiptar\u00ebve\"}]},{\"@type\":\"Person\",\"@id\":\"https:\/\/www.visit-ulcinj.com\/blog\/#\/schema\/person\/dcab619c614d3038751c63bc2aadc06d\",\"name\":\"ulqini\",\"sameAs\":[\"http:\/\/www.visit-ulcinj.com\"],\"url\":\"https:\/\/www.visit-ulcinj.com\/blog\/author\/admin\/\"}]}<\/script>\n<!-- \/ Yoast SEO plugin. -->","yoast_head_json":{"title":"Zeneli: BE dhe politika e standardeve t\u00eb kund\u00ebrta ndaj shqiptar\u00ebve - Lajme nga Ulqini","description":"Traktati i Bashkimit Europian, respektivisht dispozitat e p\u00ebrgjith\u00ebshme q\u00eb b\u00ebjn\u00eb fjal\u00eb p\u00ebr t\u00eb drejtat e njeriut dhe minoriteteve, neni 2, i saj thot\u00eb:","robots":{"index":"index","follow":"follow","max-snippet":"max-snippet:-1","max-image-preview":"max-image-preview:large","max-video-preview":"max-video-preview:-1"},"canonical":"https:\/\/www.visit-ulcinj.com\/blog\/2015\/04\/20\/zeneli-dhe-politika-e-standardeve-te-kunderta-ndaj-shqiptareve\/","og_locale":"en_US","og_type":"article","og_title":"Zeneli: BE dhe politika e standardeve t\u00eb kund\u00ebrta ndaj shqiptar\u00ebve - Lajme nga Ulqini","og_description":"Traktati i Bashkimit Europian, respektivisht dispozitat e p\u00ebrgjith\u00ebshme q\u00eb b\u00ebjn\u00eb fjal\u00eb p\u00ebr t\u00eb drejtat e njeriut dhe minoriteteve, neni 2, i saj thot\u00eb:","og_url":"https:\/\/www.visit-ulcinj.com\/blog\/2015\/04\/20\/zeneli-dhe-politika-e-standardeve-te-kunderta-ndaj-shqiptareve\/","og_site_name":"Lajme nga Ulqini","article_published_time":"2015-04-20T18:28:28+00:00","og_image":[{"url":"http:\/\/www.visit-ulcinj.com\/blog\/wp-content\/uploads\/2015\/01\/Xheladin-Zeneli.jpg"}],"twitter_misc":{"Written by":"ulqini","Est. reading time":"4 minutes"},"schema":{"@context":"https:\/\/schema.org","@graph":[{"@type":"WebSite","@id":"https:\/\/www.visit-ulcinj.com\/blog\/#website","url":"https:\/\/www.visit-ulcinj.com\/blog\/","name":"Lajme nga Ulqini","description":"Lajme,Vijesti,Ulqini,Ulqin,Crna Gora,Mali i Zi","potentialAction":[{"@type":"SearchAction","target":{"@type":"EntryPoint","urlTemplate":"https:\/\/www.visit-ulcinj.com\/blog\/?s={search_term_string}"},"query-input":"required name=search_term_string"}],"inLanguage":"en-US"},{"@type":"ImageObject","inLanguage":"en-US","@id":"https:\/\/www.visit-ulcinj.com\/blog\/2015\/04\/20\/zeneli-dhe-politika-e-standardeve-te-kunderta-ndaj-shqiptareve\/#primaryimage","url":"https:\/\/www.visit-ulcinj.com\/blog\/wp-content\/uploads\/2015\/01\/Xheladin-Zeneli.jpg","contentUrl":"https:\/\/www.visit-ulcinj.com\/blog\/wp-content\/uploads\/2015\/01\/Xheladin-Zeneli.jpg","width":331,"height":238},{"@type":"WebPage","@id":"https:\/\/www.visit-ulcinj.com\/blog\/2015\/04\/20\/zeneli-dhe-politika-e-standardeve-te-kunderta-ndaj-shqiptareve\/#webpage","url":"https:\/\/www.visit-ulcinj.com\/blog\/2015\/04\/20\/zeneli-dhe-politika-e-standardeve-te-kunderta-ndaj-shqiptareve\/","name":"Zeneli: BE dhe politika e standardeve t\u00eb kund\u00ebrta ndaj shqiptar\u00ebve - Lajme nga Ulqini","isPartOf":{"@id":"https:\/\/www.visit-ulcinj.com\/blog\/#website"},"primaryImageOfPage":{"@id":"https:\/\/www.visit-ulcinj.com\/blog\/2015\/04\/20\/zeneli-dhe-politika-e-standardeve-te-kunderta-ndaj-shqiptareve\/#primaryimage"},"datePublished":"2015-04-20T18:28:28+00:00","dateModified":"2015-04-20T18:28:28+00:00","author":{"@id":"https:\/\/www.visit-ulcinj.com\/blog\/#\/schema\/person\/dcab619c614d3038751c63bc2aadc06d"},"description":"Traktati i Bashkimit Europian, respektivisht dispozitat e p\u00ebrgjith\u00ebshme q\u00eb b\u00ebjn\u00eb fjal\u00eb p\u00ebr t\u00eb drejtat e njeriut dhe minoriteteve, neni 2, i saj thot\u00eb:","breadcrumb":{"@id":"https:\/\/www.visit-ulcinj.com\/blog\/2015\/04\/20\/zeneli-dhe-politika-e-standardeve-te-kunderta-ndaj-shqiptareve\/#breadcrumb"},"inLanguage":"en-US","potentialAction":[{"@type":"ReadAction","target":["https:\/\/www.visit-ulcinj.com\/blog\/2015\/04\/20\/zeneli-dhe-politika-e-standardeve-te-kunderta-ndaj-shqiptareve\/"]}]},{"@type":"BreadcrumbList","@id":"https:\/\/www.visit-ulcinj.com\/blog\/2015\/04\/20\/zeneli-dhe-politika-e-standardeve-te-kunderta-ndaj-shqiptareve\/#breadcrumb","itemListElement":[{"@type":"ListItem","position":1,"name":"Zeneli: BE dhe politika e standardeve t\u00eb kund\u00ebrta ndaj shqiptar\u00ebve"}]},{"@type":"Person","@id":"https:\/\/www.visit-ulcinj.com\/blog\/#\/schema\/person\/dcab619c614d3038751c63bc2aadc06d","name":"ulqini","sameAs":["http:\/\/www.visit-ulcinj.com"],"url":"https:\/\/www.visit-ulcinj.com\/blog\/author\/admin\/"}]}},"jetpack_featured_media_url":"","jetpack_sharing_enabled":true,"jetpack_shortlink":"https:\/\/wp.me\/pe6lTn-nqS","_links":{"self":[{"href":"https:\/\/www.visit-ulcinj.com\/blog\/wp-json\/wp\/v2\/posts\/90078"}],"collection":[{"href":"https:\/\/www.visit-ulcinj.com\/blog\/wp-json\/wp\/v2\/posts"}],"about":[{"href":"https:\/\/www.visit-ulcinj.com\/blog\/wp-json\/wp\/v2\/types\/post"}],"author":[{"embeddable":true,"href":"https:\/\/www.visit-ulcinj.com\/blog\/wp-json\/wp\/v2\/users\/1"}],"replies":[{"embeddable":true,"href":"https:\/\/www.visit-ulcinj.com\/blog\/wp-json\/wp\/v2\/comments?post=90078"}],"version-history":[{"count":1,"href":"https:\/\/www.visit-ulcinj.com\/blog\/wp-json\/wp\/v2\/posts\/90078\/revisions"}],"predecessor-version":[{"id":90079,"href":"https:\/\/www.visit-ulcinj.com\/blog\/wp-json\/wp\/v2\/posts\/90078\/revisions\/90079"}],"wp:attachment":[{"href":"https:\/\/www.visit-ulcinj.com\/blog\/wp-json\/wp\/v2\/media?parent=90078"}],"wp:term":[{"taxonomy":"category","embeddable":true,"href":"https:\/\/www.visit-ulcinj.com\/blog\/wp-json\/wp\/v2\/categories?post=90078"},{"taxonomy":"post_tag","embeddable":true,"href":"https:\/\/www.visit-ulcinj.com\/blog\/wp-json\/wp\/v2\/tags?post=90078"}],"curies":[{"name":"wp","href":"https:\/\/api.w.org\/{rel}","templated":true}]}}