{"id":90080,"date":"2015-04-20T19:43:02","date_gmt":"2015-04-20T18:43:02","guid":{"rendered":"http:\/\/www.visit-ulcinj.com\/blog\/?p=90080"},"modified":"2015-04-20T19:43:02","modified_gmt":"2015-04-20T18:43:02","slug":"forca-se-shpejti-marreveshja-e-plotesuar-e-koalicionit-pds-ne","status":"publish","type":"post","link":"https:\/\/www.visit-ulcinj.com\/blog\/2015\/04\/20\/forca-se-shpejti-marreveshja-e-plotesuar-e-koalicionit-pds-ne\/","title":{"rendered":"Forca: S\u00eb shpejti marr\u00ebveshja e plot\u00ebsuar e koalicionit me PDS-n\u00eb"},"content":{"rendered":"<p><a href=\"http:\/\/www.visit-ulcinj.com\/blog\/wp-content\/uploads\/2013\/05\/Deputeti-Genci-Nimanbegu.jpg\"><img loading=\"lazy\" class=\"alignleft wp-image-71898\" src=\"http:\/\/www.visit-ulcinj.com\/blog\/wp-content\/uploads\/2013\/05\/Deputeti-Genci-Nimanbegu.jpg\" alt=\"Deputeti Genci Nimanbegu\" width=\"508\" height=\"338\" srcset=\"https:\/\/www.visit-ulcinj.com\/blog\/wp-content\/uploads\/2013\/05\/Deputeti-Genci-Nimanbegu.jpg 500w, https:\/\/www.visit-ulcinj.com\/blog\/wp-content\/uploads\/2013\/05\/Deputeti-Genci-Nimanbegu-300x199.jpg 300w\" sizes=\"(max-width: 508px) 100vw, 508px\" \/><\/a>Forca koh\u00ebn e fundit ka forcuar koordinimin dhe bisedat me PDS rreth marr\u00ebveshjes s\u00eb koalicionit dhe mund t\u00eb pritet q\u00eb ajo s\u00eb shpejti t\u00eb plot\u00ebsohet, tha p\u00ebr \u00a0gazet\u00ebn \u201cPobjeda\u201d, deputeti i k\u00ebsaj parti Genci Nimanbegu.<\/p>\n<p>\u201cMarr\u00ebveshja \u00ebsht\u00eb realizuar pjes\u00ebrisht, sidomos p\u00ebr shkak t\u00eb loj\u00ebrave joparimore gjat\u00eb vitit 2013 rreth kryerjes s\u00eb pushtetit n\u00eb Ulqin, ku disa politikan lokal k\u00ebt\u00eb vit maksimalisht e shfryt\u00ebzuan q\u00eb, duke minuar pushtetin lokal t\u00eb Forc\u00ebs, t\u00eb forcojn\u00eb pozitat e veta. Mendoj se kjo ishte n\u00eb d\u00ebm t\u00eb qytetar\u00ebve t\u00eb Ulqinit dhe rezultati i k\u00ebtyre trazirave prej vitit 2012 arrit\u00ebn kulmin me zgjedhjet e parakohshme n\u00eb Ulqin. N\u00eb periudh\u00ebn e fundit kemi forcuar koordinimin dhe bisedat dhe pres q\u00eb do t\u00eb plot\u00ebsohet marr\u00ebveshja nga viti 2012 dhe 2013\u201d, tha Nimanbegu. \u201cJan\u00eb shtuar konsultimet p\u00ebr ligje t\u00eb r\u00ebnd\u00ebsishme p\u00ebr ne \u2013 t\u00eb drejtat e pakicave, por edhe p\u00ebr t\u00eb Mirat detare, si dhe, sigurisht, p\u00ebr disa tema tjera. Kjo mund t\u00eb rezultoj\u00eb me nj\u00eb marr\u00ebveshje solide, por vet\u00ebm me kusht n\u00ebse caktohen afatet dhe t\u00eb ndahet p\u00ebrgjegj\u00ebsia p\u00ebr realizimin e saj\u201d, shtoi Nimanbegu, e transmeton Portali Analitika.<\/p>\n<p>RTCG<\/p>\n","protected":false},"excerpt":{"rendered":"<p>Forca koh\u00ebn e fundit ka forcuar koordinimin dhe bisedat me PDS rreth marr\u00ebveshjes s\u00eb koalicionit dhe mund t\u00eb pritet q\u00eb ajo s\u00eb shpejti t\u00eb plot\u00ebsohet, tha p\u00ebr \u00a0gazet\u00ebn \u201cPobjeda\u201d, deputeti i k\u00ebsaj parti Genci Nimanbegu. \u201cMarr\u00ebveshja \u00ebsht\u00eb realizuar pjes\u00ebrisht, sidomos p\u00ebr shkak t\u00eb loj\u00ebrave joparimore gjat\u00eb vitit 2013 rreth kryerjes s\u00eb pushtetit n\u00eb Ulqin, ku [&hellip;]<\/p>\n","protected":false},"author":1,"featured_media":0,"comment_status":"closed","ping_status":"closed","sticky":false,"template":"","format":"standard","meta":{"spay_email":"","jetpack_publicize_message":"","jetpack_is_tweetstorm":false,"jetpack_publicize_feature_enabled":true},"categories":[6],"tags":[],"jetpack_publicize_connections":[],"yoast_head":"<!-- This site is optimized with the Yoast SEO plugin v19.1 - https:\/\/yoast.com\/wordpress\/plugins\/seo\/ -->\n<title>Forca: S\u00eb shpejti marr\u00ebveshja e plot\u00ebsuar e koalicionit me PDS-n\u00eb - Lajme nga Ulqini<\/title>\n<meta name=\"description\" content=\"Forca koh\u00ebn e fundit ka forcuar koordinimin dhe bisedat me PDS rreth marr\u00ebveshjes s\u00eb koalicionit dhe mund t\u00eb pritet q\u00eb ajo s\u00eb shpejti t\u00eb plot\u00ebsohet, tha\" \/>\n<meta name=\"robots\" content=\"index, follow, max-snippet:-1, max-image-preview:large, max-video-preview:-1\" \/>\n<link rel=\"canonical\" href=\"https:\/\/www.visit-ulcinj.com\/blog\/2015\/04\/20\/forca-se-shpejti-marreveshja-e-plotesuar-e-koalicionit-pds-ne\/\" \/>\n<meta property=\"og:locale\" content=\"en_US\" \/>\n<meta property=\"og:type\" content=\"article\" \/>\n<meta property=\"og:title\" content=\"Forca: S\u00eb shpejti marr\u00ebveshja e plot\u00ebsuar e koalicionit me PDS-n\u00eb - Lajme nga Ulqini\" \/>\n<meta property=\"og:description\" content=\"Forca koh\u00ebn e fundit ka forcuar koordinimin dhe bisedat me PDS rreth marr\u00ebveshjes s\u00eb koalicionit dhe mund t\u00eb pritet q\u00eb ajo s\u00eb shpejti t\u00eb plot\u00ebsohet, tha\" \/>\n<meta property=\"og:url\" content=\"https:\/\/www.visit-ulcinj.com\/blog\/2015\/04\/20\/forca-se-shpejti-marreveshja-e-plotesuar-e-koalicionit-pds-ne\/\" \/>\n<meta property=\"og:site_name\" content=\"Lajme nga Ulqini\" \/>\n<meta property=\"article:published_time\" content=\"2015-04-20T18:43:02+00:00\" \/>\n<meta property=\"og:image\" content=\"http:\/\/www.visit-ulcinj.com\/blog\/wp-content\/uploads\/2013\/05\/Deputeti-Genci-Nimanbegu.jpg\" \/>\n<meta name=\"twitter:label1\" content=\"Written by\" \/>\n\t<meta name=\"twitter:data1\" content=\"ulqini\" \/>\n\t<meta name=\"twitter:label2\" content=\"Est. reading time\" \/>\n\t<meta name=\"twitter:data2\" content=\"1 minute\" \/>\n<script type=\"application\/ld+json\" class=\"yoast-schema-graph\">{\"@context\":\"https:\/\/schema.org\",\"@graph\":[{\"@type\":\"WebSite\",\"@id\":\"https:\/\/www.visit-ulcinj.com\/blog\/#website\",\"url\":\"https:\/\/www.visit-ulcinj.com\/blog\/\",\"name\":\"Lajme nga Ulqini\",\"description\":\"Lajme,Vijesti,Ulqini,Ulqin,Crna Gora,Mali i Zi\",\"potentialAction\":[{\"@type\":\"SearchAction\",\"target\":{\"@type\":\"EntryPoint\",\"urlTemplate\":\"https:\/\/www.visit-ulcinj.com\/blog\/?s={search_term_string}\"},\"query-input\":\"required name=search_term_string\"}],\"inLanguage\":\"en-US\"},{\"@type\":\"ImageObject\",\"inLanguage\":\"en-US\",\"@id\":\"https:\/\/www.visit-ulcinj.com\/blog\/2015\/04\/20\/forca-se-shpejti-marreveshja-e-plotesuar-e-koalicionit-pds-ne\/#primaryimage\",\"url\":\"https:\/\/www.visit-ulcinj.com\/blog\/wp-content\/uploads\/2013\/05\/Deputeti-Genci-Nimanbegu.jpg\",\"contentUrl\":\"https:\/\/www.visit-ulcinj.com\/blog\/wp-content\/uploads\/2013\/05\/Deputeti-Genci-Nimanbegu.jpg\",\"width\":500,\"height\":333},{\"@type\":\"WebPage\",\"@id\":\"https:\/\/www.visit-ulcinj.com\/blog\/2015\/04\/20\/forca-se-shpejti-marreveshja-e-plotesuar-e-koalicionit-pds-ne\/#webpage\",\"url\":\"https:\/\/www.visit-ulcinj.com\/blog\/2015\/04\/20\/forca-se-shpejti-marreveshja-e-plotesuar-e-koalicionit-pds-ne\/\",\"name\":\"Forca: S\u00eb shpejti marr\u00ebveshja e plot\u00ebsuar e koalicionit me PDS-n\u00eb - Lajme nga Ulqini\",\"isPartOf\":{\"@id\":\"https:\/\/www.visit-ulcinj.com\/blog\/#website\"},\"primaryImageOfPage\":{\"@id\":\"https:\/\/www.visit-ulcinj.com\/blog\/2015\/04\/20\/forca-se-shpejti-marreveshja-e-plotesuar-e-koalicionit-pds-ne\/#primaryimage\"},\"datePublished\":\"2015-04-20T18:43:02+00:00\",\"dateModified\":\"2015-04-20T18:43:02+00:00\",\"author\":{\"@id\":\"https:\/\/www.visit-ulcinj.com\/blog\/#\/schema\/person\/dcab619c614d3038751c63bc2aadc06d\"},\"description\":\"Forca koh\u00ebn e fundit ka forcuar koordinimin dhe bisedat me PDS rreth marr\u00ebveshjes s\u00eb koalicionit dhe mund t\u00eb pritet q\u00eb ajo s\u00eb shpejti t\u00eb plot\u00ebsohet, tha\",\"breadcrumb\":{\"@id\":\"https:\/\/www.visit-ulcinj.com\/blog\/2015\/04\/20\/forca-se-shpejti-marreveshja-e-plotesuar-e-koalicionit-pds-ne\/#breadcrumb\"},\"inLanguage\":\"en-US\",\"potentialAction\":[{\"@type\":\"ReadAction\",\"target\":[\"https:\/\/www.visit-ulcinj.com\/blog\/2015\/04\/20\/forca-se-shpejti-marreveshja-e-plotesuar-e-koalicionit-pds-ne\/\"]}]},{\"@type\":\"BreadcrumbList\",\"@id\":\"https:\/\/www.visit-ulcinj.com\/blog\/2015\/04\/20\/forca-se-shpejti-marreveshja-e-plotesuar-e-koalicionit-pds-ne\/#breadcrumb\",\"itemListElement\":[{\"@type\":\"ListItem\",\"position\":1,\"name\":\"Forca: S\u00eb shpejti marr\u00ebveshja e plot\u00ebsuar e koalicionit me PDS-n\u00eb\"}]},{\"@type\":\"Person\",\"@id\":\"https:\/\/www.visit-ulcinj.com\/blog\/#\/schema\/person\/dcab619c614d3038751c63bc2aadc06d\",\"name\":\"ulqini\",\"sameAs\":[\"http:\/\/www.visit-ulcinj.com\"],\"url\":\"https:\/\/www.visit-ulcinj.com\/blog\/author\/admin\/\"}]}<\/script>\n<!-- \/ Yoast SEO plugin. -->","yoast_head_json":{"title":"Forca: S\u00eb shpejti marr\u00ebveshja e plot\u00ebsuar e koalicionit me PDS-n\u00eb - Lajme nga Ulqini","description":"Forca koh\u00ebn e fundit ka forcuar koordinimin dhe bisedat me PDS rreth marr\u00ebveshjes s\u00eb koalicionit dhe mund t\u00eb pritet q\u00eb ajo s\u00eb shpejti t\u00eb plot\u00ebsohet, tha","robots":{"index":"index","follow":"follow","max-snippet":"max-snippet:-1","max-image-preview":"max-image-preview:large","max-video-preview":"max-video-preview:-1"},"canonical":"https:\/\/www.visit-ulcinj.com\/blog\/2015\/04\/20\/forca-se-shpejti-marreveshja-e-plotesuar-e-koalicionit-pds-ne\/","og_locale":"en_US","og_type":"article","og_title":"Forca: S\u00eb shpejti marr\u00ebveshja e plot\u00ebsuar e koalicionit me PDS-n\u00eb - Lajme nga Ulqini","og_description":"Forca koh\u00ebn e fundit ka forcuar koordinimin dhe bisedat me PDS rreth marr\u00ebveshjes s\u00eb koalicionit dhe mund t\u00eb pritet q\u00eb ajo s\u00eb shpejti t\u00eb plot\u00ebsohet, tha","og_url":"https:\/\/www.visit-ulcinj.com\/blog\/2015\/04\/20\/forca-se-shpejti-marreveshja-e-plotesuar-e-koalicionit-pds-ne\/","og_site_name":"Lajme nga Ulqini","article_published_time":"2015-04-20T18:43:02+00:00","og_image":[{"url":"http:\/\/www.visit-ulcinj.com\/blog\/wp-content\/uploads\/2013\/05\/Deputeti-Genci-Nimanbegu.jpg"}],"twitter_misc":{"Written by":"ulqini","Est. reading time":"1 minute"},"schema":{"@context":"https:\/\/schema.org","@graph":[{"@type":"WebSite","@id":"https:\/\/www.visit-ulcinj.com\/blog\/#website","url":"https:\/\/www.visit-ulcinj.com\/blog\/","name":"Lajme nga Ulqini","description":"Lajme,Vijesti,Ulqini,Ulqin,Crna Gora,Mali i Zi","potentialAction":[{"@type":"SearchAction","target":{"@type":"EntryPoint","urlTemplate":"https:\/\/www.visit-ulcinj.com\/blog\/?s={search_term_string}"},"query-input":"required name=search_term_string"}],"inLanguage":"en-US"},{"@type":"ImageObject","inLanguage":"en-US","@id":"https:\/\/www.visit-ulcinj.com\/blog\/2015\/04\/20\/forca-se-shpejti-marreveshja-e-plotesuar-e-koalicionit-pds-ne\/#primaryimage","url":"https:\/\/www.visit-ulcinj.com\/blog\/wp-content\/uploads\/2013\/05\/Deputeti-Genci-Nimanbegu.jpg","contentUrl":"https:\/\/www.visit-ulcinj.com\/blog\/wp-content\/uploads\/2013\/05\/Deputeti-Genci-Nimanbegu.jpg","width":500,"height":333},{"@type":"WebPage","@id":"https:\/\/www.visit-ulcinj.com\/blog\/2015\/04\/20\/forca-se-shpejti-marreveshja-e-plotesuar-e-koalicionit-pds-ne\/#webpage","url":"https:\/\/www.visit-ulcinj.com\/blog\/2015\/04\/20\/forca-se-shpejti-marreveshja-e-plotesuar-e-koalicionit-pds-ne\/","name":"Forca: S\u00eb shpejti marr\u00ebveshja e plot\u00ebsuar e koalicionit me PDS-n\u00eb - Lajme nga Ulqini","isPartOf":{"@id":"https:\/\/www.visit-ulcinj.com\/blog\/#website"},"primaryImageOfPage":{"@id":"https:\/\/www.visit-ulcinj.com\/blog\/2015\/04\/20\/forca-se-shpejti-marreveshja-e-plotesuar-e-koalicionit-pds-ne\/#primaryimage"},"datePublished":"2015-04-20T18:43:02+00:00","dateModified":"2015-04-20T18:43:02+00:00","author":{"@id":"https:\/\/www.visit-ulcinj.com\/blog\/#\/schema\/person\/dcab619c614d3038751c63bc2aadc06d"},"description":"Forca koh\u00ebn e fundit ka forcuar koordinimin dhe bisedat me PDS rreth marr\u00ebveshjes s\u00eb koalicionit dhe mund t\u00eb pritet q\u00eb ajo s\u00eb shpejti t\u00eb plot\u00ebsohet, tha","breadcrumb":{"@id":"https:\/\/www.visit-ulcinj.com\/blog\/2015\/04\/20\/forca-se-shpejti-marreveshja-e-plotesuar-e-koalicionit-pds-ne\/#breadcrumb"},"inLanguage":"en-US","potentialAction":[{"@type":"ReadAction","target":["https:\/\/www.visit-ulcinj.com\/blog\/2015\/04\/20\/forca-se-shpejti-marreveshja-e-plotesuar-e-koalicionit-pds-ne\/"]}]},{"@type":"BreadcrumbList","@id":"https:\/\/www.visit-ulcinj.com\/blog\/2015\/04\/20\/forca-se-shpejti-marreveshja-e-plotesuar-e-koalicionit-pds-ne\/#breadcrumb","itemListElement":[{"@type":"ListItem","position":1,"name":"Forca: S\u00eb shpejti marr\u00ebveshja e plot\u00ebsuar e koalicionit me PDS-n\u00eb"}]},{"@type":"Person","@id":"https:\/\/www.visit-ulcinj.com\/blog\/#\/schema\/person\/dcab619c614d3038751c63bc2aadc06d","name":"ulqini","sameAs":["http:\/\/www.visit-ulcinj.com"],"url":"https:\/\/www.visit-ulcinj.com\/blog\/author\/admin\/"}]}},"jetpack_featured_media_url":"","jetpack_sharing_enabled":true,"jetpack_shortlink":"https:\/\/wp.me\/pe6lTn-nqU","_links":{"self":[{"href":"https:\/\/www.visit-ulcinj.com\/blog\/wp-json\/wp\/v2\/posts\/90080"}],"collection":[{"href":"https:\/\/www.visit-ulcinj.com\/blog\/wp-json\/wp\/v2\/posts"}],"about":[{"href":"https:\/\/www.visit-ulcinj.com\/blog\/wp-json\/wp\/v2\/types\/post"}],"author":[{"embeddable":true,"href":"https:\/\/www.visit-ulcinj.com\/blog\/wp-json\/wp\/v2\/users\/1"}],"replies":[{"embeddable":true,"href":"https:\/\/www.visit-ulcinj.com\/blog\/wp-json\/wp\/v2\/comments?post=90080"}],"version-history":[{"count":1,"href":"https:\/\/www.visit-ulcinj.com\/blog\/wp-json\/wp\/v2\/posts\/90080\/revisions"}],"predecessor-version":[{"id":90081,"href":"https:\/\/www.visit-ulcinj.com\/blog\/wp-json\/wp\/v2\/posts\/90080\/revisions\/90081"}],"wp:attachment":[{"href":"https:\/\/www.visit-ulcinj.com\/blog\/wp-json\/wp\/v2\/media?parent=90080"}],"wp:term":[{"taxonomy":"category","embeddable":true,"href":"https:\/\/www.visit-ulcinj.com\/blog\/wp-json\/wp\/v2\/categories?post=90080"},{"taxonomy":"post_tag","embeddable":true,"href":"https:\/\/www.visit-ulcinj.com\/blog\/wp-json\/wp\/v2\/tags?post=90080"}],"curies":[{"name":"wp","href":"https:\/\/api.w.org\/{rel}","templated":true}]}}