{"id":90085,"date":"2015-04-21T21:41:45","date_gmt":"2015-04-21T20:41:45","guid":{"rendered":"http:\/\/www.visit-ulcinj.com\/blog\/?p=90085"},"modified":"2015-04-22T21:35:45","modified_gmt":"2015-04-22T20:35:45","slug":"jetlir-kovaci-shoqerues-dhe-ciceron-ne-stambooll","status":"publish","type":"post","link":"https:\/\/www.visit-ulcinj.com\/blog\/2015\/04\/21\/jetlir-kovaci-shoqerues-dhe-ciceron-ne-stambooll\/","title":{"rendered":"Jetlir Kova\u00e7i shoq\u00ebrues dhe ciceron n\u00eb Stamboll"},"content":{"rendered":"<p><a href=\"http:\/\/www.visit-ulcinj.com\/blog\/wp-content\/uploads\/2015\/04\/Jetlir-Kovaci-Stamboll.jpg\"><img loading=\"lazy\" class=\"alignleft wp-image-90088 size-medium\" src=\"http:\/\/www.visit-ulcinj.com\/blog\/wp-content\/uploads\/2015\/04\/Jetlir-Kovaci-Stamboll-200x300.jpg\" alt=\"Jetlir-Kovaci-Stamboll\" width=\"200\" height=\"300\" srcset=\"https:\/\/www.visit-ulcinj.com\/blog\/wp-content\/uploads\/2015\/04\/Jetlir-Kovaci-Stamboll-200x300.jpg 200w, https:\/\/www.visit-ulcinj.com\/blog\/wp-content\/uploads\/2015\/04\/Jetlir-Kovaci-Stamboll.jpg 600w\" sizes=\"(max-width: 200px) 100vw, 200px\" \/><\/a>\u2019\u2019Lajme nga Ulqini\u2019\u2019 ishte p\u00ebr vizit\u00eb disa ditore n\u00eb Turqi, pik\u00ebrisht n\u00eb Stamboll, ku patem nj\u00eb eksperienc\u00eb shum\u00eb t\u00eb bukur dhe t\u00eb paharruar. Fillimisht kontaktuam me studentin ton\u00eb nga Ulqini, Jetlir Kova\u00e7i i cili studion n\u00eb Fakultetin e Arkitektures n\u00eb Universitetin Teknik t\u00eb Stambollit. Jetliri p\u00ebrve\u00e7 studimeve dhe atkiviteteve t\u00eb ndryshme q\u00eb merret n\u00eb fush\u00ebn e arkitektures, artit dhe dizajnit , me raste punon edhe si shoq\u00ebrues i turist\u00ebve ku i ndihmon dhe i shoq\u00ebron ata si ciceron, e m\u00eb shum\u00eb turist\u00ebt shqiptar\u00eb q\u00eb vijn\u00eb nga Shqip\u00ebria, Kosova apo edhe nga Ulqini. Jetliri ishte poashtu shoq\u00ebruesi jon\u00eb p\u00ebr disa dit\u00eb, i cili na mund\u00ebsoi q\u00eb t\u00eb kalojm\u00eb nj\u00eb pushim m\u00eb t\u00eb bukur dhe p\u00ebr ato dit\u00eb t\u00eb vizitojm\u00eb vendet m\u00eb t\u00eb bukura dhe m\u00eb t\u00eb r\u00ebnd\u00ebsishme t\u00eb Stambollit. Ai na shpjegonte p\u00ebr historin\u00eb e Stambollit q\u00eb nga Perandoria Romake, Bizantine, Perandoria Osmane e deri m\u00eb sot, p\u00ebr nd\u00ebrtesat e shum\u00ebllojshme q\u00eb ndodheshin p\u00ebrreth si nga ato historike poashtu edhe nga ato moderne dhe p\u00ebr monumentet e shumta historike q\u00eb ndodhen n\u00eb k\u00ebt\u00eb qytet t\u00eb lasht\u00eb.<\/p>\n<p><a href=\"http:\/\/www.visit-ulcinj.com\/blog\/wp-content\/uploads\/2015\/04\/Jetlir-Kovaci-Stamboll-1.jpg\"><img loading=\"lazy\" class=\"alignleft wp-image-90089\" src=\"http:\/\/www.visit-ulcinj.com\/blog\/wp-content\/uploads\/2015\/04\/Jetlir-Kovaci-Stamboll-1.jpg\" alt=\"Jetlir-Kovaci-Stamboll-1\" width=\"508\" height=\"700\" \/><\/a><\/p>\n<p>Duke p\u00ebrmendur vet\u00ebm disa prej tyre si Hagia Sophia e cila njihet si vepra m\u00eb e madhe dhe m\u00eb e r\u00ebnd\u00ebsishme e koh\u00ebs s\u00eb Perandoris\u00eb Bizantine, e cila \u00ebsht\u00eb p\u00ebrdorur si kish\u00eb p\u00ebr 916 vite, q\u00eb nga koha q\u00eb \u00ebsht\u00eb nd\u00ebrtuar n\u00eb vitin 537 deri n\u00eb koh\u00ebn kur Stambolli \u00ebsht\u00eb pushtuar, ku me pas \u00ebsht\u00eb perdorur si xhami per 481 vite deri ne vitin 1934 dhe me pas nga viti 1935 e deri me sot eshte e hapur si muze, t\u00eb cilin vizitor\u00ebt e adhurojn\u00eb si kryeveper e pakrahasueshme t\u00eb arkitektures. Xhamia Sultan Ahmet, apo e njohur edhe si Xhamia Blu e cila \u00ebsht\u00eb nd\u00ebrtuar n\u00eb vitet 1609-1616, \u00ebsht\u00eb xhamia m\u00eb madh\u00ebshtore e Stambollit. Edhe pse shum\u00eb xhami t\u00eb tjera jan\u00eb nd\u00ebrtuar pas saj, asnj\u00eb nga ato nuk ka arritur n\u00eb madh\u00ebsin\u00eb dhe elegancen e dekorimeve t\u00eb k\u00ebsaj xhamie. Hippodrome, sot i quajtur sheshi Sultanahmet \u00ebsht\u00eb zemra e qytetit t\u00eb vjet\u00ebr. Topkapi Palace, si qendra administrative, p\u00ebr gati 400 vite, e Perandoris\u00eb Osmane, e cila ka qen\u00eb nj\u00eb nd\u00ebr perandorit\u00eb m\u00eb t\u00eb m\u00ebdha bot\u00ebrore, \u00ebsht\u00eb poashtu nd\u00ebr vendet m\u00eb t\u00eb r\u00ebnd\u00ebsishme p\u00ebr t\u2019u vizituar n\u00eb Stamboll dhe renditet nd\u00ebr muzet\u00eb m\u00eb t\u00eb vizituara n\u00eb Turqi me nj\u00eb num\u00ebr prej m\u00eb shum\u00eb se 2.5 milion vizitor\u00eb n\u00eb vit.<\/p>\n<p><a href=\"http:\/\/www.visit-ulcinj.com\/blog\/wp-content\/uploads\/2015\/04\/Jetlir-Kovaci-Stamboll-2.jpg\"><img loading=\"lazy\" class=\"alignleft wp-image-90090\" src=\"http:\/\/www.visit-ulcinj.com\/blog\/wp-content\/uploads\/2015\/04\/Jetlir-Kovaci-Stamboll-2.jpg\" alt=\"Jetlir-Kovaci-Stamboll-2\" width=\"508\" height=\"339\" srcset=\"https:\/\/www.visit-ulcinj.com\/blog\/wp-content\/uploads\/2015\/04\/Jetlir-Kovaci-Stamboll-2.jpg 1000w, https:\/\/www.visit-ulcinj.com\/blog\/wp-content\/uploads\/2015\/04\/Jetlir-Kovaci-Stamboll-2-300x200.jpg 300w\" sizes=\"(max-width: 508px) 100vw, 508px\" \/><\/a><\/p>\n<p>Si k\u00ebto dhe shum\u00eb e shum\u00eb t\u00eb dh\u00ebna t\u00eb tjera na shpjegonte Jetliri duke vizituar monumentet m\u00eb t\u00eb r\u00ebnd\u00ebsishme t\u00eb Stambollit, monumente k\u00ebto t\u00eb mbetura nga kultura t\u00eb ndryshme t\u00eb cilat e karakterizojn\u00eb k\u00ebt\u00eb qytet. P\u00ebrve\u00e7 monumenteve dhe vendeve historike, kemi pas\u00eb mund\u00ebsin\u00eb t\u00eb vizitojm\u00eb edhe ato moderne. Poashtu, duam t\u00eb cekim q\u00eb ciceroni Kova\u00e7i p\u00ebrdorte gjuh\u00ebn turke nj\u00ebsoj si gjuh\u00ebn shqipe, prandaj n\u00ebse udh\u00ebtoni p\u00ebr n\u00eb Stamboll, mos harroni ta kontaktoni ciceronin nga Ulqini, arkitektin e ardhsh\u00ebm Jetlir Kova\u00e7i, t\u00eb cilin ne e kemi adhuruar shum\u00eb dhe m\u00eb k\u00ebt\u00eb rast duam ta falenderojm\u00eb shum\u00eb.<\/p>\n<p>Jetlirin mund ta kontaktoni p\u00ebrmes e-mail-it: <strong><a href=\"mailto:jetlirkovaci@gmail.com\" target=\"_blank\">jetlirkovaci@gmail.com<\/a><\/strong> ose nga facebook (Jetlir Kova\u00e7i).<\/p>\n","protected":false},"excerpt":{"rendered":"<p>\u2019\u2019Lajme nga Ulqini\u2019\u2019 ishte p\u00ebr vizit\u00eb disa ditore n\u00eb Turqi, pik\u00ebrisht n\u00eb Stamboll, ku patem nj\u00eb eksperienc\u00eb shum\u00eb t\u00eb bukur dhe t\u00eb paharruar. Fillimisht kontaktuam me studentin ton\u00eb nga Ulqini, Jetlir Kova\u00e7i i cili studion n\u00eb Fakultetin e Arkitektures n\u00eb Universitetin Teknik t\u00eb Stambollit. Jetliri p\u00ebrve\u00e7 studimeve dhe atkiviteteve t\u00eb ndryshme q\u00eb merret n\u00eb fush\u00ebn [&hellip;]<\/p>\n","protected":false},"author":1,"featured_media":0,"comment_status":"closed","ping_status":"closed","sticky":false,"template":"","format":"standard","meta":{"spay_email":"","jetpack_publicize_message":"","jetpack_is_tweetstorm":false,"jetpack_publicize_feature_enabled":true},"categories":[5,1],"tags":[],"jetpack_publicize_connections":[],"yoast_head":"<!-- This site is optimized with the Yoast SEO plugin v19.1 - https:\/\/yoast.com\/wordpress\/plugins\/seo\/ -->\n<title>Jetlir Kova\u00e7i shoq\u00ebrues dhe ciceron n\u00eb Stamboll - Lajme nga Ulqini<\/title>\n<meta name=\"description\" content=\"\u2019\u2019Lajme nga Ulqini\u2019\u2019 ishte p\u00ebr vizit\u00eb disa ditore n\u00eb Turqi, pik\u00ebrisht n\u00eb Stamboll, ku patem nj\u00eb eksperienc\u00eb shum\u00eb t\u00eb bukur dhe t\u00eb paharruar. Fillimisht\" \/>\n<meta name=\"robots\" content=\"index, follow, max-snippet:-1, max-image-preview:large, max-video-preview:-1\" \/>\n<link rel=\"canonical\" href=\"https:\/\/www.visit-ulcinj.com\/blog\/2015\/04\/21\/jetlir-kovaci-shoqerues-dhe-ciceron-ne-stambooll\/\" \/>\n<meta property=\"og:locale\" content=\"en_US\" \/>\n<meta property=\"og:type\" content=\"article\" \/>\n<meta property=\"og:title\" content=\"Jetlir Kova\u00e7i shoq\u00ebrues dhe ciceron n\u00eb Stamboll - Lajme nga Ulqini\" \/>\n<meta property=\"og:description\" content=\"\u2019\u2019Lajme nga Ulqini\u2019\u2019 ishte p\u00ebr vizit\u00eb disa ditore n\u00eb Turqi, pik\u00ebrisht n\u00eb Stamboll, ku patem nj\u00eb eksperienc\u00eb shum\u00eb t\u00eb bukur dhe t\u00eb paharruar. Fillimisht\" \/>\n<meta property=\"og:url\" content=\"https:\/\/www.visit-ulcinj.com\/blog\/2015\/04\/21\/jetlir-kovaci-shoqerues-dhe-ciceron-ne-stambooll\/\" \/>\n<meta property=\"og:site_name\" content=\"Lajme nga Ulqini\" \/>\n<meta property=\"article:published_time\" content=\"2015-04-21T20:41:45+00:00\" \/>\n<meta property=\"article:modified_time\" content=\"2015-04-22T20:35:45+00:00\" \/>\n<meta property=\"og:image\" content=\"http:\/\/www.visit-ulcinj.com\/blog\/wp-content\/uploads\/2015\/04\/Jetlir-Kovaci-Stamboll-200x300.jpg\" \/>\n<meta name=\"twitter:label1\" content=\"Written by\" \/>\n\t<meta name=\"twitter:data1\" content=\"ulqini\" \/>\n\t<meta name=\"twitter:label2\" content=\"Est. reading time\" \/>\n\t<meta name=\"twitter:data2\" content=\"3 minutes\" \/>\n<script type=\"application\/ld+json\" class=\"yoast-schema-graph\">{\"@context\":\"https:\/\/schema.org\",\"@graph\":[{\"@type\":\"WebSite\",\"@id\":\"https:\/\/www.visit-ulcinj.com\/blog\/#website\",\"url\":\"https:\/\/www.visit-ulcinj.com\/blog\/\",\"name\":\"Lajme nga Ulqini\",\"description\":\"Lajme,Vijesti,Ulqini,Ulqin,Crna Gora,Mali i Zi\",\"potentialAction\":[{\"@type\":\"SearchAction\",\"target\":{\"@type\":\"EntryPoint\",\"urlTemplate\":\"https:\/\/www.visit-ulcinj.com\/blog\/?s={search_term_string}\"},\"query-input\":\"required name=search_term_string\"}],\"inLanguage\":\"en-US\"},{\"@type\":\"ImageObject\",\"inLanguage\":\"en-US\",\"@id\":\"https:\/\/www.visit-ulcinj.com\/blog\/2015\/04\/21\/jetlir-kovaci-shoqerues-dhe-ciceron-ne-stambooll\/#primaryimage\",\"url\":\"https:\/\/www.visit-ulcinj.com\/blog\/wp-content\/uploads\/2015\/04\/Jetlir-Kovaci-Stamboll.jpg\",\"contentUrl\":\"https:\/\/www.visit-ulcinj.com\/blog\/wp-content\/uploads\/2015\/04\/Jetlir-Kovaci-Stamboll.jpg\",\"width\":600,\"height\":900},{\"@type\":\"WebPage\",\"@id\":\"https:\/\/www.visit-ulcinj.com\/blog\/2015\/04\/21\/jetlir-kovaci-shoqerues-dhe-ciceron-ne-stambooll\/#webpage\",\"url\":\"https:\/\/www.visit-ulcinj.com\/blog\/2015\/04\/21\/jetlir-kovaci-shoqerues-dhe-ciceron-ne-stambooll\/\",\"name\":\"Jetlir Kova\u00e7i shoq\u00ebrues dhe ciceron n\u00eb Stamboll - Lajme nga Ulqini\",\"isPartOf\":{\"@id\":\"https:\/\/www.visit-ulcinj.com\/blog\/#website\"},\"primaryImageOfPage\":{\"@id\":\"https:\/\/www.visit-ulcinj.com\/blog\/2015\/04\/21\/jetlir-kovaci-shoqerues-dhe-ciceron-ne-stambooll\/#primaryimage\"},\"datePublished\":\"2015-04-21T20:41:45+00:00\",\"dateModified\":\"2015-04-22T20:35:45+00:00\",\"author\":{\"@id\":\"https:\/\/www.visit-ulcinj.com\/blog\/#\/schema\/person\/dcab619c614d3038751c63bc2aadc06d\"},\"description\":\"\u2019\u2019Lajme nga Ulqini\u2019\u2019 ishte p\u00ebr vizit\u00eb disa ditore n\u00eb Turqi, pik\u00ebrisht n\u00eb Stamboll, ku patem nj\u00eb eksperienc\u00eb shum\u00eb t\u00eb bukur dhe t\u00eb paharruar. Fillimisht\",\"breadcrumb\":{\"@id\":\"https:\/\/www.visit-ulcinj.com\/blog\/2015\/04\/21\/jetlir-kovaci-shoqerues-dhe-ciceron-ne-stambooll\/#breadcrumb\"},\"inLanguage\":\"en-US\",\"potentialAction\":[{\"@type\":\"ReadAction\",\"target\":[\"https:\/\/www.visit-ulcinj.com\/blog\/2015\/04\/21\/jetlir-kovaci-shoqerues-dhe-ciceron-ne-stambooll\/\"]}]},{\"@type\":\"BreadcrumbList\",\"@id\":\"https:\/\/www.visit-ulcinj.com\/blog\/2015\/04\/21\/jetlir-kovaci-shoqerues-dhe-ciceron-ne-stambooll\/#breadcrumb\",\"itemListElement\":[{\"@type\":\"ListItem\",\"position\":1,\"name\":\"Jetlir Kova\u00e7i shoq\u00ebrues dhe ciceron n\u00eb Stamboll\"}]},{\"@type\":\"Person\",\"@id\":\"https:\/\/www.visit-ulcinj.com\/blog\/#\/schema\/person\/dcab619c614d3038751c63bc2aadc06d\",\"name\":\"ulqini\",\"sameAs\":[\"http:\/\/www.visit-ulcinj.com\"],\"url\":\"https:\/\/www.visit-ulcinj.com\/blog\/author\/admin\/\"}]}<\/script>\n<!-- \/ Yoast SEO plugin. -->","yoast_head_json":{"title":"Jetlir Kova\u00e7i shoq\u00ebrues dhe ciceron n\u00eb Stamboll - Lajme nga Ulqini","description":"\u2019\u2019Lajme nga Ulqini\u2019\u2019 ishte p\u00ebr vizit\u00eb disa ditore n\u00eb Turqi, pik\u00ebrisht n\u00eb Stamboll, ku patem nj\u00eb eksperienc\u00eb shum\u00eb t\u00eb bukur dhe t\u00eb paharruar. Fillimisht","robots":{"index":"index","follow":"follow","max-snippet":"max-snippet:-1","max-image-preview":"max-image-preview:large","max-video-preview":"max-video-preview:-1"},"canonical":"https:\/\/www.visit-ulcinj.com\/blog\/2015\/04\/21\/jetlir-kovaci-shoqerues-dhe-ciceron-ne-stambooll\/","og_locale":"en_US","og_type":"article","og_title":"Jetlir Kova\u00e7i shoq\u00ebrues dhe ciceron n\u00eb Stamboll - Lajme nga Ulqini","og_description":"\u2019\u2019Lajme nga Ulqini\u2019\u2019 ishte p\u00ebr vizit\u00eb disa ditore n\u00eb Turqi, pik\u00ebrisht n\u00eb Stamboll, ku patem nj\u00eb eksperienc\u00eb shum\u00eb t\u00eb bukur dhe t\u00eb paharruar. Fillimisht","og_url":"https:\/\/www.visit-ulcinj.com\/blog\/2015\/04\/21\/jetlir-kovaci-shoqerues-dhe-ciceron-ne-stambooll\/","og_site_name":"Lajme nga Ulqini","article_published_time":"2015-04-21T20:41:45+00:00","article_modified_time":"2015-04-22T20:35:45+00:00","og_image":[{"url":"http:\/\/www.visit-ulcinj.com\/blog\/wp-content\/uploads\/2015\/04\/Jetlir-Kovaci-Stamboll-200x300.jpg"}],"twitter_misc":{"Written by":"ulqini","Est. reading time":"3 minutes"},"schema":{"@context":"https:\/\/schema.org","@graph":[{"@type":"WebSite","@id":"https:\/\/www.visit-ulcinj.com\/blog\/#website","url":"https:\/\/www.visit-ulcinj.com\/blog\/","name":"Lajme nga Ulqini","description":"Lajme,Vijesti,Ulqini,Ulqin,Crna Gora,Mali i Zi","potentialAction":[{"@type":"SearchAction","target":{"@type":"EntryPoint","urlTemplate":"https:\/\/www.visit-ulcinj.com\/blog\/?s={search_term_string}"},"query-input":"required name=search_term_string"}],"inLanguage":"en-US"},{"@type":"ImageObject","inLanguage":"en-US","@id":"https:\/\/www.visit-ulcinj.com\/blog\/2015\/04\/21\/jetlir-kovaci-shoqerues-dhe-ciceron-ne-stambooll\/#primaryimage","url":"https:\/\/www.visit-ulcinj.com\/blog\/wp-content\/uploads\/2015\/04\/Jetlir-Kovaci-Stamboll.jpg","contentUrl":"https:\/\/www.visit-ulcinj.com\/blog\/wp-content\/uploads\/2015\/04\/Jetlir-Kovaci-Stamboll.jpg","width":600,"height":900},{"@type":"WebPage","@id":"https:\/\/www.visit-ulcinj.com\/blog\/2015\/04\/21\/jetlir-kovaci-shoqerues-dhe-ciceron-ne-stambooll\/#webpage","url":"https:\/\/www.visit-ulcinj.com\/blog\/2015\/04\/21\/jetlir-kovaci-shoqerues-dhe-ciceron-ne-stambooll\/","name":"Jetlir Kova\u00e7i shoq\u00ebrues dhe ciceron n\u00eb Stamboll - Lajme nga Ulqini","isPartOf":{"@id":"https:\/\/www.visit-ulcinj.com\/blog\/#website"},"primaryImageOfPage":{"@id":"https:\/\/www.visit-ulcinj.com\/blog\/2015\/04\/21\/jetlir-kovaci-shoqerues-dhe-ciceron-ne-stambooll\/#primaryimage"},"datePublished":"2015-04-21T20:41:45+00:00","dateModified":"2015-04-22T20:35:45+00:00","author":{"@id":"https:\/\/www.visit-ulcinj.com\/blog\/#\/schema\/person\/dcab619c614d3038751c63bc2aadc06d"},"description":"\u2019\u2019Lajme nga Ulqini\u2019\u2019 ishte p\u00ebr vizit\u00eb disa ditore n\u00eb Turqi, pik\u00ebrisht n\u00eb Stamboll, ku patem nj\u00eb eksperienc\u00eb shum\u00eb t\u00eb bukur dhe t\u00eb paharruar. Fillimisht","breadcrumb":{"@id":"https:\/\/www.visit-ulcinj.com\/blog\/2015\/04\/21\/jetlir-kovaci-shoqerues-dhe-ciceron-ne-stambooll\/#breadcrumb"},"inLanguage":"en-US","potentialAction":[{"@type":"ReadAction","target":["https:\/\/www.visit-ulcinj.com\/blog\/2015\/04\/21\/jetlir-kovaci-shoqerues-dhe-ciceron-ne-stambooll\/"]}]},{"@type":"BreadcrumbList","@id":"https:\/\/www.visit-ulcinj.com\/blog\/2015\/04\/21\/jetlir-kovaci-shoqerues-dhe-ciceron-ne-stambooll\/#breadcrumb","itemListElement":[{"@type":"ListItem","position":1,"name":"Jetlir Kova\u00e7i shoq\u00ebrues dhe ciceron n\u00eb Stamboll"}]},{"@type":"Person","@id":"https:\/\/www.visit-ulcinj.com\/blog\/#\/schema\/person\/dcab619c614d3038751c63bc2aadc06d","name":"ulqini","sameAs":["http:\/\/www.visit-ulcinj.com"],"url":"https:\/\/www.visit-ulcinj.com\/blog\/author\/admin\/"}]}},"jetpack_featured_media_url":"","jetpack_sharing_enabled":true,"jetpack_shortlink":"https:\/\/wp.me\/pe6lTn-nqZ","_links":{"self":[{"href":"https:\/\/www.visit-ulcinj.com\/blog\/wp-json\/wp\/v2\/posts\/90085"}],"collection":[{"href":"https:\/\/www.visit-ulcinj.com\/blog\/wp-json\/wp\/v2\/posts"}],"about":[{"href":"https:\/\/www.visit-ulcinj.com\/blog\/wp-json\/wp\/v2\/types\/post"}],"author":[{"embeddable":true,"href":"https:\/\/www.visit-ulcinj.com\/blog\/wp-json\/wp\/v2\/users\/1"}],"replies":[{"embeddable":true,"href":"https:\/\/www.visit-ulcinj.com\/blog\/wp-json\/wp\/v2\/comments?post=90085"}],"version-history":[{"count":3,"href":"https:\/\/www.visit-ulcinj.com\/blog\/wp-json\/wp\/v2\/posts\/90085\/revisions"}],"predecessor-version":[{"id":90100,"href":"https:\/\/www.visit-ulcinj.com\/blog\/wp-json\/wp\/v2\/posts\/90085\/revisions\/90100"}],"wp:attachment":[{"href":"https:\/\/www.visit-ulcinj.com\/blog\/wp-json\/wp\/v2\/media?parent=90085"}],"wp:term":[{"taxonomy":"category","embeddable":true,"href":"https:\/\/www.visit-ulcinj.com\/blog\/wp-json\/wp\/v2\/categories?post=90085"},{"taxonomy":"post_tag","embeddable":true,"href":"https:\/\/www.visit-ulcinj.com\/blog\/wp-json\/wp\/v2\/tags?post=90085"}],"curies":[{"name":"wp","href":"https:\/\/api.w.org\/{rel}","templated":true}]}}