{"id":90096,"date":"2015-04-21T22:19:03","date_gmt":"2015-04-21T21:19:03","guid":{"rendered":"http:\/\/www.visit-ulcinj.com\/blog\/?p=90096"},"modified":"2015-04-21T22:19:42","modified_gmt":"2015-04-21T21:19:42","slug":"u-ulcinju-od-kaldrme-boli-glava","status":"publish","type":"post","link":"https:\/\/www.visit-ulcinj.com\/blog\/2015\/04\/21\/u-ulcinju-od-kaldrme-boli-glava\/","title":{"rendered":"U Ulcinju od kaldrme boli glava"},"content":{"rendered":"<p><span class=\"tekstcijeli\"><a href=\"http:\/\/www.visit-ulcinj.com\/blog\/wp-content\/uploads\/2015\/04\/Sanimi-i-gropave-t\u00eb-kalldr\u00ebmit-n\u00eb-Rrugen-Hafiz-Ali-Ulqinaku-1.jpg\"><img loading=\"lazy\" class=\"alignleft wp-image-90097\" src=\"http:\/\/www.visit-ulcinj.com\/blog\/wp-content\/uploads\/2015\/04\/Sanimi-i-gropave-t\u00eb-kalldr\u00ebmit-n\u00eb-Rrugen-Hafiz-Ali-Ulqinaku-1.jpg\" alt=\"Sanimi-i-gropave-t\u00eb-kalldr\u00ebmit-n\u00eb-Rrugen-Hafiz-Ali-Ulqinaku-1\" width=\"508\" height=\"381\" srcset=\"https:\/\/www.visit-ulcinj.com\/blog\/wp-content\/uploads\/2015\/04\/Sanimi-i-gropave-t\u00eb-kalldr\u00ebmit-n\u00eb-Rrugen-Hafiz-Ali-Ulqinaku-1.jpg 960w, https:\/\/www.visit-ulcinj.com\/blog\/wp-content\/uploads\/2015\/04\/Sanimi-i-gropave-t\u00eb-kalldr\u00ebmit-n\u00eb-Rrugen-Hafiz-Ali-Ulqinaku-1-300x225.jpg 300w\" sizes=\"(max-width: 508px) 100vw, 508px\" \/><\/a>UL\u00adCINj &#8211; Kal\u00addr\u00adma u u di\u00adje\u00adlu uli\u00adce 26. no\u00advem\u00adbar u Ul\u00adci\u00adnju mo\u00adgla bi slo\u00adbod\u00adno da u\u0111e u Gi\u00adni\u00adso\u00advu knji\u00adgu re\u00adkor\u00adda po bro\u00adju re\u00adkon\u00adstruk\u00adci\u00adja ko\u00adje je do\u00ad\u017ei\u00advje\u00adla od 2009. go\u00addi\u00adne ka\u00adda je sa\u00adgra\u00ad\u0111e\u00adna. Ovih da\u00adna na glav\u00adnoj grad\u00adskoj sa\u00ado\u00adbra\u00ad\u0107aj\u00adni\u00adci, ne\u00adka\u00adda po\u00adzna\u00adti\u00adjoj kao Sta\u00adra \u010dar\u00ad\u0161i\u00adja, po\u00adno\u00advo se, po ko zna ko\u00adji put, vr\u00ad\u0161e ra\u00addo\u00advi, zbog \u010de\u00adga je uli\u00adca dje\u00adli\u00admi\u010d\u00adno i za\u00adtvo\u00adre\u00adna za sa\u00ado\u00adbra\u00ad\u0107aj. Ka\u00adko sa\u00adzna\u00adje\u00admo pro\u00adpa\u00adda\u00adnje kal\u00addr\u00adme iza\u00adzva\u00adno je in\u00adten\u00adziv\u00adnim sa\u00ado\u00adbra\u00ad\u0107a\u00adjem, \u010de\u00adsto i ve\u00adli\u00adkih te\u00adret\u00adnih vo\u00adzi\u00adla, ali osnov\u00adni pro\u00adblem je, po sve\u00admu su\u00adde\u00ad\u0107i, lo\u0161 kva\u00adli\u00adtet oba\u00advlje\u00adnih ra\u00addo\u00adva, ko\u00adje je svo\u00adje\u00advre\u00adme\u00adno iz\u00adve\u00adla fir\u00adma \u201ePro\u00admin\u00advest\u201c iz Bo\u00adsne i Her\u00adce\u00adgo\u00advi\u00adne.<br \/>\nPod\u00adsje\u00adti\u00admo, rea\u00adli\u00adza\u00adci\u00adja te mi\u00adli\u00adon\u00adske in\u00adve\u00adsti\u00adci\u00adje po\u00ad\u010de\u00adla je u ja\u00adnu\u00ada\u00adru 2009. go\u00addi\u00adne, na\u00adkon \u0161to je ta\u00adda\u00ad\u0161nja lo\u00adkal\u00adna upra\u00adva na \u010de\u00adlu sa biv\u00ad\u0161im pred\u00adsjed\u00adni\u00adkom Op\u00ad\u0161ti\u00adne Gzi\u00admom Haj\u00addi\u00adna\u00adgom na\u00adja\u00advlji\u00adva\u00adla to kao naj\u00adve\u00ad\u0107i in\u00adfra\u00adstruk\u00adtur\u00adni pro\u00adje\u00adkat. Ve\u0107 na po\u00ad\u010det\u00adku ra\u00addo\u00advi su ka\u00adsni\u00adli zbog ne\u00adpo\u00advolj\u00adnih vre\u00admen\u00adskih pri\u00adli\u00adka zbog \u010de\u00adga sa\u00ado\u00adbra\u00ad\u0107aj\u00adni\u00adca ni\u00adje mo\u00adgla bi\u00adti otvo\u00adre\u00adna na Dan Ul\u00adci\u00adnja, ka\u00adko je pr\u00advo\u00adbit\u00adno bi\u00adlo pla\u00adni\u00adra\u00adno, ve\u0107 2. ma\u00adja. Osim kal\u00addr\u00adme, na tra\u00adsi glav\u00adne sa\u00ado\u00adbra\u00ad\u0107aj\u00adni\u00adce, ko\u00adja vo\u00addi do Pri\u00adsta\u00adna i Ma\u00adle pla\u00ad\u017ee, ta\u00adda je iz\u00admi\u00adje\u00adnje\u00adna i kom\u00adplet\u00adna ko\u00admu\u00adnal\u00adna in\u00adfra\u00adstruk\u00adtu\u00adra, sta\u00adra vi\u00ad\u0161e od 60 go\u00addi\u00adna, re\u00adkon\u00adstru\u00adi\u00adsa\u00adna je i sta\u00adra \u010de\u00adsma za\u00adtr\u00adpa\u00adna u dru\u00adgoj po\u00adlo\u00advi\u00adni pro\u00ad\u0161log vi\u00adje\u00adka, a svi objek\u00adti du\u017e uli\u00adce ofar\u00adba\u00adni su bi\u00adje\u00adlom bo\u00adjom. Ta\u00adko\u00ad\u0111e, po\u00adsta\u00advlje\u00adna je ade\u00adkva\u00adta\u00adna uli\u010d\u00adna ra\u00adsvje\u00adta. No sve to ni\u00adje iz\u00addr\u00ad\u017ea\u00adlo du\u00adgo jer su kao po pra\u00advi\u00adlu sva\u00adke go\u00addi\u00adne sli\u00adje\u00addi\u00adle oprav\u00adke, kr\u00adplje\u00adnja i blo\u00adka\u00adde sa\u00ado\u00adbra\u00ad\u0107a\u00adja, ko\u00adje su, kao i ova po\u00adsled\u00adnja, iza\u00adzi\u00adva\u00adle pra\u00advu bu\u00adru ne\u00adza\u00addo\u00advolj\u00adstva me\u00ad\u0111u gra\u00ad\u0111a\u00adni\u00adma i vla\u00adsni\u00adci\u00adma obje\u00adka\u00adta u Uli\u00adci 26. no\u00advem\u00adbra. Svi se sla\u00ad\u017eu da su, ra\u00addo\u00advi ko\u00adji su za\u00advr\u00ad\u0161e\u00adni pri\u00adje \u0161est go\u00addi\u00adna i na\u00adknad\u00adne oprav\u00adke, ve\u0107 iza\u00adzva\u00adli mno\u00adgo pro\u00adble\u00adma, te da je no\u00adva blo\u00adka\u00adda sa\u00ado\u00adbra\u00ad\u0107a\u00adja pre\u00advr\u00ad\u0161i\u00adla sva\u00adku mje\u00adru.<br \/>\nJu\u00ad\u010de ni\u00adsmo uspje\u00adli da do\u00adbi\u00adje\u00admo od\u00adgo\u00advor od nad\u00adle\u00ad\u017enih slu\u00ad\u017ebi op\u00ad\u0161ti\u00adne ko\u00adli\u00adko \u0107e blo\u00adka\u00adda tra\u00adja\u00adti, osno\u00adsno da li \u0107e i do ka\u00adda, na\u00adkon no\u00advog kr\u00adplje\u00adnja kal\u00addr\u00adma iz\u00addr\u00ad\u017ea\u00adti. Se\u00adkre\u00adtar Se\u00adkre\u00adta\u00adri\u00adja\u00adta za ko\u00admu\u00adnal\u00adne po\u00adslo\u00adve Av\u00addu\u00adla Dr\u00advi\u00ad\u0161i ni\u00adje od\u00adgo\u00adva\u00adrao na na\u00ad\u0161e po\u00adzi\u00adve, ipak sa\u00adzna\u00adli smo da je u di\u00adje\u00adlu uli\u00adce na ko\u00adme se oba\u00advlja re\u00adkon\u00adstruk\u00adci\u00adja ali i na vi\u00ad\u0161e dru\u00adgih mje\u00adsta pro\u00adblem na\u00adstao zbog sli\u00adje\u00adga\u00adnja te\u00adre\u00adna i ve\u00adziv\u00adnog ma\u00adte\u00adri\u00adja\u00adla ko\u00adji se po\u00adka\u00adzao kao ne\u00adkva\u00adli\u00adte\u00adtan.<br \/>\nUpu\u00ad\u0107e\u00adni tvr\u00adde da re\u00adkon\u00adtruk\u00adci\u00adja ne\u00ad\u0107e ri\u00adje\u00ad\u0161i\u00adti pro\u00adblem jer se ra\u00addi o naj\u00adpro\u00admet\u00adni\u00adjoj uli\u00adci u gra\u00addu. Ka\u00ad\u017eu i da se po\u00adsto\u00adje\u00ad\u0107a vr\u00adsta kal\u00addr\u00adme ko\u00adri\u00adsti is\u00adklju\u00ad\u010di\u00advo na mje\u00adsti\u00adma i u uli\u00adca\u00adma ko\u00adje su pred\u00advi\u00ad\u0111e\u00adne za \u0161e\u00adta\u00adli\u00ad\u0161ta, a ni\u00adka\u00adko za sa\u00ado\u00adbra\u00ad\u0107aj\u00adni\u00adce ko\u00adji\u00adma \u010de\u00adsto pro\u00adla\u00adze ve\u00adli\u00adka te\u00adret\u00adna vo\u00adzi\u00adla. M.K.<\/span><\/p>\n<p>Teh\u00adni\u010d\u00adki pri\u00adjem ni\u00adje oba\u00advljen<\/p>\n<p>&#8211; Pro\u00adje\u00adkat iz\u00adve\u00adde\u00adnog sta\u00adnja je, za\u00adjed\u00adno sa dru\u00adgom teh\u00adni\u010d\u00adkom do\u00adku\u00admen\u00adta\u00adci\u00adjom, osnov za teh\u00adni\u010d\u00adki pri\u00adjem objek\u00adta, do\u00adbi\u00adja\u00adnje upo\u00adtreb\u00adne do\u00adzvo\u00adle i odr\u00ad\u017ea\u00adva\u00adnje. Upra\u00advo zbog za\u00admjer\u00adki na kva\u00adli\u00adtet ra\u00addo\u00adva do teh\u00adni\u010d\u00adkog pri\u00adje\u00adma ni\u00adka\u00adda ni\u00adje do\u00ad\u0161lo. Iz\u00advo\u00ad\u0111a\u00ad\u010du zbog to\u00adga ni\u00adsu ni is\u00adpla\u00ad\u0107e\u00adna sva sred\u00adstva za oba\u00advlje\u00adne ra\u00addo\u00adve, a sa\u00adda je evi\u00addent\u00adno da po\u00adsto\u00adji ve\u00adli\u00adki pro\u00adblem sa kal\u00addr\u00admom ko\u00adja se sva\u00adko ma\u00adlo kr\u00adpi &#8211; ka\u00ad\u017eu upu\u00ad\u0107e\u00adni u ove po\u00adslo\u00adve.<\/p>\n<p><strong>Dru\u00adge fa\u00adze pro\u00adjek\u00adta vi\u00ad\u0161e ne\u00adma ni u na\u00adja\u00adva\u00adma<\/strong><\/p>\n<p>Iz Hajd\u00adina\u00adgi\u00adne ad\u00admi\u00adni\u00adstra\u00adci\u00adje svo\u00adje\u00advre\u00adme\u00adno su (2009. i 2010. go\u00addi\u00adne) na\u00adja\u00advlji\u00adva\u00adli jo\u0161 dvi\u00adje fa\u00adze pro\u00adjek\u00adta. Na\u00adred\u00adne dvi\u00adje eta\u00adpe tre\u00adba\u00adlo je da ob\u00adu\u00adhva\u00adte kal\u00addr\u00admi\u00adsa\u00adnje uli\u00adca Na\u00adrod\u00adnog fron\u00adta i \u0106a\u00adzi\u00adma Re\u00adsul\u00adbe\u00adgo\u00advi\u00ad\u0107a, \u010di\u00adme bi se kom\u00adplek\u00adsu uli\u00adca ko\u00adje \u010di\u00adne tro\u00adu\u00adgao vra\u00adtio ne\u00adka\u00adda\u00ad\u0161nji iz\u00adgled. Ti ra\u00addo\u00advi, \u010di\u00adja se ukup\u00adna vri\u00adjed\u00adnost pro\u00adcje\u00adnji\u00adva\u00adla na vi\u00ad\u0161e od mi\u00adli\u00adon eura, tre\u00adba\u00adlo je da bu\u00addu okon\u00ad\u010da\u00adni u man\u00adda\u00adtu ta\u00adda\u00ad\u0161nje lo\u00adkal\u00adne vla\u00adsti ko\u00adju su \u010di\u00adni\u00adli: DUA, DPS, SDP i PDP. Na\u00adsta\u00advak pro\u00adjek\u00adta bio je pred\u00advi\u00ad\u0111en po Pro\u00adgra\u00admu in\u00adve\u00adsti\u00adci\u00adja za 2010. go\u00addi\u00adnu i tre\u00adba\u00adlo je da po\u010d\u00adne na\u00adkon za\u00advr\u00ad\u0161et\u00adka tu\u00adri\u00adsti\u010d\u00adke se\u00adzo\u00adne te go\u00addi\u00adne, ali je sve osta\u00adlo na na\u00adja\u00adva\u00adma.<\/p>\n<p><strong>Izvor: DAN<\/strong><\/p>\n","protected":false},"excerpt":{"rendered":"<p>UL\u00adCINj &#8211; Kal\u00addr\u00adma u u di\u00adje\u00adlu uli\u00adce 26. no\u00advem\u00adbar u Ul\u00adci\u00adnju mo\u00adgla bi slo\u00adbod\u00adno da u\u0111e u Gi\u00adni\u00adso\u00advu knji\u00adgu re\u00adkor\u00adda po bro\u00adju re\u00adkon\u00adstruk\u00adci\u00adja ko\u00adje je do\u00ad\u017ei\u00advje\u00adla od 2009. go\u00addi\u00adne ka\u00adda je sa\u00adgra\u00ad\u0111e\u00adna. Ovih da\u00adna na glav\u00adnoj grad\u00adskoj sa\u00ado\u00adbra\u00ad\u0107aj\u00adni\u00adci, ne\u00adka\u00adda po\u00adzna\u00adti\u00adjoj kao Sta\u00adra \u010dar\u00ad\u0161i\u00adja, po\u00adno\u00advo se, po ko zna ko\u00adji put, vr\u00ad\u0161e ra\u00addo\u00advi, zbog \u010de\u00adga je [&hellip;]<\/p>\n","protected":false},"author":1,"featured_media":0,"comment_status":"closed","ping_status":"closed","sticky":false,"template":"","format":"standard","meta":{"spay_email":"","jetpack_publicize_message":"","jetpack_is_tweetstorm":false,"jetpack_publicize_feature_enabled":true},"categories":[8337],"tags":[],"jetpack_publicize_connections":[],"yoast_head":"<!-- This site is optimized with the Yoast SEO plugin v19.1 - https:\/\/yoast.com\/wordpress\/plugins\/seo\/ -->\n<title>U Ulcinju od kaldrme boli glava - Lajme nga Ulqini<\/title>\n<meta name=\"description\" content=\"UL\u00adCINj - Kal\u00addr\u00adma u u di\u00adje\u00adlu uli\u00adce 26. no\u00advem\u00adbar u Ul\u00adci\u00adnju mo\u00adgla bi slo\u00adbod\u00adno da u\u0111e u Gi\u00adni\u00adso\u00advu knji\u00adgu re\u00adkor\u00adda po bro\u00adju\" \/>\n<meta name=\"robots\" content=\"index, follow, max-snippet:-1, max-image-preview:large, max-video-preview:-1\" \/>\n<link rel=\"canonical\" href=\"https:\/\/www.visit-ulcinj.com\/blog\/2015\/04\/21\/u-ulcinju-od-kaldrme-boli-glava\/\" \/>\n<meta property=\"og:locale\" content=\"en_US\" \/>\n<meta property=\"og:type\" content=\"article\" \/>\n<meta property=\"og:title\" content=\"U Ulcinju od kaldrme boli glava - Lajme nga Ulqini\" \/>\n<meta property=\"og:description\" content=\"UL\u00adCINj - Kal\u00addr\u00adma u u di\u00adje\u00adlu uli\u00adce 26. no\u00advem\u00adbar u Ul\u00adci\u00adnju mo\u00adgla bi slo\u00adbod\u00adno da u\u0111e u Gi\u00adni\u00adso\u00advu knji\u00adgu re\u00adkor\u00adda po bro\u00adju\" \/>\n<meta property=\"og:url\" content=\"https:\/\/www.visit-ulcinj.com\/blog\/2015\/04\/21\/u-ulcinju-od-kaldrme-boli-glava\/\" \/>\n<meta property=\"og:site_name\" content=\"Lajme nga Ulqini\" \/>\n<meta property=\"article:published_time\" content=\"2015-04-21T21:19:03+00:00\" \/>\n<meta property=\"article:modified_time\" content=\"2015-04-21T21:19:42+00:00\" \/>\n<meta name=\"twitter:label1\" content=\"Written by\" \/>\n\t<meta name=\"twitter:data1\" content=\"ulqini\" \/>\n\t<meta name=\"twitter:label2\" content=\"Est. reading time\" \/>\n\t<meta name=\"twitter:data2\" content=\"6 minutes\" \/>\n<script type=\"application\/ld+json\" class=\"yoast-schema-graph\">{\"@context\":\"https:\/\/schema.org\",\"@graph\":[{\"@type\":\"WebSite\",\"@id\":\"https:\/\/www.visit-ulcinj.com\/blog\/#website\",\"url\":\"https:\/\/www.visit-ulcinj.com\/blog\/\",\"name\":\"Lajme nga Ulqini\",\"description\":\"Lajme,Vijesti,Ulqini,Ulqin,Crna Gora,Mali i Zi\",\"potentialAction\":[{\"@type\":\"SearchAction\",\"target\":{\"@type\":\"EntryPoint\",\"urlTemplate\":\"https:\/\/www.visit-ulcinj.com\/blog\/?s={search_term_string}\"},\"query-input\":\"required name=search_term_string\"}],\"inLanguage\":\"en-US\"},{\"@type\":\"WebPage\",\"@id\":\"https:\/\/www.visit-ulcinj.com\/blog\/2015\/04\/21\/u-ulcinju-od-kaldrme-boli-glava\/#webpage\",\"url\":\"https:\/\/www.visit-ulcinj.com\/blog\/2015\/04\/21\/u-ulcinju-od-kaldrme-boli-glava\/\",\"name\":\"U Ulcinju od kaldrme boli glava - Lajme nga Ulqini\",\"isPartOf\":{\"@id\":\"https:\/\/www.visit-ulcinj.com\/blog\/#website\"},\"datePublished\":\"2015-04-21T21:19:03+00:00\",\"dateModified\":\"2015-04-21T21:19:42+00:00\",\"author\":{\"@id\":\"https:\/\/www.visit-ulcinj.com\/blog\/#\/schema\/person\/dcab619c614d3038751c63bc2aadc06d\"},\"description\":\"UL\u00adCINj - Kal\u00addr\u00adma u u di\u00adje\u00adlu uli\u00adce 26. no\u00advem\u00adbar u Ul\u00adci\u00adnju mo\u00adgla bi slo\u00adbod\u00adno da u\u0111e u Gi\u00adni\u00adso\u00advu knji\u00adgu re\u00adkor\u00adda po bro\u00adju\",\"breadcrumb\":{\"@id\":\"https:\/\/www.visit-ulcinj.com\/blog\/2015\/04\/21\/u-ulcinju-od-kaldrme-boli-glava\/#breadcrumb\"},\"inLanguage\":\"en-US\",\"potentialAction\":[{\"@type\":\"ReadAction\",\"target\":[\"https:\/\/www.visit-ulcinj.com\/blog\/2015\/04\/21\/u-ulcinju-od-kaldrme-boli-glava\/\"]}]},{\"@type\":\"BreadcrumbList\",\"@id\":\"https:\/\/www.visit-ulcinj.com\/blog\/2015\/04\/21\/u-ulcinju-od-kaldrme-boli-glava\/#breadcrumb\",\"itemListElement\":[{\"@type\":\"ListItem\",\"position\":1,\"name\":\"U Ulcinju od kaldrme boli glava\"}]},{\"@type\":\"Person\",\"@id\":\"https:\/\/www.visit-ulcinj.com\/blog\/#\/schema\/person\/dcab619c614d3038751c63bc2aadc06d\",\"name\":\"ulqini\",\"sameAs\":[\"http:\/\/www.visit-ulcinj.com\"],\"url\":\"https:\/\/www.visit-ulcinj.com\/blog\/author\/admin\/\"}]}<\/script>\n<!-- \/ Yoast SEO plugin. -->","yoast_head_json":{"title":"U Ulcinju od kaldrme boli glava - Lajme nga Ulqini","description":"UL\u00adCINj - Kal\u00addr\u00adma u u di\u00adje\u00adlu uli\u00adce 26. no\u00advem\u00adbar u Ul\u00adci\u00adnju mo\u00adgla bi slo\u00adbod\u00adno da u\u0111e u Gi\u00adni\u00adso\u00advu knji\u00adgu re\u00adkor\u00adda po bro\u00adju","robots":{"index":"index","follow":"follow","max-snippet":"max-snippet:-1","max-image-preview":"max-image-preview:large","max-video-preview":"max-video-preview:-1"},"canonical":"https:\/\/www.visit-ulcinj.com\/blog\/2015\/04\/21\/u-ulcinju-od-kaldrme-boli-glava\/","og_locale":"en_US","og_type":"article","og_title":"U Ulcinju od kaldrme boli glava - Lajme nga Ulqini","og_description":"UL\u00adCINj - Kal\u00addr\u00adma u u di\u00adje\u00adlu uli\u00adce 26. no\u00advem\u00adbar u Ul\u00adci\u00adnju mo\u00adgla bi slo\u00adbod\u00adno da u\u0111e u Gi\u00adni\u00adso\u00advu knji\u00adgu re\u00adkor\u00adda po bro\u00adju","og_url":"https:\/\/www.visit-ulcinj.com\/blog\/2015\/04\/21\/u-ulcinju-od-kaldrme-boli-glava\/","og_site_name":"Lajme nga Ulqini","article_published_time":"2015-04-21T21:19:03+00:00","article_modified_time":"2015-04-21T21:19:42+00:00","twitter_misc":{"Written by":"ulqini","Est. reading time":"6 minutes"},"schema":{"@context":"https:\/\/schema.org","@graph":[{"@type":"WebSite","@id":"https:\/\/www.visit-ulcinj.com\/blog\/#website","url":"https:\/\/www.visit-ulcinj.com\/blog\/","name":"Lajme nga Ulqini","description":"Lajme,Vijesti,Ulqini,Ulqin,Crna Gora,Mali i Zi","potentialAction":[{"@type":"SearchAction","target":{"@type":"EntryPoint","urlTemplate":"https:\/\/www.visit-ulcinj.com\/blog\/?s={search_term_string}"},"query-input":"required name=search_term_string"}],"inLanguage":"en-US"},{"@type":"WebPage","@id":"https:\/\/www.visit-ulcinj.com\/blog\/2015\/04\/21\/u-ulcinju-od-kaldrme-boli-glava\/#webpage","url":"https:\/\/www.visit-ulcinj.com\/blog\/2015\/04\/21\/u-ulcinju-od-kaldrme-boli-glava\/","name":"U Ulcinju od kaldrme boli glava - Lajme nga Ulqini","isPartOf":{"@id":"https:\/\/www.visit-ulcinj.com\/blog\/#website"},"datePublished":"2015-04-21T21:19:03+00:00","dateModified":"2015-04-21T21:19:42+00:00","author":{"@id":"https:\/\/www.visit-ulcinj.com\/blog\/#\/schema\/person\/dcab619c614d3038751c63bc2aadc06d"},"description":"UL\u00adCINj - Kal\u00addr\u00adma u u di\u00adje\u00adlu uli\u00adce 26. no\u00advem\u00adbar u Ul\u00adci\u00adnju mo\u00adgla bi slo\u00adbod\u00adno da u\u0111e u Gi\u00adni\u00adso\u00advu knji\u00adgu re\u00adkor\u00adda po bro\u00adju","breadcrumb":{"@id":"https:\/\/www.visit-ulcinj.com\/blog\/2015\/04\/21\/u-ulcinju-od-kaldrme-boli-glava\/#breadcrumb"},"inLanguage":"en-US","potentialAction":[{"@type":"ReadAction","target":["https:\/\/www.visit-ulcinj.com\/blog\/2015\/04\/21\/u-ulcinju-od-kaldrme-boli-glava\/"]}]},{"@type":"BreadcrumbList","@id":"https:\/\/www.visit-ulcinj.com\/blog\/2015\/04\/21\/u-ulcinju-od-kaldrme-boli-glava\/#breadcrumb","itemListElement":[{"@type":"ListItem","position":1,"name":"U Ulcinju od kaldrme boli glava"}]},{"@type":"Person","@id":"https:\/\/www.visit-ulcinj.com\/blog\/#\/schema\/person\/dcab619c614d3038751c63bc2aadc06d","name":"ulqini","sameAs":["http:\/\/www.visit-ulcinj.com"],"url":"https:\/\/www.visit-ulcinj.com\/blog\/author\/admin\/"}]}},"jetpack_featured_media_url":"","jetpack_sharing_enabled":true,"jetpack_shortlink":"https:\/\/wp.me\/pe6lTn-nra","_links":{"self":[{"href":"https:\/\/www.visit-ulcinj.com\/blog\/wp-json\/wp\/v2\/posts\/90096"}],"collection":[{"href":"https:\/\/www.visit-ulcinj.com\/blog\/wp-json\/wp\/v2\/posts"}],"about":[{"href":"https:\/\/www.visit-ulcinj.com\/blog\/wp-json\/wp\/v2\/types\/post"}],"author":[{"embeddable":true,"href":"https:\/\/www.visit-ulcinj.com\/blog\/wp-json\/wp\/v2\/users\/1"}],"replies":[{"embeddable":true,"href":"https:\/\/www.visit-ulcinj.com\/blog\/wp-json\/wp\/v2\/comments?post=90096"}],"version-history":[{"count":2,"href":"https:\/\/www.visit-ulcinj.com\/blog\/wp-json\/wp\/v2\/posts\/90096\/revisions"}],"predecessor-version":[{"id":90099,"href":"https:\/\/www.visit-ulcinj.com\/blog\/wp-json\/wp\/v2\/posts\/90096\/revisions\/90099"}],"wp:attachment":[{"href":"https:\/\/www.visit-ulcinj.com\/blog\/wp-json\/wp\/v2\/media?parent=90096"}],"wp:term":[{"taxonomy":"category","embeddable":true,"href":"https:\/\/www.visit-ulcinj.com\/blog\/wp-json\/wp\/v2\/categories?post=90096"},{"taxonomy":"post_tag","embeddable":true,"href":"https:\/\/www.visit-ulcinj.com\/blog\/wp-json\/wp\/v2\/tags?post=90096"}],"curies":[{"name":"wp","href":"https:\/\/api.w.org\/{rel}","templated":true}]}}