{"id":90105,"date":"2015-04-22T16:54:31","date_gmt":"2015-04-22T15:54:31","guid":{"rendered":"http:\/\/www.visit-ulcinj.com\/blog\/?p=90105"},"modified":"2015-04-22T16:54:31","modified_gmt":"2015-04-22T15:54:31","slug":"nderime-dhe-respekt-sot-u-varros-husein-bato-dukaj","status":"publish","type":"post","link":"https:\/\/www.visit-ulcinj.com\/blog\/2015\/04\/22\/nderime-dhe-respekt-sot-u-varros-husein-bato-dukaj\/","title":{"rendered":"Me nderime dhe respekt, sot u varros Husein Bato Dukaj"},"content":{"rendered":"<p><a href=\"http:\/\/www.visit-ulcinj.com\/blog\/wp-content\/uploads\/2015\/04\/Husein-Bato-Dukaj.jpg\"><img loading=\"lazy\" class=\"alignleft wp-image-90106\" src=\"http:\/\/www.visit-ulcinj.com\/blog\/wp-content\/uploads\/2015\/04\/Husein-Bato-Dukaj.jpg\" alt=\"Husein Bato Dukaj\" width=\"508\" height=\"381\" srcset=\"https:\/\/www.visit-ulcinj.com\/blog\/wp-content\/uploads\/2015\/04\/Husein-Bato-Dukaj.jpg 500w, https:\/\/www.visit-ulcinj.com\/blog\/wp-content\/uploads\/2015\/04\/Husein-Bato-Dukaj-300x225.jpg 300w\" sizes=\"(max-width: 508px) 100vw, 508px\" \/><\/a>Sot n\u00eb QKI \u201cBudo Tomoviq\u201d, n\u00eb Podgoric\u00eb, u mbajt mbledhja komemorative dhe me nj\u00eb minut\u00eb heshtje iu dha nderimi i fundit, tashm\u00eb t\u00eb ndjerit, regjisorit t\u00eb njohur t\u00eb TV t\u00eb Malit t\u00eb Zi, Husein Bato Dukaj. N\u00eb pranin\u00eb e familjar\u00ebve t\u00eb pik\u00eblluar, t\u00eb af\u00ebrmve, miqve dhe koleg\u00ebve t\u00eb shumt\u00eb, p\u00ebr vepr\u00ebn e tij njer\u00ebzore dhe krijuese foli drejtori i i p\u00ebrgjithsh\u00ebm i RTV t\u00eb Malit \u00eb Zi, Rade Vojvodiq, i cili tha se ai ishte njeri i talentit dhe shkatht\u00ebsive e t\u00eb till\u00ebt e kan\u00eb fatin t\u00eb vdesin.<\/p>\n<p>Nd\u00ebrkaq, fjal\u00ebn e vet mjaft emocionuese, regjisori i njohur malazias Blagota Erakoviq, e filloi me fjal\u00ebt se p\u00ebr njer\u00ebzit si\u00e7 ishte Husein Bato Dukaj \u00ebsht\u00eb leht\u00eb t\u00eb flitet, por nj\u00ebkoh\u00ebsisht edhe v\u00ebshtir\u00eb.<\/p>\n<p>\u201cKy njeri i qet\u00eb dhe i \u00e7ilt\u00ebr, entuziazmin dhe dijen e vet artistike e ka shprehur n\u00eb qindra realizime t\u00eb vlefshme televizive gjat\u00eb tri dekadave t\u00eb pun\u00ebs s\u00eb palodhshme n\u00eb TV e MZ. Vul\u00ebn e fort\u00eb autoriale e vendosi duke nd\u00ebrtuar ura n\u00eb mes popujve n\u00ebp\u00ebrmjet emisioneve t\u00eb shumta t\u00eb redaksis\u00eb p\u00ebr pakica\u201d.<\/p>\n<p>Husein Bato Dukaj vdiq para dy dit\u00ebsh, n\u00eb mosh\u00ebn 56 vje\u00e7are. Ai pasi q\u00eb diplomon regjin\u00eb n\u00eb vitin 1985, n\u00eb fakultetin e Arteve dramatike n\u00eb Beograd, si\u00a0 regjisor i par\u00eb i diplomuar, pun\u00ebsohet n\u00eb TV e Malit t\u00eb Zi. Po k\u00ebt\u00eb vit filloi angazhimin e tij krijues dhe t\u00eb frytsh\u00ebm n\u00eb Televizionin e Malit t\u00eb Zi. Gjat\u00eb 30 vjet\u00ebve pun\u00eb\u00a0 n\u00eb programin kulturo artistik, pastaj t\u00eb f\u00ebmij\u00ebve dhe at\u00eb dokumentar ka realizuar emisione me vler\u00eb t\u00eb pa shlyer n\u00eb zhanre t\u00eb ndryshme t\u00eb krijimtaris\u00eb televizive. Bato Dukaj do t\u00eb mbetet n\u00eb kujtes\u00eb sipas emisioneve dokumentare, festivaleve t\u00eb f\u00ebmij\u00ebve t\u00eb cil\u00ebt i ka themeluar dhe ua ka b\u00ebr\u00eb regjin\u00eb. Ai, u varros sot n\u00eb varrezat\u00a0familjare n\u00eb fshatin e tij t\u00eb lindjes Tojeq, n\u00eb Dinosh\u00eb.<\/p>\n<p>TVCG<\/p>\n","protected":false},"excerpt":{"rendered":"<p>Sot n\u00eb QKI \u201cBudo Tomoviq\u201d, n\u00eb Podgoric\u00eb, u mbajt mbledhja komemorative dhe me nj\u00eb minut\u00eb heshtje iu dha nderimi i fundit, tashm\u00eb t\u00eb ndjerit, regjisorit t\u00eb njohur t\u00eb TV t\u00eb Malit t\u00eb Zi, Husein Bato Dukaj. N\u00eb pranin\u00eb e familjar\u00ebve t\u00eb pik\u00eblluar, t\u00eb af\u00ebrmve, miqve dhe koleg\u00ebve t\u00eb shumt\u00eb, p\u00ebr vepr\u00ebn e tij njer\u00ebzore dhe [&hellip;]<\/p>\n","protected":false},"author":1,"featured_media":0,"comment_status":"closed","ping_status":"closed","sticky":false,"template":"","format":"standard","meta":{"spay_email":"","jetpack_publicize_message":"","jetpack_is_tweetstorm":false,"jetpack_publicize_feature_enabled":true},"categories":[6950],"tags":[],"jetpack_publicize_connections":[],"yoast_head":"<!-- This site is optimized with the Yoast SEO plugin v19.1 - https:\/\/yoast.com\/wordpress\/plugins\/seo\/ -->\n<title>Me nderime dhe respekt, sot u varros Husein Bato Dukaj - Lajme nga Ulqini<\/title>\n<meta name=\"description\" content=\"Sot n\u00eb QKI \u201cBudo Tomoviq\u201d, n\u00eb Podgoric\u00eb, u mbajt mbledhja komemorative dhe me nj\u00eb minut\u00eb heshtje iu dha nderimi i fundit, tashm\u00eb t\u00eb ndjerit, regjisorit t\u00eb\" \/>\n<meta name=\"robots\" content=\"index, follow, max-snippet:-1, max-image-preview:large, max-video-preview:-1\" \/>\n<link rel=\"canonical\" href=\"https:\/\/www.visit-ulcinj.com\/blog\/2015\/04\/22\/nderime-dhe-respekt-sot-u-varros-husein-bato-dukaj\/\" \/>\n<meta property=\"og:locale\" content=\"en_US\" \/>\n<meta property=\"og:type\" content=\"article\" \/>\n<meta property=\"og:title\" content=\"Me nderime dhe respekt, sot u varros Husein Bato Dukaj - Lajme nga Ulqini\" \/>\n<meta property=\"og:description\" content=\"Sot n\u00eb QKI \u201cBudo Tomoviq\u201d, n\u00eb Podgoric\u00eb, u mbajt mbledhja komemorative dhe me nj\u00eb minut\u00eb heshtje iu dha nderimi i fundit, tashm\u00eb t\u00eb ndjerit, regjisorit t\u00eb\" \/>\n<meta property=\"og:url\" content=\"https:\/\/www.visit-ulcinj.com\/blog\/2015\/04\/22\/nderime-dhe-respekt-sot-u-varros-husein-bato-dukaj\/\" \/>\n<meta property=\"og:site_name\" content=\"Lajme nga Ulqini\" \/>\n<meta property=\"article:published_time\" content=\"2015-04-22T15:54:31+00:00\" \/>\n<meta property=\"og:image\" content=\"http:\/\/www.visit-ulcinj.com\/blog\/wp-content\/uploads\/2015\/04\/Husein-Bato-Dukaj.jpg\" \/>\n<meta name=\"twitter:label1\" content=\"Written by\" \/>\n\t<meta name=\"twitter:data1\" content=\"ulqini\" \/>\n\t<meta name=\"twitter:label2\" content=\"Est. reading time\" \/>\n\t<meta name=\"twitter:data2\" content=\"2 minutes\" \/>\n<script type=\"application\/ld+json\" class=\"yoast-schema-graph\">{\"@context\":\"https:\/\/schema.org\",\"@graph\":[{\"@type\":\"WebSite\",\"@id\":\"https:\/\/www.visit-ulcinj.com\/blog\/#website\",\"url\":\"https:\/\/www.visit-ulcinj.com\/blog\/\",\"name\":\"Lajme nga Ulqini\",\"description\":\"Lajme,Vijesti,Ulqini,Ulqin,Crna Gora,Mali i Zi\",\"potentialAction\":[{\"@type\":\"SearchAction\",\"target\":{\"@type\":\"EntryPoint\",\"urlTemplate\":\"https:\/\/www.visit-ulcinj.com\/blog\/?s={search_term_string}\"},\"query-input\":\"required name=search_term_string\"}],\"inLanguage\":\"en-US\"},{\"@type\":\"ImageObject\",\"inLanguage\":\"en-US\",\"@id\":\"https:\/\/www.visit-ulcinj.com\/blog\/2015\/04\/22\/nderime-dhe-respekt-sot-u-varros-husein-bato-dukaj\/#primaryimage\",\"url\":\"https:\/\/www.visit-ulcinj.com\/blog\/wp-content\/uploads\/2015\/04\/Husein-Bato-Dukaj.jpg\",\"contentUrl\":\"https:\/\/www.visit-ulcinj.com\/blog\/wp-content\/uploads\/2015\/04\/Husein-Bato-Dukaj.jpg\",\"width\":500,\"height\":375},{\"@type\":\"WebPage\",\"@id\":\"https:\/\/www.visit-ulcinj.com\/blog\/2015\/04\/22\/nderime-dhe-respekt-sot-u-varros-husein-bato-dukaj\/#webpage\",\"url\":\"https:\/\/www.visit-ulcinj.com\/blog\/2015\/04\/22\/nderime-dhe-respekt-sot-u-varros-husein-bato-dukaj\/\",\"name\":\"Me nderime dhe respekt, sot u varros Husein Bato Dukaj - Lajme nga Ulqini\",\"isPartOf\":{\"@id\":\"https:\/\/www.visit-ulcinj.com\/blog\/#website\"},\"primaryImageOfPage\":{\"@id\":\"https:\/\/www.visit-ulcinj.com\/blog\/2015\/04\/22\/nderime-dhe-respekt-sot-u-varros-husein-bato-dukaj\/#primaryimage\"},\"datePublished\":\"2015-04-22T15:54:31+00:00\",\"dateModified\":\"2015-04-22T15:54:31+00:00\",\"author\":{\"@id\":\"https:\/\/www.visit-ulcinj.com\/blog\/#\/schema\/person\/dcab619c614d3038751c63bc2aadc06d\"},\"description\":\"Sot n\u00eb QKI \u201cBudo Tomoviq\u201d, n\u00eb Podgoric\u00eb, u mbajt mbledhja komemorative dhe me nj\u00eb minut\u00eb heshtje iu dha nderimi i fundit, tashm\u00eb t\u00eb ndjerit, regjisorit t\u00eb\",\"breadcrumb\":{\"@id\":\"https:\/\/www.visit-ulcinj.com\/blog\/2015\/04\/22\/nderime-dhe-respekt-sot-u-varros-husein-bato-dukaj\/#breadcrumb\"},\"inLanguage\":\"en-US\",\"potentialAction\":[{\"@type\":\"ReadAction\",\"target\":[\"https:\/\/www.visit-ulcinj.com\/blog\/2015\/04\/22\/nderime-dhe-respekt-sot-u-varros-husein-bato-dukaj\/\"]}]},{\"@type\":\"BreadcrumbList\",\"@id\":\"https:\/\/www.visit-ulcinj.com\/blog\/2015\/04\/22\/nderime-dhe-respekt-sot-u-varros-husein-bato-dukaj\/#breadcrumb\",\"itemListElement\":[{\"@type\":\"ListItem\",\"position\":1,\"name\":\"Me nderime dhe respekt, sot u varros Husein Bato Dukaj\"}]},{\"@type\":\"Person\",\"@id\":\"https:\/\/www.visit-ulcinj.com\/blog\/#\/schema\/person\/dcab619c614d3038751c63bc2aadc06d\",\"name\":\"ulqini\",\"sameAs\":[\"http:\/\/www.visit-ulcinj.com\"],\"url\":\"https:\/\/www.visit-ulcinj.com\/blog\/author\/admin\/\"}]}<\/script>\n<!-- \/ Yoast SEO plugin. -->","yoast_head_json":{"title":"Me nderime dhe respekt, sot u varros Husein Bato Dukaj - Lajme nga Ulqini","description":"Sot n\u00eb QKI \u201cBudo Tomoviq\u201d, n\u00eb Podgoric\u00eb, u mbajt mbledhja komemorative dhe me nj\u00eb minut\u00eb heshtje iu dha nderimi i fundit, tashm\u00eb t\u00eb ndjerit, regjisorit t\u00eb","robots":{"index":"index","follow":"follow","max-snippet":"max-snippet:-1","max-image-preview":"max-image-preview:large","max-video-preview":"max-video-preview:-1"},"canonical":"https:\/\/www.visit-ulcinj.com\/blog\/2015\/04\/22\/nderime-dhe-respekt-sot-u-varros-husein-bato-dukaj\/","og_locale":"en_US","og_type":"article","og_title":"Me nderime dhe respekt, sot u varros Husein Bato Dukaj - Lajme nga Ulqini","og_description":"Sot n\u00eb QKI \u201cBudo Tomoviq\u201d, n\u00eb Podgoric\u00eb, u mbajt mbledhja komemorative dhe me nj\u00eb minut\u00eb heshtje iu dha nderimi i fundit, tashm\u00eb t\u00eb ndjerit, regjisorit t\u00eb","og_url":"https:\/\/www.visit-ulcinj.com\/blog\/2015\/04\/22\/nderime-dhe-respekt-sot-u-varros-husein-bato-dukaj\/","og_site_name":"Lajme nga Ulqini","article_published_time":"2015-04-22T15:54:31+00:00","og_image":[{"url":"http:\/\/www.visit-ulcinj.com\/blog\/wp-content\/uploads\/2015\/04\/Husein-Bato-Dukaj.jpg"}],"twitter_misc":{"Written by":"ulqini","Est. reading time":"2 minutes"},"schema":{"@context":"https:\/\/schema.org","@graph":[{"@type":"WebSite","@id":"https:\/\/www.visit-ulcinj.com\/blog\/#website","url":"https:\/\/www.visit-ulcinj.com\/blog\/","name":"Lajme nga Ulqini","description":"Lajme,Vijesti,Ulqini,Ulqin,Crna Gora,Mali i Zi","potentialAction":[{"@type":"SearchAction","target":{"@type":"EntryPoint","urlTemplate":"https:\/\/www.visit-ulcinj.com\/blog\/?s={search_term_string}"},"query-input":"required name=search_term_string"}],"inLanguage":"en-US"},{"@type":"ImageObject","inLanguage":"en-US","@id":"https:\/\/www.visit-ulcinj.com\/blog\/2015\/04\/22\/nderime-dhe-respekt-sot-u-varros-husein-bato-dukaj\/#primaryimage","url":"https:\/\/www.visit-ulcinj.com\/blog\/wp-content\/uploads\/2015\/04\/Husein-Bato-Dukaj.jpg","contentUrl":"https:\/\/www.visit-ulcinj.com\/blog\/wp-content\/uploads\/2015\/04\/Husein-Bato-Dukaj.jpg","width":500,"height":375},{"@type":"WebPage","@id":"https:\/\/www.visit-ulcinj.com\/blog\/2015\/04\/22\/nderime-dhe-respekt-sot-u-varros-husein-bato-dukaj\/#webpage","url":"https:\/\/www.visit-ulcinj.com\/blog\/2015\/04\/22\/nderime-dhe-respekt-sot-u-varros-husein-bato-dukaj\/","name":"Me nderime dhe respekt, sot u varros Husein Bato Dukaj - Lajme nga Ulqini","isPartOf":{"@id":"https:\/\/www.visit-ulcinj.com\/blog\/#website"},"primaryImageOfPage":{"@id":"https:\/\/www.visit-ulcinj.com\/blog\/2015\/04\/22\/nderime-dhe-respekt-sot-u-varros-husein-bato-dukaj\/#primaryimage"},"datePublished":"2015-04-22T15:54:31+00:00","dateModified":"2015-04-22T15:54:31+00:00","author":{"@id":"https:\/\/www.visit-ulcinj.com\/blog\/#\/schema\/person\/dcab619c614d3038751c63bc2aadc06d"},"description":"Sot n\u00eb QKI \u201cBudo Tomoviq\u201d, n\u00eb Podgoric\u00eb, u mbajt mbledhja komemorative dhe me nj\u00eb minut\u00eb heshtje iu dha nderimi i fundit, tashm\u00eb t\u00eb ndjerit, regjisorit t\u00eb","breadcrumb":{"@id":"https:\/\/www.visit-ulcinj.com\/blog\/2015\/04\/22\/nderime-dhe-respekt-sot-u-varros-husein-bato-dukaj\/#breadcrumb"},"inLanguage":"en-US","potentialAction":[{"@type":"ReadAction","target":["https:\/\/www.visit-ulcinj.com\/blog\/2015\/04\/22\/nderime-dhe-respekt-sot-u-varros-husein-bato-dukaj\/"]}]},{"@type":"BreadcrumbList","@id":"https:\/\/www.visit-ulcinj.com\/blog\/2015\/04\/22\/nderime-dhe-respekt-sot-u-varros-husein-bato-dukaj\/#breadcrumb","itemListElement":[{"@type":"ListItem","position":1,"name":"Me nderime dhe respekt, sot u varros Husein Bato Dukaj"}]},{"@type":"Person","@id":"https:\/\/www.visit-ulcinj.com\/blog\/#\/schema\/person\/dcab619c614d3038751c63bc2aadc06d","name":"ulqini","sameAs":["http:\/\/www.visit-ulcinj.com"],"url":"https:\/\/www.visit-ulcinj.com\/blog\/author\/admin\/"}]}},"jetpack_featured_media_url":"","jetpack_sharing_enabled":true,"jetpack_shortlink":"https:\/\/wp.me\/pe6lTn-nrj","_links":{"self":[{"href":"https:\/\/www.visit-ulcinj.com\/blog\/wp-json\/wp\/v2\/posts\/90105"}],"collection":[{"href":"https:\/\/www.visit-ulcinj.com\/blog\/wp-json\/wp\/v2\/posts"}],"about":[{"href":"https:\/\/www.visit-ulcinj.com\/blog\/wp-json\/wp\/v2\/types\/post"}],"author":[{"embeddable":true,"href":"https:\/\/www.visit-ulcinj.com\/blog\/wp-json\/wp\/v2\/users\/1"}],"replies":[{"embeddable":true,"href":"https:\/\/www.visit-ulcinj.com\/blog\/wp-json\/wp\/v2\/comments?post=90105"}],"version-history":[{"count":1,"href":"https:\/\/www.visit-ulcinj.com\/blog\/wp-json\/wp\/v2\/posts\/90105\/revisions"}],"predecessor-version":[{"id":90107,"href":"https:\/\/www.visit-ulcinj.com\/blog\/wp-json\/wp\/v2\/posts\/90105\/revisions\/90107"}],"wp:attachment":[{"href":"https:\/\/www.visit-ulcinj.com\/blog\/wp-json\/wp\/v2\/media?parent=90105"}],"wp:term":[{"taxonomy":"category","embeddable":true,"href":"https:\/\/www.visit-ulcinj.com\/blog\/wp-json\/wp\/v2\/categories?post=90105"},{"taxonomy":"post_tag","embeddable":true,"href":"https:\/\/www.visit-ulcinj.com\/blog\/wp-json\/wp\/v2\/tags?post=90105"}],"curies":[{"name":"wp","href":"https:\/\/api.w.org\/{rel}","templated":true}]}}