{"id":90108,"date":"2015-04-22T17:02:25","date_gmt":"2015-04-22T16:02:25","guid":{"rendered":"http:\/\/www.visit-ulcinj.com\/blog\/?p=90108"},"modified":"2015-04-22T17:02:25","modified_gmt":"2015-04-22T16:02:25","slug":"ojq-labeatet-eksplorojne-shpellat-ne-malesi-te-madhe","status":"publish","type":"post","link":"https:\/\/www.visit-ulcinj.com\/blog\/2015\/04\/22\/ojq-labeatet-eksplorojne-shpellat-ne-malesi-te-madhe\/","title":{"rendered":"OJQ &#8220;LABEAT\u00cbT&#8221; eksplorojn\u00eb shpellat n\u00eb Mal\u00ebsi t\u00eb Madhe"},"content":{"rendered":"<p><span id=\"fbPhotoPageCaption\" class=\"fbPhotosPhotoCaption\" tabindex=\"0\" data-ft=\"{&quot;tn&quot;:&quot;*G&quot;,&quot;type&quot;:45}\"><span class=\"hasCaption\"><a href=\"http:\/\/www.visit-ulcinj.com\/blog\/wp-content\/uploads\/2015\/04\/OJQ-LABEAT\u00cbT-eksplorojn\u00eb-shpellat-n\u00eb-Mal\u00ebsi-te-Madhe.jpg\"><img loading=\"lazy\" class=\"alignleft wp-image-90109\" src=\"http:\/\/www.visit-ulcinj.com\/blog\/wp-content\/uploads\/2015\/04\/OJQ-LABEAT\u00cbT-eksplorojn\u00eb-shpellat-n\u00eb-Mal\u00ebsi-te-Madhe.jpg\" alt=\"OJQ -LABEAT\u00cbT-eksplorojn\u00eb shpellat n\u00eb Mal\u00ebsi te Madhe\" width=\"508\" height=\"381\" srcset=\"https:\/\/www.visit-ulcinj.com\/blog\/wp-content\/uploads\/2015\/04\/OJQ-LABEAT\u00cbT-eksplorojn\u00eb-shpellat-n\u00eb-Mal\u00ebsi-te-Madhe.jpg 960w, https:\/\/www.visit-ulcinj.com\/blog\/wp-content\/uploads\/2015\/04\/OJQ-LABEAT\u00cbT-eksplorojn\u00eb-shpellat-n\u00eb-Mal\u00ebsi-te-Madhe-300x225.jpg 300w\" sizes=\"(max-width: 508px) 100vw, 508px\" \/><\/a>OJQ &#8220;LABEAT\u00cbT&#8221; eksplorojn\u00eb shpellat n\u00eb Mal\u00ebsi t\u00eb Madhe<\/span><\/span><\/p>\n<p><span id=\"fbPhotoPageCaption\" class=\"fbPhotosPhotoCaption\" tabindex=\"0\" data-ft=\"{&quot;tn&quot;:&quot;*G&quot;,&quot;type&quot;:45}\"><span class=\"hasCaption\"><br \/>\n<strong><a href=\"https:\/\/www.facebook.com\/anton.pllumaj\/photos_albums\" target=\"_blank\">Shikoni videon&#8230;pamje nga nji shpell\u00eb-humner\u00eb n\u00eb Triesh.<\/a><\/strong><\/p>\n<p>Ne jemi m\u00ebsuar t\u00eb shohim bukurit\u00eb e natyres n\u00ebn rrezet e diellit. Por udh\u00ebtimi m\u00eb interesant \u00ebsht\u00eb n\u00ebn tok\u00eb mes shpellave t\u00eb bukura q\u00eb ndodhen n\u00ebn k\u00ebmb\u00ebt tona.<br \/>\n<span class=\"text_exposed_show\"><br \/>\nNga shpella n\u00eb shpell\u00eb, udh\u00ebtimi n\u00eb qend\u00ebr t\u00eb tok\u00ebs \u00ebsht\u00eb nj\u00eb nga ato p\u00ebrvoja q\u00eb t\u00eb l\u00eb me goj\u00eb t\u00eb hapur.<\/p>\n<p>Mrekullit\u00eb q\u00eb Zoti ka b\u00ebr\u00eb me natyr\u00ebn jan\u00eb anek\u00ebnd bot\u00ebs dhe t\u00eb pafundme.<\/p>\n<p>Shpellat jan\u00eb nj\u00eb mrekulli e v\u00ebrtet\u00eb e natyr\u00ebs, mbi t\u00eb cilat shekujt kan\u00eb krijuar kryevepra t\u00eb arkitektur\u00ebs shk\u00ebmbore.<br \/>\nNatyra \u00ebsht\u00eb gjithmon\u00eb befasuese n\u00eb at\u00eb q\u00eb nd\u00ebrton, ajo ka shum\u00eb vepra t\u00eb ndryshme t\u00ebrheq\u00ebse dhe interesante p\u00ebr t\u2019u par\u00eb.<\/p>\n<p>K\u00ebtu mund t\u00eb p\u00ebrmendim malet shk\u00ebmbore e detet e thella. Por, shpellat jan\u00eb nd\u00ebr vendet m\u00eb t\u00eb ve\u00e7anta dhe m\u00eb misterioze, ato dallohen p\u00ebr vetit\u00eb e tyre jan\u00eb t\u00eb gjata, t\u00eb err\u00ebta dhe t\u00eb frikshme.<\/p>\n<p>Shpesh ato shquhen si vende t\u00eb frikshme por jo n\u00eb t\u00eb gjith\u00eb rastet jan\u00eb t\u00eb tilla pasi ka dhe nga ato q\u00eb n\u00eb af\u00ebrsi t\u00eb tyre jan\u00eb emocionuese dhe misterioze n\u00eb sip\u00ebrfaqen e Tok\u00ebs.<\/p>\n<p>N\u00ebse d\u00ebshironi t\u00eb mbytni realitetin lodh\u00ebs dhe t\u00eb ndiheni t\u00eb \u00e7liruar nga komplikacionet e teknologjis\u00eb, jan\u00eb disa vende perfekte ku ju mund t\u00eb kuptoni se sa e bukur \u00ebsht\u00eb bota pa dor\u00ebn e njeriut. Shpellat e Mal\u00ebsis\u00eb s\u00eb Madhe t\u00eb paprekura nga dora e njeriut, t\u00eb pa ndotura nga tymi i makinave dhe t\u00eb pambytura nga betoni, jan\u00eb disa labirinte ku eksplorimi \u00ebsht\u00eb misterioz, por dhe i rreziksh\u00ebm.<\/p>\n<p>Mal\u00ebsia e Madhe \u00ebsht\u00eb e pasur me nj\u00eb larmi t\u00eb madhe t\u00eb shpellave.<\/p>\n<p><a href=\"https:\/\/www.facebook.com\/anton.pllumaj\/photos_albums\" target=\"_blank\"><strong>Shijoni bukurit\u00eb n\u00ebntok\u00ebsore t\u00eb Mal\u00ebsis s\u00eb Madhe &#8211; Anton Pllumaj Facebook<\/strong><\/a><br \/>\n<\/span><\/span><\/span><\/p>\n<p>&nbsp;<\/p>\n","protected":false},"excerpt":{"rendered":"<p>OJQ &#8220;LABEAT\u00cbT&#8221; eksplorojn\u00eb shpellat n\u00eb Mal\u00ebsi t\u00eb Madhe Shikoni videon&#8230;pamje nga nji shpell\u00eb-humner\u00eb n\u00eb Triesh. Ne jemi m\u00ebsuar t\u00eb shohim bukurit\u00eb e natyres n\u00ebn rrezet e diellit. Por udh\u00ebtimi m\u00eb interesant \u00ebsht\u00eb n\u00ebn tok\u00eb mes shpellave t\u00eb bukura q\u00eb ndodhen n\u00ebn k\u00ebmb\u00ebt tona. Nga shpella n\u00eb shpell\u00eb, udh\u00ebtimi n\u00eb qend\u00ebr t\u00eb tok\u00ebs \u00ebsht\u00eb nj\u00eb nga [&hellip;]<\/p>\n","protected":false},"author":1,"featured_media":0,"comment_status":"closed","ping_status":"closed","sticky":false,"template":"","format":"standard","meta":{"spay_email":"","jetpack_publicize_message":"","jetpack_is_tweetstorm":false,"jetpack_publicize_feature_enabled":true},"categories":[14],"tags":[],"jetpack_publicize_connections":[],"yoast_head":"<!-- This site is optimized with the Yoast SEO plugin v19.1 - https:\/\/yoast.com\/wordpress\/plugins\/seo\/ -->\n<title>OJQ &quot;LABEAT\u00cbT&quot; eksplorojn\u00eb shpellat n\u00eb Mal\u00ebsi t\u00eb Madhe - Lajme nga Ulqini<\/title>\n<meta name=\"description\" content=\"OJQ &quot;LABEAT\u00cbT&quot; eksplorojn\u00eb shpellat n\u00eb Mal\u00ebsi t\u00eb Madhe Shikoni videon...pamje nga nji shpell\u00eb-humner\u00eb n\u00eb Triesh. Ne jemi m\u00ebsuar t\u00eb shohim bukurit\u00eb e\" \/>\n<meta name=\"robots\" content=\"index, follow, max-snippet:-1, max-image-preview:large, max-video-preview:-1\" \/>\n<link rel=\"canonical\" href=\"https:\/\/www.visit-ulcinj.com\/blog\/2015\/04\/22\/ojq-labeatet-eksplorojne-shpellat-ne-malesi-te-madhe\/\" \/>\n<meta property=\"og:locale\" content=\"en_US\" \/>\n<meta property=\"og:type\" content=\"article\" \/>\n<meta property=\"og:title\" content=\"OJQ &quot;LABEAT\u00cbT&quot; eksplorojn\u00eb shpellat n\u00eb Mal\u00ebsi t\u00eb Madhe - Lajme nga Ulqini\" \/>\n<meta property=\"og:description\" content=\"OJQ &quot;LABEAT\u00cbT&quot; eksplorojn\u00eb shpellat n\u00eb Mal\u00ebsi t\u00eb Madhe Shikoni videon...pamje nga nji shpell\u00eb-humner\u00eb n\u00eb Triesh. Ne jemi m\u00ebsuar t\u00eb shohim bukurit\u00eb e\" \/>\n<meta property=\"og:url\" content=\"https:\/\/www.visit-ulcinj.com\/blog\/2015\/04\/22\/ojq-labeatet-eksplorojne-shpellat-ne-malesi-te-madhe\/\" \/>\n<meta property=\"og:site_name\" content=\"Lajme nga Ulqini\" \/>\n<meta property=\"article:published_time\" content=\"2015-04-22T16:02:25+00:00\" \/>\n<meta name=\"twitter:label1\" content=\"Written by\" \/>\n\t<meta name=\"twitter:data1\" content=\"ulqini\" \/>\n\t<meta name=\"twitter:label2\" content=\"Est. reading time\" \/>\n\t<meta name=\"twitter:data2\" content=\"2 minutes\" \/>\n<script type=\"application\/ld+json\" class=\"yoast-schema-graph\">{\"@context\":\"https:\/\/schema.org\",\"@graph\":[{\"@type\":\"WebSite\",\"@id\":\"https:\/\/www.visit-ulcinj.com\/blog\/#website\",\"url\":\"https:\/\/www.visit-ulcinj.com\/blog\/\",\"name\":\"Lajme nga Ulqini\",\"description\":\"Lajme,Vijesti,Ulqini,Ulqin,Crna Gora,Mali i Zi\",\"potentialAction\":[{\"@type\":\"SearchAction\",\"target\":{\"@type\":\"EntryPoint\",\"urlTemplate\":\"https:\/\/www.visit-ulcinj.com\/blog\/?s={search_term_string}\"},\"query-input\":\"required name=search_term_string\"}],\"inLanguage\":\"en-US\"},{\"@type\":\"WebPage\",\"@id\":\"https:\/\/www.visit-ulcinj.com\/blog\/2015\/04\/22\/ojq-labeatet-eksplorojne-shpellat-ne-malesi-te-madhe\/#webpage\",\"url\":\"https:\/\/www.visit-ulcinj.com\/blog\/2015\/04\/22\/ojq-labeatet-eksplorojne-shpellat-ne-malesi-te-madhe\/\",\"name\":\"OJQ \\\"LABEAT\u00cbT\\\" eksplorojn\u00eb shpellat n\u00eb Mal\u00ebsi t\u00eb Madhe - Lajme nga Ulqini\",\"isPartOf\":{\"@id\":\"https:\/\/www.visit-ulcinj.com\/blog\/#website\"},\"datePublished\":\"2015-04-22T16:02:25+00:00\",\"dateModified\":\"2015-04-22T16:02:25+00:00\",\"author\":{\"@id\":\"https:\/\/www.visit-ulcinj.com\/blog\/#\/schema\/person\/dcab619c614d3038751c63bc2aadc06d\"},\"description\":\"OJQ \\\"LABEAT\u00cbT\\\" eksplorojn\u00eb shpellat n\u00eb Mal\u00ebsi t\u00eb Madhe Shikoni videon...pamje nga nji shpell\u00eb-humner\u00eb n\u00eb Triesh. Ne jemi m\u00ebsuar t\u00eb shohim bukurit\u00eb e\",\"breadcrumb\":{\"@id\":\"https:\/\/www.visit-ulcinj.com\/blog\/2015\/04\/22\/ojq-labeatet-eksplorojne-shpellat-ne-malesi-te-madhe\/#breadcrumb\"},\"inLanguage\":\"en-US\",\"potentialAction\":[{\"@type\":\"ReadAction\",\"target\":[\"https:\/\/www.visit-ulcinj.com\/blog\/2015\/04\/22\/ojq-labeatet-eksplorojne-shpellat-ne-malesi-te-madhe\/\"]}]},{\"@type\":\"BreadcrumbList\",\"@id\":\"https:\/\/www.visit-ulcinj.com\/blog\/2015\/04\/22\/ojq-labeatet-eksplorojne-shpellat-ne-malesi-te-madhe\/#breadcrumb\",\"itemListElement\":[{\"@type\":\"ListItem\",\"position\":1,\"name\":\"OJQ &#8220;LABEAT\u00cbT&#8221; eksplorojn\u00eb shpellat n\u00eb Mal\u00ebsi t\u00eb Madhe\"}]},{\"@type\":\"Person\",\"@id\":\"https:\/\/www.visit-ulcinj.com\/blog\/#\/schema\/person\/dcab619c614d3038751c63bc2aadc06d\",\"name\":\"ulqini\",\"sameAs\":[\"http:\/\/www.visit-ulcinj.com\"],\"url\":\"https:\/\/www.visit-ulcinj.com\/blog\/author\/admin\/\"}]}<\/script>\n<!-- \/ Yoast SEO plugin. -->","yoast_head_json":{"title":"OJQ \"LABEAT\u00cbT\" eksplorojn\u00eb shpellat n\u00eb Mal\u00ebsi t\u00eb Madhe - Lajme nga Ulqini","description":"OJQ \"LABEAT\u00cbT\" eksplorojn\u00eb shpellat n\u00eb Mal\u00ebsi t\u00eb Madhe Shikoni videon...pamje nga nji shpell\u00eb-humner\u00eb n\u00eb Triesh. Ne jemi m\u00ebsuar t\u00eb shohim bukurit\u00eb e","robots":{"index":"index","follow":"follow","max-snippet":"max-snippet:-1","max-image-preview":"max-image-preview:large","max-video-preview":"max-video-preview:-1"},"canonical":"https:\/\/www.visit-ulcinj.com\/blog\/2015\/04\/22\/ojq-labeatet-eksplorojne-shpellat-ne-malesi-te-madhe\/","og_locale":"en_US","og_type":"article","og_title":"OJQ \"LABEAT\u00cbT\" eksplorojn\u00eb shpellat n\u00eb Mal\u00ebsi t\u00eb Madhe - Lajme nga Ulqini","og_description":"OJQ \"LABEAT\u00cbT\" eksplorojn\u00eb shpellat n\u00eb Mal\u00ebsi t\u00eb Madhe Shikoni videon...pamje nga nji shpell\u00eb-humner\u00eb n\u00eb Triesh. Ne jemi m\u00ebsuar t\u00eb shohim bukurit\u00eb e","og_url":"https:\/\/www.visit-ulcinj.com\/blog\/2015\/04\/22\/ojq-labeatet-eksplorojne-shpellat-ne-malesi-te-madhe\/","og_site_name":"Lajme nga Ulqini","article_published_time":"2015-04-22T16:02:25+00:00","twitter_misc":{"Written by":"ulqini","Est. reading time":"2 minutes"},"schema":{"@context":"https:\/\/schema.org","@graph":[{"@type":"WebSite","@id":"https:\/\/www.visit-ulcinj.com\/blog\/#website","url":"https:\/\/www.visit-ulcinj.com\/blog\/","name":"Lajme nga Ulqini","description":"Lajme,Vijesti,Ulqini,Ulqin,Crna Gora,Mali i Zi","potentialAction":[{"@type":"SearchAction","target":{"@type":"EntryPoint","urlTemplate":"https:\/\/www.visit-ulcinj.com\/blog\/?s={search_term_string}"},"query-input":"required name=search_term_string"}],"inLanguage":"en-US"},{"@type":"WebPage","@id":"https:\/\/www.visit-ulcinj.com\/blog\/2015\/04\/22\/ojq-labeatet-eksplorojne-shpellat-ne-malesi-te-madhe\/#webpage","url":"https:\/\/www.visit-ulcinj.com\/blog\/2015\/04\/22\/ojq-labeatet-eksplorojne-shpellat-ne-malesi-te-madhe\/","name":"OJQ \"LABEAT\u00cbT\" eksplorojn\u00eb shpellat n\u00eb Mal\u00ebsi t\u00eb Madhe - Lajme nga Ulqini","isPartOf":{"@id":"https:\/\/www.visit-ulcinj.com\/blog\/#website"},"datePublished":"2015-04-22T16:02:25+00:00","dateModified":"2015-04-22T16:02:25+00:00","author":{"@id":"https:\/\/www.visit-ulcinj.com\/blog\/#\/schema\/person\/dcab619c614d3038751c63bc2aadc06d"},"description":"OJQ \"LABEAT\u00cbT\" eksplorojn\u00eb shpellat n\u00eb Mal\u00ebsi t\u00eb Madhe Shikoni videon...pamje nga nji shpell\u00eb-humner\u00eb n\u00eb Triesh. Ne jemi m\u00ebsuar t\u00eb shohim bukurit\u00eb e","breadcrumb":{"@id":"https:\/\/www.visit-ulcinj.com\/blog\/2015\/04\/22\/ojq-labeatet-eksplorojne-shpellat-ne-malesi-te-madhe\/#breadcrumb"},"inLanguage":"en-US","potentialAction":[{"@type":"ReadAction","target":["https:\/\/www.visit-ulcinj.com\/blog\/2015\/04\/22\/ojq-labeatet-eksplorojne-shpellat-ne-malesi-te-madhe\/"]}]},{"@type":"BreadcrumbList","@id":"https:\/\/www.visit-ulcinj.com\/blog\/2015\/04\/22\/ojq-labeatet-eksplorojne-shpellat-ne-malesi-te-madhe\/#breadcrumb","itemListElement":[{"@type":"ListItem","position":1,"name":"OJQ &#8220;LABEAT\u00cbT&#8221; eksplorojn\u00eb shpellat n\u00eb Mal\u00ebsi t\u00eb Madhe"}]},{"@type":"Person","@id":"https:\/\/www.visit-ulcinj.com\/blog\/#\/schema\/person\/dcab619c614d3038751c63bc2aadc06d","name":"ulqini","sameAs":["http:\/\/www.visit-ulcinj.com"],"url":"https:\/\/www.visit-ulcinj.com\/blog\/author\/admin\/"}]}},"jetpack_featured_media_url":"","jetpack_sharing_enabled":true,"jetpack_shortlink":"https:\/\/wp.me\/pe6lTn-nrm","_links":{"self":[{"href":"https:\/\/www.visit-ulcinj.com\/blog\/wp-json\/wp\/v2\/posts\/90108"}],"collection":[{"href":"https:\/\/www.visit-ulcinj.com\/blog\/wp-json\/wp\/v2\/posts"}],"about":[{"href":"https:\/\/www.visit-ulcinj.com\/blog\/wp-json\/wp\/v2\/types\/post"}],"author":[{"embeddable":true,"href":"https:\/\/www.visit-ulcinj.com\/blog\/wp-json\/wp\/v2\/users\/1"}],"replies":[{"embeddable":true,"href":"https:\/\/www.visit-ulcinj.com\/blog\/wp-json\/wp\/v2\/comments?post=90108"}],"version-history":[{"count":1,"href":"https:\/\/www.visit-ulcinj.com\/blog\/wp-json\/wp\/v2\/posts\/90108\/revisions"}],"predecessor-version":[{"id":90110,"href":"https:\/\/www.visit-ulcinj.com\/blog\/wp-json\/wp\/v2\/posts\/90108\/revisions\/90110"}],"wp:attachment":[{"href":"https:\/\/www.visit-ulcinj.com\/blog\/wp-json\/wp\/v2\/media?parent=90108"}],"wp:term":[{"taxonomy":"category","embeddable":true,"href":"https:\/\/www.visit-ulcinj.com\/blog\/wp-json\/wp\/v2\/categories?post=90108"},{"taxonomy":"post_tag","embeddable":true,"href":"https:\/\/www.visit-ulcinj.com\/blog\/wp-json\/wp\/v2\/tags?post=90108"}],"curies":[{"name":"wp","href":"https:\/\/api.w.org\/{rel}","templated":true}]}}