{"id":90116,"date":"2015-04-22T21:34:38","date_gmt":"2015-04-22T20:34:38","guid":{"rendered":"http:\/\/www.visit-ulcinj.com\/blog\/?p=90116"},"modified":"2015-04-27T22:22:58","modified_gmt":"2015-04-27T21:22:58","slug":"filluan-mua-nga-sejdo-ismaili","status":"publish","type":"post","link":"https:\/\/www.visit-ulcinj.com\/blog\/2015\/04\/22\/filluan-mua-nga-sejdo-ismaili\/","title":{"rendered":"Filluan me mua nga Sejdo Ismaili"},"content":{"rendered":"<p><span id=\"fbPhotoSnowliftCaption\" class=\"fbPhotosPhotoCaption\" tabindex=\"0\" data-ft=\"{&quot;tn&quot;:&quot;K&quot;}\"><span class=\"hasCaption\"><a href=\"http:\/\/www.visit-ulcinj.com\/blog\/wp-content\/uploads\/2015\/04\/Filluan-me-mua-nga-Sejdo-Ismaili.jpg\"><img loading=\"lazy\" class=\"alignleft wp-image-90117\" src=\"http:\/\/www.visit-ulcinj.com\/blog\/wp-content\/uploads\/2015\/04\/Filluan-me-mua-nga-Sejdo-Ismaili.jpg\" alt=\"Filluan me mua nga Sejdo Ismaili\" width=\"508\" height=\"253\" srcset=\"https:\/\/www.visit-ulcinj.com\/blog\/wp-content\/uploads\/2015\/04\/Filluan-me-mua-nga-Sejdo-Ismaili.jpg 960w, https:\/\/www.visit-ulcinj.com\/blog\/wp-content\/uploads\/2015\/04\/Filluan-me-mua-nga-Sejdo-Ismaili-300x149.jpg 300w\" sizes=\"(max-width: 508px) 100vw, 508px\" \/><\/a>Pes\u00eb pun\u00ebtor\u00eb t\u00eb Televizionit Teuta, mbrenda nji viti mbesin pa pun\u00eb. T\u00eb jesh plot\u00ebsisht i n\u00ebnshtruar \u00ebsht\u00eb domosdoshm\u00ebri q\u00eb si duket do ta praktikoj pronari i ri i TVT.<br \/>\nMe presionet, th\u00ebn\u00eb popullor\u00e7e \u201cme forc\u00eb\u201d, jan\u00eb v\u00ebrsul deri sa nuk na kan\u00eb larguar, te parin mua, Ilirjana Markashin, G\u00ebzim Ibro\u00e7in, dhe para disa ditesh Arijanen Kurmemoviq dhe Suzan\u00ebn Ganiq.<br \/>\nT\u00eb gjith ne ishim me<span class=\"text_exposed_show\"> vendime pune te p\u00ebrhershme.!?<br \/>\nN\u00eb 40 vitet e mija nuk e kam gjet veten n\u00eb nji situat\u00eb t\u00eb till\u00eb, p\u00ebr t\u00eb cil\u00ebn kam k\u00ebrkuar nj\u00eb term adekuat, p\u00ebr her\u00eb t\u00eb par\u00eb i MOBINGUAR \u2013 t\u00eb MOBINGUAR.<br \/>\nMOBING \u00ebsht\u00eb fjal\u00eb angleze q\u00eb p\u00ebrdoret kur pun\u00ebdhansi n\u00eb m\u00ebnyr direkte apo indirekte b\u00ebn\u00eb presion t\u00eb vazhduesh\u00ebm te pun\u00ebtori deri sa punetori te largohet nga vendi i pun\u00ebs.<br \/>\nPo b\u00ebj sot k\u00ebt\u00eb reagim q\u00eb haptas tju tregoj miqve t\u00eb mi t\u00eb Facebook-ut, q\u00eb MOBINGU ne TVT nuk ka filluar me Suzan\u00ebn e Arijan\u00ebn, por me mua! Menjiher me ardhjen e pronarit te ri, at\u00ebher\u00eb kur fushata p\u00ebr zgjedhjet lokale ishte n\u00eb kulmin e saj, un\u00eb ne Televizion kisha status t\u00eb ve\u00e7ant, k\u00ebte e kishin vrejtur edhe koleg\u00eb e tjer t\u00eb Televizionit. Cdo paragjykim qe kishin ndaj meje, menj\u00ebher e kthenin n\u00eb akuz\u00eb.. si psh:<br \/>\n-Sejdoja e ka prish mikseten qe te na deshtoj emisioni.<br \/>\n-U vonua emisioni sepse Sejdoja e ka fajin.<br \/>\n-Per \u00e7do gja qe nuk funksiononte apo nuk shkonte si duhet fajin e ka pas Sejdoja!?<br \/>\nSi rezultat i t\u00eb gjitha paragjykimeve te tyre, fillimisht me nisen ne pushim vjetor, por para kohes qe isha marr vesh me drejtoreshen Ilmira Lika. I kerkova drejtoreshes arsyen se pse duhet te shkoj ne pushim para afatit qe jemi marr vesh, ajo mu pergjigj &#8211; \u201cKa than Ne\u00e7koja \u2013 BEZ KOMENTARA\u201d!?<br \/>\nKur e kam perfundu pushimin vjetor, vetem nji dite para se te kthehem n\u00eb pun\u00eb, me merr n\u00eb telefon drejtoresha dhe me lajmeron q\u00eb \u201cKemi vendos qe TI te vazhdosh me pushim\u201d. Pra t\u00eb vazhdoj me pushim te dhunsh\u00ebm, pa pages, pa kurrfare marreveshje me mua!?<br \/>\nAjo qe perfundimisht m\u00eb b\u00ebri t\u00eb kuptoj q\u00eb kan per q\u00ebllim me k\u00ebsi lloj presionesh t\u00eb m\u00eb nxjerrin nga ai kolektiv ishte momenti kur kolega i kerkon drejtoreshes qe nje dite gjat kohes kur un\u00eb isha ne pushim ta zavendesoja, sepse ai kishte pun\u00eb, p\u00ebrgjigja ishte &#8211; \u201cRregulloje si te mujsh por pa Sejdon, te lutem\u201d!?<br \/>\nPra, me keto sjellje edhe shume t\u00eb tjera, ma ban me dije qe per te vazhdu pun\u00ebn ne Televizion nuk mjafton ta njohesh punen dhe te jesh punetor i mire por duhet t\u00eb jesh dhe plot\u00ebsisht i n\u00ebnshtruar politikisht. Kete ma vertetoi edhe vet pronari Nexhad Lajka i cili ne biseden qe kishim para se te largohem nga puna m\u00eb tha : \u201dTi ke punu shum\u00eb mir\u00eb, por kam pritur nga ti p\u00ebrkrahje me te madhe, ti e di se ku jam un\u00eb\u201d.<br \/>\nUn\u00eb i thash qe 9 vite kam ne Televizion, me pronar Dino Ramoviqin, te gjith e kemi ditur se ku eshte i orijentuar politikisht, por qe kurr nuk ka kerkuar prej nesh ta perkrahim ne ate forme. Dinos nuk i pengonte ajo qe ne politikisht kishim mendime te ndryshme, por te funksiononim shume mir si kolektiv dhe te realizonim 10 emisione javore, ku duhej te kishte vend dhe hapsire per cdokend.<br \/>\nShkurt, ka 1 vjet qe me vullnetin tim u largova nga Televizioni, nganjiher duke mendur se ndoshta edhe un\u00eb mund te jem ne nji far menyre fajtor. Por, koha tregoi di\u00e7ka tjeter. Menjiher me largimin tim, dikush tjeter ishte TARGET. Perafersisht me te njejtat metoda vazhduan me Ilirjana Markashim, me G\u00ebzim Ibro\u00e7in e tani edhe me Suzanen e Arijanen.<br \/>\nKush do t\u00eb jet\u00eb tjet\u00ebr TARGET dhe a do mund t\u00eb \u201cmbijetojn\u00eb\u201d koleg\u00ebt q\u00eb akoma vazdojn\u00eb t\u00eb punojn\u00eb, mbetet t\u00eb shohim n\u00eb ditet n\u00eb vazhdim. Gjith\u00ebsesi, secili prej tyre ka historin e vet, t\u00eb cil\u00ebn ndoshta nji dit\u00eb edhe ato do ta b\u00ebjn\u00eb publike&#8230;<br \/>\nPS<br \/>\nJu bej lutje kolegeve qe akoma punojn ne TVT, &#8220;Mos i bani LIKE keti postimit tim, ku i dihet, mund te mbeteni pa pune&#8221;<\/span><\/span><\/span><\/p>\n<p><strong><a href=\"https:\/\/www.facebook.com\/sejdo.ismaili\" target=\"_blank\">Nga Sejdo Ismaili Facebook<\/a><\/strong><\/p>\n","protected":false},"excerpt":{"rendered":"<p>Pes\u00eb pun\u00ebtor\u00eb t\u00eb Televizionit Teuta, mbrenda nji viti mbesin pa pun\u00eb. T\u00eb jesh plot\u00ebsisht i n\u00ebnshtruar \u00ebsht\u00eb domosdoshm\u00ebri q\u00eb si duket do ta praktikoj pronari i ri i TVT. Me presionet, th\u00ebn\u00eb popullor\u00e7e \u201cme forc\u00eb\u201d, jan\u00eb v\u00ebrsul deri sa nuk na kan\u00eb larguar, te parin mua, Ilirjana Markashin, G\u00ebzim Ibro\u00e7in, dhe para disa ditesh Arijanen [&hellip;]<\/p>\n","protected":false},"author":1,"featured_media":0,"comment_status":"closed","ping_status":"closed","sticky":false,"template":"","format":"standard","meta":{"spay_email":"","jetpack_publicize_message":"","jetpack_is_tweetstorm":false,"jetpack_publicize_feature_enabled":true},"categories":[1,6],"tags":[],"jetpack_publicize_connections":[],"yoast_head":"<!-- This site is optimized with the Yoast SEO plugin v19.1 - https:\/\/yoast.com\/wordpress\/plugins\/seo\/ -->\n<title>Filluan me mua nga Sejdo Ismaili - Lajme nga Ulqini<\/title>\n<meta name=\"description\" content=\"Pes\u00eb pun\u00ebtor\u00eb t\u00eb Televizionit Teuta, mbrenda nji viti mbesin pa pun\u00eb. T\u00eb jesh plot\u00ebsisht i n\u00ebnshtruar \u00ebsht\u00eb domosdoshm\u00ebri q\u00eb si duket do ta praktikoj\" \/>\n<meta name=\"robots\" content=\"index, follow, max-snippet:-1, max-image-preview:large, max-video-preview:-1\" \/>\n<link rel=\"canonical\" href=\"https:\/\/www.visit-ulcinj.com\/blog\/2015\/04\/22\/filluan-mua-nga-sejdo-ismaili\/\" \/>\n<meta property=\"og:locale\" content=\"en_US\" \/>\n<meta property=\"og:type\" content=\"article\" \/>\n<meta property=\"og:title\" content=\"Filluan me mua nga Sejdo Ismaili - Lajme nga Ulqini\" \/>\n<meta property=\"og:description\" content=\"Pes\u00eb pun\u00ebtor\u00eb t\u00eb Televizionit Teuta, mbrenda nji viti mbesin pa pun\u00eb. T\u00eb jesh plot\u00ebsisht i n\u00ebnshtruar \u00ebsht\u00eb domosdoshm\u00ebri q\u00eb si duket do ta praktikoj\" \/>\n<meta property=\"og:url\" content=\"https:\/\/www.visit-ulcinj.com\/blog\/2015\/04\/22\/filluan-mua-nga-sejdo-ismaili\/\" \/>\n<meta property=\"og:site_name\" content=\"Lajme nga Ulqini\" \/>\n<meta property=\"article:published_time\" content=\"2015-04-22T20:34:38+00:00\" \/>\n<meta property=\"article:modified_time\" content=\"2015-04-27T21:22:58+00:00\" \/>\n<meta property=\"og:image\" content=\"http:\/\/www.visit-ulcinj.com\/blog\/wp-content\/uploads\/2015\/04\/Filluan-me-mua-nga-Sejdo-Ismaili.jpg\" \/>\n<meta name=\"twitter:label1\" content=\"Written by\" \/>\n\t<meta name=\"twitter:data1\" content=\"ulqini\" \/>\n\t<meta name=\"twitter:label2\" content=\"Est. reading time\" \/>\n\t<meta name=\"twitter:data2\" content=\"4 minutes\" \/>\n<script type=\"application\/ld+json\" class=\"yoast-schema-graph\">{\"@context\":\"https:\/\/schema.org\",\"@graph\":[{\"@type\":\"WebSite\",\"@id\":\"https:\/\/www.visit-ulcinj.com\/blog\/#website\",\"url\":\"https:\/\/www.visit-ulcinj.com\/blog\/\",\"name\":\"Lajme nga Ulqini\",\"description\":\"Lajme,Vijesti,Ulqini,Ulqin,Crna Gora,Mali i Zi\",\"potentialAction\":[{\"@type\":\"SearchAction\",\"target\":{\"@type\":\"EntryPoint\",\"urlTemplate\":\"https:\/\/www.visit-ulcinj.com\/blog\/?s={search_term_string}\"},\"query-input\":\"required name=search_term_string\"}],\"inLanguage\":\"en-US\"},{\"@type\":\"ImageObject\",\"inLanguage\":\"en-US\",\"@id\":\"https:\/\/www.visit-ulcinj.com\/blog\/2015\/04\/22\/filluan-mua-nga-sejdo-ismaili\/#primaryimage\",\"url\":\"https:\/\/www.visit-ulcinj.com\/blog\/wp-content\/uploads\/2015\/04\/Filluan-me-mua-nga-Sejdo-Ismaili.jpg\",\"contentUrl\":\"https:\/\/www.visit-ulcinj.com\/blog\/wp-content\/uploads\/2015\/04\/Filluan-me-mua-nga-Sejdo-Ismaili.jpg\",\"width\":960,\"height\":478},{\"@type\":\"WebPage\",\"@id\":\"https:\/\/www.visit-ulcinj.com\/blog\/2015\/04\/22\/filluan-mua-nga-sejdo-ismaili\/#webpage\",\"url\":\"https:\/\/www.visit-ulcinj.com\/blog\/2015\/04\/22\/filluan-mua-nga-sejdo-ismaili\/\",\"name\":\"Filluan me mua nga Sejdo Ismaili - Lajme nga Ulqini\",\"isPartOf\":{\"@id\":\"https:\/\/www.visit-ulcinj.com\/blog\/#website\"},\"primaryImageOfPage\":{\"@id\":\"https:\/\/www.visit-ulcinj.com\/blog\/2015\/04\/22\/filluan-mua-nga-sejdo-ismaili\/#primaryimage\"},\"datePublished\":\"2015-04-22T20:34:38+00:00\",\"dateModified\":\"2015-04-27T21:22:58+00:00\",\"author\":{\"@id\":\"https:\/\/www.visit-ulcinj.com\/blog\/#\/schema\/person\/dcab619c614d3038751c63bc2aadc06d\"},\"description\":\"Pes\u00eb pun\u00ebtor\u00eb t\u00eb Televizionit Teuta, mbrenda nji viti mbesin pa pun\u00eb. T\u00eb jesh plot\u00ebsisht i n\u00ebnshtruar \u00ebsht\u00eb domosdoshm\u00ebri q\u00eb si duket do ta praktikoj\",\"breadcrumb\":{\"@id\":\"https:\/\/www.visit-ulcinj.com\/blog\/2015\/04\/22\/filluan-mua-nga-sejdo-ismaili\/#breadcrumb\"},\"inLanguage\":\"en-US\",\"potentialAction\":[{\"@type\":\"ReadAction\",\"target\":[\"https:\/\/www.visit-ulcinj.com\/blog\/2015\/04\/22\/filluan-mua-nga-sejdo-ismaili\/\"]}]},{\"@type\":\"BreadcrumbList\",\"@id\":\"https:\/\/www.visit-ulcinj.com\/blog\/2015\/04\/22\/filluan-mua-nga-sejdo-ismaili\/#breadcrumb\",\"itemListElement\":[{\"@type\":\"ListItem\",\"position\":1,\"name\":\"Filluan me mua nga Sejdo Ismaili\"}]},{\"@type\":\"Person\",\"@id\":\"https:\/\/www.visit-ulcinj.com\/blog\/#\/schema\/person\/dcab619c614d3038751c63bc2aadc06d\",\"name\":\"ulqini\",\"sameAs\":[\"http:\/\/www.visit-ulcinj.com\"],\"url\":\"https:\/\/www.visit-ulcinj.com\/blog\/author\/admin\/\"}]}<\/script>\n<!-- \/ Yoast SEO plugin. -->","yoast_head_json":{"title":"Filluan me mua nga Sejdo Ismaili - Lajme nga Ulqini","description":"Pes\u00eb pun\u00ebtor\u00eb t\u00eb Televizionit Teuta, mbrenda nji viti mbesin pa pun\u00eb. T\u00eb jesh plot\u00ebsisht i n\u00ebnshtruar \u00ebsht\u00eb domosdoshm\u00ebri q\u00eb si duket do ta praktikoj","robots":{"index":"index","follow":"follow","max-snippet":"max-snippet:-1","max-image-preview":"max-image-preview:large","max-video-preview":"max-video-preview:-1"},"canonical":"https:\/\/www.visit-ulcinj.com\/blog\/2015\/04\/22\/filluan-mua-nga-sejdo-ismaili\/","og_locale":"en_US","og_type":"article","og_title":"Filluan me mua nga Sejdo Ismaili - Lajme nga Ulqini","og_description":"Pes\u00eb pun\u00ebtor\u00eb t\u00eb Televizionit Teuta, mbrenda nji viti mbesin pa pun\u00eb. T\u00eb jesh plot\u00ebsisht i n\u00ebnshtruar \u00ebsht\u00eb domosdoshm\u00ebri q\u00eb si duket do ta praktikoj","og_url":"https:\/\/www.visit-ulcinj.com\/blog\/2015\/04\/22\/filluan-mua-nga-sejdo-ismaili\/","og_site_name":"Lajme nga Ulqini","article_published_time":"2015-04-22T20:34:38+00:00","article_modified_time":"2015-04-27T21:22:58+00:00","og_image":[{"url":"http:\/\/www.visit-ulcinj.com\/blog\/wp-content\/uploads\/2015\/04\/Filluan-me-mua-nga-Sejdo-Ismaili.jpg"}],"twitter_misc":{"Written by":"ulqini","Est. reading time":"4 minutes"},"schema":{"@context":"https:\/\/schema.org","@graph":[{"@type":"WebSite","@id":"https:\/\/www.visit-ulcinj.com\/blog\/#website","url":"https:\/\/www.visit-ulcinj.com\/blog\/","name":"Lajme nga Ulqini","description":"Lajme,Vijesti,Ulqini,Ulqin,Crna Gora,Mali i Zi","potentialAction":[{"@type":"SearchAction","target":{"@type":"EntryPoint","urlTemplate":"https:\/\/www.visit-ulcinj.com\/blog\/?s={search_term_string}"},"query-input":"required name=search_term_string"}],"inLanguage":"en-US"},{"@type":"ImageObject","inLanguage":"en-US","@id":"https:\/\/www.visit-ulcinj.com\/blog\/2015\/04\/22\/filluan-mua-nga-sejdo-ismaili\/#primaryimage","url":"https:\/\/www.visit-ulcinj.com\/blog\/wp-content\/uploads\/2015\/04\/Filluan-me-mua-nga-Sejdo-Ismaili.jpg","contentUrl":"https:\/\/www.visit-ulcinj.com\/blog\/wp-content\/uploads\/2015\/04\/Filluan-me-mua-nga-Sejdo-Ismaili.jpg","width":960,"height":478},{"@type":"WebPage","@id":"https:\/\/www.visit-ulcinj.com\/blog\/2015\/04\/22\/filluan-mua-nga-sejdo-ismaili\/#webpage","url":"https:\/\/www.visit-ulcinj.com\/blog\/2015\/04\/22\/filluan-mua-nga-sejdo-ismaili\/","name":"Filluan me mua nga Sejdo Ismaili - Lajme nga Ulqini","isPartOf":{"@id":"https:\/\/www.visit-ulcinj.com\/blog\/#website"},"primaryImageOfPage":{"@id":"https:\/\/www.visit-ulcinj.com\/blog\/2015\/04\/22\/filluan-mua-nga-sejdo-ismaili\/#primaryimage"},"datePublished":"2015-04-22T20:34:38+00:00","dateModified":"2015-04-27T21:22:58+00:00","author":{"@id":"https:\/\/www.visit-ulcinj.com\/blog\/#\/schema\/person\/dcab619c614d3038751c63bc2aadc06d"},"description":"Pes\u00eb pun\u00ebtor\u00eb t\u00eb Televizionit Teuta, mbrenda nji viti mbesin pa pun\u00eb. T\u00eb jesh plot\u00ebsisht i n\u00ebnshtruar \u00ebsht\u00eb domosdoshm\u00ebri q\u00eb si duket do ta praktikoj","breadcrumb":{"@id":"https:\/\/www.visit-ulcinj.com\/blog\/2015\/04\/22\/filluan-mua-nga-sejdo-ismaili\/#breadcrumb"},"inLanguage":"en-US","potentialAction":[{"@type":"ReadAction","target":["https:\/\/www.visit-ulcinj.com\/blog\/2015\/04\/22\/filluan-mua-nga-sejdo-ismaili\/"]}]},{"@type":"BreadcrumbList","@id":"https:\/\/www.visit-ulcinj.com\/blog\/2015\/04\/22\/filluan-mua-nga-sejdo-ismaili\/#breadcrumb","itemListElement":[{"@type":"ListItem","position":1,"name":"Filluan me mua nga Sejdo Ismaili"}]},{"@type":"Person","@id":"https:\/\/www.visit-ulcinj.com\/blog\/#\/schema\/person\/dcab619c614d3038751c63bc2aadc06d","name":"ulqini","sameAs":["http:\/\/www.visit-ulcinj.com"],"url":"https:\/\/www.visit-ulcinj.com\/blog\/author\/admin\/"}]}},"jetpack_featured_media_url":"","jetpack_sharing_enabled":true,"jetpack_shortlink":"https:\/\/wp.me\/pe6lTn-nru","_links":{"self":[{"href":"https:\/\/www.visit-ulcinj.com\/blog\/wp-json\/wp\/v2\/posts\/90116"}],"collection":[{"href":"https:\/\/www.visit-ulcinj.com\/blog\/wp-json\/wp\/v2\/posts"}],"about":[{"href":"https:\/\/www.visit-ulcinj.com\/blog\/wp-json\/wp\/v2\/types\/post"}],"author":[{"embeddable":true,"href":"https:\/\/www.visit-ulcinj.com\/blog\/wp-json\/wp\/v2\/users\/1"}],"replies":[{"embeddable":true,"href":"https:\/\/www.visit-ulcinj.com\/blog\/wp-json\/wp\/v2\/comments?post=90116"}],"version-history":[{"count":2,"href":"https:\/\/www.visit-ulcinj.com\/blog\/wp-json\/wp\/v2\/posts\/90116\/revisions"}],"predecessor-version":[{"id":90119,"href":"https:\/\/www.visit-ulcinj.com\/blog\/wp-json\/wp\/v2\/posts\/90116\/revisions\/90119"}],"wp:attachment":[{"href":"https:\/\/www.visit-ulcinj.com\/blog\/wp-json\/wp\/v2\/media?parent=90116"}],"wp:term":[{"taxonomy":"category","embeddable":true,"href":"https:\/\/www.visit-ulcinj.com\/blog\/wp-json\/wp\/v2\/categories?post=90116"},{"taxonomy":"post_tag","embeddable":true,"href":"https:\/\/www.visit-ulcinj.com\/blog\/wp-json\/wp\/v2\/tags?post=90116"}],"curies":[{"name":"wp","href":"https:\/\/api.w.org\/{rel}","templated":true}]}}