{"id":90120,"date":"2015-04-23T17:54:53","date_gmt":"2015-04-23T16:54:53","guid":{"rendered":"http:\/\/www.visit-ulcinj.com\/blog\/?p=90120"},"modified":"2015-04-23T17:54:53","modified_gmt":"2015-04-23T16:54:53","slug":"ulcinj-na-adriatic-sea-forum-u-dubrovnik","status":"publish","type":"post","link":"https:\/\/www.visit-ulcinj.com\/blog\/2015\/04\/23\/ulcinj-na-adriatic-sea-forum-u-dubrovnik\/","title":{"rendered":"TO-Ulcinj na Adriatic Sea Forum u Dubrovnik"},"content":{"rendered":"<p style=\"text-align: center;\"><strong><a href=\"http:\/\/www.visit-ulcinj.com\/blog\/wp-content\/uploads\/2015\/04\/TO-Ulcinj-na-Adriatic-Sea-Forum-u-Dubrovnik-.jpg\"><img loading=\"lazy\" class=\"alignleft wp-image-90121\" src=\"http:\/\/www.visit-ulcinj.com\/blog\/wp-content\/uploads\/2015\/04\/TO-Ulcinj-na-Adriatic-Sea-Forum-u-Dubrovnik-.jpg\" alt=\"TO-Ulcinj na Adriatic Sea Forum u Dubrovnik-\" width=\"508\" height=\"381\" srcset=\"https:\/\/www.visit-ulcinj.com\/blog\/wp-content\/uploads\/2015\/04\/TO-Ulcinj-na-Adriatic-Sea-Forum-u-Dubrovnik-.jpg 999w, https:\/\/www.visit-ulcinj.com\/blog\/wp-content\/uploads\/2015\/04\/TO-Ulcinj-na-Adriatic-Sea-Forum-u-Dubrovnik--300x225.jpg 300w\" sizes=\"(max-width: 508px) 100vw, 508px\" \/><\/a>ADRIATIC SEA FORUM 23-24.04.2015<\/strong><\/p>\n<p>&nbsp;<\/p>\n<p>Turisti\u010dka Organizacija Ulcinj u\u010destvuje na poslovnom forumu Adriatic Sea Forum koji se odr\u017eava u Dubrovniku u periodu od 23 i 24.aprila, a koji se organizuje od strane Risposte turismo koja je mre\u017ea konsultanata, istra\u017eiva\u010da i stru\u010dnjaka u sektoru turizma a u saradnji sa Turisti\u010dkom Organizacijom Dubrovnik.<\/p>\n<p>Adriatic Sea forum pru\u017ea mogu\u0107nost svim zainteresovanim da se upoznaju sa potencijama koje pru\u017ea Jadransko more I mo\u017eemo re\u0107i da postaje klju\u010dni doga\u0111aj sa sve one koje interesuju ne samo razvoj pomorskog prometa (nauti\u010dki turizam, kru\u017ena putovanja, trajektni prijevoz), ve\u0107 i brojne druge djelatnosti. vezane za turizam.<\/p>\n<p><a href=\"http:\/\/www.visit-ulcinj.com\/blog\/wp-content\/uploads\/2015\/04\/TO-Ulcinj-na-Adriatic-Sea-Forum-u-Dubrovnik-1.jpg\"><img loading=\"lazy\" class=\"alignleft wp-image-90122\" src=\"http:\/\/www.visit-ulcinj.com\/blog\/wp-content\/uploads\/2015\/04\/TO-Ulcinj-na-Adriatic-Sea-Forum-u-Dubrovnik-1.jpg\" alt=\"TO-Ulcinj na Adriatic Sea Forum u Dubrovnik-1\" width=\"508\" height=\"381\" srcset=\"https:\/\/www.visit-ulcinj.com\/blog\/wp-content\/uploads\/2015\/04\/TO-Ulcinj-na-Adriatic-Sea-Forum-u-Dubrovnik-1.jpg 999w, https:\/\/www.visit-ulcinj.com\/blog\/wp-content\/uploads\/2015\/04\/TO-Ulcinj-na-Adriatic-Sea-Forum-u-Dubrovnik-1-300x225.jpg 300w\" sizes=\"(max-width: 508px) 100vw, 508px\" \/><\/a><\/p>\n<p>Ovaj forum je jedinstveni susret za oboga\u0107ivanje znanja, tehni\u010dke informacije, privatne i poslovne kontakte, prezentaciju i promociju svojih poslovanja i projekata. Cilj Adriatic Sea Foruma je pobolj\u0161ati promociju cjelokupnog podru\u010dja Jadranskog mora kroz ta\u010dno odre\u0111ene odabire i prilago\u0111ene programe, kao \u0161to je saradnja me\u0111u dr\u017eavama regijama i destinacijama koje se nalaze na ovome moru te na taj na\u010din pro\u0161iriti poslovne mogu\u0107nosti i rezultate za sve operatere koji su uklju\u010deni u sektore koji su sastavni dio ovog foruma. Formula ovog foruma, koji se razvija tokom ova dva dana, predvi\u0111a okrugle stolove, prezentacije, susrete licem u lice, intervjue i klju\u010dne govore o razli\u010ditim zanimljivim i aktualnim temama. \u0160irok prostor namijenjen je i operaterima kojima se omogu\u0107uju poslovni sastanci u svrhu razvijanja novih poslovnih mogu\u0107nosti. Doga\u0111aj je pokrenut 2013. godine u Trstu te je ve\u0107 u svom prvom izdanju postiglo zna\u010dajne rezultate: preko 300 u\u010desnika, vi\u0161e od 30 cijenjenih predava\u010da iz javnog i privatnog sektora, zanimljive sadr\u017eaje i \u017eive diskusije, \u0161iroku i kvalificiranu medijsku pokrivenost.<\/p>\n<p><a href=\"http:\/\/www.visit-ulcinj.com\/blog\/wp-content\/uploads\/2015\/04\/TO-Ulcinj-na-Adriatic-Sea-Forum-u-Dubrovnik-2.jpg\"><img loading=\"lazy\" class=\"alignleft wp-image-90123\" src=\"http:\/\/www.visit-ulcinj.com\/blog\/wp-content\/uploads\/2015\/04\/TO-Ulcinj-na-Adriatic-Sea-Forum-u-Dubrovnik-2.jpg\" alt=\"TO-Ulcinj na Adriatic Sea Forum u Dubrovnik-2\" width=\"508\" height=\"381\" srcset=\"https:\/\/www.visit-ulcinj.com\/blog\/wp-content\/uploads\/2015\/04\/TO-Ulcinj-na-Adriatic-Sea-Forum-u-Dubrovnik-2.jpg 999w, https:\/\/www.visit-ulcinj.com\/blog\/wp-content\/uploads\/2015\/04\/TO-Ulcinj-na-Adriatic-Sea-Forum-u-Dubrovnik-2-300x225.jpg 300w\" sizes=\"(max-width: 508px) 100vw, 508px\" \/><\/a><\/p>\n<p>Prvog dana foruma na temu * Jadran \u2013 jedno more, jedna destinacija jedan brend*, govorila je i direktorica Nacionalne Turisti\u010dke Organizacije Crne Gore \u017deljka Radak Kukavi\u010di\u0107, direktorica nacionalne turisti\u010dke agencije iz Albanija Julinda Dhama, kao I predstavnici Nacionalnih turisti\u010dkih organizacija iz Hrvatske, Italije I Slovenije.<\/p>\n<p>Tokom panela razgovaralo se o mogu\u0107nostima organizacije i promocije Jadrana kao jedne cjeline imaju\u0107i u vidu jedinstvo razli\u010ditosti ove destinacije. Istaknuto je da se me\u0111udr\u017eavnim kordiniranim i usmjerenim akcijama mogu iskoristitii razli\u010diti aspekti\u00a0 razvoja turizma\u00a0 koji \u0107e za rezultat imati ekonomski rast \u00a0u svim dr\u017eavama.<\/p>\n<p>&nbsp;<\/p>\n<p>Stru\u010dna slu\u017eba TO Ulcinj<\/p>\n","protected":false},"excerpt":{"rendered":"<p>ADRIATIC SEA FORUM 23-24.04.2015 &nbsp; Turisti\u010dka Organizacija Ulcinj u\u010destvuje na poslovnom forumu Adriatic Sea Forum koji se odr\u017eava u Dubrovniku u periodu od 23 i 24.aprila, a koji se organizuje od strane Risposte turismo koja je mre\u017ea konsultanata, istra\u017eiva\u010da i stru\u010dnjaka u sektoru turizma a u saradnji sa Turisti\u010dkom Organizacijom Dubrovnik. Adriatic Sea forum pru\u017ea [&hellip;]<\/p>\n","protected":false},"author":1,"featured_media":0,"comment_status":"closed","ping_status":"closed","sticky":false,"template":"","format":"standard","meta":{"spay_email":"","jetpack_publicize_message":"","jetpack_is_tweetstorm":false,"jetpack_publicize_feature_enabled":true},"categories":[8337],"tags":[],"jetpack_publicize_connections":[],"yoast_head":"<!-- This site is optimized with the Yoast SEO plugin v19.1 - https:\/\/yoast.com\/wordpress\/plugins\/seo\/ -->\n<title>TO-Ulcinj na Adriatic Sea Forum u Dubrovnik - Lajme nga Ulqini<\/title>\n<meta name=\"description\" content=\"ADRIATIC SEA FORUM 23-24.04.2015 &nbsp; Turisti\u010dka Organizacija Ulcinj u\u010destvuje na poslovnom forumu Adriatic Sea Forum koji se odr\u017eava u Dubrovniku u\" \/>\n<meta name=\"robots\" content=\"index, follow, max-snippet:-1, max-image-preview:large, max-video-preview:-1\" \/>\n<link rel=\"canonical\" href=\"https:\/\/www.visit-ulcinj.com\/blog\/2015\/04\/23\/ulcinj-na-adriatic-sea-forum-u-dubrovnik\/\" \/>\n<meta property=\"og:locale\" content=\"en_US\" \/>\n<meta property=\"og:type\" content=\"article\" \/>\n<meta property=\"og:title\" content=\"TO-Ulcinj na Adriatic Sea Forum u Dubrovnik - Lajme nga Ulqini\" \/>\n<meta property=\"og:description\" content=\"ADRIATIC SEA FORUM 23-24.04.2015 &nbsp; Turisti\u010dka Organizacija Ulcinj u\u010destvuje na poslovnom forumu Adriatic Sea Forum koji se odr\u017eava u Dubrovniku u\" \/>\n<meta property=\"og:url\" content=\"https:\/\/www.visit-ulcinj.com\/blog\/2015\/04\/23\/ulcinj-na-adriatic-sea-forum-u-dubrovnik\/\" \/>\n<meta property=\"og:site_name\" content=\"Lajme nga Ulqini\" \/>\n<meta property=\"article:published_time\" content=\"2015-04-23T16:54:53+00:00\" \/>\n<meta property=\"og:image\" content=\"http:\/\/www.visit-ulcinj.com\/blog\/wp-content\/uploads\/2015\/04\/TO-Ulcinj-na-Adriatic-Sea-Forum-u-Dubrovnik-.jpg\" \/>\n<meta name=\"twitter:label1\" content=\"Written by\" \/>\n\t<meta name=\"twitter:data1\" content=\"ulqini\" \/>\n\t<meta name=\"twitter:label2\" content=\"Est. reading time\" \/>\n\t<meta name=\"twitter:data2\" content=\"2 minutes\" \/>\n<script type=\"application\/ld+json\" class=\"yoast-schema-graph\">{\"@context\":\"https:\/\/schema.org\",\"@graph\":[{\"@type\":\"WebSite\",\"@id\":\"https:\/\/www.visit-ulcinj.com\/blog\/#website\",\"url\":\"https:\/\/www.visit-ulcinj.com\/blog\/\",\"name\":\"Lajme nga Ulqini\",\"description\":\"Lajme,Vijesti,Ulqini,Ulqin,Crna Gora,Mali i Zi\",\"potentialAction\":[{\"@type\":\"SearchAction\",\"target\":{\"@type\":\"EntryPoint\",\"urlTemplate\":\"https:\/\/www.visit-ulcinj.com\/blog\/?s={search_term_string}\"},\"query-input\":\"required name=search_term_string\"}],\"inLanguage\":\"en-US\"},{\"@type\":\"ImageObject\",\"inLanguage\":\"en-US\",\"@id\":\"https:\/\/www.visit-ulcinj.com\/blog\/2015\/04\/23\/ulcinj-na-adriatic-sea-forum-u-dubrovnik\/#primaryimage\",\"url\":\"https:\/\/www.visit-ulcinj.com\/blog\/wp-content\/uploads\/2015\/04\/TO-Ulcinj-na-Adriatic-Sea-Forum-u-Dubrovnik-.jpg\",\"contentUrl\":\"https:\/\/www.visit-ulcinj.com\/blog\/wp-content\/uploads\/2015\/04\/TO-Ulcinj-na-Adriatic-Sea-Forum-u-Dubrovnik-.jpg\",\"width\":999,\"height\":749},{\"@type\":\"WebPage\",\"@id\":\"https:\/\/www.visit-ulcinj.com\/blog\/2015\/04\/23\/ulcinj-na-adriatic-sea-forum-u-dubrovnik\/#webpage\",\"url\":\"https:\/\/www.visit-ulcinj.com\/blog\/2015\/04\/23\/ulcinj-na-adriatic-sea-forum-u-dubrovnik\/\",\"name\":\"TO-Ulcinj na Adriatic Sea Forum u Dubrovnik - Lajme nga Ulqini\",\"isPartOf\":{\"@id\":\"https:\/\/www.visit-ulcinj.com\/blog\/#website\"},\"primaryImageOfPage\":{\"@id\":\"https:\/\/www.visit-ulcinj.com\/blog\/2015\/04\/23\/ulcinj-na-adriatic-sea-forum-u-dubrovnik\/#primaryimage\"},\"datePublished\":\"2015-04-23T16:54:53+00:00\",\"dateModified\":\"2015-04-23T16:54:53+00:00\",\"author\":{\"@id\":\"https:\/\/www.visit-ulcinj.com\/blog\/#\/schema\/person\/dcab619c614d3038751c63bc2aadc06d\"},\"description\":\"ADRIATIC SEA FORUM 23-24.04.2015 &nbsp; Turisti\u010dka Organizacija Ulcinj u\u010destvuje na poslovnom forumu Adriatic Sea Forum koji se odr\u017eava u Dubrovniku u\",\"breadcrumb\":{\"@id\":\"https:\/\/www.visit-ulcinj.com\/blog\/2015\/04\/23\/ulcinj-na-adriatic-sea-forum-u-dubrovnik\/#breadcrumb\"},\"inLanguage\":\"en-US\",\"potentialAction\":[{\"@type\":\"ReadAction\",\"target\":[\"https:\/\/www.visit-ulcinj.com\/blog\/2015\/04\/23\/ulcinj-na-adriatic-sea-forum-u-dubrovnik\/\"]}]},{\"@type\":\"BreadcrumbList\",\"@id\":\"https:\/\/www.visit-ulcinj.com\/blog\/2015\/04\/23\/ulcinj-na-adriatic-sea-forum-u-dubrovnik\/#breadcrumb\",\"itemListElement\":[{\"@type\":\"ListItem\",\"position\":1,\"name\":\"TO-Ulcinj na Adriatic Sea Forum u Dubrovnik\"}]},{\"@type\":\"Person\",\"@id\":\"https:\/\/www.visit-ulcinj.com\/blog\/#\/schema\/person\/dcab619c614d3038751c63bc2aadc06d\",\"name\":\"ulqini\",\"sameAs\":[\"http:\/\/www.visit-ulcinj.com\"],\"url\":\"https:\/\/www.visit-ulcinj.com\/blog\/author\/admin\/\"}]}<\/script>\n<!-- \/ Yoast SEO plugin. -->","yoast_head_json":{"title":"TO-Ulcinj na Adriatic Sea Forum u Dubrovnik - Lajme nga Ulqini","description":"ADRIATIC SEA FORUM 23-24.04.2015 &nbsp; Turisti\u010dka Organizacija Ulcinj u\u010destvuje na poslovnom forumu Adriatic Sea Forum koji se odr\u017eava u Dubrovniku u","robots":{"index":"index","follow":"follow","max-snippet":"max-snippet:-1","max-image-preview":"max-image-preview:large","max-video-preview":"max-video-preview:-1"},"canonical":"https:\/\/www.visit-ulcinj.com\/blog\/2015\/04\/23\/ulcinj-na-adriatic-sea-forum-u-dubrovnik\/","og_locale":"en_US","og_type":"article","og_title":"TO-Ulcinj na Adriatic Sea Forum u Dubrovnik - Lajme nga Ulqini","og_description":"ADRIATIC SEA FORUM 23-24.04.2015 &nbsp; Turisti\u010dka Organizacija Ulcinj u\u010destvuje na poslovnom forumu Adriatic Sea Forum koji se odr\u017eava u Dubrovniku u","og_url":"https:\/\/www.visit-ulcinj.com\/blog\/2015\/04\/23\/ulcinj-na-adriatic-sea-forum-u-dubrovnik\/","og_site_name":"Lajme nga Ulqini","article_published_time":"2015-04-23T16:54:53+00:00","og_image":[{"url":"http:\/\/www.visit-ulcinj.com\/blog\/wp-content\/uploads\/2015\/04\/TO-Ulcinj-na-Adriatic-Sea-Forum-u-Dubrovnik-.jpg"}],"twitter_misc":{"Written by":"ulqini","Est. reading time":"2 minutes"},"schema":{"@context":"https:\/\/schema.org","@graph":[{"@type":"WebSite","@id":"https:\/\/www.visit-ulcinj.com\/blog\/#website","url":"https:\/\/www.visit-ulcinj.com\/blog\/","name":"Lajme nga Ulqini","description":"Lajme,Vijesti,Ulqini,Ulqin,Crna Gora,Mali i Zi","potentialAction":[{"@type":"SearchAction","target":{"@type":"EntryPoint","urlTemplate":"https:\/\/www.visit-ulcinj.com\/blog\/?s={search_term_string}"},"query-input":"required name=search_term_string"}],"inLanguage":"en-US"},{"@type":"ImageObject","inLanguage":"en-US","@id":"https:\/\/www.visit-ulcinj.com\/blog\/2015\/04\/23\/ulcinj-na-adriatic-sea-forum-u-dubrovnik\/#primaryimage","url":"https:\/\/www.visit-ulcinj.com\/blog\/wp-content\/uploads\/2015\/04\/TO-Ulcinj-na-Adriatic-Sea-Forum-u-Dubrovnik-.jpg","contentUrl":"https:\/\/www.visit-ulcinj.com\/blog\/wp-content\/uploads\/2015\/04\/TO-Ulcinj-na-Adriatic-Sea-Forum-u-Dubrovnik-.jpg","width":999,"height":749},{"@type":"WebPage","@id":"https:\/\/www.visit-ulcinj.com\/blog\/2015\/04\/23\/ulcinj-na-adriatic-sea-forum-u-dubrovnik\/#webpage","url":"https:\/\/www.visit-ulcinj.com\/blog\/2015\/04\/23\/ulcinj-na-adriatic-sea-forum-u-dubrovnik\/","name":"TO-Ulcinj na Adriatic Sea Forum u Dubrovnik - Lajme nga Ulqini","isPartOf":{"@id":"https:\/\/www.visit-ulcinj.com\/blog\/#website"},"primaryImageOfPage":{"@id":"https:\/\/www.visit-ulcinj.com\/blog\/2015\/04\/23\/ulcinj-na-adriatic-sea-forum-u-dubrovnik\/#primaryimage"},"datePublished":"2015-04-23T16:54:53+00:00","dateModified":"2015-04-23T16:54:53+00:00","author":{"@id":"https:\/\/www.visit-ulcinj.com\/blog\/#\/schema\/person\/dcab619c614d3038751c63bc2aadc06d"},"description":"ADRIATIC SEA FORUM 23-24.04.2015 &nbsp; Turisti\u010dka Organizacija Ulcinj u\u010destvuje na poslovnom forumu Adriatic Sea Forum koji se odr\u017eava u Dubrovniku u","breadcrumb":{"@id":"https:\/\/www.visit-ulcinj.com\/blog\/2015\/04\/23\/ulcinj-na-adriatic-sea-forum-u-dubrovnik\/#breadcrumb"},"inLanguage":"en-US","potentialAction":[{"@type":"ReadAction","target":["https:\/\/www.visit-ulcinj.com\/blog\/2015\/04\/23\/ulcinj-na-adriatic-sea-forum-u-dubrovnik\/"]}]},{"@type":"BreadcrumbList","@id":"https:\/\/www.visit-ulcinj.com\/blog\/2015\/04\/23\/ulcinj-na-adriatic-sea-forum-u-dubrovnik\/#breadcrumb","itemListElement":[{"@type":"ListItem","position":1,"name":"TO-Ulcinj na Adriatic Sea Forum u Dubrovnik"}]},{"@type":"Person","@id":"https:\/\/www.visit-ulcinj.com\/blog\/#\/schema\/person\/dcab619c614d3038751c63bc2aadc06d","name":"ulqini","sameAs":["http:\/\/www.visit-ulcinj.com"],"url":"https:\/\/www.visit-ulcinj.com\/blog\/author\/admin\/"}]}},"jetpack_featured_media_url":"","jetpack_sharing_enabled":true,"jetpack_shortlink":"https:\/\/wp.me\/pe6lTn-nry","_links":{"self":[{"href":"https:\/\/www.visit-ulcinj.com\/blog\/wp-json\/wp\/v2\/posts\/90120"}],"collection":[{"href":"https:\/\/www.visit-ulcinj.com\/blog\/wp-json\/wp\/v2\/posts"}],"about":[{"href":"https:\/\/www.visit-ulcinj.com\/blog\/wp-json\/wp\/v2\/types\/post"}],"author":[{"embeddable":true,"href":"https:\/\/www.visit-ulcinj.com\/blog\/wp-json\/wp\/v2\/users\/1"}],"replies":[{"embeddable":true,"href":"https:\/\/www.visit-ulcinj.com\/blog\/wp-json\/wp\/v2\/comments?post=90120"}],"version-history":[{"count":1,"href":"https:\/\/www.visit-ulcinj.com\/blog\/wp-json\/wp\/v2\/posts\/90120\/revisions"}],"predecessor-version":[{"id":90124,"href":"https:\/\/www.visit-ulcinj.com\/blog\/wp-json\/wp\/v2\/posts\/90120\/revisions\/90124"}],"wp:attachment":[{"href":"https:\/\/www.visit-ulcinj.com\/blog\/wp-json\/wp\/v2\/media?parent=90120"}],"wp:term":[{"taxonomy":"category","embeddable":true,"href":"https:\/\/www.visit-ulcinj.com\/blog\/wp-json\/wp\/v2\/categories?post=90120"},{"taxonomy":"post_tag","embeddable":true,"href":"https:\/\/www.visit-ulcinj.com\/blog\/wp-json\/wp\/v2\/tags?post=90120"}],"curies":[{"name":"wp","href":"https:\/\/api.w.org\/{rel}","templated":true}]}}