{"id":90125,"date":"2015-04-23T18:01:22","date_gmt":"2015-04-23T17:01:22","guid":{"rendered":"http:\/\/www.visit-ulcinj.com\/blog\/?p=90125"},"modified":"2015-04-23T18:01:22","modified_gmt":"2015-04-23T17:01:22","slug":"vijesti-partite-shqiptare-e-perkrahin-ligjin-e-plackitjes","status":"publish","type":"post","link":"https:\/\/www.visit-ulcinj.com\/blog\/2015\/04\/23\/vijesti-partite-shqiptare-e-perkrahin-ligjin-e-plackitjes\/","title":{"rendered":"\u201cVijesti\u201d: Partit\u00eb shqiptare e p\u00ebrkrahin ligjin e pla\u00e7kitjes"},"content":{"rendered":"<p><a href=\"http:\/\/www.visit-ulcinj.com\/blog\/wp-content\/uploads\/2014\/12\/Genci-Nimanbegu-Gjeloshaj.jpg\"><img loading=\"lazy\" class=\"alignleft wp-image-87334\" src=\"http:\/\/www.visit-ulcinj.com\/blog\/wp-content\/uploads\/2014\/12\/Genci-Nimanbegu-Gjeloshaj.jpg\" alt=\"Genci-Nimanbegu-Gjeloshaj\" width=\"508\" height=\"338\" srcset=\"https:\/\/www.visit-ulcinj.com\/blog\/wp-content\/uploads\/2014\/12\/Genci-Nimanbegu-Gjeloshaj.jpg 900w, https:\/\/www.visit-ulcinj.com\/blog\/wp-content\/uploads\/2014\/12\/Genci-Nimanbegu-Gjeloshaj-300x199.jpg 300w\" sizes=\"(max-width: 508px) 100vw, 508px\" \/><\/a>Propozimi i Ligjit p\u00ebr eksproprijim t\u00eb Qeveris\u00eb s\u00eb Malit t\u00eb Zi p\u00ebr momentin nuk ka p\u00ebrkrahjen e shumic\u00ebs n\u00eb Parlamentin shtet\u00ebror, shkruan \u201cVijesti\u201d.<\/p>\n<p>Si\u00e7 thuhet, aktin n\u00eb fjal\u00eb e p\u00ebrkrahin PDS-ja dhe partit\u00eb shqiptare, q\u00eb jan\u00eb gjithsej 32 deputet.<\/p>\n<p>Shumica e nevojshme p\u00ebr votimin e k\u00ebtij ligji n\u00eb Kuvendin e Malit t\u00eb Zi \u00ebsht\u00eb 41.<\/p>\n<p>Qeveria ka propozuar plot\u00ebsimet e ligjit me t\u00eb cil\u00ebt do t\u00eb mund t\u00eb merret prona n\u00ebse vler\u00ebsohet se kjo \u00ebsht\u00eb interes shtet\u00ebror dhe q\u00eb kontribuon n\u00eb zvog\u00eblimin e borxhit publik.<\/p>\n<p>Kryetari i Kuvendit t\u00eb Malit t\u00eb Zi Ranko Krivokapiq ka th\u00ebn\u00eb se normat t\u00eb cilat propozohen me k\u00ebt\u00eb akt ligjor kan\u00eb ekzistuar vet\u00ebm n\u00eb staliniz\u00ebm.<\/p>\n<p><strong>Ul.info<\/strong><\/p>\n","protected":false},"excerpt":{"rendered":"<p>Propozimi i Ligjit p\u00ebr eksproprijim t\u00eb Qeveris\u00eb s\u00eb Malit t\u00eb Zi p\u00ebr momentin nuk ka p\u00ebrkrahjen e shumic\u00ebs n\u00eb Parlamentin shtet\u00ebror, shkruan \u201cVijesti\u201d. Si\u00e7 thuhet, aktin n\u00eb fjal\u00eb e p\u00ebrkrahin PDS-ja dhe partit\u00eb shqiptare, q\u00eb jan\u00eb gjithsej 32 deputet. Shumica e nevojshme p\u00ebr votimin e k\u00ebtij ligji n\u00eb Kuvendin e Malit t\u00eb Zi \u00ebsht\u00eb 41. [&hellip;]<\/p>\n","protected":false},"author":1,"featured_media":0,"comment_status":"closed","ping_status":"closed","sticky":false,"template":"","format":"standard","meta":{"spay_email":"","jetpack_publicize_message":"","jetpack_is_tweetstorm":false,"jetpack_publicize_feature_enabled":true},"categories":[6],"tags":[],"jetpack_publicize_connections":[],"yoast_head":"<!-- This site is optimized with the Yoast SEO plugin v19.1 - https:\/\/yoast.com\/wordpress\/plugins\/seo\/ -->\n<title>\u201cVijesti\u201d: Partit\u00eb shqiptare e p\u00ebrkrahin ligjin e pla\u00e7kitjes - Lajme nga Ulqini<\/title>\n<meta name=\"description\" content=\"Propozimi i Ligjit p\u00ebr eksproprijim t\u00eb Qeveris\u00eb s\u00eb Malit t\u00eb Zi p\u00ebr momentin nuk ka p\u00ebrkrahjen e shumic\u00ebs n\u00eb Parlamentin shtet\u00ebror, shkruan \u201cVijesti\u201d. Si\u00e7\" \/>\n<meta name=\"robots\" content=\"index, follow, max-snippet:-1, max-image-preview:large, max-video-preview:-1\" \/>\n<link rel=\"canonical\" href=\"https:\/\/www.visit-ulcinj.com\/blog\/2015\/04\/23\/vijesti-partite-shqiptare-e-perkrahin-ligjin-e-plackitjes\/\" \/>\n<meta property=\"og:locale\" content=\"en_US\" \/>\n<meta property=\"og:type\" content=\"article\" \/>\n<meta property=\"og:title\" content=\"\u201cVijesti\u201d: Partit\u00eb shqiptare e p\u00ebrkrahin ligjin e pla\u00e7kitjes - Lajme nga Ulqini\" \/>\n<meta property=\"og:description\" content=\"Propozimi i Ligjit p\u00ebr eksproprijim t\u00eb Qeveris\u00eb s\u00eb Malit t\u00eb Zi p\u00ebr momentin nuk ka p\u00ebrkrahjen e shumic\u00ebs n\u00eb Parlamentin shtet\u00ebror, shkruan \u201cVijesti\u201d. Si\u00e7\" \/>\n<meta property=\"og:url\" content=\"https:\/\/www.visit-ulcinj.com\/blog\/2015\/04\/23\/vijesti-partite-shqiptare-e-perkrahin-ligjin-e-plackitjes\/\" \/>\n<meta property=\"og:site_name\" content=\"Lajme nga Ulqini\" \/>\n<meta property=\"article:published_time\" content=\"2015-04-23T17:01:22+00:00\" \/>\n<meta property=\"og:image\" content=\"http:\/\/www.visit-ulcinj.com\/blog\/wp-content\/uploads\/2014\/12\/Genci-Nimanbegu-Gjeloshaj.jpg\" \/>\n<meta name=\"twitter:label1\" content=\"Written by\" \/>\n\t<meta name=\"twitter:data1\" content=\"ulqini\" \/>\n\t<meta name=\"twitter:label2\" content=\"Est. reading time\" \/>\n\t<meta name=\"twitter:data2\" content=\"1 minute\" \/>\n<script type=\"application\/ld+json\" class=\"yoast-schema-graph\">{\"@context\":\"https:\/\/schema.org\",\"@graph\":[{\"@type\":\"WebSite\",\"@id\":\"https:\/\/www.visit-ulcinj.com\/blog\/#website\",\"url\":\"https:\/\/www.visit-ulcinj.com\/blog\/\",\"name\":\"Lajme nga Ulqini\",\"description\":\"Lajme,Vijesti,Ulqini,Ulqin,Crna Gora,Mali i Zi\",\"potentialAction\":[{\"@type\":\"SearchAction\",\"target\":{\"@type\":\"EntryPoint\",\"urlTemplate\":\"https:\/\/www.visit-ulcinj.com\/blog\/?s={search_term_string}\"},\"query-input\":\"required name=search_term_string\"}],\"inLanguage\":\"en-US\"},{\"@type\":\"ImageObject\",\"inLanguage\":\"en-US\",\"@id\":\"https:\/\/www.visit-ulcinj.com\/blog\/2015\/04\/23\/vijesti-partite-shqiptare-e-perkrahin-ligjin-e-plackitjes\/#primaryimage\",\"url\":\"https:\/\/www.visit-ulcinj.com\/blog\/wp-content\/uploads\/2014\/12\/Genci-Nimanbegu-Gjeloshaj.jpg\",\"contentUrl\":\"https:\/\/www.visit-ulcinj.com\/blog\/wp-content\/uploads\/2014\/12\/Genci-Nimanbegu-Gjeloshaj.jpg\",\"width\":900,\"height\":598},{\"@type\":\"WebPage\",\"@id\":\"https:\/\/www.visit-ulcinj.com\/blog\/2015\/04\/23\/vijesti-partite-shqiptare-e-perkrahin-ligjin-e-plackitjes\/#webpage\",\"url\":\"https:\/\/www.visit-ulcinj.com\/blog\/2015\/04\/23\/vijesti-partite-shqiptare-e-perkrahin-ligjin-e-plackitjes\/\",\"name\":\"\u201cVijesti\u201d: Partit\u00eb shqiptare e p\u00ebrkrahin ligjin e pla\u00e7kitjes - Lajme nga Ulqini\",\"isPartOf\":{\"@id\":\"https:\/\/www.visit-ulcinj.com\/blog\/#website\"},\"primaryImageOfPage\":{\"@id\":\"https:\/\/www.visit-ulcinj.com\/blog\/2015\/04\/23\/vijesti-partite-shqiptare-e-perkrahin-ligjin-e-plackitjes\/#primaryimage\"},\"datePublished\":\"2015-04-23T17:01:22+00:00\",\"dateModified\":\"2015-04-23T17:01:22+00:00\",\"author\":{\"@id\":\"https:\/\/www.visit-ulcinj.com\/blog\/#\/schema\/person\/dcab619c614d3038751c63bc2aadc06d\"},\"description\":\"Propozimi i Ligjit p\u00ebr eksproprijim t\u00eb Qeveris\u00eb s\u00eb Malit t\u00eb Zi p\u00ebr momentin nuk ka p\u00ebrkrahjen e shumic\u00ebs n\u00eb Parlamentin shtet\u00ebror, shkruan \u201cVijesti\u201d. Si\u00e7\",\"breadcrumb\":{\"@id\":\"https:\/\/www.visit-ulcinj.com\/blog\/2015\/04\/23\/vijesti-partite-shqiptare-e-perkrahin-ligjin-e-plackitjes\/#breadcrumb\"},\"inLanguage\":\"en-US\",\"potentialAction\":[{\"@type\":\"ReadAction\",\"target\":[\"https:\/\/www.visit-ulcinj.com\/blog\/2015\/04\/23\/vijesti-partite-shqiptare-e-perkrahin-ligjin-e-plackitjes\/\"]}]},{\"@type\":\"BreadcrumbList\",\"@id\":\"https:\/\/www.visit-ulcinj.com\/blog\/2015\/04\/23\/vijesti-partite-shqiptare-e-perkrahin-ligjin-e-plackitjes\/#breadcrumb\",\"itemListElement\":[{\"@type\":\"ListItem\",\"position\":1,\"name\":\"\u201cVijesti\u201d: Partit\u00eb shqiptare e p\u00ebrkrahin ligjin e pla\u00e7kitjes\"}]},{\"@type\":\"Person\",\"@id\":\"https:\/\/www.visit-ulcinj.com\/blog\/#\/schema\/person\/dcab619c614d3038751c63bc2aadc06d\",\"name\":\"ulqini\",\"sameAs\":[\"http:\/\/www.visit-ulcinj.com\"],\"url\":\"https:\/\/www.visit-ulcinj.com\/blog\/author\/admin\/\"}]}<\/script>\n<!-- \/ Yoast SEO plugin. -->","yoast_head_json":{"title":"\u201cVijesti\u201d: Partit\u00eb shqiptare e p\u00ebrkrahin ligjin e pla\u00e7kitjes - Lajme nga Ulqini","description":"Propozimi i Ligjit p\u00ebr eksproprijim t\u00eb Qeveris\u00eb s\u00eb Malit t\u00eb Zi p\u00ebr momentin nuk ka p\u00ebrkrahjen e shumic\u00ebs n\u00eb Parlamentin shtet\u00ebror, shkruan \u201cVijesti\u201d. Si\u00e7","robots":{"index":"index","follow":"follow","max-snippet":"max-snippet:-1","max-image-preview":"max-image-preview:large","max-video-preview":"max-video-preview:-1"},"canonical":"https:\/\/www.visit-ulcinj.com\/blog\/2015\/04\/23\/vijesti-partite-shqiptare-e-perkrahin-ligjin-e-plackitjes\/","og_locale":"en_US","og_type":"article","og_title":"\u201cVijesti\u201d: Partit\u00eb shqiptare e p\u00ebrkrahin ligjin e pla\u00e7kitjes - Lajme nga Ulqini","og_description":"Propozimi i Ligjit p\u00ebr eksproprijim t\u00eb Qeveris\u00eb s\u00eb Malit t\u00eb Zi p\u00ebr momentin nuk ka p\u00ebrkrahjen e shumic\u00ebs n\u00eb Parlamentin shtet\u00ebror, shkruan \u201cVijesti\u201d. Si\u00e7","og_url":"https:\/\/www.visit-ulcinj.com\/blog\/2015\/04\/23\/vijesti-partite-shqiptare-e-perkrahin-ligjin-e-plackitjes\/","og_site_name":"Lajme nga Ulqini","article_published_time":"2015-04-23T17:01:22+00:00","og_image":[{"url":"http:\/\/www.visit-ulcinj.com\/blog\/wp-content\/uploads\/2014\/12\/Genci-Nimanbegu-Gjeloshaj.jpg"}],"twitter_misc":{"Written by":"ulqini","Est. reading time":"1 minute"},"schema":{"@context":"https:\/\/schema.org","@graph":[{"@type":"WebSite","@id":"https:\/\/www.visit-ulcinj.com\/blog\/#website","url":"https:\/\/www.visit-ulcinj.com\/blog\/","name":"Lajme nga Ulqini","description":"Lajme,Vijesti,Ulqini,Ulqin,Crna Gora,Mali i Zi","potentialAction":[{"@type":"SearchAction","target":{"@type":"EntryPoint","urlTemplate":"https:\/\/www.visit-ulcinj.com\/blog\/?s={search_term_string}"},"query-input":"required name=search_term_string"}],"inLanguage":"en-US"},{"@type":"ImageObject","inLanguage":"en-US","@id":"https:\/\/www.visit-ulcinj.com\/blog\/2015\/04\/23\/vijesti-partite-shqiptare-e-perkrahin-ligjin-e-plackitjes\/#primaryimage","url":"https:\/\/www.visit-ulcinj.com\/blog\/wp-content\/uploads\/2014\/12\/Genci-Nimanbegu-Gjeloshaj.jpg","contentUrl":"https:\/\/www.visit-ulcinj.com\/blog\/wp-content\/uploads\/2014\/12\/Genci-Nimanbegu-Gjeloshaj.jpg","width":900,"height":598},{"@type":"WebPage","@id":"https:\/\/www.visit-ulcinj.com\/blog\/2015\/04\/23\/vijesti-partite-shqiptare-e-perkrahin-ligjin-e-plackitjes\/#webpage","url":"https:\/\/www.visit-ulcinj.com\/blog\/2015\/04\/23\/vijesti-partite-shqiptare-e-perkrahin-ligjin-e-plackitjes\/","name":"\u201cVijesti\u201d: Partit\u00eb shqiptare e p\u00ebrkrahin ligjin e pla\u00e7kitjes - Lajme nga Ulqini","isPartOf":{"@id":"https:\/\/www.visit-ulcinj.com\/blog\/#website"},"primaryImageOfPage":{"@id":"https:\/\/www.visit-ulcinj.com\/blog\/2015\/04\/23\/vijesti-partite-shqiptare-e-perkrahin-ligjin-e-plackitjes\/#primaryimage"},"datePublished":"2015-04-23T17:01:22+00:00","dateModified":"2015-04-23T17:01:22+00:00","author":{"@id":"https:\/\/www.visit-ulcinj.com\/blog\/#\/schema\/person\/dcab619c614d3038751c63bc2aadc06d"},"description":"Propozimi i Ligjit p\u00ebr eksproprijim t\u00eb Qeveris\u00eb s\u00eb Malit t\u00eb Zi p\u00ebr momentin nuk ka p\u00ebrkrahjen e shumic\u00ebs n\u00eb Parlamentin shtet\u00ebror, shkruan \u201cVijesti\u201d. Si\u00e7","breadcrumb":{"@id":"https:\/\/www.visit-ulcinj.com\/blog\/2015\/04\/23\/vijesti-partite-shqiptare-e-perkrahin-ligjin-e-plackitjes\/#breadcrumb"},"inLanguage":"en-US","potentialAction":[{"@type":"ReadAction","target":["https:\/\/www.visit-ulcinj.com\/blog\/2015\/04\/23\/vijesti-partite-shqiptare-e-perkrahin-ligjin-e-plackitjes\/"]}]},{"@type":"BreadcrumbList","@id":"https:\/\/www.visit-ulcinj.com\/blog\/2015\/04\/23\/vijesti-partite-shqiptare-e-perkrahin-ligjin-e-plackitjes\/#breadcrumb","itemListElement":[{"@type":"ListItem","position":1,"name":"\u201cVijesti\u201d: Partit\u00eb shqiptare e p\u00ebrkrahin ligjin e pla\u00e7kitjes"}]},{"@type":"Person","@id":"https:\/\/www.visit-ulcinj.com\/blog\/#\/schema\/person\/dcab619c614d3038751c63bc2aadc06d","name":"ulqini","sameAs":["http:\/\/www.visit-ulcinj.com"],"url":"https:\/\/www.visit-ulcinj.com\/blog\/author\/admin\/"}]}},"jetpack_featured_media_url":"","jetpack_sharing_enabled":true,"jetpack_shortlink":"https:\/\/wp.me\/pe6lTn-nrD","_links":{"self":[{"href":"https:\/\/www.visit-ulcinj.com\/blog\/wp-json\/wp\/v2\/posts\/90125"}],"collection":[{"href":"https:\/\/www.visit-ulcinj.com\/blog\/wp-json\/wp\/v2\/posts"}],"about":[{"href":"https:\/\/www.visit-ulcinj.com\/blog\/wp-json\/wp\/v2\/types\/post"}],"author":[{"embeddable":true,"href":"https:\/\/www.visit-ulcinj.com\/blog\/wp-json\/wp\/v2\/users\/1"}],"replies":[{"embeddable":true,"href":"https:\/\/www.visit-ulcinj.com\/blog\/wp-json\/wp\/v2\/comments?post=90125"}],"version-history":[{"count":1,"href":"https:\/\/www.visit-ulcinj.com\/blog\/wp-json\/wp\/v2\/posts\/90125\/revisions"}],"predecessor-version":[{"id":90126,"href":"https:\/\/www.visit-ulcinj.com\/blog\/wp-json\/wp\/v2\/posts\/90125\/revisions\/90126"}],"wp:attachment":[{"href":"https:\/\/www.visit-ulcinj.com\/blog\/wp-json\/wp\/v2\/media?parent=90125"}],"wp:term":[{"taxonomy":"category","embeddable":true,"href":"https:\/\/www.visit-ulcinj.com\/blog\/wp-json\/wp\/v2\/categories?post=90125"},{"taxonomy":"post_tag","embeddable":true,"href":"https:\/\/www.visit-ulcinj.com\/blog\/wp-json\/wp\/v2\/tags?post=90125"}],"curies":[{"name":"wp","href":"https:\/\/api.w.org\/{rel}","templated":true}]}}