{"id":90130,"date":"2015-04-24T07:22:31","date_gmt":"2015-04-24T06:22:31","guid":{"rendered":"http:\/\/www.visit-ulcinj.com\/blog\/?p=90130"},"modified":"2015-04-24T07:22:31","modified_gmt":"2015-04-24T06:22:31","slug":"sejdo-ismaili-pocelo-je-sa-mnom","status":"publish","type":"post","link":"https:\/\/www.visit-ulcinj.com\/blog\/2015\/04\/24\/sejdo-ismaili-pocelo-je-sa-mnom\/","title":{"rendered":"Sejdo Ismaili: PO\u010cELO JE SA MNOM"},"content":{"rendered":"<p style=\"text-align: center;\"><strong><a href=\"http:\/\/www.visit-ulcinj.com\/blog\/wp-content\/uploads\/2015\/04\/Filluan-me-mua-nga-Sejdo-Ismaili.jpg\"><img loading=\"lazy\" class=\"alignleft wp-image-90117\" src=\"http:\/\/www.visit-ulcinj.com\/blog\/wp-content\/uploads\/2015\/04\/Filluan-me-mua-nga-Sejdo-Ismaili.jpg\" alt=\"Filluan me mua nga Sejdo Ismaili\" width=\"508\" height=\"253\" srcset=\"https:\/\/www.visit-ulcinj.com\/blog\/wp-content\/uploads\/2015\/04\/Filluan-me-mua-nga-Sejdo-Ismaili.jpg 960w, https:\/\/www.visit-ulcinj.com\/blog\/wp-content\/uploads\/2015\/04\/Filluan-me-mua-nga-Sejdo-Ismaili-300x149.jpg 300w\" sizes=\"(max-width: 508px) 100vw, 508px\" \/><\/a>PO\u010cELO JE SA MNOM<\/strong><\/p>\n<p>(Nakon \u0161to me je nebrojeno mnogo ljudi i prijatelja pozvalo da svoj ju\u010dera\u0161nji tekst prevedem i na ju\u017enoslovenske jezike kako bi ta\u010dno mogli da vide \u0161to sam napisao, evo za njih prevoda. U\u017eivajte <i class=\"_4-k1 img sp_38wO-eU9tOF sx_5be2bb\"><span style=\"text-decoration: underline;\">\u00e9motic\u00f4ne smile<\/span><\/i><\/p>\n<p>Pet radnika Televizije Teuta je za godinu dana ostalo bez posla. Biti sasvim pot\u010dinjen je neophodnost koju izgleda praktikuje gazda TVT.<span class=\"text_exposed_show\"><br \/>\nPritiskom, narodski re\u010deno silom (alb. me forc\u00eb), oni su se krenuli dok nisu uklonili najprije mene, potom Ilirjanu Markashi, G\u00ebzima Ibro\u00e7ija, i prije nekoliko dana Arijanu Kurmemovi\u0107 i Suzanu Gani\u0107.<br \/>\nSvi smo mi imali stalni radni odnos!<br \/>\nU svojih 40 godina nisam se na\u0161ao u sli\u010dnoj situaciji, pa sam tra\u017eio adekvatan termin. Po prvi put sam trpio MOBING.<br \/>\nTo je, ina\u010de, engleska rije\u010d koja se upotrebljava kada poslodavac na direktan ili indirektan na\u010din \u010dini stalan pritisak na radnika, dok se radnik ne ukloni sa radnog mjesta.<br \/>\n\u010cinim ovo reagovanje javnim da bi svojim prijateljima na FB-u saop\u0161tio da MOBING na TVT nije po\u010deo sa Suzanom i Arijanom, ve\u0107 sa mnom!<br \/>\nOdmah po dolasku novog vlasnika, onda kada je kampanja za lokalne izbore bila na vrhuncu, ja sam na TVT imao poseban status, \u0161to su primijetili i ostale kolege na Televiziji. Svaku predrasudu koji su imali prema meni, odmah bi preokrenuli u optu\u017ebu, kao na primjer:<br \/>\nSejdo je pokvario miksetu da bi propala emisija. Ili, emisija je kasnila jer je Sejdo krivac.<br \/>\nZa sve \u0161to nije funkcionisalo ili nije i\u0161lo kako treba, krivac je bio Sejdo!?<br \/>\nKao rezultat svih njihovih predrasuda, najprije su me poslali na godi\u0161nji odmor, ali prije nego \u0161to sam se o tome dogovorio sa direktorkom Ilmirom Lika. Tra\u017eio sam od direktorke razlog za\u0161to moram da idem na odmor prije roka koji smo dogovorili, na \u0161ta mi je ona odgovrila: \u201eRekao je Ne\u010dko \u2013 BEZ KOMENTARA\u201c!?<br \/>\nKada sam zavr\u0161io godi\u0161nji odmor, samo dan prije nego \u0161to sam trebao da se vratim na posao, telefonom me pozvala direktorka i obavjestila: \u201eOdlu\u010dili smo da TI nastavi\u0161 sa odmorom\u201c. Dakle, da budem na prinudnom odmoru, bez pla\u0107anja, bez ikakvog dogovora sa mnom!?<br \/>\nOno \u0161to me je uvjerilo da shvatim da ovakvim pritiscima imaju namjeru da me udalje iz kolektiva je bio trenutak kada je kolega tra\u017eio od direktorke da ga mijenjam jedan dan (a ja sam tada bio na odmoru), jer je imao ne\u0161to posla, a ona mu je odgovorila: \u201eSredi kako mo\u017ee\u0161, ali bez Sejda, molim te\u201c!?<br \/>\nDakle, ovakvim postupcima i mnogim drugim, dali su mi na znanje da za dalji rad na Televiziji nije dovoljno da poznaje\u0161 posao i da si dobar radnik, ve\u0107 da mora\u0161 biti u potpunosti politi\u010dki podoban. Ovo mi je potvrdio i sam vlasnik Ned\u017ead Ljajka koji mi je u razgovoru koji smo vodili prije mog napu\u0161tanja TVT rekao: \u201eTi si radio veoma dobro, ali sam o\u010dekivao od tebe ve\u0107u podr\u0161ku. Ti zna\u0161 gdje sam ja\u201c.<\/span><\/p>\n<p>Ja sam mu rekao da sam bio devet godina na Televiziji, sa vlasnikom Dinom Ramovi\u0107em. Svi smo znali gdje je on politi\u010dki orijentisan, ali nikada nije od nas tra\u017eio da ga u tome podr\u017eimo. Dinu nije smetalo \u0161to smo mi imali politi\u010dki razli\u010dita mi\u0161ljenja, nego da funkcioni\u0161emo veoma dobro kao kolektiv i da realizujemo 10 emisija u nedjelji, gdje je trebalo da bude mjesta i prostora za svakoga.<\/p>\n<p>U svakom slu\u010daju, ima godinu dana da sam svojom voljom napustio Televiziju, ponekad razmi\u0161ljaju\u0107i da za sve mo\u017eda sam kriv. Ali, vrijeme je pokazalo ne\u0161to drugo.<\/p>\n<p>Odmah nakon mog odlaska, neko drugi je bio TARGET (meta). Uglavnom, sli\u010dnim metodama nastavili su sa Ilirjanom Markashi, G\u00ebzimom Ibro\u00e7ijem i sada sa Suzanom i Arijanom.<\/p>\n<p>Ko \u0107e biti sljede\u0107i TARGET i da li \u0107e mo\u0107i da \u201epre\u017eive\u201c kolege koje jo\u0161 tamo rade, ostaje da vidimo u danima koji dolaze. Znam da svako ima svoju pri\u010du koju \u0107e mo\u017eda jednog dana oni u\u010diniti javnom.<\/p>\n<p>PS. Molim kolege koje jo\u0161 rade u TVT: ne udarajte LIKE ovom mom postu. Ko zna, mo\u017eete i vi ostati bez posla\u2026<\/p>\n<p><strong>Izvor: <a id=\"js_1e\" class=\"taggee\" href=\"https:\/\/www.facebook.com\/sejdo.ismaili?fref=photo\" data-tag=\"842313990\" data-hovercard=\"\/ajax\/hovercard\/hovercard.php?id=842313990&amp;media_info=6.10153168776278991&amp;type=mediatag\">Sejdo Ismaili <\/a>Facebook<\/strong><\/p>\n","protected":false},"excerpt":{"rendered":"<p>PO\u010cELO JE SA MNOM (Nakon \u0161to me je nebrojeno mnogo ljudi i prijatelja pozvalo da svoj ju\u010dera\u0161nji tekst prevedem i na ju\u017enoslovenske jezike kako bi ta\u010dno mogli da vide \u0161to sam napisao, evo za njih prevoda. U\u017eivajte \u00e9motic\u00f4ne smile Pet radnika Televizije Teuta je za godinu dana ostalo bez posla. Biti sasvim pot\u010dinjen je neophodnost [&hellip;]<\/p>\n","protected":false},"author":1,"featured_media":0,"comment_status":"closed","ping_status":"closed","sticky":false,"template":"","format":"standard","meta":{"spay_email":"","jetpack_publicize_message":"","jetpack_is_tweetstorm":false,"jetpack_publicize_feature_enabled":true},"categories":[6950],"tags":[],"jetpack_publicize_connections":[],"yoast_head":"<!-- This site is optimized with the Yoast SEO plugin v19.1 - https:\/\/yoast.com\/wordpress\/plugins\/seo\/ -->\n<title>Sejdo Ismaili: PO\u010cELO JE SA MNOM - Lajme nga Ulqini<\/title>\n<meta name=\"description\" content=\"PO\u010cELO JE SA MNOM (Nakon \u0161to me je nebrojeno mnogo ljudi i prijatelja pozvalo da svoj ju\u010dera\u0161nji tekst prevedem i na ju\u017enoslovenske jezike kako bi ta\u010dno\" \/>\n<meta name=\"robots\" content=\"index, follow, max-snippet:-1, max-image-preview:large, max-video-preview:-1\" \/>\n<link rel=\"canonical\" href=\"https:\/\/www.visit-ulcinj.com\/blog\/2015\/04\/24\/sejdo-ismaili-pocelo-je-sa-mnom\/\" \/>\n<meta property=\"og:locale\" content=\"en_US\" \/>\n<meta property=\"og:type\" content=\"article\" \/>\n<meta property=\"og:title\" content=\"Sejdo Ismaili: PO\u010cELO JE SA MNOM - Lajme nga Ulqini\" \/>\n<meta property=\"og:description\" content=\"PO\u010cELO JE SA MNOM (Nakon \u0161to me je nebrojeno mnogo ljudi i prijatelja pozvalo da svoj ju\u010dera\u0161nji tekst prevedem i na ju\u017enoslovenske jezike kako bi ta\u010dno\" \/>\n<meta property=\"og:url\" content=\"https:\/\/www.visit-ulcinj.com\/blog\/2015\/04\/24\/sejdo-ismaili-pocelo-je-sa-mnom\/\" \/>\n<meta property=\"og:site_name\" content=\"Lajme nga Ulqini\" \/>\n<meta property=\"article:published_time\" content=\"2015-04-24T06:22:31+00:00\" \/>\n<meta property=\"og:image\" content=\"http:\/\/www.visit-ulcinj.com\/blog\/wp-content\/uploads\/2015\/04\/Filluan-me-mua-nga-Sejdo-Ismaili.jpg\" \/>\n<meta name=\"twitter:label1\" content=\"Written by\" \/>\n\t<meta name=\"twitter:data1\" content=\"ulqini\" \/>\n\t<meta name=\"twitter:label2\" content=\"Est. reading time\" \/>\n\t<meta name=\"twitter:data2\" content=\"4 minutes\" \/>\n<script type=\"application\/ld+json\" class=\"yoast-schema-graph\">{\"@context\":\"https:\/\/schema.org\",\"@graph\":[{\"@type\":\"WebSite\",\"@id\":\"https:\/\/www.visit-ulcinj.com\/blog\/#website\",\"url\":\"https:\/\/www.visit-ulcinj.com\/blog\/\",\"name\":\"Lajme nga Ulqini\",\"description\":\"Lajme,Vijesti,Ulqini,Ulqin,Crna Gora,Mali i Zi\",\"potentialAction\":[{\"@type\":\"SearchAction\",\"target\":{\"@type\":\"EntryPoint\",\"urlTemplate\":\"https:\/\/www.visit-ulcinj.com\/blog\/?s={search_term_string}\"},\"query-input\":\"required name=search_term_string\"}],\"inLanguage\":\"en-US\"},{\"@type\":\"ImageObject\",\"inLanguage\":\"en-US\",\"@id\":\"https:\/\/www.visit-ulcinj.com\/blog\/2015\/04\/24\/sejdo-ismaili-pocelo-je-sa-mnom\/#primaryimage\",\"url\":\"https:\/\/www.visit-ulcinj.com\/blog\/wp-content\/uploads\/2015\/04\/Filluan-me-mua-nga-Sejdo-Ismaili.jpg\",\"contentUrl\":\"https:\/\/www.visit-ulcinj.com\/blog\/wp-content\/uploads\/2015\/04\/Filluan-me-mua-nga-Sejdo-Ismaili.jpg\",\"width\":960,\"height\":478},{\"@type\":\"WebPage\",\"@id\":\"https:\/\/www.visit-ulcinj.com\/blog\/2015\/04\/24\/sejdo-ismaili-pocelo-je-sa-mnom\/#webpage\",\"url\":\"https:\/\/www.visit-ulcinj.com\/blog\/2015\/04\/24\/sejdo-ismaili-pocelo-je-sa-mnom\/\",\"name\":\"Sejdo Ismaili: PO\u010cELO JE SA MNOM - Lajme nga Ulqini\",\"isPartOf\":{\"@id\":\"https:\/\/www.visit-ulcinj.com\/blog\/#website\"},\"primaryImageOfPage\":{\"@id\":\"https:\/\/www.visit-ulcinj.com\/blog\/2015\/04\/24\/sejdo-ismaili-pocelo-je-sa-mnom\/#primaryimage\"},\"datePublished\":\"2015-04-24T06:22:31+00:00\",\"dateModified\":\"2015-04-24T06:22:31+00:00\",\"author\":{\"@id\":\"https:\/\/www.visit-ulcinj.com\/blog\/#\/schema\/person\/dcab619c614d3038751c63bc2aadc06d\"},\"description\":\"PO\u010cELO JE SA MNOM (Nakon \u0161to me je nebrojeno mnogo ljudi i prijatelja pozvalo da svoj ju\u010dera\u0161nji tekst prevedem i na ju\u017enoslovenske jezike kako bi ta\u010dno\",\"breadcrumb\":{\"@id\":\"https:\/\/www.visit-ulcinj.com\/blog\/2015\/04\/24\/sejdo-ismaili-pocelo-je-sa-mnom\/#breadcrumb\"},\"inLanguage\":\"en-US\",\"potentialAction\":[{\"@type\":\"ReadAction\",\"target\":[\"https:\/\/www.visit-ulcinj.com\/blog\/2015\/04\/24\/sejdo-ismaili-pocelo-je-sa-mnom\/\"]}]},{\"@type\":\"BreadcrumbList\",\"@id\":\"https:\/\/www.visit-ulcinj.com\/blog\/2015\/04\/24\/sejdo-ismaili-pocelo-je-sa-mnom\/#breadcrumb\",\"itemListElement\":[{\"@type\":\"ListItem\",\"position\":1,\"name\":\"Sejdo Ismaili: PO\u010cELO JE SA MNOM\"}]},{\"@type\":\"Person\",\"@id\":\"https:\/\/www.visit-ulcinj.com\/blog\/#\/schema\/person\/dcab619c614d3038751c63bc2aadc06d\",\"name\":\"ulqini\",\"sameAs\":[\"http:\/\/www.visit-ulcinj.com\"],\"url\":\"https:\/\/www.visit-ulcinj.com\/blog\/author\/admin\/\"}]}<\/script>\n<!-- \/ Yoast SEO plugin. -->","yoast_head_json":{"title":"Sejdo Ismaili: PO\u010cELO JE SA MNOM - Lajme nga Ulqini","description":"PO\u010cELO JE SA MNOM (Nakon \u0161to me je nebrojeno mnogo ljudi i prijatelja pozvalo da svoj ju\u010dera\u0161nji tekst prevedem i na ju\u017enoslovenske jezike kako bi ta\u010dno","robots":{"index":"index","follow":"follow","max-snippet":"max-snippet:-1","max-image-preview":"max-image-preview:large","max-video-preview":"max-video-preview:-1"},"canonical":"https:\/\/www.visit-ulcinj.com\/blog\/2015\/04\/24\/sejdo-ismaili-pocelo-je-sa-mnom\/","og_locale":"en_US","og_type":"article","og_title":"Sejdo Ismaili: PO\u010cELO JE SA MNOM - Lajme nga Ulqini","og_description":"PO\u010cELO JE SA MNOM (Nakon \u0161to me je nebrojeno mnogo ljudi i prijatelja pozvalo da svoj ju\u010dera\u0161nji tekst prevedem i na ju\u017enoslovenske jezike kako bi ta\u010dno","og_url":"https:\/\/www.visit-ulcinj.com\/blog\/2015\/04\/24\/sejdo-ismaili-pocelo-je-sa-mnom\/","og_site_name":"Lajme nga Ulqini","article_published_time":"2015-04-24T06:22:31+00:00","og_image":[{"url":"http:\/\/www.visit-ulcinj.com\/blog\/wp-content\/uploads\/2015\/04\/Filluan-me-mua-nga-Sejdo-Ismaili.jpg"}],"twitter_misc":{"Written by":"ulqini","Est. reading time":"4 minutes"},"schema":{"@context":"https:\/\/schema.org","@graph":[{"@type":"WebSite","@id":"https:\/\/www.visit-ulcinj.com\/blog\/#website","url":"https:\/\/www.visit-ulcinj.com\/blog\/","name":"Lajme nga Ulqini","description":"Lajme,Vijesti,Ulqini,Ulqin,Crna Gora,Mali i Zi","potentialAction":[{"@type":"SearchAction","target":{"@type":"EntryPoint","urlTemplate":"https:\/\/www.visit-ulcinj.com\/blog\/?s={search_term_string}"},"query-input":"required name=search_term_string"}],"inLanguage":"en-US"},{"@type":"ImageObject","inLanguage":"en-US","@id":"https:\/\/www.visit-ulcinj.com\/blog\/2015\/04\/24\/sejdo-ismaili-pocelo-je-sa-mnom\/#primaryimage","url":"https:\/\/www.visit-ulcinj.com\/blog\/wp-content\/uploads\/2015\/04\/Filluan-me-mua-nga-Sejdo-Ismaili.jpg","contentUrl":"https:\/\/www.visit-ulcinj.com\/blog\/wp-content\/uploads\/2015\/04\/Filluan-me-mua-nga-Sejdo-Ismaili.jpg","width":960,"height":478},{"@type":"WebPage","@id":"https:\/\/www.visit-ulcinj.com\/blog\/2015\/04\/24\/sejdo-ismaili-pocelo-je-sa-mnom\/#webpage","url":"https:\/\/www.visit-ulcinj.com\/blog\/2015\/04\/24\/sejdo-ismaili-pocelo-je-sa-mnom\/","name":"Sejdo Ismaili: PO\u010cELO JE SA MNOM - Lajme nga Ulqini","isPartOf":{"@id":"https:\/\/www.visit-ulcinj.com\/blog\/#website"},"primaryImageOfPage":{"@id":"https:\/\/www.visit-ulcinj.com\/blog\/2015\/04\/24\/sejdo-ismaili-pocelo-je-sa-mnom\/#primaryimage"},"datePublished":"2015-04-24T06:22:31+00:00","dateModified":"2015-04-24T06:22:31+00:00","author":{"@id":"https:\/\/www.visit-ulcinj.com\/blog\/#\/schema\/person\/dcab619c614d3038751c63bc2aadc06d"},"description":"PO\u010cELO JE SA MNOM (Nakon \u0161to me je nebrojeno mnogo ljudi i prijatelja pozvalo da svoj ju\u010dera\u0161nji tekst prevedem i na ju\u017enoslovenske jezike kako bi ta\u010dno","breadcrumb":{"@id":"https:\/\/www.visit-ulcinj.com\/blog\/2015\/04\/24\/sejdo-ismaili-pocelo-je-sa-mnom\/#breadcrumb"},"inLanguage":"en-US","potentialAction":[{"@type":"ReadAction","target":["https:\/\/www.visit-ulcinj.com\/blog\/2015\/04\/24\/sejdo-ismaili-pocelo-je-sa-mnom\/"]}]},{"@type":"BreadcrumbList","@id":"https:\/\/www.visit-ulcinj.com\/blog\/2015\/04\/24\/sejdo-ismaili-pocelo-je-sa-mnom\/#breadcrumb","itemListElement":[{"@type":"ListItem","position":1,"name":"Sejdo Ismaili: PO\u010cELO JE SA MNOM"}]},{"@type":"Person","@id":"https:\/\/www.visit-ulcinj.com\/blog\/#\/schema\/person\/dcab619c614d3038751c63bc2aadc06d","name":"ulqini","sameAs":["http:\/\/www.visit-ulcinj.com"],"url":"https:\/\/www.visit-ulcinj.com\/blog\/author\/admin\/"}]}},"jetpack_featured_media_url":"","jetpack_sharing_enabled":true,"jetpack_shortlink":"https:\/\/wp.me\/pe6lTn-nrI","_links":{"self":[{"href":"https:\/\/www.visit-ulcinj.com\/blog\/wp-json\/wp\/v2\/posts\/90130"}],"collection":[{"href":"https:\/\/www.visit-ulcinj.com\/blog\/wp-json\/wp\/v2\/posts"}],"about":[{"href":"https:\/\/www.visit-ulcinj.com\/blog\/wp-json\/wp\/v2\/types\/post"}],"author":[{"embeddable":true,"href":"https:\/\/www.visit-ulcinj.com\/blog\/wp-json\/wp\/v2\/users\/1"}],"replies":[{"embeddable":true,"href":"https:\/\/www.visit-ulcinj.com\/blog\/wp-json\/wp\/v2\/comments?post=90130"}],"version-history":[{"count":1,"href":"https:\/\/www.visit-ulcinj.com\/blog\/wp-json\/wp\/v2\/posts\/90130\/revisions"}],"predecessor-version":[{"id":90131,"href":"https:\/\/www.visit-ulcinj.com\/blog\/wp-json\/wp\/v2\/posts\/90130\/revisions\/90131"}],"wp:attachment":[{"href":"https:\/\/www.visit-ulcinj.com\/blog\/wp-json\/wp\/v2\/media?parent=90130"}],"wp:term":[{"taxonomy":"category","embeddable":true,"href":"https:\/\/www.visit-ulcinj.com\/blog\/wp-json\/wp\/v2\/categories?post=90130"},{"taxonomy":"post_tag","embeddable":true,"href":"https:\/\/www.visit-ulcinj.com\/blog\/wp-json\/wp\/v2\/tags?post=90130"}],"curies":[{"name":"wp","href":"https:\/\/api.w.org\/{rel}","templated":true}]}}