{"id":90139,"date":"2015-04-25T07:53:35","date_gmt":"2015-04-25T06:53:35","guid":{"rendered":"http:\/\/www.visit-ulcinj.com\/blog\/?p=90139"},"modified":"2015-04-25T07:53:35","modified_gmt":"2015-04-25T06:53:35","slug":"ldmz-ne-takim-ambasadorin-e-republikes-se-shqiperise","status":"publish","type":"post","link":"https:\/\/www.visit-ulcinj.com\/blog\/2015\/04\/25\/ldmz-ne-takim-ambasadorin-e-republikes-se-shqiperise\/","title":{"rendered":"LDMZ  n\u00eb takim me Ambasadorin e Republik\u00ebs s\u00eb Shqip\u00ebris\u00eb"},"content":{"rendered":"<p><a href=\"http:\/\/www.visit-ulcinj.com\/blog\/wp-content\/uploads\/2015\/04\/A-mbasadori-Filo.jpg\"><img loading=\"lazy\" class=\"alignleft wp-image-90140 size-full\" src=\"http:\/\/www.visit-ulcinj.com\/blog\/wp-content\/uploads\/2015\/04\/A-mbasadori-Filo.jpg\" alt=\"A mbasadori-Filo\" width=\"175\" height=\"247\" \/><\/a>&#8220;P\u00ebrkujdesja p\u00ebr shqiptar\u00ebt jasht\u00eb atdheut garantohet edhe me Kushtetut\u00ebn e Republik\u00ebs s\u00eb Shqip\u00ebris\u00eb&#8221;<\/p>\n<p>M\u00eb 22. 04. 2015, Ambasadori i Republik\u00ebs s\u00eb Shqip\u00ebris\u00eb, z. Ernal Filo, i shoq\u00ebruar nga K\u00ebshilltar\u00ebt e tij, n\u00eb vazhd\u00ebn e aktiviteteve t\u00eb veta, p\u00ebr t\u2019u njohur me spektrin politik shqiptar q\u00eb vepron n\u00eb Mal t\u00eb Zi, vizitoi Deg\u00ebn e Lidhjes Demokratike n\u00eb Tuz, me \u00e7&#8217;rast e priti kryetari i Deg\u00ebs, z. Nikoll\u00eb Camaj me aktivist\u00eb t\u00eb k\u00ebsaj<span class=\"text_exposed_show\"> partie.<br \/>\nIshte ky nj\u00eb takim v\u00ebllaz\u00ebror, sa i mir\u00ebpritur aq edhe i nevojsh\u00ebm p\u00ebr t\u00eb dy pal\u00ebt, me \u00e7&#8217;rast u shk\u00ebmbyen mendime mbi problemet q\u00eb i shqet\u00ebsojn\u00eb qytetar\u00ebt e Mal\u00ebsis\u00eb, respektivisht t\u00eb Komun\u00ebs urbane t\u00eb Tuzit, por edhe t\u00eb shqiptar\u00ebve n\u00eb Mal t\u00eb Zi n\u00eb p\u00ebrgjith\u00ebsi. Aty u p\u00ebrmenden probleme t\u00eb shumta, si n\u00eb pun\u00ebsim, n\u00eb p\u00ebrfaq\u00ebsim, n\u00eb arsimim, mungesa e investimeve, problemet n\u00eb lidhje me pronat e uzurpuara etj. Por, tem\u00eb bosht bisedimi natyrisht se ishte \u00e7\u00ebshtja e statusit juridik t\u00eb Mal\u00ebsis\u00eb, p\u00ebr zgjidhjen e t\u00eb s\u00eb cilit nikoqir\u00ebt k\u00ebrkuan mb\u00ebshtetje sa m\u00eb t\u00eb rrept\u00eb t\u00eb autoriteteve shqiptare. Fjal\u00ebt e Ambasadorit ishin mb\u00ebshtet\u00ebse n\u00eb drejtim t\u00eb p\u00ebrkrahjes s\u00eb plot\u00eb q\u00eb shqiptar\u00ebt e k\u00ebtush\u00ebm duhet t\u00eb g\u00ebzojn\u00eb nga shteti shqiptar, pasi q\u00eb p\u00ebrkujdesja p\u00ebr shqiptar\u00ebt jasht\u00eb atdheut garantohet edhe me Kushtetut\u00ebn e Republik\u00ebs s\u00eb Shqip\u00ebris\u00eb. Po ashtu Ambasadori mb\u00ebshteti pa rezerv\u00eb iniciativ\u00ebn e Lidhjes Demokratike p\u00ebr t\u00eb ftuar subjektet e tjera politike n\u00eb Mal\u00ebsi p\u00ebr bashk\u00ebpunim, si edhe \u00e7do iniciativ\u00eb p\u00ebr q\u00ebndrim t\u00eb p\u00ebrbashk\u00ebt t\u00eb subjekteve politike shqiptare.<br \/>\nDuke ve\u00e7uar nevoj\u00ebn e bashk\u00ebpunimit t\u00eb m\u00ebtejm\u00eb t\u00eb dy shteteve; Shqip\u00ebri-Mal i Zi, p\u00ebr kultivimin e marr\u00ebdh\u00ebnieve sa m\u00eb t\u00eb mira, Ambasadori tha se \u00e7\u00ebshtja e shqiptar\u00ebve \u00e7do her\u00eb do t\u00eb jet\u00eb n\u00eb fokus t\u00eb v\u00ebmendjes dhe bisedimeve t\u00eb zyrtar\u00ebve shqiptar\u00eb me homolog\u00ebt e vet malazez\u00eb.<\/span><\/p>\n<h5 class=\"_5pbw\" data-ft=\"{&quot;tn&quot;:&quot;C&quot;}\"><span class=\"fwb fcg\" data-ft=\"{&quot;tn&quot;:&quot;;&quot;}\"><a id=\"js_1j\" href=\"https:\/\/www.facebook.com\/lidhja.demokratike.9?fref=nf\" data-hovercard=\"\/ajax\/hovercard\/user.php?id=100000673599091&amp;extragetparams=%7B%22fref%22%3A%22nf%22%7D\">Lidhja Demokratike Facebook<\/a><\/span><\/h5>\n","protected":false},"excerpt":{"rendered":"<p>&#8220;P\u00ebrkujdesja p\u00ebr shqiptar\u00ebt jasht\u00eb atdheut garantohet edhe me Kushtetut\u00ebn e Republik\u00ebs s\u00eb Shqip\u00ebris\u00eb&#8221; M\u00eb 22. 04. 2015, Ambasadori i Republik\u00ebs s\u00eb Shqip\u00ebris\u00eb, z. Ernal Filo, i shoq\u00ebruar nga K\u00ebshilltar\u00ebt e tij, n\u00eb vazhd\u00ebn e aktiviteteve t\u00eb veta, p\u00ebr t\u2019u njohur me spektrin politik shqiptar q\u00eb vepron n\u00eb Mal t\u00eb Zi, vizitoi Deg\u00ebn e Lidhjes Demokratike [&hellip;]<\/p>\n","protected":false},"author":1,"featured_media":0,"comment_status":"closed","ping_status":"closed","sticky":false,"template":"","format":"standard","meta":{"spay_email":"","jetpack_publicize_message":"","jetpack_is_tweetstorm":false,"jetpack_publicize_feature_enabled":true},"categories":[14],"tags":[],"jetpack_publicize_connections":[],"yoast_head":"<!-- This site is optimized with the Yoast SEO plugin v19.1 - https:\/\/yoast.com\/wordpress\/plugins\/seo\/ -->\n<title>LDMZ n\u00eb takim me Ambasadorin e Republik\u00ebs s\u00eb Shqip\u00ebris\u00eb - Lajme nga Ulqini<\/title>\n<meta name=\"description\" content=\"&quot;P\u00ebrkujdesja p\u00ebr shqiptar\u00ebt jasht\u00eb atdheut garantohet edhe me Kushtetut\u00ebn e Republik\u00ebs s\u00eb Shqip\u00ebris\u00eb&quot; M\u00eb 22. 04. 2015, Ambasadori i Republik\u00ebs s\u00eb\" \/>\n<meta name=\"robots\" content=\"index, follow, max-snippet:-1, max-image-preview:large, max-video-preview:-1\" \/>\n<link rel=\"canonical\" href=\"https:\/\/www.visit-ulcinj.com\/blog\/2015\/04\/25\/ldmz-ne-takim-ambasadorin-e-republikes-se-shqiperise\/\" \/>\n<meta property=\"og:locale\" content=\"en_US\" \/>\n<meta property=\"og:type\" content=\"article\" \/>\n<meta property=\"og:title\" content=\"LDMZ n\u00eb takim me Ambasadorin e Republik\u00ebs s\u00eb Shqip\u00ebris\u00eb - Lajme nga Ulqini\" \/>\n<meta property=\"og:description\" content=\"&quot;P\u00ebrkujdesja p\u00ebr shqiptar\u00ebt jasht\u00eb atdheut garantohet edhe me Kushtetut\u00ebn e Republik\u00ebs s\u00eb Shqip\u00ebris\u00eb&quot; M\u00eb 22. 04. 2015, Ambasadori i Republik\u00ebs s\u00eb\" \/>\n<meta property=\"og:url\" content=\"https:\/\/www.visit-ulcinj.com\/blog\/2015\/04\/25\/ldmz-ne-takim-ambasadorin-e-republikes-se-shqiperise\/\" \/>\n<meta property=\"og:site_name\" content=\"Lajme nga Ulqini\" \/>\n<meta property=\"article:published_time\" content=\"2015-04-25T06:53:35+00:00\" \/>\n<meta property=\"og:image\" content=\"http:\/\/www.visit-ulcinj.com\/blog\/wp-content\/uploads\/2015\/04\/A-mbasadori-Filo.jpg\" \/>\n<meta name=\"twitter:label1\" content=\"Written by\" \/>\n\t<meta name=\"twitter:data1\" content=\"ulqini\" \/>\n\t<meta name=\"twitter:label2\" content=\"Est. reading time\" \/>\n\t<meta name=\"twitter:data2\" content=\"2 minutes\" \/>\n<script type=\"application\/ld+json\" class=\"yoast-schema-graph\">{\"@context\":\"https:\/\/schema.org\",\"@graph\":[{\"@type\":\"WebSite\",\"@id\":\"https:\/\/www.visit-ulcinj.com\/blog\/#website\",\"url\":\"https:\/\/www.visit-ulcinj.com\/blog\/\",\"name\":\"Lajme nga Ulqini\",\"description\":\"Lajme,Vijesti,Ulqini,Ulqin,Crna Gora,Mali i Zi\",\"potentialAction\":[{\"@type\":\"SearchAction\",\"target\":{\"@type\":\"EntryPoint\",\"urlTemplate\":\"https:\/\/www.visit-ulcinj.com\/blog\/?s={search_term_string}\"},\"query-input\":\"required name=search_term_string\"}],\"inLanguage\":\"en-US\"},{\"@type\":\"ImageObject\",\"inLanguage\":\"en-US\",\"@id\":\"https:\/\/www.visit-ulcinj.com\/blog\/2015\/04\/25\/ldmz-ne-takim-ambasadorin-e-republikes-se-shqiperise\/#primaryimage\",\"url\":\"http:\/\/www.visit-ulcinj.com\/blog\/wp-content\/uploads\/2015\/04\/A-mbasadori-Filo.jpg\",\"contentUrl\":\"http:\/\/www.visit-ulcinj.com\/blog\/wp-content\/uploads\/2015\/04\/A-mbasadori-Filo.jpg\"},{\"@type\":\"WebPage\",\"@id\":\"https:\/\/www.visit-ulcinj.com\/blog\/2015\/04\/25\/ldmz-ne-takim-ambasadorin-e-republikes-se-shqiperise\/#webpage\",\"url\":\"https:\/\/www.visit-ulcinj.com\/blog\/2015\/04\/25\/ldmz-ne-takim-ambasadorin-e-republikes-se-shqiperise\/\",\"name\":\"LDMZ n\u00eb takim me Ambasadorin e Republik\u00ebs s\u00eb Shqip\u00ebris\u00eb - Lajme nga Ulqini\",\"isPartOf\":{\"@id\":\"https:\/\/www.visit-ulcinj.com\/blog\/#website\"},\"primaryImageOfPage\":{\"@id\":\"https:\/\/www.visit-ulcinj.com\/blog\/2015\/04\/25\/ldmz-ne-takim-ambasadorin-e-republikes-se-shqiperise\/#primaryimage\"},\"datePublished\":\"2015-04-25T06:53:35+00:00\",\"dateModified\":\"2015-04-25T06:53:35+00:00\",\"author\":{\"@id\":\"https:\/\/www.visit-ulcinj.com\/blog\/#\/schema\/person\/dcab619c614d3038751c63bc2aadc06d\"},\"description\":\"\\\"P\u00ebrkujdesja p\u00ebr shqiptar\u00ebt jasht\u00eb atdheut garantohet edhe me Kushtetut\u00ebn e Republik\u00ebs s\u00eb Shqip\u00ebris\u00eb\\\" M\u00eb 22. 04. 2015, Ambasadori i Republik\u00ebs s\u00eb\",\"breadcrumb\":{\"@id\":\"https:\/\/www.visit-ulcinj.com\/blog\/2015\/04\/25\/ldmz-ne-takim-ambasadorin-e-republikes-se-shqiperise\/#breadcrumb\"},\"inLanguage\":\"en-US\",\"potentialAction\":[{\"@type\":\"ReadAction\",\"target\":[\"https:\/\/www.visit-ulcinj.com\/blog\/2015\/04\/25\/ldmz-ne-takim-ambasadorin-e-republikes-se-shqiperise\/\"]}]},{\"@type\":\"BreadcrumbList\",\"@id\":\"https:\/\/www.visit-ulcinj.com\/blog\/2015\/04\/25\/ldmz-ne-takim-ambasadorin-e-republikes-se-shqiperise\/#breadcrumb\",\"itemListElement\":[{\"@type\":\"ListItem\",\"position\":1,\"name\":\"LDMZ n\u00eb takim me Ambasadorin e Republik\u00ebs s\u00eb Shqip\u00ebris\u00eb\"}]},{\"@type\":\"Person\",\"@id\":\"https:\/\/www.visit-ulcinj.com\/blog\/#\/schema\/person\/dcab619c614d3038751c63bc2aadc06d\",\"name\":\"ulqini\",\"sameAs\":[\"http:\/\/www.visit-ulcinj.com\"],\"url\":\"https:\/\/www.visit-ulcinj.com\/blog\/author\/admin\/\"}]}<\/script>\n<!-- \/ Yoast SEO plugin. -->","yoast_head_json":{"title":"LDMZ n\u00eb takim me Ambasadorin e Republik\u00ebs s\u00eb Shqip\u00ebris\u00eb - Lajme nga Ulqini","description":"\"P\u00ebrkujdesja p\u00ebr shqiptar\u00ebt jasht\u00eb atdheut garantohet edhe me Kushtetut\u00ebn e Republik\u00ebs s\u00eb Shqip\u00ebris\u00eb\" M\u00eb 22. 04. 2015, Ambasadori i Republik\u00ebs s\u00eb","robots":{"index":"index","follow":"follow","max-snippet":"max-snippet:-1","max-image-preview":"max-image-preview:large","max-video-preview":"max-video-preview:-1"},"canonical":"https:\/\/www.visit-ulcinj.com\/blog\/2015\/04\/25\/ldmz-ne-takim-ambasadorin-e-republikes-se-shqiperise\/","og_locale":"en_US","og_type":"article","og_title":"LDMZ n\u00eb takim me Ambasadorin e Republik\u00ebs s\u00eb Shqip\u00ebris\u00eb - Lajme nga Ulqini","og_description":"\"P\u00ebrkujdesja p\u00ebr shqiptar\u00ebt jasht\u00eb atdheut garantohet edhe me Kushtetut\u00ebn e Republik\u00ebs s\u00eb Shqip\u00ebris\u00eb\" M\u00eb 22. 04. 2015, Ambasadori i Republik\u00ebs s\u00eb","og_url":"https:\/\/www.visit-ulcinj.com\/blog\/2015\/04\/25\/ldmz-ne-takim-ambasadorin-e-republikes-se-shqiperise\/","og_site_name":"Lajme nga Ulqini","article_published_time":"2015-04-25T06:53:35+00:00","og_image":[{"url":"http:\/\/www.visit-ulcinj.com\/blog\/wp-content\/uploads\/2015\/04\/A-mbasadori-Filo.jpg"}],"twitter_misc":{"Written by":"ulqini","Est. reading time":"2 minutes"},"schema":{"@context":"https:\/\/schema.org","@graph":[{"@type":"WebSite","@id":"https:\/\/www.visit-ulcinj.com\/blog\/#website","url":"https:\/\/www.visit-ulcinj.com\/blog\/","name":"Lajme nga Ulqini","description":"Lajme,Vijesti,Ulqini,Ulqin,Crna Gora,Mali i Zi","potentialAction":[{"@type":"SearchAction","target":{"@type":"EntryPoint","urlTemplate":"https:\/\/www.visit-ulcinj.com\/blog\/?s={search_term_string}"},"query-input":"required name=search_term_string"}],"inLanguage":"en-US"},{"@type":"ImageObject","inLanguage":"en-US","@id":"https:\/\/www.visit-ulcinj.com\/blog\/2015\/04\/25\/ldmz-ne-takim-ambasadorin-e-republikes-se-shqiperise\/#primaryimage","url":"http:\/\/www.visit-ulcinj.com\/blog\/wp-content\/uploads\/2015\/04\/A-mbasadori-Filo.jpg","contentUrl":"http:\/\/www.visit-ulcinj.com\/blog\/wp-content\/uploads\/2015\/04\/A-mbasadori-Filo.jpg"},{"@type":"WebPage","@id":"https:\/\/www.visit-ulcinj.com\/blog\/2015\/04\/25\/ldmz-ne-takim-ambasadorin-e-republikes-se-shqiperise\/#webpage","url":"https:\/\/www.visit-ulcinj.com\/blog\/2015\/04\/25\/ldmz-ne-takim-ambasadorin-e-republikes-se-shqiperise\/","name":"LDMZ n\u00eb takim me Ambasadorin e Republik\u00ebs s\u00eb Shqip\u00ebris\u00eb - Lajme nga Ulqini","isPartOf":{"@id":"https:\/\/www.visit-ulcinj.com\/blog\/#website"},"primaryImageOfPage":{"@id":"https:\/\/www.visit-ulcinj.com\/blog\/2015\/04\/25\/ldmz-ne-takim-ambasadorin-e-republikes-se-shqiperise\/#primaryimage"},"datePublished":"2015-04-25T06:53:35+00:00","dateModified":"2015-04-25T06:53:35+00:00","author":{"@id":"https:\/\/www.visit-ulcinj.com\/blog\/#\/schema\/person\/dcab619c614d3038751c63bc2aadc06d"},"description":"\"P\u00ebrkujdesja p\u00ebr shqiptar\u00ebt jasht\u00eb atdheut garantohet edhe me Kushtetut\u00ebn e Republik\u00ebs s\u00eb Shqip\u00ebris\u00eb\" M\u00eb 22. 04. 2015, Ambasadori i Republik\u00ebs s\u00eb","breadcrumb":{"@id":"https:\/\/www.visit-ulcinj.com\/blog\/2015\/04\/25\/ldmz-ne-takim-ambasadorin-e-republikes-se-shqiperise\/#breadcrumb"},"inLanguage":"en-US","potentialAction":[{"@type":"ReadAction","target":["https:\/\/www.visit-ulcinj.com\/blog\/2015\/04\/25\/ldmz-ne-takim-ambasadorin-e-republikes-se-shqiperise\/"]}]},{"@type":"BreadcrumbList","@id":"https:\/\/www.visit-ulcinj.com\/blog\/2015\/04\/25\/ldmz-ne-takim-ambasadorin-e-republikes-se-shqiperise\/#breadcrumb","itemListElement":[{"@type":"ListItem","position":1,"name":"LDMZ n\u00eb takim me Ambasadorin e Republik\u00ebs s\u00eb Shqip\u00ebris\u00eb"}]},{"@type":"Person","@id":"https:\/\/www.visit-ulcinj.com\/blog\/#\/schema\/person\/dcab619c614d3038751c63bc2aadc06d","name":"ulqini","sameAs":["http:\/\/www.visit-ulcinj.com"],"url":"https:\/\/www.visit-ulcinj.com\/blog\/author\/admin\/"}]}},"jetpack_featured_media_url":"","jetpack_sharing_enabled":true,"jetpack_shortlink":"https:\/\/wp.me\/pe6lTn-nrR","_links":{"self":[{"href":"https:\/\/www.visit-ulcinj.com\/blog\/wp-json\/wp\/v2\/posts\/90139"}],"collection":[{"href":"https:\/\/www.visit-ulcinj.com\/blog\/wp-json\/wp\/v2\/posts"}],"about":[{"href":"https:\/\/www.visit-ulcinj.com\/blog\/wp-json\/wp\/v2\/types\/post"}],"author":[{"embeddable":true,"href":"https:\/\/www.visit-ulcinj.com\/blog\/wp-json\/wp\/v2\/users\/1"}],"replies":[{"embeddable":true,"href":"https:\/\/www.visit-ulcinj.com\/blog\/wp-json\/wp\/v2\/comments?post=90139"}],"version-history":[{"count":1,"href":"https:\/\/www.visit-ulcinj.com\/blog\/wp-json\/wp\/v2\/posts\/90139\/revisions"}],"predecessor-version":[{"id":90141,"href":"https:\/\/www.visit-ulcinj.com\/blog\/wp-json\/wp\/v2\/posts\/90139\/revisions\/90141"}],"wp:attachment":[{"href":"https:\/\/www.visit-ulcinj.com\/blog\/wp-json\/wp\/v2\/media?parent=90139"}],"wp:term":[{"taxonomy":"category","embeddable":true,"href":"https:\/\/www.visit-ulcinj.com\/blog\/wp-json\/wp\/v2\/categories?post=90139"},{"taxonomy":"post_tag","embeddable":true,"href":"https:\/\/www.visit-ulcinj.com\/blog\/wp-json\/wp\/v2\/tags?post=90139"}],"curies":[{"name":"wp","href":"https:\/\/api.w.org\/{rel}","templated":true}]}}