{"id":90142,"date":"2015-04-25T13:42:25","date_gmt":"2015-04-25T12:42:25","guid":{"rendered":"http:\/\/www.visit-ulcinj.com\/blog\/?p=90142"},"modified":"2015-04-25T17:15:03","modified_gmt":"2015-04-25T16:15:03","slug":"dita-e-librit-u-shenua-edhe-ne-ulqin","status":"publish","type":"post","link":"https:\/\/www.visit-ulcinj.com\/blog\/2015\/04\/25\/dita-e-librit-u-shenua-edhe-ne-ulqin\/","title":{"rendered":"Dita e Librit u sh\u00ebnua edhe n\u00eb Ulqin"},"content":{"rendered":"<p><strong><a href=\"http:\/\/www.visit-ulcinj.com\/blog\/wp-content\/uploads\/2015\/04\/Dita-e-Librit-ne-Ulqin.jpg\"><img loading=\"lazy\" class=\"alignleft wp-image-90143\" src=\"http:\/\/www.visit-ulcinj.com\/blog\/wp-content\/uploads\/2015\/04\/Dita-e-Librit-ne-Ulqin.jpg\" alt=\"Dita e Librit ne Ulqin\" width=\"508\" height=\"338\" srcset=\"https:\/\/www.visit-ulcinj.com\/blog\/wp-content\/uploads\/2015\/04\/Dita-e-Librit-ne-Ulqin.jpg 600w, https:\/\/www.visit-ulcinj.com\/blog\/wp-content\/uploads\/2015\/04\/Dita-e-Librit-ne-Ulqin-300x200.jpg 300w\" sizes=\"(max-width: 508px) 100vw, 508px\" \/><\/a>N\u00eb organizimin e Libraris\u00eb Arti dhe Bibliotek\u00ebs s\u00eb qytetit n\u00eb Ulqin, mbr\u00ebm\u00eb u sh\u00ebnua Dita nd\u00ebrkomb\u00ebtare e librit<\/strong><\/p>\n<p>Takimin i cili ishte parapar\u00eb q\u00eb t\u00eb jet\u00eb n\u00eb form\u00eb debati me tem\u00ebn aktuale \u201cFati i Librit\u201d, (elektronik VS leter) gjendja e librit n\u00eb Ulqin dhe Tuz, e hapi drejtoresha e k\u00ebsaj biblioteke zonja Ardita Rama. Ajo me k\u00ebt\u00eb rast njoftoi t\u00eb pranishmit se p\u00ebr nder\u00eb t\u00eb k\u00ebsaj dite fal\u00eb angazhimit t\u00eb Zonj\u00ebs s\u00eb par\u00eb t\u00eb Republik\u00ebs s\u00eb Shqip\u00ebris\u00eb u arrit q\u00eb k\u00ebsaj biblioteke t\u2019i dhurohen 3000 libra nga botues shqiptar, num\u00ebr ky q\u00eb p\u00ebrkund\u00ebr v\u00ebshtir\u00ebsive q\u00eb ka ky institucion \u00ebsht\u00eb shum\u00eb dometh\u00ebn\u00ebs. Sa i p\u00ebrket tem\u00ebs s\u00eb dh\u00ebn\u00eb Ardita mbrojti pozit\u00ebn e librit konvencional dhe, megjith\u00ebse leht\u00ebsis\u00eb s\u00eb gjetjes s\u00eb librave t\u00eb ndryshme p\u00ebrmes form\u00ebs elektronike, prap\u00eb se prap\u00eb komoditetin dhe ndjesin\u00eb q\u00eb ta ofron libri n\u00eb let\u00ebr edhe p\u00ebr nj\u00eb koh\u00eb t\u00eb gjat\u00eb do t\u00eb jet\u00eb i pazavend\u00ebsuesh\u00ebm.<\/p>\n<p>Kurse, Gazmend \u00c7itaku, pronar i Libraris\u00eb ARTI, problematik\u00ebn e k\u00ebsaj konkurrence e sheh n\u00eb nj\u00eb m\u00ebnyr\u00eb pak m\u00eb t\u00eb ndryshme. Duke u pajtuar me faktin se n\u00eb bot\u00ebn e zhvilluar (pik\u00eb s\u00eb pari SHBA) forma elektronike e librit \u00ebsht\u00eb duke b\u00ebr\u00eb presion jasht\u00ebzakonisht t\u00eb madh ndaj librit konvencional, p\u00ebr kushtet tona shqiptare, n\u00eb munges\u00eb t\u00eb lexuesve do t\u00eb detyrohemi q\u00eb librat ti botojm\u00eb vet\u00ebm n\u00eb form\u00ebn elektronike, sepse shpenzimet do t\u00eb jen\u00eb m\u00eb t\u00eb vogla si dhe nuk do t\u00eb jet\u00eb problemi i shp\u00ebrndrarjes. Duke analizuar gjendjen e till\u00eb, ai konkludon se faji \u00ebsht\u00eb zinxhiror dhe fillon q\u00eb nga familja dhe vazhdon ke shoq\u00ebria e p\u00ebrfundon te procesi i edukimit, pasi q\u00eb, n\u00ebse m\u00ebsimdh\u00ebn\u00ebsit e sot\u00ebm vet\u00eb p\u00ebr vete nuk lexojn\u00eb, at\u00ebher\u00eb ata edhe nuk jan\u00eb n\u00eb gjendje q\u00eb k\u00ebt\u00eb k\u00ebnaq\u00ebsi t\u2019ua ofrojn\u00eb edhe f\u00ebmij\u00ebve. N\u00eb k\u00ebt\u00eb tryez\u00eb me v\u00ebshtrimet e tyre jan\u00eb prezantuar edhe: Nail Draga, drejtor i Qendr\u00ebs Kulturore n\u00eb Ulqin, Suad Ukoshata, pronar i Libraris\u00eb me literatur\u00eb fetare, Ali Gje\u00e7britaj, arsimtar pran\u00eb SHF n\u00eb Ostros-Kraj\u00eb, Haxhi Shabani, Hajredin Kova\u00e7i, Ismet Kallaba, Jaho Kollari, Ibrahim Berjashi, Gani Karamanaga, Mehmet Bardhi, Edita Nimanbegu e Liridona Sinishtaj.<\/p>\n<p>Krejt n\u00eb fund si konkluz\u00eb e k\u00ebtij debate doli se shqet\u00ebsimi m\u00eb i madh p\u00ebr momentin paraqet problematika e mosleximit se sa konkurrenca midis librit elektronik dhe konvencional. \u201cDuhet t\u00eb nd\u00ebrmerren masa n\u00eb ngritjen e vet\u00ebdijes dhe domosdoshm\u00ebrin\u00eb e leximit pasi q\u00eb leximi \u00ebsht\u00eb ushqimi I trurit\u201d, u tha n\u00eb k\u00ebt\u00eb takim .\/<strong>KultPlus.com<\/strong><\/p>\n","protected":false},"excerpt":{"rendered":"<p>N\u00eb organizimin e Libraris\u00eb Arti dhe Bibliotek\u00ebs s\u00eb qytetit n\u00eb Ulqin, mbr\u00ebm\u00eb u sh\u00ebnua Dita nd\u00ebrkomb\u00ebtare e librit Takimin i cili ishte parapar\u00eb q\u00eb t\u00eb jet\u00eb n\u00eb form\u00eb debati me tem\u00ebn aktuale \u201cFati i Librit\u201d, (elektronik VS leter) gjendja e librit n\u00eb Ulqin dhe Tuz, e hapi drejtoresha e k\u00ebsaj biblioteke zonja Ardita Rama. Ajo [&hellip;]<\/p>\n","protected":false},"author":1,"featured_media":0,"comment_status":"closed","ping_status":"closed","sticky":false,"template":"","format":"standard","meta":{"spay_email":"","jetpack_publicize_message":"","jetpack_is_tweetstorm":false,"jetpack_publicize_feature_enabled":true},"categories":[1,11],"tags":[],"jetpack_publicize_connections":[],"yoast_head":"<!-- This site is optimized with the Yoast SEO plugin v19.1 - https:\/\/yoast.com\/wordpress\/plugins\/seo\/ -->\n<title>Dita e Librit u sh\u00ebnua edhe n\u00eb Ulqin - Lajme nga Ulqini<\/title>\n<meta name=\"description\" content=\"N\u00eb organizimin e Libraris\u00eb Arti dhe Bibliotek\u00ebs s\u00eb qytetit n\u00eb Ulqin, mbr\u00ebm\u00eb u sh\u00ebnua Dita nd\u00ebrkomb\u00ebtare e librit Takimin i cili ishte parapar\u00eb q\u00eb t\u00eb jet\u00eb\" \/>\n<meta name=\"robots\" content=\"index, follow, max-snippet:-1, max-image-preview:large, max-video-preview:-1\" \/>\n<link rel=\"canonical\" href=\"https:\/\/www.visit-ulcinj.com\/blog\/2015\/04\/25\/dita-e-librit-u-shenua-edhe-ne-ulqin\/\" \/>\n<meta property=\"og:locale\" content=\"en_US\" \/>\n<meta property=\"og:type\" content=\"article\" \/>\n<meta property=\"og:title\" content=\"Dita e Librit u sh\u00ebnua edhe n\u00eb Ulqin - Lajme nga Ulqini\" \/>\n<meta property=\"og:description\" content=\"N\u00eb organizimin e Libraris\u00eb Arti dhe Bibliotek\u00ebs s\u00eb qytetit n\u00eb Ulqin, mbr\u00ebm\u00eb u sh\u00ebnua Dita nd\u00ebrkomb\u00ebtare e librit Takimin i cili ishte parapar\u00eb q\u00eb t\u00eb jet\u00eb\" \/>\n<meta property=\"og:url\" content=\"https:\/\/www.visit-ulcinj.com\/blog\/2015\/04\/25\/dita-e-librit-u-shenua-edhe-ne-ulqin\/\" \/>\n<meta property=\"og:site_name\" content=\"Lajme nga Ulqini\" \/>\n<meta property=\"article:published_time\" content=\"2015-04-25T12:42:25+00:00\" \/>\n<meta property=\"article:modified_time\" content=\"2015-04-25T16:15:03+00:00\" \/>\n<meta property=\"og:image\" content=\"http:\/\/www.visit-ulcinj.com\/blog\/wp-content\/uploads\/2015\/04\/Dita-e-Librit-ne-Ulqin.jpg\" \/>\n<meta name=\"twitter:label1\" content=\"Written by\" \/>\n\t<meta name=\"twitter:data1\" content=\"ulqini\" \/>\n\t<meta name=\"twitter:label2\" content=\"Est. reading time\" \/>\n\t<meta name=\"twitter:data2\" content=\"2 minutes\" \/>\n<script type=\"application\/ld+json\" class=\"yoast-schema-graph\">{\"@context\":\"https:\/\/schema.org\",\"@graph\":[{\"@type\":\"WebSite\",\"@id\":\"https:\/\/www.visit-ulcinj.com\/blog\/#website\",\"url\":\"https:\/\/www.visit-ulcinj.com\/blog\/\",\"name\":\"Lajme nga Ulqini\",\"description\":\"Lajme,Vijesti,Ulqini,Ulqin,Crna Gora,Mali i Zi\",\"potentialAction\":[{\"@type\":\"SearchAction\",\"target\":{\"@type\":\"EntryPoint\",\"urlTemplate\":\"https:\/\/www.visit-ulcinj.com\/blog\/?s={search_term_string}\"},\"query-input\":\"required name=search_term_string\"}],\"inLanguage\":\"en-US\"},{\"@type\":\"ImageObject\",\"inLanguage\":\"en-US\",\"@id\":\"https:\/\/www.visit-ulcinj.com\/blog\/2015\/04\/25\/dita-e-librit-u-shenua-edhe-ne-ulqin\/#primaryimage\",\"url\":\"https:\/\/www.visit-ulcinj.com\/blog\/wp-content\/uploads\/2015\/04\/Dita-e-Librit-ne-Ulqin.jpg\",\"contentUrl\":\"https:\/\/www.visit-ulcinj.com\/blog\/wp-content\/uploads\/2015\/04\/Dita-e-Librit-ne-Ulqin.jpg\",\"width\":600,\"height\":399},{\"@type\":\"WebPage\",\"@id\":\"https:\/\/www.visit-ulcinj.com\/blog\/2015\/04\/25\/dita-e-librit-u-shenua-edhe-ne-ulqin\/#webpage\",\"url\":\"https:\/\/www.visit-ulcinj.com\/blog\/2015\/04\/25\/dita-e-librit-u-shenua-edhe-ne-ulqin\/\",\"name\":\"Dita e Librit u sh\u00ebnua edhe n\u00eb Ulqin - Lajme nga Ulqini\",\"isPartOf\":{\"@id\":\"https:\/\/www.visit-ulcinj.com\/blog\/#website\"},\"primaryImageOfPage\":{\"@id\":\"https:\/\/www.visit-ulcinj.com\/blog\/2015\/04\/25\/dita-e-librit-u-shenua-edhe-ne-ulqin\/#primaryimage\"},\"datePublished\":\"2015-04-25T12:42:25+00:00\",\"dateModified\":\"2015-04-25T16:15:03+00:00\",\"author\":{\"@id\":\"https:\/\/www.visit-ulcinj.com\/blog\/#\/schema\/person\/dcab619c614d3038751c63bc2aadc06d\"},\"description\":\"N\u00eb organizimin e Libraris\u00eb Arti dhe Bibliotek\u00ebs s\u00eb qytetit n\u00eb Ulqin, mbr\u00ebm\u00eb u sh\u00ebnua Dita nd\u00ebrkomb\u00ebtare e librit Takimin i cili ishte parapar\u00eb q\u00eb t\u00eb jet\u00eb\",\"breadcrumb\":{\"@id\":\"https:\/\/www.visit-ulcinj.com\/blog\/2015\/04\/25\/dita-e-librit-u-shenua-edhe-ne-ulqin\/#breadcrumb\"},\"inLanguage\":\"en-US\",\"potentialAction\":[{\"@type\":\"ReadAction\",\"target\":[\"https:\/\/www.visit-ulcinj.com\/blog\/2015\/04\/25\/dita-e-librit-u-shenua-edhe-ne-ulqin\/\"]}]},{\"@type\":\"BreadcrumbList\",\"@id\":\"https:\/\/www.visit-ulcinj.com\/blog\/2015\/04\/25\/dita-e-librit-u-shenua-edhe-ne-ulqin\/#breadcrumb\",\"itemListElement\":[{\"@type\":\"ListItem\",\"position\":1,\"name\":\"Dita e Librit u sh\u00ebnua edhe n\u00eb Ulqin\"}]},{\"@type\":\"Person\",\"@id\":\"https:\/\/www.visit-ulcinj.com\/blog\/#\/schema\/person\/dcab619c614d3038751c63bc2aadc06d\",\"name\":\"ulqini\",\"sameAs\":[\"http:\/\/www.visit-ulcinj.com\"],\"url\":\"https:\/\/www.visit-ulcinj.com\/blog\/author\/admin\/\"}]}<\/script>\n<!-- \/ Yoast SEO plugin. -->","yoast_head_json":{"title":"Dita e Librit u sh\u00ebnua edhe n\u00eb Ulqin - Lajme nga Ulqini","description":"N\u00eb organizimin e Libraris\u00eb Arti dhe Bibliotek\u00ebs s\u00eb qytetit n\u00eb Ulqin, mbr\u00ebm\u00eb u sh\u00ebnua Dita nd\u00ebrkomb\u00ebtare e librit Takimin i cili ishte parapar\u00eb q\u00eb t\u00eb jet\u00eb","robots":{"index":"index","follow":"follow","max-snippet":"max-snippet:-1","max-image-preview":"max-image-preview:large","max-video-preview":"max-video-preview:-1"},"canonical":"https:\/\/www.visit-ulcinj.com\/blog\/2015\/04\/25\/dita-e-librit-u-shenua-edhe-ne-ulqin\/","og_locale":"en_US","og_type":"article","og_title":"Dita e Librit u sh\u00ebnua edhe n\u00eb Ulqin - Lajme nga Ulqini","og_description":"N\u00eb organizimin e Libraris\u00eb Arti dhe Bibliotek\u00ebs s\u00eb qytetit n\u00eb Ulqin, mbr\u00ebm\u00eb u sh\u00ebnua Dita nd\u00ebrkomb\u00ebtare e librit Takimin i cili ishte parapar\u00eb q\u00eb t\u00eb jet\u00eb","og_url":"https:\/\/www.visit-ulcinj.com\/blog\/2015\/04\/25\/dita-e-librit-u-shenua-edhe-ne-ulqin\/","og_site_name":"Lajme nga Ulqini","article_published_time":"2015-04-25T12:42:25+00:00","article_modified_time":"2015-04-25T16:15:03+00:00","og_image":[{"url":"http:\/\/www.visit-ulcinj.com\/blog\/wp-content\/uploads\/2015\/04\/Dita-e-Librit-ne-Ulqin.jpg"}],"twitter_misc":{"Written by":"ulqini","Est. reading time":"2 minutes"},"schema":{"@context":"https:\/\/schema.org","@graph":[{"@type":"WebSite","@id":"https:\/\/www.visit-ulcinj.com\/blog\/#website","url":"https:\/\/www.visit-ulcinj.com\/blog\/","name":"Lajme nga Ulqini","description":"Lajme,Vijesti,Ulqini,Ulqin,Crna Gora,Mali i Zi","potentialAction":[{"@type":"SearchAction","target":{"@type":"EntryPoint","urlTemplate":"https:\/\/www.visit-ulcinj.com\/blog\/?s={search_term_string}"},"query-input":"required name=search_term_string"}],"inLanguage":"en-US"},{"@type":"ImageObject","inLanguage":"en-US","@id":"https:\/\/www.visit-ulcinj.com\/blog\/2015\/04\/25\/dita-e-librit-u-shenua-edhe-ne-ulqin\/#primaryimage","url":"https:\/\/www.visit-ulcinj.com\/blog\/wp-content\/uploads\/2015\/04\/Dita-e-Librit-ne-Ulqin.jpg","contentUrl":"https:\/\/www.visit-ulcinj.com\/blog\/wp-content\/uploads\/2015\/04\/Dita-e-Librit-ne-Ulqin.jpg","width":600,"height":399},{"@type":"WebPage","@id":"https:\/\/www.visit-ulcinj.com\/blog\/2015\/04\/25\/dita-e-librit-u-shenua-edhe-ne-ulqin\/#webpage","url":"https:\/\/www.visit-ulcinj.com\/blog\/2015\/04\/25\/dita-e-librit-u-shenua-edhe-ne-ulqin\/","name":"Dita e Librit u sh\u00ebnua edhe n\u00eb Ulqin - Lajme nga Ulqini","isPartOf":{"@id":"https:\/\/www.visit-ulcinj.com\/blog\/#website"},"primaryImageOfPage":{"@id":"https:\/\/www.visit-ulcinj.com\/blog\/2015\/04\/25\/dita-e-librit-u-shenua-edhe-ne-ulqin\/#primaryimage"},"datePublished":"2015-04-25T12:42:25+00:00","dateModified":"2015-04-25T16:15:03+00:00","author":{"@id":"https:\/\/www.visit-ulcinj.com\/blog\/#\/schema\/person\/dcab619c614d3038751c63bc2aadc06d"},"description":"N\u00eb organizimin e Libraris\u00eb Arti dhe Bibliotek\u00ebs s\u00eb qytetit n\u00eb Ulqin, mbr\u00ebm\u00eb u sh\u00ebnua Dita nd\u00ebrkomb\u00ebtare e librit Takimin i cili ishte parapar\u00eb q\u00eb t\u00eb jet\u00eb","breadcrumb":{"@id":"https:\/\/www.visit-ulcinj.com\/blog\/2015\/04\/25\/dita-e-librit-u-shenua-edhe-ne-ulqin\/#breadcrumb"},"inLanguage":"en-US","potentialAction":[{"@type":"ReadAction","target":["https:\/\/www.visit-ulcinj.com\/blog\/2015\/04\/25\/dita-e-librit-u-shenua-edhe-ne-ulqin\/"]}]},{"@type":"BreadcrumbList","@id":"https:\/\/www.visit-ulcinj.com\/blog\/2015\/04\/25\/dita-e-librit-u-shenua-edhe-ne-ulqin\/#breadcrumb","itemListElement":[{"@type":"ListItem","position":1,"name":"Dita e Librit u sh\u00ebnua edhe n\u00eb Ulqin"}]},{"@type":"Person","@id":"https:\/\/www.visit-ulcinj.com\/blog\/#\/schema\/person\/dcab619c614d3038751c63bc2aadc06d","name":"ulqini","sameAs":["http:\/\/www.visit-ulcinj.com"],"url":"https:\/\/www.visit-ulcinj.com\/blog\/author\/admin\/"}]}},"jetpack_featured_media_url":"","jetpack_sharing_enabled":true,"jetpack_shortlink":"https:\/\/wp.me\/pe6lTn-nrU","_links":{"self":[{"href":"https:\/\/www.visit-ulcinj.com\/blog\/wp-json\/wp\/v2\/posts\/90142"}],"collection":[{"href":"https:\/\/www.visit-ulcinj.com\/blog\/wp-json\/wp\/v2\/posts"}],"about":[{"href":"https:\/\/www.visit-ulcinj.com\/blog\/wp-json\/wp\/v2\/types\/post"}],"author":[{"embeddable":true,"href":"https:\/\/www.visit-ulcinj.com\/blog\/wp-json\/wp\/v2\/users\/1"}],"replies":[{"embeddable":true,"href":"https:\/\/www.visit-ulcinj.com\/blog\/wp-json\/wp\/v2\/comments?post=90142"}],"version-history":[{"count":1,"href":"https:\/\/www.visit-ulcinj.com\/blog\/wp-json\/wp\/v2\/posts\/90142\/revisions"}],"predecessor-version":[{"id":90144,"href":"https:\/\/www.visit-ulcinj.com\/blog\/wp-json\/wp\/v2\/posts\/90142\/revisions\/90144"}],"wp:attachment":[{"href":"https:\/\/www.visit-ulcinj.com\/blog\/wp-json\/wp\/v2\/media?parent=90142"}],"wp:term":[{"taxonomy":"category","embeddable":true,"href":"https:\/\/www.visit-ulcinj.com\/blog\/wp-json\/wp\/v2\/categories?post=90142"},{"taxonomy":"post_tag","embeddable":true,"href":"https:\/\/www.visit-ulcinj.com\/blog\/wp-json\/wp\/v2\/tags?post=90142"}],"curies":[{"name":"wp","href":"https:\/\/api.w.org\/{rel}","templated":true}]}}