{"id":90145,"date":"2015-04-25T16:51:22","date_gmt":"2015-04-25T15:51:22","guid":{"rendered":"http:\/\/www.visit-ulcinj.com\/blog\/?p=90145"},"modified":"2015-04-25T16:51:22","modified_gmt":"2015-04-25T15:51:22","slug":"shkreli-ne-shkupin-shqiptar-2015","status":"publish","type":"post","link":"https:\/\/www.visit-ulcinj.com\/blog\/2015\/04\/25\/shkreli-ne-shkupin-shqiptar-2015\/","title":{"rendered":"Shkreli: N\u00eb Shkupin shqiptar, 2015?????????!!!!!!!!!!"},"content":{"rendered":"<p><a href=\"http:\/\/www.visit-ulcinj.com\/blog\/wp-content\/uploads\/2014\/08\/Frank-Shkreli.jpg\"><img loading=\"lazy\" class=\"alignleft size-full wp-image-84592\" src=\"http:\/\/www.visit-ulcinj.com\/blog\/wp-content\/uploads\/2014\/08\/Frank-Shkreli.jpg\" alt=\"Frank-Shkreli\" width=\"267\" height=\"148\" \/><\/a><strong>\u00a0Nga Frank Shkreli<\/strong><\/p>\n<p>Besojeni ose jo, por \u00ebsht\u00eb e v\u00ebrtet\u00eb\u00a0&#8212; kjo \u00ebsht\u00eb nj\u00eb demonstrat\u00eb\u00a0q\u00eb u zhvillua t\u00eb premt\u00ebn\u00a0n\u00eb sheshin para xhamis\u00eb s\u00eb Murat Pash\u00ebs n\u00eb\u00a0 \u00a0Shkup,\u00a0n\u00eb mb\u00ebshtetje t\u00eb\u00a0tez\u00ebs s\u00eb \u00a0Turqis\u00eb se\u00a0gjenocidi\u00a0 kund\u00ebr popullit armen nga otoman\u00ebt, fillim shekullin e kaluar,\u00a0\u00a0nuk ishte\u00a0i till\u00eb.\u00a0 Agjencia e lajmeve INA njofton se protestuesit &#8212; me flamuj boshnjak\u00eb, turq\u00eb dhe shqiptar\u00eb &#8212;\u00a0\u00a0 \u00a0&#8220;Kan\u00eb theksuar se n\u00eb protest\u00eb jan\u00eb mbledhur shqiptar\u00eb, turq e boshnjak\u00eb p\u00ebr t\u00eb kund\u00ebrshtuar si\u00e7 thuhet pretendimet e armen\u00ebve se ndaj tyre \u00ebsht\u00eb b\u00ebr\u00eb gjenocid gjat\u00eb luft\u00ebs s\u00eb vitit 1915 nga ana e Turqis\u00eb&#8221;.\u00a0Kjo \u00ebsht\u00eb nj\u00eb \u00e7\u00ebshtje\u00a0p\u00ebr historian\u00ebt, p\u00ebr t\u00eb vendosur m\u00eb n\u00eb fund n\u00ebse masakra turke kund\u00ebr armen\u00ebve ishin gjenocid ose jo, por\u00a0pyetja \u00ebsht\u00eb se \u00e7&#8217;duan shqiptar\u00ebt n\u00eb protest\u00eb n\u00eb mbrojtje t\u00eb nj\u00eb politike q\u00eb kishte p\u00ebr\u00a0synim zhdukjen e nj\u00eb populli. \u00a0Sikur\u00eb shqiptar\u00ebt\u00a0 n\u00eb\u00a0 Maqedoni nuk kan\u00eb mjaft probleme t\u00eb vetat p\u00ebr t\u00eb cilat duhet t\u00eb dilnin n\u00eb protesta?!<\/p>\n<p><a href=\"http:\/\/www.visit-ulcinj.com\/blog\/wp-content\/uploads\/2015\/04\/Shkupi-demostratat.jpg\"><img loading=\"lazy\" class=\"alignleft wp-image-90146\" src=\"http:\/\/www.visit-ulcinj.com\/blog\/wp-content\/uploads\/2015\/04\/Shkupi-demostratat.jpg\" alt=\"Shkupi-demostratat\" width=\"508\" height=\"271\" srcset=\"https:\/\/www.visit-ulcinj.com\/blog\/wp-content\/uploads\/2015\/04\/Shkupi-demostratat.jpg 674w, https:\/\/www.visit-ulcinj.com\/blog\/wp-content\/uploads\/2015\/04\/Shkupi-demostratat-300x160.jpg 300w\" sizes=\"(max-width: 508px) 100vw, 508px\" \/><\/a><\/p>\n<p>INA njofton se protesta \u00ebsht\u00eb kritikuar n\u00eb rrjet\u00ebt sociale, ku komentues t\u00eb ndrysh\u00ebm shfaqin zem\u00ebrimin e tyre\u00a0 duke u shprehur se \u00ebsht\u00eb &#8220;turp p\u00ebr shqiptar\u00ebt&#8221; q\u00eb n\u00eb vend t\u00eb k\u00ebsaj proteste, n\u00eb favor t\u00eb interesave interpretimeve \u00a0turke t\u00eb historis\u00eb,\u00a0&#8220;Nuk organizojn\u00eb protesta komb\u00ebtare kund\u00ebr diskriminimit dhe montimeve\u00a0 kund\u00ebr shqiptar\u00ebve n\u00eb at\u00eb vend&#8221;, nga\u00a0ana e shtetit\u00a0sllavo-maqedonas.\u00a0\u00a0N\u00eb vend q\u00eb t\u00eb mbrojn\u00eb\u00a0 t\u00eb drejtat, interesat, gjuh\u00ebn dhe kultur\u00ebn e tyre komb\u00ebtare,\u00a0 shqiptar\u00ebt n\u00eb Shkup\u00a0protestojn\u00eb n\u00eb favor t\u00eb interesave dhe agjendave t\u00eb qarqeve t\u00eb huaja,\u00a0\u00a0t\u00eb cilat\u00a0 nuk kan\u00eb t\u00eb b\u00ebjn\u00eb as me\u00a0\u00e7\u00ebshtjen shqiptare\u00a0n\u00eb Maqedoni dhe as me interesat komb\u00ebtare t\u00eb shqiptar\u00ebve n\u00eb t\u00eb kaluar\u00ebn as tani &#8212;\u00a0n\u00eb rajonin e Ballkanit Per\u00ebndimor,\u00a0n\u00eb p\u00ebrgjith\u00ebsi.<\/p>\n<p>&nbsp;<\/p>\n<p>Fatkeqsisht, gj\u00ebja e vetme q\u00eb simbolizon kjo demonstrat\u00eb \u00ebsht\u00eb\u00a0zhdukja dal ngadal\u00eb\u00a0e identitetit komb\u00ebtar n\u00eb Shkup dhe\u00a0n\u00eb krahina t\u00eb tjera shqiptare\u00a0t\u00eb ish-Republik\u00ebs Jugosllave t\u00eb Maqedonis\u00eb.\u00a0 Por,p\u00ebrve\u00e7 k\u00ebsaj,\u00a0kjo protest\u00eb demonstron gjithashtu edhe dep\u00ebrtimin e thell\u00eb\u00a0agjenturave t\u00eb huaja, kryesisht\u00a0turko-sllave\u00a0n\u00eb ato vise shqiptare, t\u00eb cilat jo vet\u00ebm tashti, por historikisht, kan\u00eb punuar kund\u00ebr interesave komb\u00ebtare t\u00eb shqiptar\u00ebve &#8212; duke b\u00ebr\u00eb \u00e7&#8217;mos q\u00eb t\u00eb zbehet dhe m\u00eb n\u00eb fund\u00a0t\u00eb zhduket identiteti\u00a0i shqiptar\u00ebve, si\u00e7 ka ven\u00eb n\u00eb dukje gazetari Marin Mema\u00a0i Top Channel Albania\u00a0n\u00eb k\u00ebt\u00eb raport,\u00a0\u00a0\u00a0<a href=\"https:\/\/www.youtube.com\/watch?v=OEfd940Lwhs\">https:\/\/www.youtube.com\/watch?v=OEfd940Lwhs<\/a>, ku dokumenton nj\u00eb realitet tep\u00ebr t\u00eb dhimbsh\u00ebm n\u00eb Oh\u00ebr &#8212; zhdukjen e identitetit t\u00eb shqiptar\u00ebve n\u00eb at\u00eb qytet\u00a0dikur\u00eb me shumic\u00eb shqiptare.<\/p>\n<p>&nbsp;<\/p>\n<p>Realiteti \u00ebsht\u00eb se armiq\u00ebt e kombit shqiptar\u00eb\u00a0\u00a0kan\u00eb punuar\u00a0gjithmon\u00eb dhe punojn\u00eb tani kund\u00ebr interesave komb\u00ebtare historike t\u00eb shqiptar\u00ebve n\u00eb trojet e veta, madje disa prej zyrtar\u00ebve m\u00eb t\u00eb lart\u00eb t\u00eb k\u00ebtyre vendve\u00a0b\u00ebjn\u00eb thirrje\u00a0zyrtare, jo vet\u00ebm p\u00ebr rishkimin, por edhe p\u00ebr ndryshimin e historis\u00eb s\u00eb shqiptar\u00ebve n\u00eb trojet e veta shekullore, p\u00ebr tua p\u00ebrshtatur historin\u00eb e trojeve shqiptare interesave t\u00eb tyre afatgjata.<\/p>\n<p>&nbsp;<\/p>\n<p>Dihet se armiqt\u00eb shekullor\u00eb t\u00eb kombit shqiptar nuk do t\u00eb heqin kurr\u00eb dor\u00eb nga\u00a0politikat e tyre antishqiptare &#8212; por fatkeqsisht duket se, si\u00e7 ka th\u00ebn\u00eb Faik Konica, armiku m\u00eb i madh\u00a0i shqiptar\u00ebve kan\u00eb qen\u00eb dhe\u00a0jan\u00eb vet shqiptar\u00ebt!<\/p>\n","protected":false},"excerpt":{"rendered":"<p>\u00a0Nga Frank Shkreli Besojeni ose jo, por \u00ebsht\u00eb e v\u00ebrtet\u00eb\u00a0&#8212; kjo \u00ebsht\u00eb nj\u00eb demonstrat\u00eb\u00a0q\u00eb u zhvillua t\u00eb premt\u00ebn\u00a0n\u00eb sheshin para xhamis\u00eb s\u00eb Murat Pash\u00ebs n\u00eb\u00a0 \u00a0Shkup,\u00a0n\u00eb mb\u00ebshtetje t\u00eb\u00a0tez\u00ebs s\u00eb \u00a0Turqis\u00eb se\u00a0gjenocidi\u00a0 kund\u00ebr popullit armen nga otoman\u00ebt, fillim shekullin e kaluar,\u00a0\u00a0nuk ishte\u00a0i till\u00eb.\u00a0 Agjencia e lajmeve INA njofton se protestuesit &#8212; me flamuj boshnjak\u00eb, turq\u00eb dhe [&hellip;]<\/p>\n","protected":false},"author":1,"featured_media":0,"comment_status":"closed","ping_status":"closed","sticky":false,"template":"","format":"standard","meta":{"spay_email":"","jetpack_publicize_message":"","jetpack_is_tweetstorm":false,"jetpack_publicize_feature_enabled":true},"categories":[7],"tags":[],"jetpack_publicize_connections":[],"yoast_head":"<!-- This site is optimized with the Yoast SEO plugin v19.1 - https:\/\/yoast.com\/wordpress\/plugins\/seo\/ -->\n<title>Shkreli: N\u00eb Shkupin shqiptar, 2015?????????!!!!!!!!!! - Lajme nga Ulqini<\/title>\n<meta name=\"description\" content=\"\u00a0Nga Frank Shkreli Besojeni ose jo, por \u00ebsht\u00eb e v\u00ebrtet\u00eb\u00a0-- kjo \u00ebsht\u00eb nj\u00eb demonstrat\u00eb\u00a0q\u00eb u zhvillua t\u00eb premt\u00ebn\u00a0n\u00eb sheshin para xhamis\u00eb s\u00eb Murat Pash\u00ebs n\u00eb\u00a0\" \/>\n<meta name=\"robots\" content=\"index, follow, max-snippet:-1, max-image-preview:large, max-video-preview:-1\" \/>\n<link rel=\"canonical\" href=\"https:\/\/www.visit-ulcinj.com\/blog\/2015\/04\/25\/shkreli-ne-shkupin-shqiptar-2015\/\" \/>\n<meta property=\"og:locale\" content=\"en_US\" \/>\n<meta property=\"og:type\" content=\"article\" \/>\n<meta property=\"og:title\" content=\"Shkreli: N\u00eb Shkupin shqiptar, 2015?????????!!!!!!!!!! - Lajme nga Ulqini\" \/>\n<meta property=\"og:description\" content=\"\u00a0Nga Frank Shkreli Besojeni ose jo, por \u00ebsht\u00eb e v\u00ebrtet\u00eb\u00a0-- kjo \u00ebsht\u00eb nj\u00eb demonstrat\u00eb\u00a0q\u00eb u zhvillua t\u00eb premt\u00ebn\u00a0n\u00eb sheshin para xhamis\u00eb s\u00eb Murat Pash\u00ebs n\u00eb\u00a0\" \/>\n<meta property=\"og:url\" content=\"https:\/\/www.visit-ulcinj.com\/blog\/2015\/04\/25\/shkreli-ne-shkupin-shqiptar-2015\/\" \/>\n<meta property=\"og:site_name\" content=\"Lajme nga Ulqini\" \/>\n<meta property=\"article:published_time\" content=\"2015-04-25T15:51:22+00:00\" \/>\n<meta property=\"og:image\" content=\"http:\/\/www.visit-ulcinj.com\/blog\/wp-content\/uploads\/2014\/08\/Frank-Shkreli.jpg\" \/>\n<meta name=\"twitter:label1\" content=\"Written by\" \/>\n\t<meta name=\"twitter:data1\" content=\"ulqini\" \/>\n\t<meta name=\"twitter:label2\" content=\"Est. reading time\" \/>\n\t<meta name=\"twitter:data2\" content=\"3 minutes\" \/>\n<script type=\"application\/ld+json\" class=\"yoast-schema-graph\">{\"@context\":\"https:\/\/schema.org\",\"@graph\":[{\"@type\":\"WebSite\",\"@id\":\"https:\/\/www.visit-ulcinj.com\/blog\/#website\",\"url\":\"https:\/\/www.visit-ulcinj.com\/blog\/\",\"name\":\"Lajme nga Ulqini\",\"description\":\"Lajme,Vijesti,Ulqini,Ulqin,Crna Gora,Mali i Zi\",\"potentialAction\":[{\"@type\":\"SearchAction\",\"target\":{\"@type\":\"EntryPoint\",\"urlTemplate\":\"https:\/\/www.visit-ulcinj.com\/blog\/?s={search_term_string}\"},\"query-input\":\"required name=search_term_string\"}],\"inLanguage\":\"en-US\"},{\"@type\":\"ImageObject\",\"inLanguage\":\"en-US\",\"@id\":\"https:\/\/www.visit-ulcinj.com\/blog\/2015\/04\/25\/shkreli-ne-shkupin-shqiptar-2015\/#primaryimage\",\"url\":\"https:\/\/www.visit-ulcinj.com\/blog\/wp-content\/uploads\/2014\/08\/Frank-Shkreli.jpg\",\"contentUrl\":\"https:\/\/www.visit-ulcinj.com\/blog\/wp-content\/uploads\/2014\/08\/Frank-Shkreli.jpg\",\"width\":267,\"height\":148},{\"@type\":\"WebPage\",\"@id\":\"https:\/\/www.visit-ulcinj.com\/blog\/2015\/04\/25\/shkreli-ne-shkupin-shqiptar-2015\/#webpage\",\"url\":\"https:\/\/www.visit-ulcinj.com\/blog\/2015\/04\/25\/shkreli-ne-shkupin-shqiptar-2015\/\",\"name\":\"Shkreli: N\u00eb Shkupin shqiptar, 2015?????????!!!!!!!!!! - Lajme nga Ulqini\",\"isPartOf\":{\"@id\":\"https:\/\/www.visit-ulcinj.com\/blog\/#website\"},\"primaryImageOfPage\":{\"@id\":\"https:\/\/www.visit-ulcinj.com\/blog\/2015\/04\/25\/shkreli-ne-shkupin-shqiptar-2015\/#primaryimage\"},\"datePublished\":\"2015-04-25T15:51:22+00:00\",\"dateModified\":\"2015-04-25T15:51:22+00:00\",\"author\":{\"@id\":\"https:\/\/www.visit-ulcinj.com\/blog\/#\/schema\/person\/dcab619c614d3038751c63bc2aadc06d\"},\"description\":\"\u00a0Nga Frank Shkreli Besojeni ose jo, por \u00ebsht\u00eb e v\u00ebrtet\u00eb\u00a0-- kjo \u00ebsht\u00eb nj\u00eb demonstrat\u00eb\u00a0q\u00eb u zhvillua t\u00eb premt\u00ebn\u00a0n\u00eb sheshin para xhamis\u00eb s\u00eb Murat Pash\u00ebs n\u00eb\u00a0\",\"breadcrumb\":{\"@id\":\"https:\/\/www.visit-ulcinj.com\/blog\/2015\/04\/25\/shkreli-ne-shkupin-shqiptar-2015\/#breadcrumb\"},\"inLanguage\":\"en-US\",\"potentialAction\":[{\"@type\":\"ReadAction\",\"target\":[\"https:\/\/www.visit-ulcinj.com\/blog\/2015\/04\/25\/shkreli-ne-shkupin-shqiptar-2015\/\"]}]},{\"@type\":\"BreadcrumbList\",\"@id\":\"https:\/\/www.visit-ulcinj.com\/blog\/2015\/04\/25\/shkreli-ne-shkupin-shqiptar-2015\/#breadcrumb\",\"itemListElement\":[{\"@type\":\"ListItem\",\"position\":1,\"name\":\"Shkreli: N\u00eb Shkupin shqiptar, 2015?????????!!!!!!!!!!\"}]},{\"@type\":\"Person\",\"@id\":\"https:\/\/www.visit-ulcinj.com\/blog\/#\/schema\/person\/dcab619c614d3038751c63bc2aadc06d\",\"name\":\"ulqini\",\"sameAs\":[\"http:\/\/www.visit-ulcinj.com\"],\"url\":\"https:\/\/www.visit-ulcinj.com\/blog\/author\/admin\/\"}]}<\/script>\n<!-- \/ Yoast SEO plugin. -->","yoast_head_json":{"title":"Shkreli: N\u00eb Shkupin shqiptar, 2015?????????!!!!!!!!!! - Lajme nga Ulqini","description":"\u00a0Nga Frank Shkreli Besojeni ose jo, por \u00ebsht\u00eb e v\u00ebrtet\u00eb\u00a0-- kjo \u00ebsht\u00eb nj\u00eb demonstrat\u00eb\u00a0q\u00eb u zhvillua t\u00eb premt\u00ebn\u00a0n\u00eb sheshin para xhamis\u00eb s\u00eb Murat Pash\u00ebs n\u00eb\u00a0","robots":{"index":"index","follow":"follow","max-snippet":"max-snippet:-1","max-image-preview":"max-image-preview:large","max-video-preview":"max-video-preview:-1"},"canonical":"https:\/\/www.visit-ulcinj.com\/blog\/2015\/04\/25\/shkreli-ne-shkupin-shqiptar-2015\/","og_locale":"en_US","og_type":"article","og_title":"Shkreli: N\u00eb Shkupin shqiptar, 2015?????????!!!!!!!!!! - Lajme nga Ulqini","og_description":"\u00a0Nga Frank Shkreli Besojeni ose jo, por \u00ebsht\u00eb e v\u00ebrtet\u00eb\u00a0-- kjo \u00ebsht\u00eb nj\u00eb demonstrat\u00eb\u00a0q\u00eb u zhvillua t\u00eb premt\u00ebn\u00a0n\u00eb sheshin para xhamis\u00eb s\u00eb Murat Pash\u00ebs n\u00eb\u00a0","og_url":"https:\/\/www.visit-ulcinj.com\/blog\/2015\/04\/25\/shkreli-ne-shkupin-shqiptar-2015\/","og_site_name":"Lajme nga Ulqini","article_published_time":"2015-04-25T15:51:22+00:00","og_image":[{"url":"http:\/\/www.visit-ulcinj.com\/blog\/wp-content\/uploads\/2014\/08\/Frank-Shkreli.jpg"}],"twitter_misc":{"Written by":"ulqini","Est. reading time":"3 minutes"},"schema":{"@context":"https:\/\/schema.org","@graph":[{"@type":"WebSite","@id":"https:\/\/www.visit-ulcinj.com\/blog\/#website","url":"https:\/\/www.visit-ulcinj.com\/blog\/","name":"Lajme nga Ulqini","description":"Lajme,Vijesti,Ulqini,Ulqin,Crna Gora,Mali i Zi","potentialAction":[{"@type":"SearchAction","target":{"@type":"EntryPoint","urlTemplate":"https:\/\/www.visit-ulcinj.com\/blog\/?s={search_term_string}"},"query-input":"required name=search_term_string"}],"inLanguage":"en-US"},{"@type":"ImageObject","inLanguage":"en-US","@id":"https:\/\/www.visit-ulcinj.com\/blog\/2015\/04\/25\/shkreli-ne-shkupin-shqiptar-2015\/#primaryimage","url":"https:\/\/www.visit-ulcinj.com\/blog\/wp-content\/uploads\/2014\/08\/Frank-Shkreli.jpg","contentUrl":"https:\/\/www.visit-ulcinj.com\/blog\/wp-content\/uploads\/2014\/08\/Frank-Shkreli.jpg","width":267,"height":148},{"@type":"WebPage","@id":"https:\/\/www.visit-ulcinj.com\/blog\/2015\/04\/25\/shkreli-ne-shkupin-shqiptar-2015\/#webpage","url":"https:\/\/www.visit-ulcinj.com\/blog\/2015\/04\/25\/shkreli-ne-shkupin-shqiptar-2015\/","name":"Shkreli: N\u00eb Shkupin shqiptar, 2015?????????!!!!!!!!!! - Lajme nga Ulqini","isPartOf":{"@id":"https:\/\/www.visit-ulcinj.com\/blog\/#website"},"primaryImageOfPage":{"@id":"https:\/\/www.visit-ulcinj.com\/blog\/2015\/04\/25\/shkreli-ne-shkupin-shqiptar-2015\/#primaryimage"},"datePublished":"2015-04-25T15:51:22+00:00","dateModified":"2015-04-25T15:51:22+00:00","author":{"@id":"https:\/\/www.visit-ulcinj.com\/blog\/#\/schema\/person\/dcab619c614d3038751c63bc2aadc06d"},"description":"\u00a0Nga Frank Shkreli Besojeni ose jo, por \u00ebsht\u00eb e v\u00ebrtet\u00eb\u00a0-- kjo \u00ebsht\u00eb nj\u00eb demonstrat\u00eb\u00a0q\u00eb u zhvillua t\u00eb premt\u00ebn\u00a0n\u00eb sheshin para xhamis\u00eb s\u00eb Murat Pash\u00ebs n\u00eb\u00a0","breadcrumb":{"@id":"https:\/\/www.visit-ulcinj.com\/blog\/2015\/04\/25\/shkreli-ne-shkupin-shqiptar-2015\/#breadcrumb"},"inLanguage":"en-US","potentialAction":[{"@type":"ReadAction","target":["https:\/\/www.visit-ulcinj.com\/blog\/2015\/04\/25\/shkreli-ne-shkupin-shqiptar-2015\/"]}]},{"@type":"BreadcrumbList","@id":"https:\/\/www.visit-ulcinj.com\/blog\/2015\/04\/25\/shkreli-ne-shkupin-shqiptar-2015\/#breadcrumb","itemListElement":[{"@type":"ListItem","position":1,"name":"Shkreli: N\u00eb Shkupin shqiptar, 2015?????????!!!!!!!!!!"}]},{"@type":"Person","@id":"https:\/\/www.visit-ulcinj.com\/blog\/#\/schema\/person\/dcab619c614d3038751c63bc2aadc06d","name":"ulqini","sameAs":["http:\/\/www.visit-ulcinj.com"],"url":"https:\/\/www.visit-ulcinj.com\/blog\/author\/admin\/"}]}},"jetpack_featured_media_url":"","jetpack_sharing_enabled":true,"jetpack_shortlink":"https:\/\/wp.me\/pe6lTn-nrX","_links":{"self":[{"href":"https:\/\/www.visit-ulcinj.com\/blog\/wp-json\/wp\/v2\/posts\/90145"}],"collection":[{"href":"https:\/\/www.visit-ulcinj.com\/blog\/wp-json\/wp\/v2\/posts"}],"about":[{"href":"https:\/\/www.visit-ulcinj.com\/blog\/wp-json\/wp\/v2\/types\/post"}],"author":[{"embeddable":true,"href":"https:\/\/www.visit-ulcinj.com\/blog\/wp-json\/wp\/v2\/users\/1"}],"replies":[{"embeddable":true,"href":"https:\/\/www.visit-ulcinj.com\/blog\/wp-json\/wp\/v2\/comments?post=90145"}],"version-history":[{"count":1,"href":"https:\/\/www.visit-ulcinj.com\/blog\/wp-json\/wp\/v2\/posts\/90145\/revisions"}],"predecessor-version":[{"id":90147,"href":"https:\/\/www.visit-ulcinj.com\/blog\/wp-json\/wp\/v2\/posts\/90145\/revisions\/90147"}],"wp:attachment":[{"href":"https:\/\/www.visit-ulcinj.com\/blog\/wp-json\/wp\/v2\/media?parent=90145"}],"wp:term":[{"taxonomy":"category","embeddable":true,"href":"https:\/\/www.visit-ulcinj.com\/blog\/wp-json\/wp\/v2\/categories?post=90145"},{"taxonomy":"post_tag","embeddable":true,"href":"https:\/\/www.visit-ulcinj.com\/blog\/wp-json\/wp\/v2\/tags?post=90145"}],"curies":[{"name":"wp","href":"https:\/\/api.w.org\/{rel}","templated":true}]}}