{"id":90153,"date":"2015-04-26T12:05:41","date_gmt":"2015-04-26T11:05:41","guid":{"rendered":"http:\/\/www.visit-ulcinj.com\/blog\/?p=90153"},"modified":"2015-04-26T21:56:48","modified_gmt":"2015-04-26T20:56:48","slug":"karamanaga-shenohet-160-vjetori-lindjes-se-ali-ulqinakut-foto","status":"publish","type":"post","link":"https:\/\/www.visit-ulcinj.com\/blog\/2015\/04\/26\/karamanaga-shenohet-160-vjetori-lindjes-se-ali-ulqinakut-foto\/","title":{"rendered":"Karamanaga: Sh\u00ebnohet 160 vjetori i lindjes s\u00eb Ali Ulqinakut + Foto"},"content":{"rendered":"<p><a href=\"http:\/\/www.visit-ulcinj.com\/blog\/wp-content\/uploads\/2015\/04\/160-vjetori-i-lindjes-s\u00eb-Ali-Ulqinakut-Ulqin.jpg\"><img loading=\"lazy\" class=\"alignleft wp-image-90154\" src=\"http:\/\/www.visit-ulcinj.com\/blog\/wp-content\/uploads\/2015\/04\/160-vjetori-i-lindjes-s\u00eb-Ali-Ulqinakut-Ulqin.jpg\" alt=\"160 vjetori i lindjes s\u00eb Ali Ulqinakut-Ulqin\" width=\"508\" height=\"381\" srcset=\"https:\/\/www.visit-ulcinj.com\/blog\/wp-content\/uploads\/2015\/04\/160-vjetori-i-lindjes-s\u00eb-Ali-Ulqinakut-Ulqin.jpg 960w, https:\/\/www.visit-ulcinj.com\/blog\/wp-content\/uploads\/2015\/04\/160-vjetori-i-lindjes-s\u00eb-Ali-Ulqinakut-Ulqin-300x225.jpg 300w\" sizes=\"(max-width: 508px) 100vw, 508px\" \/><\/a>N\u00eb Sall\u00ebn e konferencave n\u00eb hotelin &#8220;Mediteran&#8221; \u00ebsht\u00eb organizuar Simpoziumi i dedikuar 160 vjetorit e lindjes e Hafiz Ali Riza ULQINAKUT figur\u00ebs m\u00eb markante dhe m\u00eb t\u00eb madhe n\u00eb historikun 2500 vje\u00e7are t\u00eb kultur\u00ebs ton\u00eb. Simpoziumi i sot\u00ebm ka qen\u00eb nj\u00eb frut i bashk\u00ebpunimit nd\u00ebrmjet Bashk\u00ebsis\u00eb islame t\u00eb Ulqinit dhe Bashkimit t\u00eb krijus\u00ebve shqiptare n\u00eb Mal t\u00eb Zi. N\u00eb dit\u00ebn e sotme u prezentuan ligjeratat nga autor\u00ebt prej disa vendeve shqiptare, nga Lezha, Shkodra, Pod<span class=\"text_exposed_show\">gorica, Prishtina dhe Ulqini. N\u00eb k\u00ebt\u00eb m\u00ebnyr\u00eb \u00ebsht\u00eb treguar dhe nj\u00eb dimenzion tjet\u00ebr i k\u00ebsaj figure t\u00eb madhe shqiptare, arsimore e kulturore me p\u00ebrmasa komb\u00ebtare. Nd\u00ebrmjet tjerash \u00ebsht\u00eb p\u00ebrmendur se Simpoziumi i par\u00eb \u00ebsht\u00eb mbajtur para disa vitesh n\u00eb organizimin e Art Clubit, kurse Bashk\u00ebsia islame e Ulqinit ka shenur 150 vjetorin e lindjes e Hafiz Aliut. Gjithashtu qyteti i Lezh\u00ebs n\u00eb vitin e kaluar ka organizuar nj\u00eb Konferenc dedikuar Hafiz Aliut.<br \/>\nRikujtoj opinionin se n\u00eb vitin 1999 Hafiz Ali Riza Ulqinaku \u00ebsht\u00eb shpallur nga ana e Prezidentit t\u00eb Republik\u00ebs &#8220;Qytetar nderi i Lezh\u00ebs&#8221;. N\u00eb simpoziumin e sot\u00ebm \u00ebsht\u00eb propozuar q\u00eb Kuvendi Komunal i Ulqinit ta miratoj\u00eb k\u00ebrkes\u00ebn, q\u00eb Qendra kulturore e Ulqinit t\u00eb emrohet m\u00eb emrin e Hafiz Ali Riza Ulqinakut, si edhe t\u00eb punohet dhe t\u00eb vendoset busti i Hafizit para Qendr\u00ebs t\u00eb kultur\u00ebs.<br \/>\nNe Ulqinak\u00ebt jemi krenar q\u00eb Hafizi ka lindur n\u00eb Ran\u00ebn ton\u00eb, ku edhe \u00ebsht\u00eb frymzuar dhe inspiruar p\u00ebr pun\u00ebn, t\u00eb cil\u00ebn do ta vazhdoj\u00eb n\u00eb Skod\u00ebr dhe m\u00eb von\u00eb edhe n\u00eb Lezh\u00eb. Prandaj, t\u00eb gjith\u00eb ne duhet edhe m\u00eb tep\u00ebr t\u00eb punojm\u00eb q\u00eb ta njoftom opinionin m\u00eb rolin e madh n\u00eb arsimin dhe edukimin, jo vetum fetar e k\u00ebsaj figure t\u00eb kultur\u00ebs ton\u00eb. Mbetet detyr\u00eb e p\u00ebrbashk\u00ebt q\u00eb t\u00eb angazhohemi edhe m\u00eb tep\u00ebr p\u00ebr pun\u00ebn epokale, kulturore, letrare, fetare t\u00eb Hafiz ali Riza Ulqinakut q\u00eb populli jon\u00eb ta qes\u00eb nga harresa dhe mos ta harroj kurr\u00eb. Dhe n\u00eb fund, n\u00eb Simpozium \u00ebsht\u00eb degjuar propozimi, dhe m\u00eb te jan\u00eb dakordur t\u00eb gjith\u00eb t\u00eb pranishmit q\u00eb t\u00eb shpallen tradicionale &#8220;Dit\u00ebt e Hafiz Ali Riza Ulqinakut&#8221; t\u00eb cilat do t\u00eb mbahen me radh\u00eb n\u00eb Lezh\u00eb, Shkod\u00ebr dhe n\u00eb Ulqin.<\/span><\/p>\n<p class=\"_5pbw\" data-ft=\"{&quot;tn&quot;:&quot;C&quot;}\"><strong><span class=\"fcg\"><span class=\"fwb\"><a id=\"js_5n\" class=\"profileLink\" href=\"https:\/\/www.facebook.com\/ismet.karamanaga\" data-ft=\"{&quot;tn&quot;:&quot;l&quot;}\" data-hovercard=\"\/ajax\/hovercard\/user.php?id=1359492972\">Ismet Karamanaga Facebook <\/a><\/span><\/span><\/strong><\/p>\n\n\t\t<style type=\"text\/css\">\n\t\t\t#gallery-1 {\n\t\t\t\tmargin: auto;\n\t\t\t}\n\t\t\t#gallery-1 .gallery-item {\n\t\t\t\tfloat: left;\n\t\t\t\tmargin-top: 10px;\n\t\t\t\ttext-align: center;\n\t\t\t\twidth: 33%;\n\t\t\t}\n\t\t\t#gallery-1 img {\n\t\t\t\tborder: 2px solid #cfcfcf;\n\t\t\t}\n\t\t\t#gallery-1 .gallery-caption {\n\t\t\t\tmargin-left: 0;\n\t\t\t}\n\t\t\t\/* see gallery_shortcode() in wp-includes\/media.php *\/\n\t\t<\/style>\n\t\t<div id='gallery-1' class='gallery galleryid-90153 gallery-columns-3 gallery-size-thumbnail'><dl class='gallery-item'>\n\t\t\t<dt class='gallery-icon landscape'>\n\t\t\t\t<a href='https:\/\/www.visit-ulcinj.com\/blog\/2015\/04\/26\/karamanaga-shenohet-160-vjetori-lindjes-se-ali-ulqinakut-foto\/160-vjetori-i-lindjes-se-ali-ulqinakut-ulqin-1\/'><img width=\"150\" height=\"150\" src=\"https:\/\/www.visit-ulcinj.com\/blog\/wp-content\/uploads\/2015\/04\/160-vjetori-i-lindjes-s\u00eb-Ali-Ulqinakut-Ulqin-1-150x150.jpg\" class=\"attachment-thumbnail size-thumbnail\" alt=\"\" loading=\"lazy\" \/><\/a>\n\t\t\t<\/dt><\/dl><dl class='gallery-item'>\n\t\t\t<dt class='gallery-icon landscape'>\n\t\t\t\t<a href='https:\/\/www.visit-ulcinj.com\/blog\/2015\/04\/26\/karamanaga-shenohet-160-vjetori-lindjes-se-ali-ulqinakut-foto\/160-vjetori-i-lindjes-se-ali-ulqinakut-ulqin-2\/'><img width=\"150\" height=\"150\" src=\"https:\/\/www.visit-ulcinj.com\/blog\/wp-content\/uploads\/2015\/04\/160-vjetori-i-lindjes-s\u00eb-Ali-Ulqinakut-Ulqin-2-150x150.jpg\" class=\"attachment-thumbnail size-thumbnail\" alt=\"\" loading=\"lazy\" \/><\/a>\n\t\t\t<\/dt><\/dl><dl class='gallery-item'>\n\t\t\t<dt class='gallery-icon landscape'>\n\t\t\t\t<a href='https:\/\/www.visit-ulcinj.com\/blog\/2015\/04\/26\/karamanaga-shenohet-160-vjetori-lindjes-se-ali-ulqinakut-foto\/160-vjetori-i-lindjes-se-ali-ulqinakut-ulqin-3\/'><img width=\"150\" height=\"150\" src=\"https:\/\/www.visit-ulcinj.com\/blog\/wp-content\/uploads\/2015\/04\/160-vjetori-i-lindjes-s\u00eb-Ali-Ulqinakut-Ulqin-3-150x150.jpg\" class=\"attachment-thumbnail size-thumbnail\" alt=\"\" loading=\"lazy\" \/><\/a>\n\t\t\t<\/dt><\/dl><br style=\"clear: both\" \/><dl class='gallery-item'>\n\t\t\t<dt class='gallery-icon landscape'>\n\t\t\t\t<a href='https:\/\/www.visit-ulcinj.com\/blog\/2015\/04\/26\/karamanaga-shenohet-160-vjetori-lindjes-se-ali-ulqinakut-foto\/160-vjetori-i-lindjes-se-ali-ulqinakut-ulqin-4\/'><img width=\"150\" height=\"150\" src=\"https:\/\/www.visit-ulcinj.com\/blog\/wp-content\/uploads\/2015\/04\/160-vjetori-i-lindjes-s\u00eb-Ali-Ulqinakut-Ulqin-4-150x150.jpg\" class=\"attachment-thumbnail size-thumbnail\" alt=\"\" loading=\"lazy\" \/><\/a>\n\t\t\t<\/dt><\/dl><dl class='gallery-item'>\n\t\t\t<dt class='gallery-icon landscape'>\n\t\t\t\t<a href='https:\/\/www.visit-ulcinj.com\/blog\/2015\/04\/26\/karamanaga-shenohet-160-vjetori-lindjes-se-ali-ulqinakut-foto\/160-vjetori-i-lindjes-se-ali-ulqinakut-ulqin-5\/'><img width=\"150\" height=\"150\" src=\"https:\/\/www.visit-ulcinj.com\/blog\/wp-content\/uploads\/2015\/04\/160-vjetori-i-lindjes-s\u00eb-Ali-Ulqinakut-Ulqin-5-150x150.jpg\" class=\"attachment-thumbnail size-thumbnail\" alt=\"\" loading=\"lazy\" \/><\/a>\n\t\t\t<\/dt><\/dl><dl class='gallery-item'>\n\t\t\t<dt class='gallery-icon landscape'>\n\t\t\t\t<a href='https:\/\/www.visit-ulcinj.com\/blog\/2015\/04\/26\/karamanaga-shenohet-160-vjetori-lindjes-se-ali-ulqinakut-foto\/160-vjetori-i-lindjes-se-ali-ulqinakut-ulqin-6\/'><img width=\"150\" height=\"150\" src=\"https:\/\/www.visit-ulcinj.com\/blog\/wp-content\/uploads\/2015\/04\/160-vjetori-i-lindjes-s\u00eb-Ali-Ulqinakut-Ulqin-6-150x150.jpg\" class=\"attachment-thumbnail size-thumbnail\" alt=\"\" loading=\"lazy\" \/><\/a>\n\t\t\t<\/dt><\/dl><br style=\"clear: both\" \/><dl class='gallery-item'>\n\t\t\t<dt class='gallery-icon landscape'>\n\t\t\t\t<a href='https:\/\/www.visit-ulcinj.com\/blog\/2015\/04\/26\/karamanaga-shenohet-160-vjetori-lindjes-se-ali-ulqinakut-foto\/160-vjetori-i-lindjes-se-ali-ulqinakut-ulqin-7\/'><img width=\"150\" height=\"150\" src=\"https:\/\/www.visit-ulcinj.com\/blog\/wp-content\/uploads\/2015\/04\/160-vjetori-i-lindjes-s\u00eb-Ali-Ulqinakut-Ulqin-7-150x150.jpg\" class=\"attachment-thumbnail size-thumbnail\" alt=\"\" loading=\"lazy\" \/><\/a>\n\t\t\t<\/dt><\/dl><dl class='gallery-item'>\n\t\t\t<dt class='gallery-icon landscape'>\n\t\t\t\t<a href='https:\/\/www.visit-ulcinj.com\/blog\/2015\/04\/26\/karamanaga-shenohet-160-vjetori-lindjes-se-ali-ulqinakut-foto\/160-vjetori-i-lindjes-se-ali-ulqinakut-ulqin-8\/'><img width=\"150\" height=\"150\" src=\"https:\/\/www.visit-ulcinj.com\/blog\/wp-content\/uploads\/2015\/04\/160-vjetori-i-lindjes-s\u00eb-Ali-Ulqinakut-Ulqin-8-150x150.jpg\" class=\"attachment-thumbnail size-thumbnail\" alt=\"\" loading=\"lazy\" \/><\/a>\n\t\t\t<\/dt><\/dl><dl class='gallery-item'>\n\t\t\t<dt class='gallery-icon landscape'>\n\t\t\t\t<a href='https:\/\/www.visit-ulcinj.com\/blog\/2015\/04\/26\/karamanaga-shenohet-160-vjetori-lindjes-se-ali-ulqinakut-foto\/160-vjetori-i-lindjes-se-ali-ulqinakut-ulqin-9\/'><img width=\"150\" height=\"150\" src=\"https:\/\/www.visit-ulcinj.com\/blog\/wp-content\/uploads\/2015\/04\/160-vjetori-i-lindjes-s\u00eb-Ali-Ulqinakut-Ulqin-9-150x150.jpg\" class=\"attachment-thumbnail size-thumbnail\" alt=\"\" loading=\"lazy\" \/><\/a>\n\t\t\t<\/dt><\/dl><br style=\"clear: both\" \/><dl class='gallery-item'>\n\t\t\t<dt class='gallery-icon landscape'>\n\t\t\t\t<a href='https:\/\/www.visit-ulcinj.com\/blog\/2015\/04\/26\/karamanaga-shenohet-160-vjetori-lindjes-se-ali-ulqinakut-foto\/160-vjetori-i-lindjes-se-ali-ulqinakut-ulqin-10\/'><img width=\"150\" height=\"150\" src=\"https:\/\/www.visit-ulcinj.com\/blog\/wp-content\/uploads\/2015\/04\/160-vjetori-i-lindjes-s\u00eb-Ali-Ulqinakut-Ulqin-10-150x150.jpg\" class=\"attachment-thumbnail size-thumbnail\" alt=\"\" loading=\"lazy\" \/><\/a>\n\t\t\t<\/dt><\/dl>\n\t\t\t<br style='clear: both' \/>\n\t\t<\/div>\n\n","protected":false},"excerpt":{"rendered":"<p>N\u00eb Sall\u00ebn e konferencave n\u00eb hotelin &#8220;Mediteran&#8221; \u00ebsht\u00eb organizuar Simpoziumi i dedikuar 160 vjetorit e lindjes e Hafiz Ali Riza ULQINAKUT figur\u00ebs m\u00eb markante dhe m\u00eb t\u00eb madhe n\u00eb historikun 2500 vje\u00e7are t\u00eb kultur\u00ebs ton\u00eb. Simpoziumi i sot\u00ebm ka qen\u00eb nj\u00eb frut i bashk\u00ebpunimit nd\u00ebrmjet Bashk\u00ebsis\u00eb islame t\u00eb Ulqinit dhe Bashkimit t\u00eb krijus\u00ebve shqiptare n\u00eb [&hellip;]<\/p>\n","protected":false},"author":1,"featured_media":0,"comment_status":"closed","ping_status":"closed","sticky":false,"template":"","format":"standard","meta":{"spay_email":"","jetpack_publicize_message":"","jetpack_is_tweetstorm":false,"jetpack_publicize_feature_enabled":true},"categories":[1,13],"tags":[],"jetpack_publicize_connections":[],"yoast_head":"<!-- This site is optimized with the Yoast SEO plugin v19.1 - https:\/\/yoast.com\/wordpress\/plugins\/seo\/ -->\n<title>Karamanaga: Sh\u00ebnohet 160 vjetori i lindjes s\u00eb Ali Ulqinakut + Foto - Lajme nga Ulqini<\/title>\n<meta name=\"description\" content=\"N\u00eb Sall\u00ebn e konferencave n\u00eb hotelin &quot;Mediteran&quot; \u00ebsht\u00eb organizuar Simpoziumi i dedikuar 160 vjetorit e lindjes e Hafiz Ali Riza ULQINAKUT figur\u00ebs m\u00eb\" \/>\n<meta name=\"robots\" content=\"index, follow, max-snippet:-1, max-image-preview:large, max-video-preview:-1\" \/>\n<link rel=\"canonical\" href=\"https:\/\/www.visit-ulcinj.com\/blog\/2015\/04\/26\/karamanaga-shenohet-160-vjetori-lindjes-se-ali-ulqinakut-foto\/\" \/>\n<meta property=\"og:locale\" content=\"en_US\" \/>\n<meta property=\"og:type\" content=\"article\" \/>\n<meta property=\"og:title\" content=\"Karamanaga: Sh\u00ebnohet 160 vjetori i lindjes s\u00eb Ali Ulqinakut + Foto - Lajme nga Ulqini\" \/>\n<meta property=\"og:description\" content=\"N\u00eb Sall\u00ebn e konferencave n\u00eb hotelin &quot;Mediteran&quot; \u00ebsht\u00eb organizuar Simpoziumi i dedikuar 160 vjetorit e lindjes e Hafiz Ali Riza ULQINAKUT figur\u00ebs m\u00eb\" \/>\n<meta property=\"og:url\" content=\"https:\/\/www.visit-ulcinj.com\/blog\/2015\/04\/26\/karamanaga-shenohet-160-vjetori-lindjes-se-ali-ulqinakut-foto\/\" \/>\n<meta property=\"og:site_name\" content=\"Lajme nga Ulqini\" \/>\n<meta property=\"article:published_time\" content=\"2015-04-26T11:05:41+00:00\" \/>\n<meta property=\"article:modified_time\" content=\"2015-04-26T20:56:48+00:00\" \/>\n<meta property=\"og:image\" content=\"https:\/\/www.visit-ulcinj.com\/blog\/wp-content\/uploads\/2015\/04\/160-vjetori-i-lindjes-s\u00eb-Ali-Ulqinakut-Ulqin-1-150x150.jpg\" \/>\n<meta name=\"twitter:label1\" content=\"Written by\" \/>\n\t<meta name=\"twitter:data1\" content=\"ulqini\" \/>\n\t<meta name=\"twitter:label2\" content=\"Est. reading time\" \/>\n\t<meta name=\"twitter:data2\" content=\"2 minutes\" \/>\n<script type=\"application\/ld+json\" class=\"yoast-schema-graph\">{\"@context\":\"https:\/\/schema.org\",\"@graph\":[{\"@type\":\"WebSite\",\"@id\":\"https:\/\/www.visit-ulcinj.com\/blog\/#website\",\"url\":\"https:\/\/www.visit-ulcinj.com\/blog\/\",\"name\":\"Lajme nga Ulqini\",\"description\":\"Lajme,Vijesti,Ulqini,Ulqin,Crna Gora,Mali i Zi\",\"potentialAction\":[{\"@type\":\"SearchAction\",\"target\":{\"@type\":\"EntryPoint\",\"urlTemplate\":\"https:\/\/www.visit-ulcinj.com\/blog\/?s={search_term_string}\"},\"query-input\":\"required name=search_term_string\"}],\"inLanguage\":\"en-US\"},{\"@type\":\"WebPage\",\"@id\":\"https:\/\/www.visit-ulcinj.com\/blog\/2015\/04\/26\/karamanaga-shenohet-160-vjetori-lindjes-se-ali-ulqinakut-foto\/#webpage\",\"url\":\"https:\/\/www.visit-ulcinj.com\/blog\/2015\/04\/26\/karamanaga-shenohet-160-vjetori-lindjes-se-ali-ulqinakut-foto\/\",\"name\":\"Karamanaga: Sh\u00ebnohet 160 vjetori i lindjes s\u00eb Ali Ulqinakut + Foto - Lajme nga Ulqini\",\"isPartOf\":{\"@id\":\"https:\/\/www.visit-ulcinj.com\/blog\/#website\"},\"datePublished\":\"2015-04-26T11:05:41+00:00\",\"dateModified\":\"2015-04-26T20:56:48+00:00\",\"author\":{\"@id\":\"https:\/\/www.visit-ulcinj.com\/blog\/#\/schema\/person\/dcab619c614d3038751c63bc2aadc06d\"},\"description\":\"N\u00eb Sall\u00ebn e konferencave n\u00eb hotelin \\\"Mediteran\\\" \u00ebsht\u00eb organizuar Simpoziumi i dedikuar 160 vjetorit e lindjes e Hafiz Ali Riza ULQINAKUT figur\u00ebs m\u00eb\",\"breadcrumb\":{\"@id\":\"https:\/\/www.visit-ulcinj.com\/blog\/2015\/04\/26\/karamanaga-shenohet-160-vjetori-lindjes-se-ali-ulqinakut-foto\/#breadcrumb\"},\"inLanguage\":\"en-US\",\"potentialAction\":[{\"@type\":\"ReadAction\",\"target\":[\"https:\/\/www.visit-ulcinj.com\/blog\/2015\/04\/26\/karamanaga-shenohet-160-vjetori-lindjes-se-ali-ulqinakut-foto\/\"]}]},{\"@type\":\"BreadcrumbList\",\"@id\":\"https:\/\/www.visit-ulcinj.com\/blog\/2015\/04\/26\/karamanaga-shenohet-160-vjetori-lindjes-se-ali-ulqinakut-foto\/#breadcrumb\",\"itemListElement\":[{\"@type\":\"ListItem\",\"position\":1,\"name\":\"Karamanaga: Sh\u00ebnohet 160 vjetori i lindjes s\u00eb Ali Ulqinakut + Foto\"}]},{\"@type\":\"Person\",\"@id\":\"https:\/\/www.visit-ulcinj.com\/blog\/#\/schema\/person\/dcab619c614d3038751c63bc2aadc06d\",\"name\":\"ulqini\",\"sameAs\":[\"http:\/\/www.visit-ulcinj.com\"],\"url\":\"https:\/\/www.visit-ulcinj.com\/blog\/author\/admin\/\"}]}<\/script>\n<!-- \/ Yoast SEO plugin. -->","yoast_head_json":{"title":"Karamanaga: Sh\u00ebnohet 160 vjetori i lindjes s\u00eb Ali Ulqinakut + Foto - Lajme nga Ulqini","description":"N\u00eb Sall\u00ebn e konferencave n\u00eb hotelin \"Mediteran\" \u00ebsht\u00eb organizuar Simpoziumi i dedikuar 160 vjetorit e lindjes e Hafiz Ali Riza ULQINAKUT figur\u00ebs m\u00eb","robots":{"index":"index","follow":"follow","max-snippet":"max-snippet:-1","max-image-preview":"max-image-preview:large","max-video-preview":"max-video-preview:-1"},"canonical":"https:\/\/www.visit-ulcinj.com\/blog\/2015\/04\/26\/karamanaga-shenohet-160-vjetori-lindjes-se-ali-ulqinakut-foto\/","og_locale":"en_US","og_type":"article","og_title":"Karamanaga: Sh\u00ebnohet 160 vjetori i lindjes s\u00eb Ali Ulqinakut + Foto - Lajme nga Ulqini","og_description":"N\u00eb Sall\u00ebn e konferencave n\u00eb hotelin \"Mediteran\" \u00ebsht\u00eb organizuar Simpoziumi i dedikuar 160 vjetorit e lindjes e Hafiz Ali Riza ULQINAKUT figur\u00ebs m\u00eb","og_url":"https:\/\/www.visit-ulcinj.com\/blog\/2015\/04\/26\/karamanaga-shenohet-160-vjetori-lindjes-se-ali-ulqinakut-foto\/","og_site_name":"Lajme nga Ulqini","article_published_time":"2015-04-26T11:05:41+00:00","article_modified_time":"2015-04-26T20:56:48+00:00","og_image":[{"url":"https:\/\/www.visit-ulcinj.com\/blog\/wp-content\/uploads\/2015\/04\/160-vjetori-i-lindjes-s\u00eb-Ali-Ulqinakut-Ulqin-1-150x150.jpg"}],"twitter_misc":{"Written by":"ulqini","Est. reading time":"2 minutes"},"schema":{"@context":"https:\/\/schema.org","@graph":[{"@type":"WebSite","@id":"https:\/\/www.visit-ulcinj.com\/blog\/#website","url":"https:\/\/www.visit-ulcinj.com\/blog\/","name":"Lajme nga Ulqini","description":"Lajme,Vijesti,Ulqini,Ulqin,Crna Gora,Mali i Zi","potentialAction":[{"@type":"SearchAction","target":{"@type":"EntryPoint","urlTemplate":"https:\/\/www.visit-ulcinj.com\/blog\/?s={search_term_string}"},"query-input":"required name=search_term_string"}],"inLanguage":"en-US"},{"@type":"WebPage","@id":"https:\/\/www.visit-ulcinj.com\/blog\/2015\/04\/26\/karamanaga-shenohet-160-vjetori-lindjes-se-ali-ulqinakut-foto\/#webpage","url":"https:\/\/www.visit-ulcinj.com\/blog\/2015\/04\/26\/karamanaga-shenohet-160-vjetori-lindjes-se-ali-ulqinakut-foto\/","name":"Karamanaga: Sh\u00ebnohet 160 vjetori i lindjes s\u00eb Ali Ulqinakut + Foto - Lajme nga Ulqini","isPartOf":{"@id":"https:\/\/www.visit-ulcinj.com\/blog\/#website"},"datePublished":"2015-04-26T11:05:41+00:00","dateModified":"2015-04-26T20:56:48+00:00","author":{"@id":"https:\/\/www.visit-ulcinj.com\/blog\/#\/schema\/person\/dcab619c614d3038751c63bc2aadc06d"},"description":"N\u00eb Sall\u00ebn e konferencave n\u00eb hotelin \"Mediteran\" \u00ebsht\u00eb organizuar Simpoziumi i dedikuar 160 vjetorit e lindjes e Hafiz Ali Riza ULQINAKUT figur\u00ebs m\u00eb","breadcrumb":{"@id":"https:\/\/www.visit-ulcinj.com\/blog\/2015\/04\/26\/karamanaga-shenohet-160-vjetori-lindjes-se-ali-ulqinakut-foto\/#breadcrumb"},"inLanguage":"en-US","potentialAction":[{"@type":"ReadAction","target":["https:\/\/www.visit-ulcinj.com\/blog\/2015\/04\/26\/karamanaga-shenohet-160-vjetori-lindjes-se-ali-ulqinakut-foto\/"]}]},{"@type":"BreadcrumbList","@id":"https:\/\/www.visit-ulcinj.com\/blog\/2015\/04\/26\/karamanaga-shenohet-160-vjetori-lindjes-se-ali-ulqinakut-foto\/#breadcrumb","itemListElement":[{"@type":"ListItem","position":1,"name":"Karamanaga: Sh\u00ebnohet 160 vjetori i lindjes s\u00eb Ali Ulqinakut + Foto"}]},{"@type":"Person","@id":"https:\/\/www.visit-ulcinj.com\/blog\/#\/schema\/person\/dcab619c614d3038751c63bc2aadc06d","name":"ulqini","sameAs":["http:\/\/www.visit-ulcinj.com"],"url":"https:\/\/www.visit-ulcinj.com\/blog\/author\/admin\/"}]}},"jetpack_featured_media_url":"","jetpack_sharing_enabled":true,"jetpack_shortlink":"https:\/\/wp.me\/pe6lTn-ns5","_links":{"self":[{"href":"https:\/\/www.visit-ulcinj.com\/blog\/wp-json\/wp\/v2\/posts\/90153"}],"collection":[{"href":"https:\/\/www.visit-ulcinj.com\/blog\/wp-json\/wp\/v2\/posts"}],"about":[{"href":"https:\/\/www.visit-ulcinj.com\/blog\/wp-json\/wp\/v2\/types\/post"}],"author":[{"embeddable":true,"href":"https:\/\/www.visit-ulcinj.com\/blog\/wp-json\/wp\/v2\/users\/1"}],"replies":[{"embeddable":true,"href":"https:\/\/www.visit-ulcinj.com\/blog\/wp-json\/wp\/v2\/comments?post=90153"}],"version-history":[{"count":1,"href":"https:\/\/www.visit-ulcinj.com\/blog\/wp-json\/wp\/v2\/posts\/90153\/revisions"}],"predecessor-version":[{"id":90165,"href":"https:\/\/www.visit-ulcinj.com\/blog\/wp-json\/wp\/v2\/posts\/90153\/revisions\/90165"}],"wp:attachment":[{"href":"https:\/\/www.visit-ulcinj.com\/blog\/wp-json\/wp\/v2\/media?parent=90153"}],"wp:term":[{"taxonomy":"category","embeddable":true,"href":"https:\/\/www.visit-ulcinj.com\/blog\/wp-json\/wp\/v2\/categories?post=90153"},{"taxonomy":"post_tag","embeddable":true,"href":"https:\/\/www.visit-ulcinj.com\/blog\/wp-json\/wp\/v2\/tags?post=90153"}],"curies":[{"name":"wp","href":"https:\/\/api.w.org\/{rel}","templated":true}]}}