{"id":90176,"date":"2015-04-27T22:33:55","date_gmt":"2015-04-27T21:33:55","guid":{"rendered":"http:\/\/www.visit-ulcinj.com\/blog\/?p=90176"},"modified":"2015-04-27T22:34:31","modified_gmt":"2015-04-27T21:34:31","slug":"memoriam-ismail-bushati","status":"publish","type":"post","link":"https:\/\/www.visit-ulcinj.com\/blog\/2015\/04\/27\/memoriam-ismail-bushati\/","title":{"rendered":"IN MEMORIAM: Ismail BUSHATI"},"content":{"rendered":"<p><a href=\"http:\/\/www.visit-ulcinj.com\/blog\/wp-content\/uploads\/2012\/05\/Ismajl-Bushati_kalaja-e-ulqinit.jpg\"><img loading=\"lazy\" class=\"alignleft wp-image-60008\" src=\"http:\/\/www.visit-ulcinj.com\/blog\/wp-content\/uploads\/2012\/05\/Ismajl-Bushati_kalaja-e-ulqinit.jpg\" alt=\"Ismajl Bushati_kalaja e ulqinit\" width=\"508\" height=\"381\" srcset=\"https:\/\/www.visit-ulcinj.com\/blog\/wp-content\/uploads\/2012\/05\/Ismajl-Bushati_kalaja-e-ulqinit.jpg 960w, https:\/\/www.visit-ulcinj.com\/blog\/wp-content\/uploads\/2012\/05\/Ismajl-Bushati_kalaja-e-ulqinit-300x225.jpg 300w\" sizes=\"(max-width: 508px) 100vw, 508px\" \/><\/a>Sot n\u00eb mosh\u00ebn 85 vje\u00e7are ndroi jet\u00eb Ismail BUSHATI, nj\u00ebra nd\u00ebr figurat m\u00eb markante t\u00eb Kalas\u00eb s\u00eb Ulqinit. Smajli ka qen\u00eb nd\u00ebr pun\u00ebtor\u00ebt e par\u00eb t\u00eb <span class=\"text_exposed_show\">turizmit n\u00eb Ulqin dhe pa dyshim ka l\u00ebn\u00eb gjurm\u00eb t\u00eb pashlyera. S\u00eb bashku me nj\u00eb plejad\u00eb pun\u00ebtoresh turistik , t\u00eb them\u00eb m\u00eb mir\u00eb artistesh n\u00eb hoteleri, si\u00e7 kan\u00eb qen\u00eb Qazim Quku, Bim Kahari, Fadil Sula, Qemal Resulbegu dhe shum\u00eb t\u00eb tjer\u00eb , kan\u00eb qen\u00eb t\u00eb par\u00ebt q\u00eb kan\u00eb vendosur gurthemelet e hoteleris\u00eb te ne n\u00eb Ulqin. T\u00eb gjith k\u00ebto nuk jetojn\u00eb me. Por ne duhet ti nxjerrim nga harresa, sepse ato jan\u00eb baza e fillimeve t\u00eb turizmit ton\u00eb. Ata e kan\u00eb ngritur turizmin te ne n\u00eb nj\u00eb nivel bot\u00ebror dhe p\u00ebr k\u00ebt\u00eb ne flasim p\u00ebr koh\u00ebt e arta t\u00eb turizmit ton\u00eb, deri te vitet e 90 t\u00eb shekullit t\u00eb kaluar. <\/span><\/p>\n<p><span class=\"text_exposed_show\"><br \/>\nSot \u00ebsht\u00eb ndar edhe Smajli nga jeta. Deri n\u00eb \u00e7astet e fundit, ka mbet\u00eb, ashtu si\u00e7 ka qen\u00eb gjithmon\u00eb i qeshur dhe i veshur n\u00eb m\u00ebnyr\u00eb elegante. Populli i yn\u00eb thot\u00eb se i ka pasur hije, dhe ka sh\u00ebrbyer si shembull \u00e7dokund. Deri n\u00eb \u00e7astet e fundit \u00ebsht\u00eb v\u00ebrejtur, m\u00eb m\u00ebnyr\u00ebn e ecurit, n\u00eb t\u00ebr\u00eb fizionomin\u00eb e tij nj\u00eb eleganc\u00eb e rall\u00eb e lindur. Prandaj, mungesa e Smajlit do t\u00eb v\u00ebrehet gjithmon\u00eb. Vendi dhe karriga n\u00eb tarac\u00ebn e restorantit e tij, do t\u00eb jet\u00eb e zbrast\u00eb, dhe pa dyshim k\u00ebt\u00eb do ta v\u00ebrejn\u00eb t\u00eb gjith\u00eb ato, t\u00eb cil\u00ebt e kan\u00eb njohur k\u00ebt\u00eb figur markante t\u00eb Kalas\u00eb ton\u00eb.<br \/>\nDua ta rikujtoj opinionin e gj\u00ebr\u00eb edhe p\u00ebr nj\u00eb veprim t\u00eb rall\u00eb e k\u00ebtij Burri n\u00eb kulm. N\u00eb vitin 1979, pas t\u00ebrmetit katastrofal, gjat\u00eb qendrimit n\u00eb ato koh\u00eb t\u00eb v\u00ebshtira n\u00eb Kala, s\u00eb bashku me t\u00eb ndjerin Jakup Nimanbegun, ka mbajtur flamurin e rezistenc\u00ebs p\u00ebr t\u00eb qendruar n\u00eb Kala. Ata jan\u00eb t\u00eb par\u00ebt q\u00eb kan\u00eb dhen\u00eb kontribut t\u00eb madh\u00eb p\u00ebr revitalizimin dhe restaurimin e Kalas\u00eb , n\u00eb koh\u00ebn kur\u00eb intenca e shtetit komunist t\u00eb asaj kohe ka qen\u00eb q\u00eb t\u00eb shp\u00ebrngulen t\u00eb gjith\u00eb banoret e Kalas\u00eb Gjeneratat e reja, t\u00eb Kalas\u00eb dhe n\u00eb p\u00ebrgjith\u00ebsi t\u00eb qytetit ton\u00eb, k\u00ebt\u00eb nuk dhet ta harrojn\u00eb kurr\u00eb.<\/span><\/p>\n<div class=\"text_exposed_show\">\n<p><a href=\"http:\/\/www.visit-ulcinj.com\/blog\/wp-content\/uploads\/2010\/09\/Ismajl-Bushati-_Kalaja-e-Ulqinit.jpg\"><img loading=\"lazy\" class=\"alignleft wp-image-36809 size-full\" src=\"http:\/\/www.visit-ulcinj.com\/blog\/wp-content\/uploads\/2010\/09\/Ismajl-Bushati-_Kalaja-e-Ulqinit.jpg\" alt=\"Ismajl Bushati _Kalaja e Ulqinit\" width=\"330\" height=\"347\" srcset=\"https:\/\/www.visit-ulcinj.com\/blog\/wp-content\/uploads\/2010\/09\/Ismajl-Bushati-_Kalaja-e-Ulqinit.jpg 330w, https:\/\/www.visit-ulcinj.com\/blog\/wp-content\/uploads\/2010\/09\/Ismajl-Bushati-_Kalaja-e-Ulqinit-285x300.jpg 285w\" sizes=\"(max-width: 330px) 100vw, 330px\" \/><\/a>DANAS se u 85 godini \u017eivota preselio u ahiret, jedan od najmarkantnijih stanovnika Starog grada, gospodin Smajl BU\u0160ATI. Bio je jedan od stubova po\u010detaka na\u0161eg turizma, i s pravom se mo\u017ee re\u0107i, da je je sa grupom starijih turisti\u010dkih radnika iz tog vremena , bio nosioc razvoja turizma kod nas. Bio je vje\u010dito elegantan, u bijeloj ko\u0161ulji, sa kravatom ili leptir ma\u0161nom, nasmijan sa vje\u010ditim osmjehom na licu. Bio je skroman, tih, volio je da podu\u010dava mlade onom pravom turizmu. \u010cesto je govorio sa velikom nostalgijom, o onom turizmu iz onih zlatnih vremena, u kojemu je on dao ogroman doprinos. Osta\u0107e upam\u0107en, ne samo za gra\u0111ane Starog grada i Ulcinja, ve\u0107 i za mnoge goste i turiste koji su godinama dolazili u Ulcin, po svojoj eleganciji, po svom \u0161armu po svom karakteristi\u010dnom hodu, dok je svakodnevno silazio do Pristana , da napravi uobi\u010dajeni krug.<br \/>\n. Me\u0111utim, posebno je njegov doprinos bio veliki za vrijeme i poslije zemljotresa 1979 godine. Za stanovnike Starog grada i Ulcinja, njegov doprinos je bio ogroman, posebno u revitalizaciji Starog grada, odbijaju\u0107i da zajedno sa gospodinom Jakupom Nimanbeguom napusti Stari grad, nakon katastrofalnog zemljotresa 1979. godine pro\u0161log vijeka, i pored intencije komunista tog vremena da se Stari grad napusti.<br \/>\nMislim da dijelim mi\u0161ljenje gra\u0111ana Ulcinja, posebno gra\u0111ana Starog grada, njegovih susjeda, prijatela i poznanika, da je njegov odlazak sa ovog svijeta, odlazak uz po\u0161tovanje i pijetet sviju onih koji su ga znali i poznavali.<\/p>\n<p><strong><a href=\"https:\/\/www.facebook.com\/photo.php?fbid=10206426242519089&amp;set=a.1089990814204.2015521.1359492972&amp;type=1&amp;fref=nf\">Ismet Karamanaga <\/a>Facebook<\/strong><\/p>\n<\/div>\n","protected":false},"excerpt":{"rendered":"<p>Sot n\u00eb mosh\u00ebn 85 vje\u00e7are ndroi jet\u00eb Ismail BUSHATI, nj\u00ebra nd\u00ebr figurat m\u00eb markante t\u00eb Kalas\u00eb s\u00eb Ulqinit. Smajli ka qen\u00eb nd\u00ebr pun\u00ebtor\u00ebt e par\u00eb t\u00eb turizmit n\u00eb Ulqin dhe pa dyshim ka l\u00ebn\u00eb gjurm\u00eb t\u00eb pashlyera. S\u00eb bashku me nj\u00eb plejad\u00eb pun\u00ebtoresh turistik , t\u00eb them\u00eb m\u00eb mir\u00eb artistesh n\u00eb hoteleri, si\u00e7 kan\u00eb qen\u00eb [&hellip;]<\/p>\n","protected":false},"author":1,"featured_media":0,"comment_status":"closed","ping_status":"closed","sticky":false,"template":"","format":"standard","meta":{"spay_email":"","jetpack_publicize_message":"","jetpack_is_tweetstorm":false,"jetpack_publicize_feature_enabled":true},"categories":[6950],"tags":[],"jetpack_publicize_connections":[],"yoast_head":"<!-- This site is optimized with the Yoast SEO plugin v19.1 - https:\/\/yoast.com\/wordpress\/plugins\/seo\/ -->\n<title>IN MEMORIAM: Ismail BUSHATI - Lajme nga Ulqini<\/title>\n<meta name=\"description\" content=\"Sot n\u00eb mosh\u00ebn 85 vje\u00e7are ndroi jet\u00eb Ismail BUSHATI, nj\u00ebra nd\u00ebr figurat m\u00eb markante t\u00eb Kalas\u00eb s\u00eb Ulqinit. Smajli ka qen\u00eb nd\u00ebr pun\u00ebtor\u00ebt e par\u00eb t\u00eb turizmit\" \/>\n<meta name=\"robots\" content=\"index, follow, max-snippet:-1, max-image-preview:large, max-video-preview:-1\" \/>\n<link rel=\"canonical\" href=\"https:\/\/www.visit-ulcinj.com\/blog\/2015\/04\/27\/memoriam-ismail-bushati\/\" \/>\n<meta property=\"og:locale\" content=\"en_US\" \/>\n<meta property=\"og:type\" content=\"article\" \/>\n<meta property=\"og:title\" content=\"IN MEMORIAM: Ismail BUSHATI - Lajme nga Ulqini\" \/>\n<meta property=\"og:description\" content=\"Sot n\u00eb mosh\u00ebn 85 vje\u00e7are ndroi jet\u00eb Ismail BUSHATI, nj\u00ebra nd\u00ebr figurat m\u00eb markante t\u00eb Kalas\u00eb s\u00eb Ulqinit. Smajli ka qen\u00eb nd\u00ebr pun\u00ebtor\u00ebt e par\u00eb t\u00eb turizmit\" \/>\n<meta property=\"og:url\" content=\"https:\/\/www.visit-ulcinj.com\/blog\/2015\/04\/27\/memoriam-ismail-bushati\/\" \/>\n<meta property=\"og:site_name\" content=\"Lajme nga Ulqini\" \/>\n<meta property=\"article:published_time\" content=\"2015-04-27T21:33:55+00:00\" \/>\n<meta property=\"article:modified_time\" content=\"2015-04-27T21:34:31+00:00\" \/>\n<meta property=\"og:image\" content=\"http:\/\/www.visit-ulcinj.com\/blog\/wp-content\/uploads\/2012\/05\/Ismajl-Bushati_kalaja-e-ulqinit.jpg\" \/>\n<meta name=\"twitter:label1\" content=\"Written by\" \/>\n\t<meta name=\"twitter:data1\" content=\"ulqini\" \/>\n\t<meta name=\"twitter:label2\" content=\"Est. reading time\" \/>\n\t<meta name=\"twitter:data2\" content=\"3 minutes\" \/>\n<script type=\"application\/ld+json\" class=\"yoast-schema-graph\">{\"@context\":\"https:\/\/schema.org\",\"@graph\":[{\"@type\":\"WebSite\",\"@id\":\"https:\/\/www.visit-ulcinj.com\/blog\/#website\",\"url\":\"https:\/\/www.visit-ulcinj.com\/blog\/\",\"name\":\"Lajme nga Ulqini\",\"description\":\"Lajme,Vijesti,Ulqini,Ulqin,Crna Gora,Mali i Zi\",\"potentialAction\":[{\"@type\":\"SearchAction\",\"target\":{\"@type\":\"EntryPoint\",\"urlTemplate\":\"https:\/\/www.visit-ulcinj.com\/blog\/?s={search_term_string}\"},\"query-input\":\"required name=search_term_string\"}],\"inLanguage\":\"en-US\"},{\"@type\":\"ImageObject\",\"inLanguage\":\"en-US\",\"@id\":\"https:\/\/www.visit-ulcinj.com\/blog\/2015\/04\/27\/memoriam-ismail-bushati\/#primaryimage\",\"url\":\"https:\/\/www.visit-ulcinj.com\/blog\/wp-content\/uploads\/2012\/05\/Ismajl-Bushati_kalaja-e-ulqinit.jpg\",\"contentUrl\":\"https:\/\/www.visit-ulcinj.com\/blog\/wp-content\/uploads\/2012\/05\/Ismajl-Bushati_kalaja-e-ulqinit.jpg\",\"width\":\"960\",\"height\":\"720\"},{\"@type\":\"WebPage\",\"@id\":\"https:\/\/www.visit-ulcinj.com\/blog\/2015\/04\/27\/memoriam-ismail-bushati\/#webpage\",\"url\":\"https:\/\/www.visit-ulcinj.com\/blog\/2015\/04\/27\/memoriam-ismail-bushati\/\",\"name\":\"IN MEMORIAM: Ismail BUSHATI - Lajme nga Ulqini\",\"isPartOf\":{\"@id\":\"https:\/\/www.visit-ulcinj.com\/blog\/#website\"},\"primaryImageOfPage\":{\"@id\":\"https:\/\/www.visit-ulcinj.com\/blog\/2015\/04\/27\/memoriam-ismail-bushati\/#primaryimage\"},\"datePublished\":\"2015-04-27T21:33:55+00:00\",\"dateModified\":\"2015-04-27T21:34:31+00:00\",\"author\":{\"@id\":\"https:\/\/www.visit-ulcinj.com\/blog\/#\/schema\/person\/dcab619c614d3038751c63bc2aadc06d\"},\"description\":\"Sot n\u00eb mosh\u00ebn 85 vje\u00e7are ndroi jet\u00eb Ismail BUSHATI, nj\u00ebra nd\u00ebr figurat m\u00eb markante t\u00eb Kalas\u00eb s\u00eb Ulqinit. Smajli ka qen\u00eb nd\u00ebr pun\u00ebtor\u00ebt e par\u00eb t\u00eb turizmit\",\"breadcrumb\":{\"@id\":\"https:\/\/www.visit-ulcinj.com\/blog\/2015\/04\/27\/memoriam-ismail-bushati\/#breadcrumb\"},\"inLanguage\":\"en-US\",\"potentialAction\":[{\"@type\":\"ReadAction\",\"target\":[\"https:\/\/www.visit-ulcinj.com\/blog\/2015\/04\/27\/memoriam-ismail-bushati\/\"]}]},{\"@type\":\"BreadcrumbList\",\"@id\":\"https:\/\/www.visit-ulcinj.com\/blog\/2015\/04\/27\/memoriam-ismail-bushati\/#breadcrumb\",\"itemListElement\":[{\"@type\":\"ListItem\",\"position\":1,\"name\":\"IN MEMORIAM: Ismail BUSHATI\"}]},{\"@type\":\"Person\",\"@id\":\"https:\/\/www.visit-ulcinj.com\/blog\/#\/schema\/person\/dcab619c614d3038751c63bc2aadc06d\",\"name\":\"ulqini\",\"sameAs\":[\"http:\/\/www.visit-ulcinj.com\"],\"url\":\"https:\/\/www.visit-ulcinj.com\/blog\/author\/admin\/\"}]}<\/script>\n<!-- \/ Yoast SEO plugin. -->","yoast_head_json":{"title":"IN MEMORIAM: Ismail BUSHATI - Lajme nga Ulqini","description":"Sot n\u00eb mosh\u00ebn 85 vje\u00e7are ndroi jet\u00eb Ismail BUSHATI, nj\u00ebra nd\u00ebr figurat m\u00eb markante t\u00eb Kalas\u00eb s\u00eb Ulqinit. Smajli ka qen\u00eb nd\u00ebr pun\u00ebtor\u00ebt e par\u00eb t\u00eb turizmit","robots":{"index":"index","follow":"follow","max-snippet":"max-snippet:-1","max-image-preview":"max-image-preview:large","max-video-preview":"max-video-preview:-1"},"canonical":"https:\/\/www.visit-ulcinj.com\/blog\/2015\/04\/27\/memoriam-ismail-bushati\/","og_locale":"en_US","og_type":"article","og_title":"IN MEMORIAM: Ismail BUSHATI - Lajme nga Ulqini","og_description":"Sot n\u00eb mosh\u00ebn 85 vje\u00e7are ndroi jet\u00eb Ismail BUSHATI, nj\u00ebra nd\u00ebr figurat m\u00eb markante t\u00eb Kalas\u00eb s\u00eb Ulqinit. Smajli ka qen\u00eb nd\u00ebr pun\u00ebtor\u00ebt e par\u00eb t\u00eb turizmit","og_url":"https:\/\/www.visit-ulcinj.com\/blog\/2015\/04\/27\/memoriam-ismail-bushati\/","og_site_name":"Lajme nga Ulqini","article_published_time":"2015-04-27T21:33:55+00:00","article_modified_time":"2015-04-27T21:34:31+00:00","og_image":[{"url":"http:\/\/www.visit-ulcinj.com\/blog\/wp-content\/uploads\/2012\/05\/Ismajl-Bushati_kalaja-e-ulqinit.jpg"}],"twitter_misc":{"Written by":"ulqini","Est. reading time":"3 minutes"},"schema":{"@context":"https:\/\/schema.org","@graph":[{"@type":"WebSite","@id":"https:\/\/www.visit-ulcinj.com\/blog\/#website","url":"https:\/\/www.visit-ulcinj.com\/blog\/","name":"Lajme nga Ulqini","description":"Lajme,Vijesti,Ulqini,Ulqin,Crna Gora,Mali i Zi","potentialAction":[{"@type":"SearchAction","target":{"@type":"EntryPoint","urlTemplate":"https:\/\/www.visit-ulcinj.com\/blog\/?s={search_term_string}"},"query-input":"required name=search_term_string"}],"inLanguage":"en-US"},{"@type":"ImageObject","inLanguage":"en-US","@id":"https:\/\/www.visit-ulcinj.com\/blog\/2015\/04\/27\/memoriam-ismail-bushati\/#primaryimage","url":"https:\/\/www.visit-ulcinj.com\/blog\/wp-content\/uploads\/2012\/05\/Ismajl-Bushati_kalaja-e-ulqinit.jpg","contentUrl":"https:\/\/www.visit-ulcinj.com\/blog\/wp-content\/uploads\/2012\/05\/Ismajl-Bushati_kalaja-e-ulqinit.jpg","width":"960","height":"720"},{"@type":"WebPage","@id":"https:\/\/www.visit-ulcinj.com\/blog\/2015\/04\/27\/memoriam-ismail-bushati\/#webpage","url":"https:\/\/www.visit-ulcinj.com\/blog\/2015\/04\/27\/memoriam-ismail-bushati\/","name":"IN MEMORIAM: Ismail BUSHATI - Lajme nga Ulqini","isPartOf":{"@id":"https:\/\/www.visit-ulcinj.com\/blog\/#website"},"primaryImageOfPage":{"@id":"https:\/\/www.visit-ulcinj.com\/blog\/2015\/04\/27\/memoriam-ismail-bushati\/#primaryimage"},"datePublished":"2015-04-27T21:33:55+00:00","dateModified":"2015-04-27T21:34:31+00:00","author":{"@id":"https:\/\/www.visit-ulcinj.com\/blog\/#\/schema\/person\/dcab619c614d3038751c63bc2aadc06d"},"description":"Sot n\u00eb mosh\u00ebn 85 vje\u00e7are ndroi jet\u00eb Ismail BUSHATI, nj\u00ebra nd\u00ebr figurat m\u00eb markante t\u00eb Kalas\u00eb s\u00eb Ulqinit. Smajli ka qen\u00eb nd\u00ebr pun\u00ebtor\u00ebt e par\u00eb t\u00eb turizmit","breadcrumb":{"@id":"https:\/\/www.visit-ulcinj.com\/blog\/2015\/04\/27\/memoriam-ismail-bushati\/#breadcrumb"},"inLanguage":"en-US","potentialAction":[{"@type":"ReadAction","target":["https:\/\/www.visit-ulcinj.com\/blog\/2015\/04\/27\/memoriam-ismail-bushati\/"]}]},{"@type":"BreadcrumbList","@id":"https:\/\/www.visit-ulcinj.com\/blog\/2015\/04\/27\/memoriam-ismail-bushati\/#breadcrumb","itemListElement":[{"@type":"ListItem","position":1,"name":"IN MEMORIAM: Ismail BUSHATI"}]},{"@type":"Person","@id":"https:\/\/www.visit-ulcinj.com\/blog\/#\/schema\/person\/dcab619c614d3038751c63bc2aadc06d","name":"ulqini","sameAs":["http:\/\/www.visit-ulcinj.com"],"url":"https:\/\/www.visit-ulcinj.com\/blog\/author\/admin\/"}]}},"jetpack_featured_media_url":"","jetpack_sharing_enabled":true,"jetpack_shortlink":"https:\/\/wp.me\/pe6lTn-nss","_links":{"self":[{"href":"https:\/\/www.visit-ulcinj.com\/blog\/wp-json\/wp\/v2\/posts\/90176"}],"collection":[{"href":"https:\/\/www.visit-ulcinj.com\/blog\/wp-json\/wp\/v2\/posts"}],"about":[{"href":"https:\/\/www.visit-ulcinj.com\/blog\/wp-json\/wp\/v2\/types\/post"}],"author":[{"embeddable":true,"href":"https:\/\/www.visit-ulcinj.com\/blog\/wp-json\/wp\/v2\/users\/1"}],"replies":[{"embeddable":true,"href":"https:\/\/www.visit-ulcinj.com\/blog\/wp-json\/wp\/v2\/comments?post=90176"}],"version-history":[{"count":2,"href":"https:\/\/www.visit-ulcinj.com\/blog\/wp-json\/wp\/v2\/posts\/90176\/revisions"}],"predecessor-version":[{"id":90178,"href":"https:\/\/www.visit-ulcinj.com\/blog\/wp-json\/wp\/v2\/posts\/90176\/revisions\/90178"}],"wp:attachment":[{"href":"https:\/\/www.visit-ulcinj.com\/blog\/wp-json\/wp\/v2\/media?parent=90176"}],"wp:term":[{"taxonomy":"category","embeddable":true,"href":"https:\/\/www.visit-ulcinj.com\/blog\/wp-json\/wp\/v2\/categories?post=90176"},{"taxonomy":"post_tag","embeddable":true,"href":"https:\/\/www.visit-ulcinj.com\/blog\/wp-json\/wp\/v2\/tags?post=90176"}],"curies":[{"name":"wp","href":"https:\/\/api.w.org\/{rel}","templated":true}]}}