{"id":90179,"date":"2015-04-28T06:33:07","date_gmt":"2015-04-28T05:33:07","guid":{"rendered":"http:\/\/www.visit-ulcinj.com\/blog\/?p=90179"},"modified":"2015-04-29T16:30:14","modified_gmt":"2015-04-29T15:30:14","slug":"rexhep-lleshi-flamuri-shqiptar-simbol-kombetar-e-jo-rajonal","status":"publish","type":"post","link":"https:\/\/www.visit-ulcinj.com\/blog\/2015\/04\/28\/rexhep-lleshi-flamuri-shqiptar-simbol-kombetar-e-jo-rajonal\/","title":{"rendered":"Rexhep Lleshi: Flamuri shqiptar simbol komb\u00ebtar e jo rajonal"},"content":{"rendered":"<p><a href=\"http:\/\/www.visit-ulcinj.com\/blog\/wp-content\/uploads\/2015\/01\/Rexhep-LLeshi.jpg\"><img loading=\"lazy\" class=\"alignleft wp-image-87826 size-medium\" src=\"http:\/\/www.visit-ulcinj.com\/blog\/wp-content\/uploads\/2015\/01\/Rexhep-LLeshi-216x300.jpg\" alt=\"Rexhep-LLeshi\" width=\"216\" height=\"300\" srcset=\"https:\/\/www.visit-ulcinj.com\/blog\/wp-content\/uploads\/2015\/01\/Rexhep-LLeshi-216x300.jpg 216w, https:\/\/www.visit-ulcinj.com\/blog\/wp-content\/uploads\/2015\/01\/Rexhep-LLeshi.jpg 595w\" sizes=\"(max-width: 216px) 100vw, 216px\" \/><\/a>M\u00eb 26. prill 2015. e diele, n\u00eb rrug\u00ebn Kat\u00ebrkoll\u00eb &#8211; Tivar, te unaza n\u00eb Kryth\u00eb, ora 13:40, takova auto-kolon\u00ebn q\u00eb l\u00ebvizte n\u00eb drejtim Tivar &#8211; Ana e Malit. N\u00eb baz\u00eb dekorimi t\u00eb dy simboleve madhore, flamurit shtetror t\u00eb Malit t\u00eb Zi dhe komb\u00ebtar shqiptar, t\u00eb vendosur n\u00eb veturen e par\u00eb t\u00eb autokolon\u00ebs, konkludova si p\u00ebr gazmend familjar &#8211; dasmor\u00eb. Me aq\u00eb p\u00ebrfundoj dhe interesimi im nga ana e kund\u00ebrt i udh\u00ebtimit dhe vazhdova drejt\u00eb spitalit n\u00eb Tivar.<\/p>\n<p>Pasi e kreva obligimin moral, vizit\u00eb t\u00eb smur\u00ebve, po asaj rruge u k\u00ebtheva p\u00ebr sht\u00ebpi. N\u00eb magjistralen Tivar &#8211; Ulqin, lagja Zalev, punishta Aragana, ora 15:35, p\u00ebrs\u00ebri takova n\u00eb kolon\u00eb dasmor\u00ebsh, tash t\u00eb prier\u00eb vet\u00ebm me nj\u00eb flamuer, at\u00eb shtetror t\u00eb Malit t\u00eb Zi. Mir\u00eb e shikova dhe v\u00ebrejta se \u00ebsht\u00eb po ajo kolon\u00eb t\u00eb cil\u00ebn e takova n\u00eb Kryth\u00eb, q\u00eb shkonte drejt\u00eb An\u00ebs Malit dhe me dy flamuj. K\u00ebsaj radhe v\u00ebmendjen ma t\u00ebrhoqi mungesa e simbolit, m\u00eb par\u00eb val\u00ebvit\u00ebse, flamurit shqiptar. Ai konstatim m\u00eb shtyri mendjen n\u00eb alternativa q\u00eb t\u00eb gjitha m\u00eb qitnin po n\u00eb at\u00eb rrug\u00eb t\u00eb cil\u00ebs shkoja un\u00eb e shum\u00eb t\u00eb tjer\u00eb, si dhe ato t\u00eb kolon\u00ebs dasmore. Edhe pse gjithmon\u00eb shqiptar\u00eb e pak m\u00eb par\u00eb \u201ddasmor\u00eb shqiptar\u00eb\u201d, q\u00eb jetojn\u00eb diku \u201dthell\u201d n\u00eb Mal t\u00eb Zi, n\u00eb Tivar, q\u00eb n\u00eb k\u00ebthim aq\u00eb fort\u00eb e injoronin p\u00ebrkat\u00ebsin\u00eb komb\u00ebtare, si konkretisht dit\u00ebn n\u00eb fjal\u00eb, me ulje-mshehje t\u00eb flamurit, simbolit komb\u00ebtar mvar\u00ebsisht nga rruga t\u00eb cil\u00ebs kalonin. E regjistrova faktin por jo edhe arsyen e veprimit t\u00eb till\u00eb. M\u00eb mbet\u00eb enigm\u00eb \u00e7far\u00eb i motivoi dasmor\u00ebt q\u00eb rrug\u00ebs s\u00eb fshatit &#8211; An\u00ebs s\u00eb Malit ta \u00e7ojn\u00eb e asaj t\u00eb qytetit &#8211; Tivarit ta fshehin flamurin shqiptar. Kjo ngjarje m\u00eb asocon n\u00eb tjet\u00ebr, arsimore, q\u00eb para dy dekadave ma d\u00ebftoi nj\u00eb i njohur m\u00eb si vijon:<\/p>\n<p>&#8211; N\u00eb vitet 50-ta e 60-ta t\u00eb shekullit t\u00eb kaluar, nx\u00ebn\u00ebsit fillorist n\u00eb Ulqin, si m\u00eb q\u00ebllim t\u00eb ndar\u00eb, m\u00ebsonin: n\u00eb shkoll\u00eb t\u00eb qytetit, n\u00eb gjuh\u00ebn \u201dprestigjioze serbe\u201d, n\u00eb t\u00eb cil\u00ebn dhe vazhdonin shkollimin, nd\u00ebrsa ato n\u00eb Vlladimir e Shtoj vijonin n\u00eb \u201dgjuh\u00ebn fshatare shqipe\u201d.<\/p>\n<p>Flamuri shqiptar \u00ebsht\u00eb simbol komb\u00ebtar e jo rajonal. T\u00eb gjitha anijet n\u00eb vijat\u00eb ujore e ajrore n\u00ebp\u00ebr bot\u00eb qarkullojn\u00eb me simbole gjegj\u00ebse shtetrore-komb\u00ebtare pa dallim rruge t\u00eb cil\u00ebs kalojn\u00eb. Arsye tjet\u00ebrsim-p\u00ebrdorimi nuk ka as p\u00ebr flamurin shqiptar. At tjet\u00ebrsim e b\u00ebjn\u00eb vet\u00eb shqiptar\u00ebt n\u00eb Mal t\u00eb Zi. P\u00ebr t\u00eb treguar se gjoja \u201dnuk jan\u00eb shqiptar\u00eb\u201d, apo p\u00ebr t\u00eb th\u00ebn\u00eb se \u201djan\u00eb b\u00ebr\u00eb malazez\u201d?! Nga t\u00eb dyja k\u00ebto, asnj\u00ebra s\u2019\u00ebsht\u00eb e v\u00ebrtet\u00eb. Ky \u00ebsht\u00eb problem p\u00ebr t\u00eb cilin duhet folur argumentuar e n\u00eb m\u00ebnyr\u00eb edukative sistematikisht spjeguar zgjidhje. Me te duhet t\u00eb merren aktivistet shqiptar t\u00eb komun\u00ebs s\u00eb Tivarit, t\u00eb ndihmuar nga asocionet shoq\u00ebror n\u00eb Mal t\u00eb Zi, kryesisht K\u00ebshilli komb\u00ebtar shqiptar.<\/p>\n","protected":false},"excerpt":{"rendered":"<p>M\u00eb 26. prill 2015. e diele, n\u00eb rrug\u00ebn Kat\u00ebrkoll\u00eb &#8211; Tivar, te unaza n\u00eb Kryth\u00eb, ora 13:40, takova auto-kolon\u00ebn q\u00eb l\u00ebvizte n\u00eb drejtim Tivar &#8211; Ana e Malit. N\u00eb baz\u00eb dekorimi t\u00eb dy simboleve madhore, flamurit shtetror t\u00eb Malit t\u00eb Zi dhe komb\u00ebtar shqiptar, t\u00eb vendosur n\u00eb veturen e par\u00eb t\u00eb autokolon\u00ebs, konkludova si p\u00ebr [&hellip;]<\/p>\n","protected":false},"author":1,"featured_media":0,"comment_status":"closed","ping_status":"closed","sticky":false,"template":"","format":"standard","meta":{"spay_email":"","jetpack_publicize_message":"","jetpack_is_tweetstorm":false,"jetpack_publicize_feature_enabled":true},"categories":[14249],"tags":[],"jetpack_publicize_connections":[],"yoast_head":"<!-- This site is optimized with the Yoast SEO plugin v19.1 - https:\/\/yoast.com\/wordpress\/plugins\/seo\/ -->\n<title>Rexhep Lleshi: Flamuri shqiptar simbol komb\u00ebtar e jo rajonal - Lajme nga Ulqini<\/title>\n<meta name=\"description\" content=\"M\u00eb 26. prill 2015. e diele, n\u00eb rrug\u00ebn Kat\u00ebrkoll\u00eb - Tivar, te unaza n\u00eb Kryth\u00eb, ora 13:40, takova auto-kolon\u00ebn q\u00eb l\u00ebvizte n\u00eb drejtim Tivar - Ana e Malit. N\u00eb\" \/>\n<meta name=\"robots\" content=\"index, follow, max-snippet:-1, max-image-preview:large, max-video-preview:-1\" \/>\n<link rel=\"canonical\" href=\"https:\/\/www.visit-ulcinj.com\/blog\/2015\/04\/28\/rexhep-lleshi-flamuri-shqiptar-simbol-kombetar-e-jo-rajonal\/\" \/>\n<meta property=\"og:locale\" content=\"en_US\" \/>\n<meta property=\"og:type\" content=\"article\" \/>\n<meta property=\"og:title\" content=\"Rexhep Lleshi: Flamuri shqiptar simbol komb\u00ebtar e jo rajonal - Lajme nga Ulqini\" \/>\n<meta property=\"og:description\" content=\"M\u00eb 26. prill 2015. e diele, n\u00eb rrug\u00ebn Kat\u00ebrkoll\u00eb - Tivar, te unaza n\u00eb Kryth\u00eb, ora 13:40, takova auto-kolon\u00ebn q\u00eb l\u00ebvizte n\u00eb drejtim Tivar - Ana e Malit. N\u00eb\" \/>\n<meta property=\"og:url\" content=\"https:\/\/www.visit-ulcinj.com\/blog\/2015\/04\/28\/rexhep-lleshi-flamuri-shqiptar-simbol-kombetar-e-jo-rajonal\/\" \/>\n<meta property=\"og:site_name\" content=\"Lajme nga Ulqini\" \/>\n<meta property=\"article:published_time\" content=\"2015-04-28T05:33:07+00:00\" \/>\n<meta property=\"article:modified_time\" content=\"2015-04-29T15:30:14+00:00\" \/>\n<meta property=\"og:image\" content=\"http:\/\/www.visit-ulcinj.com\/blog\/wp-content\/uploads\/2015\/01\/Rexhep-LLeshi-216x300.jpg\" \/>\n<meta name=\"twitter:label1\" content=\"Written by\" \/>\n\t<meta name=\"twitter:data1\" content=\"ulqini\" \/>\n\t<meta name=\"twitter:label2\" content=\"Est. reading time\" \/>\n\t<meta name=\"twitter:data2\" content=\"3 minutes\" \/>\n<script type=\"application\/ld+json\" class=\"yoast-schema-graph\">{\"@context\":\"https:\/\/schema.org\",\"@graph\":[{\"@type\":\"WebSite\",\"@id\":\"https:\/\/www.visit-ulcinj.com\/blog\/#website\",\"url\":\"https:\/\/www.visit-ulcinj.com\/blog\/\",\"name\":\"Lajme nga Ulqini\",\"description\":\"Lajme,Vijesti,Ulqini,Ulqin,Crna Gora,Mali i Zi\",\"potentialAction\":[{\"@type\":\"SearchAction\",\"target\":{\"@type\":\"EntryPoint\",\"urlTemplate\":\"https:\/\/www.visit-ulcinj.com\/blog\/?s={search_term_string}\"},\"query-input\":\"required name=search_term_string\"}],\"inLanguage\":\"en-US\"},{\"@type\":\"ImageObject\",\"inLanguage\":\"en-US\",\"@id\":\"https:\/\/www.visit-ulcinj.com\/blog\/2015\/04\/28\/rexhep-lleshi-flamuri-shqiptar-simbol-kombetar-e-jo-rajonal\/#primaryimage\",\"url\":\"https:\/\/www.visit-ulcinj.com\/blog\/wp-content\/uploads\/2015\/01\/Rexhep-LLeshi.jpg\",\"contentUrl\":\"https:\/\/www.visit-ulcinj.com\/blog\/wp-content\/uploads\/2015\/01\/Rexhep-LLeshi.jpg\",\"width\":595,\"height\":826},{\"@type\":\"WebPage\",\"@id\":\"https:\/\/www.visit-ulcinj.com\/blog\/2015\/04\/28\/rexhep-lleshi-flamuri-shqiptar-simbol-kombetar-e-jo-rajonal\/#webpage\",\"url\":\"https:\/\/www.visit-ulcinj.com\/blog\/2015\/04\/28\/rexhep-lleshi-flamuri-shqiptar-simbol-kombetar-e-jo-rajonal\/\",\"name\":\"Rexhep Lleshi: Flamuri shqiptar simbol komb\u00ebtar e jo rajonal - Lajme nga Ulqini\",\"isPartOf\":{\"@id\":\"https:\/\/www.visit-ulcinj.com\/blog\/#website\"},\"primaryImageOfPage\":{\"@id\":\"https:\/\/www.visit-ulcinj.com\/blog\/2015\/04\/28\/rexhep-lleshi-flamuri-shqiptar-simbol-kombetar-e-jo-rajonal\/#primaryimage\"},\"datePublished\":\"2015-04-28T05:33:07+00:00\",\"dateModified\":\"2015-04-29T15:30:14+00:00\",\"author\":{\"@id\":\"https:\/\/www.visit-ulcinj.com\/blog\/#\/schema\/person\/dcab619c614d3038751c63bc2aadc06d\"},\"description\":\"M\u00eb 26. prill 2015. e diele, n\u00eb rrug\u00ebn Kat\u00ebrkoll\u00eb - Tivar, te unaza n\u00eb Kryth\u00eb, ora 13:40, takova auto-kolon\u00ebn q\u00eb l\u00ebvizte n\u00eb drejtim Tivar - Ana e Malit. N\u00eb\",\"breadcrumb\":{\"@id\":\"https:\/\/www.visit-ulcinj.com\/blog\/2015\/04\/28\/rexhep-lleshi-flamuri-shqiptar-simbol-kombetar-e-jo-rajonal\/#breadcrumb\"},\"inLanguage\":\"en-US\",\"potentialAction\":[{\"@type\":\"ReadAction\",\"target\":[\"https:\/\/www.visit-ulcinj.com\/blog\/2015\/04\/28\/rexhep-lleshi-flamuri-shqiptar-simbol-kombetar-e-jo-rajonal\/\"]}]},{\"@type\":\"BreadcrumbList\",\"@id\":\"https:\/\/www.visit-ulcinj.com\/blog\/2015\/04\/28\/rexhep-lleshi-flamuri-shqiptar-simbol-kombetar-e-jo-rajonal\/#breadcrumb\",\"itemListElement\":[{\"@type\":\"ListItem\",\"position\":1,\"name\":\"Rexhep Lleshi: Flamuri shqiptar simbol komb\u00ebtar e jo rajonal\"}]},{\"@type\":\"Person\",\"@id\":\"https:\/\/www.visit-ulcinj.com\/blog\/#\/schema\/person\/dcab619c614d3038751c63bc2aadc06d\",\"name\":\"ulqini\",\"sameAs\":[\"http:\/\/www.visit-ulcinj.com\"],\"url\":\"https:\/\/www.visit-ulcinj.com\/blog\/author\/admin\/\"}]}<\/script>\n<!-- \/ Yoast SEO plugin. -->","yoast_head_json":{"title":"Rexhep Lleshi: Flamuri shqiptar simbol komb\u00ebtar e jo rajonal - Lajme nga Ulqini","description":"M\u00eb 26. prill 2015. e diele, n\u00eb rrug\u00ebn Kat\u00ebrkoll\u00eb - Tivar, te unaza n\u00eb Kryth\u00eb, ora 13:40, takova auto-kolon\u00ebn q\u00eb l\u00ebvizte n\u00eb drejtim Tivar - Ana e Malit. N\u00eb","robots":{"index":"index","follow":"follow","max-snippet":"max-snippet:-1","max-image-preview":"max-image-preview:large","max-video-preview":"max-video-preview:-1"},"canonical":"https:\/\/www.visit-ulcinj.com\/blog\/2015\/04\/28\/rexhep-lleshi-flamuri-shqiptar-simbol-kombetar-e-jo-rajonal\/","og_locale":"en_US","og_type":"article","og_title":"Rexhep Lleshi: Flamuri shqiptar simbol komb\u00ebtar e jo rajonal - Lajme nga Ulqini","og_description":"M\u00eb 26. prill 2015. e diele, n\u00eb rrug\u00ebn Kat\u00ebrkoll\u00eb - Tivar, te unaza n\u00eb Kryth\u00eb, ora 13:40, takova auto-kolon\u00ebn q\u00eb l\u00ebvizte n\u00eb drejtim Tivar - Ana e Malit. N\u00eb","og_url":"https:\/\/www.visit-ulcinj.com\/blog\/2015\/04\/28\/rexhep-lleshi-flamuri-shqiptar-simbol-kombetar-e-jo-rajonal\/","og_site_name":"Lajme nga Ulqini","article_published_time":"2015-04-28T05:33:07+00:00","article_modified_time":"2015-04-29T15:30:14+00:00","og_image":[{"url":"http:\/\/www.visit-ulcinj.com\/blog\/wp-content\/uploads\/2015\/01\/Rexhep-LLeshi-216x300.jpg"}],"twitter_misc":{"Written by":"ulqini","Est. reading time":"3 minutes"},"schema":{"@context":"https:\/\/schema.org","@graph":[{"@type":"WebSite","@id":"https:\/\/www.visit-ulcinj.com\/blog\/#website","url":"https:\/\/www.visit-ulcinj.com\/blog\/","name":"Lajme nga Ulqini","description":"Lajme,Vijesti,Ulqini,Ulqin,Crna Gora,Mali i Zi","potentialAction":[{"@type":"SearchAction","target":{"@type":"EntryPoint","urlTemplate":"https:\/\/www.visit-ulcinj.com\/blog\/?s={search_term_string}"},"query-input":"required name=search_term_string"}],"inLanguage":"en-US"},{"@type":"ImageObject","inLanguage":"en-US","@id":"https:\/\/www.visit-ulcinj.com\/blog\/2015\/04\/28\/rexhep-lleshi-flamuri-shqiptar-simbol-kombetar-e-jo-rajonal\/#primaryimage","url":"https:\/\/www.visit-ulcinj.com\/blog\/wp-content\/uploads\/2015\/01\/Rexhep-LLeshi.jpg","contentUrl":"https:\/\/www.visit-ulcinj.com\/blog\/wp-content\/uploads\/2015\/01\/Rexhep-LLeshi.jpg","width":595,"height":826},{"@type":"WebPage","@id":"https:\/\/www.visit-ulcinj.com\/blog\/2015\/04\/28\/rexhep-lleshi-flamuri-shqiptar-simbol-kombetar-e-jo-rajonal\/#webpage","url":"https:\/\/www.visit-ulcinj.com\/blog\/2015\/04\/28\/rexhep-lleshi-flamuri-shqiptar-simbol-kombetar-e-jo-rajonal\/","name":"Rexhep Lleshi: Flamuri shqiptar simbol komb\u00ebtar e jo rajonal - Lajme nga Ulqini","isPartOf":{"@id":"https:\/\/www.visit-ulcinj.com\/blog\/#website"},"primaryImageOfPage":{"@id":"https:\/\/www.visit-ulcinj.com\/blog\/2015\/04\/28\/rexhep-lleshi-flamuri-shqiptar-simbol-kombetar-e-jo-rajonal\/#primaryimage"},"datePublished":"2015-04-28T05:33:07+00:00","dateModified":"2015-04-29T15:30:14+00:00","author":{"@id":"https:\/\/www.visit-ulcinj.com\/blog\/#\/schema\/person\/dcab619c614d3038751c63bc2aadc06d"},"description":"M\u00eb 26. prill 2015. e diele, n\u00eb rrug\u00ebn Kat\u00ebrkoll\u00eb - Tivar, te unaza n\u00eb Kryth\u00eb, ora 13:40, takova auto-kolon\u00ebn q\u00eb l\u00ebvizte n\u00eb drejtim Tivar - Ana e Malit. N\u00eb","breadcrumb":{"@id":"https:\/\/www.visit-ulcinj.com\/blog\/2015\/04\/28\/rexhep-lleshi-flamuri-shqiptar-simbol-kombetar-e-jo-rajonal\/#breadcrumb"},"inLanguage":"en-US","potentialAction":[{"@type":"ReadAction","target":["https:\/\/www.visit-ulcinj.com\/blog\/2015\/04\/28\/rexhep-lleshi-flamuri-shqiptar-simbol-kombetar-e-jo-rajonal\/"]}]},{"@type":"BreadcrumbList","@id":"https:\/\/www.visit-ulcinj.com\/blog\/2015\/04\/28\/rexhep-lleshi-flamuri-shqiptar-simbol-kombetar-e-jo-rajonal\/#breadcrumb","itemListElement":[{"@type":"ListItem","position":1,"name":"Rexhep Lleshi: Flamuri shqiptar simbol komb\u00ebtar e jo rajonal"}]},{"@type":"Person","@id":"https:\/\/www.visit-ulcinj.com\/blog\/#\/schema\/person\/dcab619c614d3038751c63bc2aadc06d","name":"ulqini","sameAs":["http:\/\/www.visit-ulcinj.com"],"url":"https:\/\/www.visit-ulcinj.com\/blog\/author\/admin\/"}]}},"jetpack_featured_media_url":"","jetpack_sharing_enabled":true,"jetpack_shortlink":"https:\/\/wp.me\/pe6lTn-nsv","_links":{"self":[{"href":"https:\/\/www.visit-ulcinj.com\/blog\/wp-json\/wp\/v2\/posts\/90179"}],"collection":[{"href":"https:\/\/www.visit-ulcinj.com\/blog\/wp-json\/wp\/v2\/posts"}],"about":[{"href":"https:\/\/www.visit-ulcinj.com\/blog\/wp-json\/wp\/v2\/types\/post"}],"author":[{"embeddable":true,"href":"https:\/\/www.visit-ulcinj.com\/blog\/wp-json\/wp\/v2\/users\/1"}],"replies":[{"embeddable":true,"href":"https:\/\/www.visit-ulcinj.com\/blog\/wp-json\/wp\/v2\/comments?post=90179"}],"version-history":[{"count":2,"href":"https:\/\/www.visit-ulcinj.com\/blog\/wp-json\/wp\/v2\/posts\/90179\/revisions"}],"predecessor-version":[{"id":90181,"href":"https:\/\/www.visit-ulcinj.com\/blog\/wp-json\/wp\/v2\/posts\/90179\/revisions\/90181"}],"wp:attachment":[{"href":"https:\/\/www.visit-ulcinj.com\/blog\/wp-json\/wp\/v2\/media?parent=90179"}],"wp:term":[{"taxonomy":"category","embeddable":true,"href":"https:\/\/www.visit-ulcinj.com\/blog\/wp-json\/wp\/v2\/categories?post=90179"},{"taxonomy":"post_tag","embeddable":true,"href":"https:\/\/www.visit-ulcinj.com\/blog\/wp-json\/wp\/v2\/tags?post=90179"}],"curies":[{"name":"wp","href":"https:\/\/api.w.org\/{rel}","templated":true}]}}