{"id":90194,"date":"2015-04-28T09:28:26","date_gmt":"2015-04-28T08:28:26","guid":{"rendered":"http:\/\/www.visit-ulcinj.com\/blog\/?p=90194"},"modified":"2015-04-28T09:28:26","modified_gmt":"2015-04-28T08:28:26","slug":"salaj-ceshtja-e-emertimit-te-rrugeve-ne-ulqin-video","status":"publish","type":"post","link":"https:\/\/www.visit-ulcinj.com\/blog\/2015\/04\/28\/salaj-ceshtja-e-emertimit-te-rrugeve-ne-ulqin-video\/","title":{"rendered":"Salaj: \u00c7\u00ebshtja e em\u00ebrtimit t\u00eb rrug\u00ebve n\u00eb Ulqin &#8211; Video"},"content":{"rendered":"<p><a href=\"http:\/\/www.visit-ulcinj.com\/blog\/wp-content\/uploads\/2015\/04\/Qyteti-Ulqinit.jpg\"><img loading=\"lazy\" class=\"alignleft wp-image-90195\" src=\"http:\/\/www.visit-ulcinj.com\/blog\/wp-content\/uploads\/2015\/04\/Qyteti-Ulqinit.jpg\" alt=\"Qyteti-Ulqinit\" width=\"508\" height=\"338\" srcset=\"https:\/\/www.visit-ulcinj.com\/blog\/wp-content\/uploads\/2015\/04\/Qyteti-Ulqinit.jpg 604w, https:\/\/www.visit-ulcinj.com\/blog\/wp-content\/uploads\/2015\/04\/Qyteti-Ulqinit-300x200.jpg 300w\" sizes=\"(max-width: 508px) 100vw, 508px\" \/><\/a>N\u00eb venbanimet me popullat\u00eb shqiptare n\u00eb Mal t\u00eb Zi disa rrug\u00eb dhe sheshe ende mbajn\u00eb emra personalitetesh dhe ngjarjesh nga historia dhe kultura jokomb\u00ebtare. Me nismat demokratike n\u00eb Komun\u00ebn e Ulqinit u b\u00ebn\u00eb disa ndryshime t\u00eb rrug\u00ebve dhe shesheve, por Gjyqi Kushtetues i Malit t\u00eb Zi i anuloi ato duke i konsideruar t\u00eb paligjshme.<\/p>\n<p>Nd\u00ebrkoh\u00eb, K\u00ebshilli Komunal p\u00ebr em\u00ebrtime n\u00eb Ulqin ka p\u00ebrgatitur vendimin ku parashikohet q\u00eb m\u00eb se 50 rrug\u00eb dhe sheshe t\u00eb riem\u00ebrtohen n\u00eb frym\u00ebn kulturore, historike dhe komb\u00ebtare t\u00eb qytetit dhe banor\u00ebve q\u00eb jetojn\u00eb aty.<\/p>\n<p><span style=\"color: #000000; font-family: Arial,Helvetica,Arial Unicode MS,sans-serif;\">P<\/span>\u00ebr m\u00eb shum\u00eb ndiqeni kronik\u00ebn e p\u00ebrgaditur nga korrespondenti i Z\u00ebrit t\u00eb Amerik\u00ebs, Ali Salaj.<span style=\"color: #000000; font-family: Arial,Helvetica,Arial Unicode MS,sans-serif;\"><br \/>\n<\/span><\/p>\n<p>VAO<\/p>\n<!--YouTube Error: bad URL entered-->\n","protected":false},"excerpt":{"rendered":"<p>N\u00eb venbanimet me popullat\u00eb shqiptare n\u00eb Mal t\u00eb Zi disa rrug\u00eb dhe sheshe ende mbajn\u00eb emra personalitetesh dhe ngjarjesh nga historia dhe kultura jokomb\u00ebtare. Me nismat demokratike n\u00eb Komun\u00ebn e Ulqinit u b\u00ebn\u00eb disa ndryshime t\u00eb rrug\u00ebve dhe shesheve, por Gjyqi Kushtetues i Malit t\u00eb Zi i anuloi ato duke i konsideruar t\u00eb paligjshme. Nd\u00ebrkoh\u00eb, [&hellip;]<\/p>\n","protected":false},"author":1,"featured_media":0,"comment_status":"closed","ping_status":"closed","sticky":false,"template":"","format":"standard","meta":{"spay_email":"","jetpack_publicize_message":"","jetpack_is_tweetstorm":false,"jetpack_publicize_feature_enabled":true},"categories":[11],"tags":[],"jetpack_publicize_connections":[],"yoast_head":"<!-- This site is optimized with the Yoast SEO plugin v19.1 - https:\/\/yoast.com\/wordpress\/plugins\/seo\/ -->\n<title>Salaj: \u00c7\u00ebshtja e em\u00ebrtimit t\u00eb rrug\u00ebve n\u00eb Ulqin - Video - Lajme nga Ulqini<\/title>\n<meta name=\"description\" content=\"N\u00eb venbanimet me popullat\u00eb shqiptare n\u00eb Mal t\u00eb Zi disa rrug\u00eb dhe sheshe ende mbajn\u00eb emra personalitetesh dhe ngjarjesh nga historia dhe kultura\" \/>\n<meta name=\"robots\" content=\"index, follow, max-snippet:-1, max-image-preview:large, max-video-preview:-1\" \/>\n<link rel=\"canonical\" href=\"https:\/\/www.visit-ulcinj.com\/blog\/2015\/04\/28\/salaj-ceshtja-e-emertimit-te-rrugeve-ne-ulqin-video\/\" \/>\n<meta property=\"og:locale\" content=\"en_US\" \/>\n<meta property=\"og:type\" content=\"article\" \/>\n<meta property=\"og:title\" content=\"Salaj: \u00c7\u00ebshtja e em\u00ebrtimit t\u00eb rrug\u00ebve n\u00eb Ulqin - Video - Lajme nga Ulqini\" \/>\n<meta property=\"og:description\" content=\"N\u00eb venbanimet me popullat\u00eb shqiptare n\u00eb Mal t\u00eb Zi disa rrug\u00eb dhe sheshe ende mbajn\u00eb emra personalitetesh dhe ngjarjesh nga historia dhe kultura\" \/>\n<meta property=\"og:url\" content=\"https:\/\/www.visit-ulcinj.com\/blog\/2015\/04\/28\/salaj-ceshtja-e-emertimit-te-rrugeve-ne-ulqin-video\/\" \/>\n<meta property=\"og:site_name\" content=\"Lajme nga Ulqini\" \/>\n<meta property=\"article:published_time\" content=\"2015-04-28T08:28:26+00:00\" \/>\n<meta property=\"og:image\" content=\"http:\/\/www.visit-ulcinj.com\/blog\/wp-content\/uploads\/2015\/04\/Qyteti-Ulqinit.jpg\" \/>\n<meta name=\"twitter:label1\" content=\"Written by\" \/>\n\t<meta name=\"twitter:data1\" content=\"ulqini\" \/>\n\t<meta name=\"twitter:label2\" content=\"Est. reading time\" \/>\n\t<meta name=\"twitter:data2\" content=\"1 minute\" \/>\n<script type=\"application\/ld+json\" class=\"yoast-schema-graph\">{\"@context\":\"https:\/\/schema.org\",\"@graph\":[{\"@type\":\"WebSite\",\"@id\":\"https:\/\/www.visit-ulcinj.com\/blog\/#website\",\"url\":\"https:\/\/www.visit-ulcinj.com\/blog\/\",\"name\":\"Lajme nga Ulqini\",\"description\":\"Lajme,Vijesti,Ulqini,Ulqin,Crna Gora,Mali i Zi\",\"potentialAction\":[{\"@type\":\"SearchAction\",\"target\":{\"@type\":\"EntryPoint\",\"urlTemplate\":\"https:\/\/www.visit-ulcinj.com\/blog\/?s={search_term_string}\"},\"query-input\":\"required name=search_term_string\"}],\"inLanguage\":\"en-US\"},{\"@type\":\"ImageObject\",\"inLanguage\":\"en-US\",\"@id\":\"https:\/\/www.visit-ulcinj.com\/blog\/2015\/04\/28\/salaj-ceshtja-e-emertimit-te-rrugeve-ne-ulqin-video\/#primaryimage\",\"url\":\"https:\/\/www.visit-ulcinj.com\/blog\/wp-content\/uploads\/2015\/04\/Qyteti-Ulqinit.jpg\",\"contentUrl\":\"https:\/\/www.visit-ulcinj.com\/blog\/wp-content\/uploads\/2015\/04\/Qyteti-Ulqinit.jpg\",\"width\":604,\"height\":402},{\"@type\":\"WebPage\",\"@id\":\"https:\/\/www.visit-ulcinj.com\/blog\/2015\/04\/28\/salaj-ceshtja-e-emertimit-te-rrugeve-ne-ulqin-video\/#webpage\",\"url\":\"https:\/\/www.visit-ulcinj.com\/blog\/2015\/04\/28\/salaj-ceshtja-e-emertimit-te-rrugeve-ne-ulqin-video\/\",\"name\":\"Salaj: \u00c7\u00ebshtja e em\u00ebrtimit t\u00eb rrug\u00ebve n\u00eb Ulqin - Video - Lajme nga Ulqini\",\"isPartOf\":{\"@id\":\"https:\/\/www.visit-ulcinj.com\/blog\/#website\"},\"primaryImageOfPage\":{\"@id\":\"https:\/\/www.visit-ulcinj.com\/blog\/2015\/04\/28\/salaj-ceshtja-e-emertimit-te-rrugeve-ne-ulqin-video\/#primaryimage\"},\"datePublished\":\"2015-04-28T08:28:26+00:00\",\"dateModified\":\"2015-04-28T08:28:26+00:00\",\"author\":{\"@id\":\"https:\/\/www.visit-ulcinj.com\/blog\/#\/schema\/person\/dcab619c614d3038751c63bc2aadc06d\"},\"description\":\"N\u00eb venbanimet me popullat\u00eb shqiptare n\u00eb Mal t\u00eb Zi disa rrug\u00eb dhe sheshe ende mbajn\u00eb emra personalitetesh dhe ngjarjesh nga historia dhe kultura\",\"breadcrumb\":{\"@id\":\"https:\/\/www.visit-ulcinj.com\/blog\/2015\/04\/28\/salaj-ceshtja-e-emertimit-te-rrugeve-ne-ulqin-video\/#breadcrumb\"},\"inLanguage\":\"en-US\",\"potentialAction\":[{\"@type\":\"ReadAction\",\"target\":[\"https:\/\/www.visit-ulcinj.com\/blog\/2015\/04\/28\/salaj-ceshtja-e-emertimit-te-rrugeve-ne-ulqin-video\/\"]}]},{\"@type\":\"BreadcrumbList\",\"@id\":\"https:\/\/www.visit-ulcinj.com\/blog\/2015\/04\/28\/salaj-ceshtja-e-emertimit-te-rrugeve-ne-ulqin-video\/#breadcrumb\",\"itemListElement\":[{\"@type\":\"ListItem\",\"position\":1,\"name\":\"Salaj: \u00c7\u00ebshtja e em\u00ebrtimit t\u00eb rrug\u00ebve n\u00eb Ulqin &#8211; Video\"}]},{\"@type\":\"Person\",\"@id\":\"https:\/\/www.visit-ulcinj.com\/blog\/#\/schema\/person\/dcab619c614d3038751c63bc2aadc06d\",\"name\":\"ulqini\",\"sameAs\":[\"http:\/\/www.visit-ulcinj.com\"],\"url\":\"https:\/\/www.visit-ulcinj.com\/blog\/author\/admin\/\"}]}<\/script>\n<!-- \/ Yoast SEO plugin. -->","yoast_head_json":{"title":"Salaj: \u00c7\u00ebshtja e em\u00ebrtimit t\u00eb rrug\u00ebve n\u00eb Ulqin - Video - Lajme nga Ulqini","description":"N\u00eb venbanimet me popullat\u00eb shqiptare n\u00eb Mal t\u00eb Zi disa rrug\u00eb dhe sheshe ende mbajn\u00eb emra personalitetesh dhe ngjarjesh nga historia dhe kultura","robots":{"index":"index","follow":"follow","max-snippet":"max-snippet:-1","max-image-preview":"max-image-preview:large","max-video-preview":"max-video-preview:-1"},"canonical":"https:\/\/www.visit-ulcinj.com\/blog\/2015\/04\/28\/salaj-ceshtja-e-emertimit-te-rrugeve-ne-ulqin-video\/","og_locale":"en_US","og_type":"article","og_title":"Salaj: \u00c7\u00ebshtja e em\u00ebrtimit t\u00eb rrug\u00ebve n\u00eb Ulqin - Video - Lajme nga Ulqini","og_description":"N\u00eb venbanimet me popullat\u00eb shqiptare n\u00eb Mal t\u00eb Zi disa rrug\u00eb dhe sheshe ende mbajn\u00eb emra personalitetesh dhe ngjarjesh nga historia dhe kultura","og_url":"https:\/\/www.visit-ulcinj.com\/blog\/2015\/04\/28\/salaj-ceshtja-e-emertimit-te-rrugeve-ne-ulqin-video\/","og_site_name":"Lajme nga Ulqini","article_published_time":"2015-04-28T08:28:26+00:00","og_image":[{"url":"http:\/\/www.visit-ulcinj.com\/blog\/wp-content\/uploads\/2015\/04\/Qyteti-Ulqinit.jpg"}],"twitter_misc":{"Written by":"ulqini","Est. reading time":"1 minute"},"schema":{"@context":"https:\/\/schema.org","@graph":[{"@type":"WebSite","@id":"https:\/\/www.visit-ulcinj.com\/blog\/#website","url":"https:\/\/www.visit-ulcinj.com\/blog\/","name":"Lajme nga Ulqini","description":"Lajme,Vijesti,Ulqini,Ulqin,Crna Gora,Mali i Zi","potentialAction":[{"@type":"SearchAction","target":{"@type":"EntryPoint","urlTemplate":"https:\/\/www.visit-ulcinj.com\/blog\/?s={search_term_string}"},"query-input":"required name=search_term_string"}],"inLanguage":"en-US"},{"@type":"ImageObject","inLanguage":"en-US","@id":"https:\/\/www.visit-ulcinj.com\/blog\/2015\/04\/28\/salaj-ceshtja-e-emertimit-te-rrugeve-ne-ulqin-video\/#primaryimage","url":"https:\/\/www.visit-ulcinj.com\/blog\/wp-content\/uploads\/2015\/04\/Qyteti-Ulqinit.jpg","contentUrl":"https:\/\/www.visit-ulcinj.com\/blog\/wp-content\/uploads\/2015\/04\/Qyteti-Ulqinit.jpg","width":604,"height":402},{"@type":"WebPage","@id":"https:\/\/www.visit-ulcinj.com\/blog\/2015\/04\/28\/salaj-ceshtja-e-emertimit-te-rrugeve-ne-ulqin-video\/#webpage","url":"https:\/\/www.visit-ulcinj.com\/blog\/2015\/04\/28\/salaj-ceshtja-e-emertimit-te-rrugeve-ne-ulqin-video\/","name":"Salaj: \u00c7\u00ebshtja e em\u00ebrtimit t\u00eb rrug\u00ebve n\u00eb Ulqin - Video - Lajme nga Ulqini","isPartOf":{"@id":"https:\/\/www.visit-ulcinj.com\/blog\/#website"},"primaryImageOfPage":{"@id":"https:\/\/www.visit-ulcinj.com\/blog\/2015\/04\/28\/salaj-ceshtja-e-emertimit-te-rrugeve-ne-ulqin-video\/#primaryimage"},"datePublished":"2015-04-28T08:28:26+00:00","dateModified":"2015-04-28T08:28:26+00:00","author":{"@id":"https:\/\/www.visit-ulcinj.com\/blog\/#\/schema\/person\/dcab619c614d3038751c63bc2aadc06d"},"description":"N\u00eb venbanimet me popullat\u00eb shqiptare n\u00eb Mal t\u00eb Zi disa rrug\u00eb dhe sheshe ende mbajn\u00eb emra personalitetesh dhe ngjarjesh nga historia dhe kultura","breadcrumb":{"@id":"https:\/\/www.visit-ulcinj.com\/blog\/2015\/04\/28\/salaj-ceshtja-e-emertimit-te-rrugeve-ne-ulqin-video\/#breadcrumb"},"inLanguage":"en-US","potentialAction":[{"@type":"ReadAction","target":["https:\/\/www.visit-ulcinj.com\/blog\/2015\/04\/28\/salaj-ceshtja-e-emertimit-te-rrugeve-ne-ulqin-video\/"]}]},{"@type":"BreadcrumbList","@id":"https:\/\/www.visit-ulcinj.com\/blog\/2015\/04\/28\/salaj-ceshtja-e-emertimit-te-rrugeve-ne-ulqin-video\/#breadcrumb","itemListElement":[{"@type":"ListItem","position":1,"name":"Salaj: \u00c7\u00ebshtja e em\u00ebrtimit t\u00eb rrug\u00ebve n\u00eb Ulqin &#8211; Video"}]},{"@type":"Person","@id":"https:\/\/www.visit-ulcinj.com\/blog\/#\/schema\/person\/dcab619c614d3038751c63bc2aadc06d","name":"ulqini","sameAs":["http:\/\/www.visit-ulcinj.com"],"url":"https:\/\/www.visit-ulcinj.com\/blog\/author\/admin\/"}]}},"jetpack_featured_media_url":"","jetpack_sharing_enabled":true,"jetpack_shortlink":"https:\/\/wp.me\/pe6lTn-nsK","_links":{"self":[{"href":"https:\/\/www.visit-ulcinj.com\/blog\/wp-json\/wp\/v2\/posts\/90194"}],"collection":[{"href":"https:\/\/www.visit-ulcinj.com\/blog\/wp-json\/wp\/v2\/posts"}],"about":[{"href":"https:\/\/www.visit-ulcinj.com\/blog\/wp-json\/wp\/v2\/types\/post"}],"author":[{"embeddable":true,"href":"https:\/\/www.visit-ulcinj.com\/blog\/wp-json\/wp\/v2\/users\/1"}],"replies":[{"embeddable":true,"href":"https:\/\/www.visit-ulcinj.com\/blog\/wp-json\/wp\/v2\/comments?post=90194"}],"version-history":[{"count":1,"href":"https:\/\/www.visit-ulcinj.com\/blog\/wp-json\/wp\/v2\/posts\/90194\/revisions"}],"predecessor-version":[{"id":90196,"href":"https:\/\/www.visit-ulcinj.com\/blog\/wp-json\/wp\/v2\/posts\/90194\/revisions\/90196"}],"wp:attachment":[{"href":"https:\/\/www.visit-ulcinj.com\/blog\/wp-json\/wp\/v2\/media?parent=90194"}],"wp:term":[{"taxonomy":"category","embeddable":true,"href":"https:\/\/www.visit-ulcinj.com\/blog\/wp-json\/wp\/v2\/categories?post=90194"},{"taxonomy":"post_tag","embeddable":true,"href":"https:\/\/www.visit-ulcinj.com\/blog\/wp-json\/wp\/v2\/tags?post=90194"}],"curies":[{"name":"wp","href":"https:\/\/api.w.org\/{rel}","templated":true}]}}