{"id":90200,"date":"2015-04-28T10:05:38","date_gmt":"2015-04-28T09:05:38","guid":{"rendered":"http:\/\/www.visit-ulcinj.com\/blog\/?p=90200"},"modified":"2015-04-28T10:05:38","modified_gmt":"2015-04-28T09:05:38","slug":"cmimi-internetit-mali-zi-kryeson-vendin-e-par-per-per-shtrenjtesi","status":"publish","type":"post","link":"https:\/\/www.visit-ulcinj.com\/blog\/2015\/04\/28\/cmimi-internetit-mali-zi-kryeson-vendin-e-par-per-per-shtrenjtesi\/","title":{"rendered":"\u00c7mimi i internetit, Mali i Zi kryeson vendin e par p\u00ebr p\u00ebr shtrenjt\u00ebsi"},"content":{"rendered":"<p><a href=\"http:\/\/www.visit-ulcinj.com\/blog\/wp-content\/uploads\/2015\/04\/interneti-mali-zi.jpeg\"><img loading=\"lazy\" class=\"alignleft wp-image-90201 size-full\" src=\"http:\/\/www.visit-ulcinj.com\/blog\/wp-content\/uploads\/2015\/04\/interneti-mali-zi.jpeg\" alt=\"interneti-mali-zi\" width=\"300\" height=\"186\" \/><\/a>Interneti n\u00eb dit\u00ebt e sotme, mund t\u00eb konsiderohet p\u00ebr shumic\u00ebn e familjeve shqiptare, si nj\u00eb nd\u00ebr shpenzimet mujore, t\u00eb nevojshme p\u00ebr ta pasur n\u00eb sht\u00ebpi. Duke qen\u00eb se jetojm\u00eb n\u00eb epok\u00ebn e internetit, pa t\u00eb cil\u00ebn shumica e pun\u00ebve nuk arrijn\u00eb t\u00eb kryhen, po ashtu edhe nevoja p\u00ebr t\u00eb nga nx\u00ebn\u00ebsit\/student\u00ebt \u00ebsht\u00eb kthyer n\u00eb domosdoshm\u00ebri, interneti aktualisht \u00ebsht\u00eb nj\u00eb nd\u00ebr z\u00ebrat e fatur\u00ebs mujore p\u00ebr shqiptar\u00ebt. Por, sa na kushton ky sh\u00ebrbim tashm\u00eb i domosdosh\u00ebm?<\/p>\n<p>\u201cMonitor\u201d shkruan se bazuar n\u00eb t\u00eb dh\u00ebnat e agjencis\u00eb \u201cNumbeo\u201d p\u00ebr prillin 2015, Tirana renditet e treta n\u00eb rajon p\u00ebr \u00e7mimin m\u00eb t\u00eb lart\u00eb t\u00eb k\u00ebtij sh\u00ebrbimi. Krahasim i realizuar mes shteteve bazohet n\u00eb \u00e7mimin mesatar t\u00eb sh\u00ebrbimit t\u00eb internetit, me nj\u00eb shpejt\u00ebsi po mesatare prej 6 Mbps. Ajo \u00e7far\u00eb vihet re \u00ebsht\u00eb se vendi i cili ka \u00e7mimin mesatar m\u00eb t\u00eb shtrenjt\u00eb t\u00eb internetit \u00ebsht\u00eb Podgorica, Mali i Zi (27 euro). Nd\u00ebrsa vendi q\u00eb e ofron n\u00eb sht\u00ebpit\u00eb e banor\u00ebve me \u00e7mimin m\u00eb t\u00eb ul\u00ebt \u00ebsht\u00eb Shkupi (10,76 euro). Gjithashtu vihet re se tarifa mesatare e k\u00ebtij sh\u00ebrbimi n\u00eb Tiran\u00eb (prej 15.92 euro) \u00ebsht\u00eb e p\u00ebraf\u00ebrt me at\u00eb n\u00eb Prishtin\u00eb, n\u00eb t\u00eb cil\u00ebn \u00ebsht\u00eb 0.48 euro m\u00eb e shtrenjt\u00eb.<\/p>\n<p>Tema<\/p>\n","protected":false},"excerpt":{"rendered":"<p>Interneti n\u00eb dit\u00ebt e sotme, mund t\u00eb konsiderohet p\u00ebr shumic\u00ebn e familjeve shqiptare, si nj\u00eb nd\u00ebr shpenzimet mujore, t\u00eb nevojshme p\u00ebr ta pasur n\u00eb sht\u00ebpi. Duke qen\u00eb se jetojm\u00eb n\u00eb epok\u00ebn e internetit, pa t\u00eb cil\u00ebn shumica e pun\u00ebve nuk arrijn\u00eb t\u00eb kryhen, po ashtu edhe nevoja p\u00ebr t\u00eb nga nx\u00ebn\u00ebsit\/student\u00ebt \u00ebsht\u00eb kthyer n\u00eb domosdoshm\u00ebri, [&hellip;]<\/p>\n","protected":false},"author":1,"featured_media":0,"comment_status":"closed","ping_status":"closed","sticky":false,"template":"","format":"standard","meta":{"spay_email":"","jetpack_publicize_message":"","jetpack_is_tweetstorm":false,"jetpack_publicize_feature_enabled":true},"categories":[10],"tags":[],"jetpack_publicize_connections":[],"yoast_head":"<!-- This site is optimized with the Yoast SEO plugin v19.1 - https:\/\/yoast.com\/wordpress\/plugins\/seo\/ -->\n<title>\u00c7mimi i internetit, Mali i Zi kryeson vendin e par p\u00ebr p\u00ebr shtrenjt\u00ebsi - Lajme nga Ulqini<\/title>\n<meta name=\"description\" content=\"Interneti n\u00eb dit\u00ebt e sotme, mund t\u00eb konsiderohet p\u00ebr shumic\u00ebn e familjeve shqiptare, si nj\u00eb nd\u00ebr shpenzimet mujore, t\u00eb nevojshme p\u00ebr ta pasur n\u00eb sht\u00ebpi.\" \/>\n<meta name=\"robots\" content=\"index, follow, max-snippet:-1, max-image-preview:large, max-video-preview:-1\" \/>\n<link rel=\"canonical\" href=\"https:\/\/www.visit-ulcinj.com\/blog\/2015\/04\/28\/cmimi-internetit-mali-zi-kryeson-vendin-e-par-per-per-shtrenjtesi\/\" \/>\n<meta property=\"og:locale\" content=\"en_US\" \/>\n<meta property=\"og:type\" content=\"article\" \/>\n<meta property=\"og:title\" content=\"\u00c7mimi i internetit, Mali i Zi kryeson vendin e par p\u00ebr p\u00ebr shtrenjt\u00ebsi - Lajme nga Ulqini\" \/>\n<meta property=\"og:description\" content=\"Interneti n\u00eb dit\u00ebt e sotme, mund t\u00eb konsiderohet p\u00ebr shumic\u00ebn e familjeve shqiptare, si nj\u00eb nd\u00ebr shpenzimet mujore, t\u00eb nevojshme p\u00ebr ta pasur n\u00eb sht\u00ebpi.\" \/>\n<meta property=\"og:url\" content=\"https:\/\/www.visit-ulcinj.com\/blog\/2015\/04\/28\/cmimi-internetit-mali-zi-kryeson-vendin-e-par-per-per-shtrenjtesi\/\" \/>\n<meta property=\"og:site_name\" content=\"Lajme nga Ulqini\" \/>\n<meta property=\"article:published_time\" content=\"2015-04-28T09:05:38+00:00\" \/>\n<meta property=\"og:image\" content=\"http:\/\/www.visit-ulcinj.com\/blog\/wp-content\/uploads\/2015\/04\/interneti-mali-zi.jpeg\" \/>\n<meta name=\"twitter:label1\" content=\"Written by\" \/>\n\t<meta name=\"twitter:data1\" content=\"ulqini\" \/>\n\t<meta name=\"twitter:label2\" content=\"Est. reading time\" \/>\n\t<meta name=\"twitter:data2\" content=\"1 minute\" \/>\n<script type=\"application\/ld+json\" class=\"yoast-schema-graph\">{\"@context\":\"https:\/\/schema.org\",\"@graph\":[{\"@type\":\"WebSite\",\"@id\":\"https:\/\/www.visit-ulcinj.com\/blog\/#website\",\"url\":\"https:\/\/www.visit-ulcinj.com\/blog\/\",\"name\":\"Lajme nga Ulqini\",\"description\":\"Lajme,Vijesti,Ulqini,Ulqin,Crna Gora,Mali i Zi\",\"potentialAction\":[{\"@type\":\"SearchAction\",\"target\":{\"@type\":\"EntryPoint\",\"urlTemplate\":\"https:\/\/www.visit-ulcinj.com\/blog\/?s={search_term_string}\"},\"query-input\":\"required name=search_term_string\"}],\"inLanguage\":\"en-US\"},{\"@type\":\"ImageObject\",\"inLanguage\":\"en-US\",\"@id\":\"https:\/\/www.visit-ulcinj.com\/blog\/2015\/04\/28\/cmimi-internetit-mali-zi-kryeson-vendin-e-par-per-per-shtrenjtesi\/#primaryimage\",\"url\":\"http:\/\/www.visit-ulcinj.com\/blog\/wp-content\/uploads\/2015\/04\/interneti-mali-zi.jpeg\",\"contentUrl\":\"http:\/\/www.visit-ulcinj.com\/blog\/wp-content\/uploads\/2015\/04\/interneti-mali-zi.jpeg\"},{\"@type\":\"WebPage\",\"@id\":\"https:\/\/www.visit-ulcinj.com\/blog\/2015\/04\/28\/cmimi-internetit-mali-zi-kryeson-vendin-e-par-per-per-shtrenjtesi\/#webpage\",\"url\":\"https:\/\/www.visit-ulcinj.com\/blog\/2015\/04\/28\/cmimi-internetit-mali-zi-kryeson-vendin-e-par-per-per-shtrenjtesi\/\",\"name\":\"\u00c7mimi i internetit, Mali i Zi kryeson vendin e par p\u00ebr p\u00ebr shtrenjt\u00ebsi - Lajme nga Ulqini\",\"isPartOf\":{\"@id\":\"https:\/\/www.visit-ulcinj.com\/blog\/#website\"},\"primaryImageOfPage\":{\"@id\":\"https:\/\/www.visit-ulcinj.com\/blog\/2015\/04\/28\/cmimi-internetit-mali-zi-kryeson-vendin-e-par-per-per-shtrenjtesi\/#primaryimage\"},\"datePublished\":\"2015-04-28T09:05:38+00:00\",\"dateModified\":\"2015-04-28T09:05:38+00:00\",\"author\":{\"@id\":\"https:\/\/www.visit-ulcinj.com\/blog\/#\/schema\/person\/dcab619c614d3038751c63bc2aadc06d\"},\"description\":\"Interneti n\u00eb dit\u00ebt e sotme, mund t\u00eb konsiderohet p\u00ebr shumic\u00ebn e familjeve shqiptare, si nj\u00eb nd\u00ebr shpenzimet mujore, t\u00eb nevojshme p\u00ebr ta pasur n\u00eb sht\u00ebpi.\",\"breadcrumb\":{\"@id\":\"https:\/\/www.visit-ulcinj.com\/blog\/2015\/04\/28\/cmimi-internetit-mali-zi-kryeson-vendin-e-par-per-per-shtrenjtesi\/#breadcrumb\"},\"inLanguage\":\"en-US\",\"potentialAction\":[{\"@type\":\"ReadAction\",\"target\":[\"https:\/\/www.visit-ulcinj.com\/blog\/2015\/04\/28\/cmimi-internetit-mali-zi-kryeson-vendin-e-par-per-per-shtrenjtesi\/\"]}]},{\"@type\":\"BreadcrumbList\",\"@id\":\"https:\/\/www.visit-ulcinj.com\/blog\/2015\/04\/28\/cmimi-internetit-mali-zi-kryeson-vendin-e-par-per-per-shtrenjtesi\/#breadcrumb\",\"itemListElement\":[{\"@type\":\"ListItem\",\"position\":1,\"name\":\"\u00c7mimi i internetit, Mali i Zi kryeson vendin e par p\u00ebr p\u00ebr shtrenjt\u00ebsi\"}]},{\"@type\":\"Person\",\"@id\":\"https:\/\/www.visit-ulcinj.com\/blog\/#\/schema\/person\/dcab619c614d3038751c63bc2aadc06d\",\"name\":\"ulqini\",\"sameAs\":[\"http:\/\/www.visit-ulcinj.com\"],\"url\":\"https:\/\/www.visit-ulcinj.com\/blog\/author\/admin\/\"}]}<\/script>\n<!-- \/ Yoast SEO plugin. -->","yoast_head_json":{"title":"\u00c7mimi i internetit, Mali i Zi kryeson vendin e par p\u00ebr p\u00ebr shtrenjt\u00ebsi - Lajme nga Ulqini","description":"Interneti n\u00eb dit\u00ebt e sotme, mund t\u00eb konsiderohet p\u00ebr shumic\u00ebn e familjeve shqiptare, si nj\u00eb nd\u00ebr shpenzimet mujore, t\u00eb nevojshme p\u00ebr ta pasur n\u00eb sht\u00ebpi.","robots":{"index":"index","follow":"follow","max-snippet":"max-snippet:-1","max-image-preview":"max-image-preview:large","max-video-preview":"max-video-preview:-1"},"canonical":"https:\/\/www.visit-ulcinj.com\/blog\/2015\/04\/28\/cmimi-internetit-mali-zi-kryeson-vendin-e-par-per-per-shtrenjtesi\/","og_locale":"en_US","og_type":"article","og_title":"\u00c7mimi i internetit, Mali i Zi kryeson vendin e par p\u00ebr p\u00ebr shtrenjt\u00ebsi - Lajme nga Ulqini","og_description":"Interneti n\u00eb dit\u00ebt e sotme, mund t\u00eb konsiderohet p\u00ebr shumic\u00ebn e familjeve shqiptare, si nj\u00eb nd\u00ebr shpenzimet mujore, t\u00eb nevojshme p\u00ebr ta pasur n\u00eb sht\u00ebpi.","og_url":"https:\/\/www.visit-ulcinj.com\/blog\/2015\/04\/28\/cmimi-internetit-mali-zi-kryeson-vendin-e-par-per-per-shtrenjtesi\/","og_site_name":"Lajme nga Ulqini","article_published_time":"2015-04-28T09:05:38+00:00","og_image":[{"url":"http:\/\/www.visit-ulcinj.com\/blog\/wp-content\/uploads\/2015\/04\/interneti-mali-zi.jpeg"}],"twitter_misc":{"Written by":"ulqini","Est. reading time":"1 minute"},"schema":{"@context":"https:\/\/schema.org","@graph":[{"@type":"WebSite","@id":"https:\/\/www.visit-ulcinj.com\/blog\/#website","url":"https:\/\/www.visit-ulcinj.com\/blog\/","name":"Lajme nga Ulqini","description":"Lajme,Vijesti,Ulqini,Ulqin,Crna Gora,Mali i Zi","potentialAction":[{"@type":"SearchAction","target":{"@type":"EntryPoint","urlTemplate":"https:\/\/www.visit-ulcinj.com\/blog\/?s={search_term_string}"},"query-input":"required name=search_term_string"}],"inLanguage":"en-US"},{"@type":"ImageObject","inLanguage":"en-US","@id":"https:\/\/www.visit-ulcinj.com\/blog\/2015\/04\/28\/cmimi-internetit-mali-zi-kryeson-vendin-e-par-per-per-shtrenjtesi\/#primaryimage","url":"http:\/\/www.visit-ulcinj.com\/blog\/wp-content\/uploads\/2015\/04\/interneti-mali-zi.jpeg","contentUrl":"http:\/\/www.visit-ulcinj.com\/blog\/wp-content\/uploads\/2015\/04\/interneti-mali-zi.jpeg"},{"@type":"WebPage","@id":"https:\/\/www.visit-ulcinj.com\/blog\/2015\/04\/28\/cmimi-internetit-mali-zi-kryeson-vendin-e-par-per-per-shtrenjtesi\/#webpage","url":"https:\/\/www.visit-ulcinj.com\/blog\/2015\/04\/28\/cmimi-internetit-mali-zi-kryeson-vendin-e-par-per-per-shtrenjtesi\/","name":"\u00c7mimi i internetit, Mali i Zi kryeson vendin e par p\u00ebr p\u00ebr shtrenjt\u00ebsi - Lajme nga Ulqini","isPartOf":{"@id":"https:\/\/www.visit-ulcinj.com\/blog\/#website"},"primaryImageOfPage":{"@id":"https:\/\/www.visit-ulcinj.com\/blog\/2015\/04\/28\/cmimi-internetit-mali-zi-kryeson-vendin-e-par-per-per-shtrenjtesi\/#primaryimage"},"datePublished":"2015-04-28T09:05:38+00:00","dateModified":"2015-04-28T09:05:38+00:00","author":{"@id":"https:\/\/www.visit-ulcinj.com\/blog\/#\/schema\/person\/dcab619c614d3038751c63bc2aadc06d"},"description":"Interneti n\u00eb dit\u00ebt e sotme, mund t\u00eb konsiderohet p\u00ebr shumic\u00ebn e familjeve shqiptare, si nj\u00eb nd\u00ebr shpenzimet mujore, t\u00eb nevojshme p\u00ebr ta pasur n\u00eb sht\u00ebpi.","breadcrumb":{"@id":"https:\/\/www.visit-ulcinj.com\/blog\/2015\/04\/28\/cmimi-internetit-mali-zi-kryeson-vendin-e-par-per-per-shtrenjtesi\/#breadcrumb"},"inLanguage":"en-US","potentialAction":[{"@type":"ReadAction","target":["https:\/\/www.visit-ulcinj.com\/blog\/2015\/04\/28\/cmimi-internetit-mali-zi-kryeson-vendin-e-par-per-per-shtrenjtesi\/"]}]},{"@type":"BreadcrumbList","@id":"https:\/\/www.visit-ulcinj.com\/blog\/2015\/04\/28\/cmimi-internetit-mali-zi-kryeson-vendin-e-par-per-per-shtrenjtesi\/#breadcrumb","itemListElement":[{"@type":"ListItem","position":1,"name":"\u00c7mimi i internetit, Mali i Zi kryeson vendin e par p\u00ebr p\u00ebr shtrenjt\u00ebsi"}]},{"@type":"Person","@id":"https:\/\/www.visit-ulcinj.com\/blog\/#\/schema\/person\/dcab619c614d3038751c63bc2aadc06d","name":"ulqini","sameAs":["http:\/\/www.visit-ulcinj.com"],"url":"https:\/\/www.visit-ulcinj.com\/blog\/author\/admin\/"}]}},"jetpack_featured_media_url":"","jetpack_sharing_enabled":true,"jetpack_shortlink":"https:\/\/wp.me\/pe6lTn-nsQ","_links":{"self":[{"href":"https:\/\/www.visit-ulcinj.com\/blog\/wp-json\/wp\/v2\/posts\/90200"}],"collection":[{"href":"https:\/\/www.visit-ulcinj.com\/blog\/wp-json\/wp\/v2\/posts"}],"about":[{"href":"https:\/\/www.visit-ulcinj.com\/blog\/wp-json\/wp\/v2\/types\/post"}],"author":[{"embeddable":true,"href":"https:\/\/www.visit-ulcinj.com\/blog\/wp-json\/wp\/v2\/users\/1"}],"replies":[{"embeddable":true,"href":"https:\/\/www.visit-ulcinj.com\/blog\/wp-json\/wp\/v2\/comments?post=90200"}],"version-history":[{"count":1,"href":"https:\/\/www.visit-ulcinj.com\/blog\/wp-json\/wp\/v2\/posts\/90200\/revisions"}],"predecessor-version":[{"id":90202,"href":"https:\/\/www.visit-ulcinj.com\/blog\/wp-json\/wp\/v2\/posts\/90200\/revisions\/90202"}],"wp:attachment":[{"href":"https:\/\/www.visit-ulcinj.com\/blog\/wp-json\/wp\/v2\/media?parent=90200"}],"wp:term":[{"taxonomy":"category","embeddable":true,"href":"https:\/\/www.visit-ulcinj.com\/blog\/wp-json\/wp\/v2\/categories?post=90200"},{"taxonomy":"post_tag","embeddable":true,"href":"https:\/\/www.visit-ulcinj.com\/blog\/wp-json\/wp\/v2\/tags?post=90200"}],"curies":[{"name":"wp","href":"https:\/\/api.w.org\/{rel}","templated":true}]}}