{"id":90206,"date":"2015-04-29T16:24:50","date_gmt":"2015-04-29T15:24:50","guid":{"rendered":"http:\/\/www.visit-ulcinj.com\/blog\/?p=90206"},"modified":"2015-04-30T13:52:56","modified_gmt":"2015-04-30T12:52:56","slug":"kryetari-udsh-se-m-zenka-takohet-ambasadoren-e-shba-se","status":"publish","type":"post","link":"https:\/\/www.visit-ulcinj.com\/blog\/2015\/04\/29\/kryetari-udsh-se-m-zenka-takohet-ambasadoren-e-shba-se\/","title":{"rendered":"Kryetari i UDSH-s\u00eb M. Zenka takohet me Ambasadoren e SHBA-s\u00eb"},"content":{"rendered":"<p><a href=\"http:\/\/www.visit-ulcinj.com\/blog\/wp-content\/uploads\/2015\/04\/M.-Zenka-takohet-me-Ambasadoren-e-SHBA-s\u00eb-Ulqin.jpg\"><img loading=\"lazy\" class=\"alignleft wp-image-90207\" src=\"http:\/\/www.visit-ulcinj.com\/blog\/wp-content\/uploads\/2015\/04\/M.-Zenka-takohet-me-Ambasadoren-e-SHBA-s\u00eb-Ulqin.jpg\" alt=\"M. Zenka takohet me Ambasadoren e SHBA-s\u00eb-Ulqin\" width=\"508\" height=\"381\" srcset=\"https:\/\/www.visit-ulcinj.com\/blog\/wp-content\/uploads\/2015\/04\/M.-Zenka-takohet-me-Ambasadoren-e-SHBA-s\u00eb-Ulqin.jpg 960w, https:\/\/www.visit-ulcinj.com\/blog\/wp-content\/uploads\/2015\/04\/M.-Zenka-takohet-me-Ambasadoren-e-SHBA-s\u00eb-Ulqin-300x225.jpg 300w\" sizes=\"(max-width: 508px) 100vw, 508px\" \/><\/a>T\u00eb m\u00ebrkur\u00ebn, n\u00eb selin\u00eb e Unionit Demokratik t\u00eb Shqiptar\u00ebve, kryetari i k\u00ebsaj parti Mehmed Zenka me bashk\u00ebpun\u00ebtor\u00eb prit\u00ebn Ambasadoren e Shteteve t\u00eb Bashkuara t\u00eb Amerik\u00ebs, znj. Margaret Ann Uyehara, n\u00eb kuad\u00ebr t\u00eb vizit\u00ebs s\u00eb saj zyrtare n\u00eb Ulqin.<\/p>\n<p><a href=\"http:\/\/www.visit-ulcinj.com\/blog\/wp-content\/uploads\/2015\/04\/M.-Zenka-takohet-me-Ambasadoren-e-SHBA-s\u00eb-Ulqin-2.jpg\"><img loading=\"lazy\" class=\"alignleft wp-image-90208\" src=\"http:\/\/www.visit-ulcinj.com\/blog\/wp-content\/uploads\/2015\/04\/M.-Zenka-takohet-me-Ambasadoren-e-SHBA-s\u00eb-Ulqin-2.jpg\" alt=\"M. Zenka takohet me Ambasadoren e SHBA-s\u00eb-Ulqin-2\" width=\"508\" height=\"381\" srcset=\"https:\/\/www.visit-ulcinj.com\/blog\/wp-content\/uploads\/2015\/04\/M.-Zenka-takohet-me-Ambasadoren-e-SHBA-s\u00eb-Ulqin-2.jpg 960w, https:\/\/www.visit-ulcinj.com\/blog\/wp-content\/uploads\/2015\/04\/M.-Zenka-takohet-me-Ambasadoren-e-SHBA-s\u00eb-Ulqin-2-300x225.jpg 300w\" sizes=\"(max-width: 508px) 100vw, 508px\" \/><\/a><br \/>\nDuke e fal\u00ebnderuar znj. Uyehara p\u00ebr respektin dhe konsiderat\u00ebn e treguar ndaj tyre, nga UDSH-ja shprehen se SHBA-ja p\u00ebr to, por edhe p\u00ebr shqiptar\u00ebt n\u00eb t\u00ebr\u00ebsi, paraqet faktorin ky\u00e7 t\u00eb stabilitetit t\u00eb Malit t\u00eb Zi dhe Ballkanit.<br \/>\n\u201cPoashtu, d\u00ebshirojm\u00eb t\u00eb shprehim k\u00ebnaq\u00ebsin\u00eb q\u00eb gjat\u00eb bisedimeve me ekselenc\u00ebn e saj kishim rastin t\u00eb shfaqim k\u00ebrkesat politiko-ekonomike t\u00eb Shqiptar\u00ebve n\u00eb Mal t\u00eb Zi, gjegj\u00ebsisht, t\u00eb shpalosim mendimet dhe idet\u00eb tona p\u00ebr p\u00ebrmir\u00ebsimin e pozit\u00ebs s\u00eb tyre\u201d.<\/p>\n<p><strong>\u00a0Sh\u00ebrbimi p\u00ebr informim t\u00eb UDSH-s\u00eb<\/strong><\/p>\n<p><a href=\"http:\/\/www.visit-ulcinj.com\/blog\/wp-content\/uploads\/2015\/04\/M.-Zenka-takohet-me-Ambasadoren-e-SHBA-s\u00eb-Ulqin-1.jpg\"><img loading=\"lazy\" class=\"alignleft wp-image-90209\" src=\"http:\/\/www.visit-ulcinj.com\/blog\/wp-content\/uploads\/2015\/04\/M.-Zenka-takohet-me-Ambasadoren-e-SHBA-s\u00eb-Ulqin-1.jpg\" alt=\"M. Zenka takohet me Ambasadoren e SHBA-s\u00eb-Ulqin-1\" width=\"508\" height=\"677\" srcset=\"https:\/\/www.visit-ulcinj.com\/blog\/wp-content\/uploads\/2015\/04\/M.-Zenka-takohet-me-Ambasadoren-e-SHBA-s\u00eb-Ulqin-1.jpg 720w, https:\/\/www.visit-ulcinj.com\/blog\/wp-content\/uploads\/2015\/04\/M.-Zenka-takohet-me-Ambasadoren-e-SHBA-s\u00eb-Ulqin-1-225x300.jpg 225w\" sizes=\"(max-width: 508px) 100vw, 508px\" \/><\/a><\/p>\n","protected":false},"excerpt":{"rendered":"<p>T\u00eb m\u00ebrkur\u00ebn, n\u00eb selin\u00eb e Unionit Demokratik t\u00eb Shqiptar\u00ebve, kryetari i k\u00ebsaj parti Mehmed Zenka me bashk\u00ebpun\u00ebtor\u00eb prit\u00ebn Ambasadoren e Shteteve t\u00eb Bashkuara t\u00eb Amerik\u00ebs, znj. Margaret Ann Uyehara, n\u00eb kuad\u00ebr t\u00eb vizit\u00ebs s\u00eb saj zyrtare n\u00eb Ulqin. Duke e fal\u00ebnderuar znj. Uyehara p\u00ebr respektin dhe konsiderat\u00ebn e treguar ndaj tyre, nga UDSH-ja shprehen se [&hellip;]<\/p>\n","protected":false},"author":1,"featured_media":0,"comment_status":"closed","ping_status":"closed","sticky":false,"template":"","format":"standard","meta":{"spay_email":"","jetpack_publicize_message":"","jetpack_is_tweetstorm":false,"jetpack_publicize_feature_enabled":true},"categories":[1,6],"tags":[],"jetpack_publicize_connections":[],"yoast_head":"<!-- This site is optimized with the Yoast SEO plugin v19.1 - https:\/\/yoast.com\/wordpress\/plugins\/seo\/ -->\n<title>Kryetari i UDSH-s\u00eb M. Zenka takohet me Ambasadoren e SHBA-s\u00eb - Lajme nga Ulqini<\/title>\n<meta name=\"description\" content=\"T\u00eb m\u00ebrkur\u00ebn, n\u00eb selin\u00eb e Unionit Demokratik t\u00eb Shqiptar\u00ebve, kryetari i k\u00ebsaj parti Mehmed Zenka me bashk\u00ebpun\u00ebtor\u00eb prit\u00ebn Ambasadoren e Shteteve t\u00eb\" \/>\n<meta name=\"robots\" content=\"index, follow, max-snippet:-1, max-image-preview:large, max-video-preview:-1\" \/>\n<link rel=\"canonical\" href=\"https:\/\/www.visit-ulcinj.com\/blog\/2015\/04\/29\/kryetari-udsh-se-m-zenka-takohet-ambasadoren-e-shba-se\/\" \/>\n<meta property=\"og:locale\" content=\"en_US\" \/>\n<meta property=\"og:type\" content=\"article\" \/>\n<meta property=\"og:title\" content=\"Kryetari i UDSH-s\u00eb M. Zenka takohet me Ambasadoren e SHBA-s\u00eb - Lajme nga Ulqini\" \/>\n<meta property=\"og:description\" content=\"T\u00eb m\u00ebrkur\u00ebn, n\u00eb selin\u00eb e Unionit Demokratik t\u00eb Shqiptar\u00ebve, kryetari i k\u00ebsaj parti Mehmed Zenka me bashk\u00ebpun\u00ebtor\u00eb prit\u00ebn Ambasadoren e Shteteve t\u00eb\" \/>\n<meta property=\"og:url\" content=\"https:\/\/www.visit-ulcinj.com\/blog\/2015\/04\/29\/kryetari-udsh-se-m-zenka-takohet-ambasadoren-e-shba-se\/\" \/>\n<meta property=\"og:site_name\" content=\"Lajme nga Ulqini\" \/>\n<meta property=\"article:published_time\" content=\"2015-04-29T15:24:50+00:00\" \/>\n<meta property=\"article:modified_time\" content=\"2015-04-30T12:52:56+00:00\" \/>\n<meta name=\"twitter:label1\" content=\"Written by\" \/>\n\t<meta name=\"twitter:data1\" content=\"ulqini\" \/>\n\t<meta name=\"twitter:label2\" content=\"Est. reading time\" \/>\n\t<meta name=\"twitter:data2\" content=\"1 minute\" \/>\n<script type=\"application\/ld+json\" class=\"yoast-schema-graph\">{\"@context\":\"https:\/\/schema.org\",\"@graph\":[{\"@type\":\"WebSite\",\"@id\":\"https:\/\/www.visit-ulcinj.com\/blog\/#website\",\"url\":\"https:\/\/www.visit-ulcinj.com\/blog\/\",\"name\":\"Lajme nga Ulqini\",\"description\":\"Lajme,Vijesti,Ulqini,Ulqin,Crna Gora,Mali i Zi\",\"potentialAction\":[{\"@type\":\"SearchAction\",\"target\":{\"@type\":\"EntryPoint\",\"urlTemplate\":\"https:\/\/www.visit-ulcinj.com\/blog\/?s={search_term_string}\"},\"query-input\":\"required name=search_term_string\"}],\"inLanguage\":\"en-US\"},{\"@type\":\"WebPage\",\"@id\":\"https:\/\/www.visit-ulcinj.com\/blog\/2015\/04\/29\/kryetari-udsh-se-m-zenka-takohet-ambasadoren-e-shba-se\/#webpage\",\"url\":\"https:\/\/www.visit-ulcinj.com\/blog\/2015\/04\/29\/kryetari-udsh-se-m-zenka-takohet-ambasadoren-e-shba-se\/\",\"name\":\"Kryetari i UDSH-s\u00eb M. Zenka takohet me Ambasadoren e SHBA-s\u00eb - Lajme nga Ulqini\",\"isPartOf\":{\"@id\":\"https:\/\/www.visit-ulcinj.com\/blog\/#website\"},\"datePublished\":\"2015-04-29T15:24:50+00:00\",\"dateModified\":\"2015-04-30T12:52:56+00:00\",\"author\":{\"@id\":\"https:\/\/www.visit-ulcinj.com\/blog\/#\/schema\/person\/dcab619c614d3038751c63bc2aadc06d\"},\"description\":\"T\u00eb m\u00ebrkur\u00ebn, n\u00eb selin\u00eb e Unionit Demokratik t\u00eb Shqiptar\u00ebve, kryetari i k\u00ebsaj parti Mehmed Zenka me bashk\u00ebpun\u00ebtor\u00eb prit\u00ebn Ambasadoren e Shteteve t\u00eb\",\"breadcrumb\":{\"@id\":\"https:\/\/www.visit-ulcinj.com\/blog\/2015\/04\/29\/kryetari-udsh-se-m-zenka-takohet-ambasadoren-e-shba-se\/#breadcrumb\"},\"inLanguage\":\"en-US\",\"potentialAction\":[{\"@type\":\"ReadAction\",\"target\":[\"https:\/\/www.visit-ulcinj.com\/blog\/2015\/04\/29\/kryetari-udsh-se-m-zenka-takohet-ambasadoren-e-shba-se\/\"]}]},{\"@type\":\"BreadcrumbList\",\"@id\":\"https:\/\/www.visit-ulcinj.com\/blog\/2015\/04\/29\/kryetari-udsh-se-m-zenka-takohet-ambasadoren-e-shba-se\/#breadcrumb\",\"itemListElement\":[{\"@type\":\"ListItem\",\"position\":1,\"name\":\"Kryetari i UDSH-s\u00eb M. Zenka takohet me Ambasadoren e SHBA-s\u00eb\"}]},{\"@type\":\"Person\",\"@id\":\"https:\/\/www.visit-ulcinj.com\/blog\/#\/schema\/person\/dcab619c614d3038751c63bc2aadc06d\",\"name\":\"ulqini\",\"sameAs\":[\"http:\/\/www.visit-ulcinj.com\"],\"url\":\"https:\/\/www.visit-ulcinj.com\/blog\/author\/admin\/\"}]}<\/script>\n<!-- \/ Yoast SEO plugin. -->","yoast_head_json":{"title":"Kryetari i UDSH-s\u00eb M. Zenka takohet me Ambasadoren e SHBA-s\u00eb - Lajme nga Ulqini","description":"T\u00eb m\u00ebrkur\u00ebn, n\u00eb selin\u00eb e Unionit Demokratik t\u00eb Shqiptar\u00ebve, kryetari i k\u00ebsaj parti Mehmed Zenka me bashk\u00ebpun\u00ebtor\u00eb prit\u00ebn Ambasadoren e Shteteve t\u00eb","robots":{"index":"index","follow":"follow","max-snippet":"max-snippet:-1","max-image-preview":"max-image-preview:large","max-video-preview":"max-video-preview:-1"},"canonical":"https:\/\/www.visit-ulcinj.com\/blog\/2015\/04\/29\/kryetari-udsh-se-m-zenka-takohet-ambasadoren-e-shba-se\/","og_locale":"en_US","og_type":"article","og_title":"Kryetari i UDSH-s\u00eb M. Zenka takohet me Ambasadoren e SHBA-s\u00eb - Lajme nga Ulqini","og_description":"T\u00eb m\u00ebrkur\u00ebn, n\u00eb selin\u00eb e Unionit Demokratik t\u00eb Shqiptar\u00ebve, kryetari i k\u00ebsaj parti Mehmed Zenka me bashk\u00ebpun\u00ebtor\u00eb prit\u00ebn Ambasadoren e Shteteve t\u00eb","og_url":"https:\/\/www.visit-ulcinj.com\/blog\/2015\/04\/29\/kryetari-udsh-se-m-zenka-takohet-ambasadoren-e-shba-se\/","og_site_name":"Lajme nga Ulqini","article_published_time":"2015-04-29T15:24:50+00:00","article_modified_time":"2015-04-30T12:52:56+00:00","twitter_misc":{"Written by":"ulqini","Est. reading time":"1 minute"},"schema":{"@context":"https:\/\/schema.org","@graph":[{"@type":"WebSite","@id":"https:\/\/www.visit-ulcinj.com\/blog\/#website","url":"https:\/\/www.visit-ulcinj.com\/blog\/","name":"Lajme nga Ulqini","description":"Lajme,Vijesti,Ulqini,Ulqin,Crna Gora,Mali i Zi","potentialAction":[{"@type":"SearchAction","target":{"@type":"EntryPoint","urlTemplate":"https:\/\/www.visit-ulcinj.com\/blog\/?s={search_term_string}"},"query-input":"required name=search_term_string"}],"inLanguage":"en-US"},{"@type":"WebPage","@id":"https:\/\/www.visit-ulcinj.com\/blog\/2015\/04\/29\/kryetari-udsh-se-m-zenka-takohet-ambasadoren-e-shba-se\/#webpage","url":"https:\/\/www.visit-ulcinj.com\/blog\/2015\/04\/29\/kryetari-udsh-se-m-zenka-takohet-ambasadoren-e-shba-se\/","name":"Kryetari i UDSH-s\u00eb M. Zenka takohet me Ambasadoren e SHBA-s\u00eb - Lajme nga Ulqini","isPartOf":{"@id":"https:\/\/www.visit-ulcinj.com\/blog\/#website"},"datePublished":"2015-04-29T15:24:50+00:00","dateModified":"2015-04-30T12:52:56+00:00","author":{"@id":"https:\/\/www.visit-ulcinj.com\/blog\/#\/schema\/person\/dcab619c614d3038751c63bc2aadc06d"},"description":"T\u00eb m\u00ebrkur\u00ebn, n\u00eb selin\u00eb e Unionit Demokratik t\u00eb Shqiptar\u00ebve, kryetari i k\u00ebsaj parti Mehmed Zenka me bashk\u00ebpun\u00ebtor\u00eb prit\u00ebn Ambasadoren e Shteteve t\u00eb","breadcrumb":{"@id":"https:\/\/www.visit-ulcinj.com\/blog\/2015\/04\/29\/kryetari-udsh-se-m-zenka-takohet-ambasadoren-e-shba-se\/#breadcrumb"},"inLanguage":"en-US","potentialAction":[{"@type":"ReadAction","target":["https:\/\/www.visit-ulcinj.com\/blog\/2015\/04\/29\/kryetari-udsh-se-m-zenka-takohet-ambasadoren-e-shba-se\/"]}]},{"@type":"BreadcrumbList","@id":"https:\/\/www.visit-ulcinj.com\/blog\/2015\/04\/29\/kryetari-udsh-se-m-zenka-takohet-ambasadoren-e-shba-se\/#breadcrumb","itemListElement":[{"@type":"ListItem","position":1,"name":"Kryetari i UDSH-s\u00eb M. Zenka takohet me Ambasadoren e SHBA-s\u00eb"}]},{"@type":"Person","@id":"https:\/\/www.visit-ulcinj.com\/blog\/#\/schema\/person\/dcab619c614d3038751c63bc2aadc06d","name":"ulqini","sameAs":["http:\/\/www.visit-ulcinj.com"],"url":"https:\/\/www.visit-ulcinj.com\/blog\/author\/admin\/"}]}},"jetpack_featured_media_url":"","jetpack_sharing_enabled":true,"jetpack_shortlink":"https:\/\/wp.me\/pe6lTn-nsW","_links":{"self":[{"href":"https:\/\/www.visit-ulcinj.com\/blog\/wp-json\/wp\/v2\/posts\/90206"}],"collection":[{"href":"https:\/\/www.visit-ulcinj.com\/blog\/wp-json\/wp\/v2\/posts"}],"about":[{"href":"https:\/\/www.visit-ulcinj.com\/blog\/wp-json\/wp\/v2\/types\/post"}],"author":[{"embeddable":true,"href":"https:\/\/www.visit-ulcinj.com\/blog\/wp-json\/wp\/v2\/users\/1"}],"replies":[{"embeddable":true,"href":"https:\/\/www.visit-ulcinj.com\/blog\/wp-json\/wp\/v2\/comments?post=90206"}],"version-history":[{"count":1,"href":"https:\/\/www.visit-ulcinj.com\/blog\/wp-json\/wp\/v2\/posts\/90206\/revisions"}],"predecessor-version":[{"id":90210,"href":"https:\/\/www.visit-ulcinj.com\/blog\/wp-json\/wp\/v2\/posts\/90206\/revisions\/90210"}],"wp:attachment":[{"href":"https:\/\/www.visit-ulcinj.com\/blog\/wp-json\/wp\/v2\/media?parent=90206"}],"wp:term":[{"taxonomy":"category","embeddable":true,"href":"https:\/\/www.visit-ulcinj.com\/blog\/wp-json\/wp\/v2\/categories?post=90206"},{"taxonomy":"post_tag","embeddable":true,"href":"https:\/\/www.visit-ulcinj.com\/blog\/wp-json\/wp\/v2\/tags?post=90206"}],"curies":[{"name":"wp","href":"https:\/\/api.w.org\/{rel}","templated":true}]}}