{"id":90212,"date":"2015-04-29T16:51:22","date_gmt":"2015-04-29T15:51:22","guid":{"rendered":"http:\/\/www.visit-ulcinj.com\/blog\/?p=90212"},"modified":"2015-04-29T16:51:22","modified_gmt":"2015-04-29T15:51:22","slug":"problematicna-turisticka-sezona-u-crnu-goru","status":"publish","type":"post","link":"https:\/\/www.visit-ulcinj.com\/blog\/2015\/04\/29\/problematicna-turisticka-sezona-u-crnu-goru\/","title":{"rendered":"Problemati\u010dna turisti\u010dka sezona u Crnu Goru"},"content":{"rendered":"<p><a href=\"http:\/\/www.visit-ulcinj.com\/blog\/wp-content\/uploads\/2014\/07\/Coco-Beach-Ulcinj.jpg\"><img loading=\"lazy\" class=\"alignleft wp-image-83881\" src=\"http:\/\/www.visit-ulcinj.com\/blog\/wp-content\/uploads\/2014\/07\/Coco-Beach-Ulcinj.jpg\" alt=\"Coco-Beach-Ulcinj\" width=\"508\" height=\"339\" srcset=\"https:\/\/www.visit-ulcinj.com\/blog\/wp-content\/uploads\/2014\/07\/Coco-Beach-Ulcinj.jpg 960w, https:\/\/www.visit-ulcinj.com\/blog\/wp-content\/uploads\/2014\/07\/Coco-Beach-Ulcinj-300x200.jpg 300w\" sizes=\"(max-width: 508px) 100vw, 508px\" \/><\/a>Prvi gosti iz inostranstva su stigli na crnogorsku obalu protekle sedmice, pripreme za novu ljetnu sezonu su uveliko u toku, cijene usluga \u0107e biti ni\u017ee za 30 odsto, ali prema najavama turisti\u010dkih stru\u010dnjaka i radnika, ova sezona \u0107e biti &#8220;problemati\u010dna&#8221;, uz zna\u010dajno manji broj ruskih turista, koji su popunjavali vi\u0161e od polovine smje\u0161tajnih kapaciteta u Crnoj Gori<\/p>\n<div class=\"body-text\">\n<p>Iako turisti iz zemalja regiona posljednjih godina sve vi\u0161e odlaze na ljetovanje u Tursku i Gr\u010dku, <strong>Dragan Purko Ivan\u010devi\u0107<\/strong>, predsjednik odbora za turizam Privredne komore Crne Gore, isti\u010de da \u0107e se crnogorski turisti\u010dki radnici itekako boriti da turiste iz Srbije, Bosne i Hercegovine, Makedonije, Albanije, Kosova i drugih zemalja regije dovedu na ljetovanje u Crnu Goru.<\/p>\n<p>&#8220;Crnogorska turisti\u010dka ponuda se mora boriti za sve goste, za sva tr\u017ei\u0161ta. Tr\u017ei\u0161te regiona je veoma interesantno, ali turisti\u010dki radnici Crne Gore moraju kona\u010dno da shvate da niko vi\u0161e ne\u0107e do\u0107i na ljetovanje u Crnu Goru zato \u0161to voli Crnu Goru. Moramo se za to tr\u017ei\u0161te boriti jedinim mogu\u0107im na\u010dinom, a to je da za najbolju cijenu obezbijedimo najkvalitetnije ljetovanje i tako pobijedimo na\u0161u konkurenciju&#8221;, istakao je Ivan\u010devi\u0107.<\/p>\n<p>Kako je naglasio, za tr\u017ei\u0161te regiona se uvijek moramo boriti.<\/p>\n<p>&#8220;Ono je jako interesantno i uvijek \u0107e imati jaku ulogu u turisti\u010dkoj ponudi Crne Gore. Za to tr\u017ei\u0161te se moramo boriti cijenom i kvalitetom, a ne nikakvim emocijama i nu\u0111enjem bratskog turizma&#8221;, ka\u017ee Ivan\u010devi\u0107 za agenciju Anadolija.<\/p>\n<p>Osim tr\u017ei\u0161ta regiona, fokus crnogorskih turisti\u010dkih uposlenika bi\u0107e zemlje Zapadne Evrope, kao i dr\u017eave Skandinavije. Turista iz Rusije bi\u0107e manje nego prethodnih godina.<\/p>\n<p>&#8220;Tr\u017ei\u0161ta sa kojih je jedino mogu\u0107e planirati \u0161estomjese\u010dnu sezonu jesu tr\u017ei\u0161ta Zapadne Evrope, Britanije i Skandinavije. Orijentacija vra\u0107anja turista sa ovih podru\u010dja je permanentan proces. I ove godine o\u010dekujemo ve\u0107i broj turista sa tih destinacija, ali uz vrlo reduciranu cjenovnu politiku, jer smo cijene spustili za 30 odsto, \u0161to nam ne garantuje dobar finansijski rezultat&#8221;, isti\u010de Ivan\u010devi\u0107.<\/p>\n<p>Gubljenje ruskog tr\u017ei\u0161ta, koje je u crnogorskim hotelima u srcu sezone, prema rije\u010dima Ivan\u010devi\u0107a popunjavalo izme\u0111u 55 i 60 odsto kapaciteta je nenadoknadivo.<\/p>\n<p>&#8220;Sezona \u0107e biti jako problemati\u010dna sa svih aspekata, ali mi nemamo alternativu. Mi \u0107emo se truditi da se vratimo na ta tr\u017ei\u0161ta, ali da bi se vratili, postoje odre\u0111eni problemi. Prije svega, mi nemamo dovoljno hotelskih kapaciteta koji bi mogli da pokrenu velike evropske tur-operatore&#8221;, rekao je Ivan\u010devi\u0107.<\/p>\n<p>Dodaje da je avio dostupnost Crne Gore i dalje veliki problem.<\/p>\n<p>&#8220;A tako\u0111e je i problem kvalitet na\u0161e destinacije. Jo\u0161 uvijek je na\u0161a destinacija nepripremljena za taj kvalitet koji od nas o\u010dekuje zapadnoevropsko tr\u017ei\u0161te&#8221;, ka\u017ee Ivan\u010devi\u0107.<\/p>\n<p>Prekid fudbalskog me\u010da izme\u0111u Crne Gore i Rusije, na kome je golman reprezentacije Rusije pogo\u0111en bakljom u glavu, propra\u0107en \u00a0je \u0161irom svijeta. Iako se u javnosti stvorila ru\u017ena slika o Crnoj Gori nakon ovog me\u010da, Ivan\u010devi\u0107 ne o\u010dekuje da bi to moglo uru\u0161iti turisti\u010dki imid\u017e Crne Gore.<\/p>\n<p>&#8220;Desio se taj nesre\u0107an slu\u010daj, sva sportska javnost zbog toga \u017eali. Mislim da taj doga\u0111aj ne\u0107e uru\u0161iti turisti\u010dki imid\u017e Crne Gore. Fudbal se igra na svim kontinentima i svugdje se de\u0161avaju incidenti&#8221;, isti\u010de Ivan\u010devi\u0107.<\/p>\n<p>Manje gostiju iz Rusije tokom ove sezone ne\u0107e biti jedini problem za turisti\u010dke poslenike u Crnoj Gori. Po\u010detkom aprila, na snagu je stupio novi Zakon o zapo\u0161ljavanju stranaca, koji stimuli\u0161e poslodavce da zaposle doma\u0107i kadar. Poslodavci \u0107e mo\u0107i da zaposle stranca samo pod uslovom da na evidenciji Zavoda za zapo\u0161ljavanje nema nezaposlenih lica koja ispunjavju uslove za zasnivanje radnog odnosa na tra\u017eenim poslovima ili je lice sa evidencije Zavoda odbilo zasnivanje radnog odnosa na tim poslovima.<\/p>\n<p>Ova odredba ve\u0107 je izazvala negativne reakcije poslodavaca, prete\u017eno iz sfere ugostiteljstva i turizma. Jedan od razloga za negodovanje je i \u010dinjenica da me\u0111u doma\u0107om radnom snagom nema dovoljno stru\u010dnog, iskusnog i kvalitetnog kadra. Stoga su ugostitelji na crnogorskom primorju tradicionalno upo\u0161ljavali radnike iz susjednih zemalja.<\/p>\n<p>&#8220;Zakon je nastao na na\u010din da niko iz turizma nije bio uklju\u010den u njegovu izradu. Zakon koji je sada done\u0161en je jedna norma koja je pretr\u010dala \u017eivot. U ovom momentu, crnogorski turisti\u010dki radnici nisu krivi za\u0161to je \u0161kolski sistem u Crnoj Gori takav, da ne proizvodi kadrove koji nakon zavr\u0161ene \u0161kole mogu biti upotrebljivi za obavljanje poslova koji su zanatske prirode, za koje trebaju najve\u0107e vje\u0161tine koje se sti\u010du treningom, koje se u\u010de godinama. Oni nisu spremni da nadomjeste onaj broj ljudi koji su do sada anga\u017eovani iz drugih zemalja&#8221;, rekao je Ivan\u010devi\u0107.<\/p>\n<p>Prema njegovim rije\u010dima, taj zakon, ne mo\u017ee obezbijediti kvalitet u hotelima, u restoranima, u agencijama, za sve one kadrove koje Crna Gora nema.<\/p>\n<p>&#8220;Mo\u017eda na biro rada imamo kadrove koji su zavr\u0161ili \u0161kolu, ali su nepripremljeni da u kratkom vremenskom roku preuzmu zadatke za koje su potrebne vje\u0161tine i znanja koja se sti\u010du godinama u praksi&#8221;, kazao je Ivan\u010devi\u0107.<\/p>\n<p><strong>Izvor: CDM<\/strong><\/p>\n<\/div>\n","protected":false},"excerpt":{"rendered":"<p>Prvi gosti iz inostranstva su stigli na crnogorsku obalu protekle sedmice, pripreme za novu ljetnu sezonu su uveliko u toku, cijene usluga \u0107e biti ni\u017ee za 30 odsto, ali prema najavama turisti\u010dkih stru\u010dnjaka i radnika, ova sezona \u0107e biti &#8220;problemati\u010dna&#8221;, uz zna\u010dajno manji broj ruskih turista, koji su popunjavali vi\u0161e od polovine smje\u0161tajnih kapaciteta u [&hellip;]<\/p>\n","protected":false},"author":1,"featured_media":0,"comment_status":"closed","ping_status":"closed","sticky":false,"template":"","format":"standard","meta":{"spay_email":"","jetpack_publicize_message":"","jetpack_is_tweetstorm":false,"jetpack_publicize_feature_enabled":true},"categories":[8337],"tags":[],"jetpack_publicize_connections":[],"yoast_head":"<!-- This site is optimized with the Yoast SEO plugin v19.1 - https:\/\/yoast.com\/wordpress\/plugins\/seo\/ -->\n<title>Problemati\u010dna turisti\u010dka sezona u Crnu Goru - Lajme nga Ulqini<\/title>\n<meta name=\"description\" content=\"Prvi gosti iz inostranstva su stigli na crnogorsku obalu protekle sedmice, pripreme za novu ljetnu sezonu su uveliko u toku, cijene usluga \u0107e biti ni\u017ee za\" \/>\n<meta name=\"robots\" content=\"index, follow, max-snippet:-1, max-image-preview:large, max-video-preview:-1\" \/>\n<link rel=\"canonical\" href=\"https:\/\/www.visit-ulcinj.com\/blog\/2015\/04\/29\/problematicna-turisticka-sezona-u-crnu-goru\/\" \/>\n<meta property=\"og:locale\" content=\"en_US\" \/>\n<meta property=\"og:type\" content=\"article\" \/>\n<meta property=\"og:title\" content=\"Problemati\u010dna turisti\u010dka sezona u Crnu Goru - Lajme nga Ulqini\" \/>\n<meta property=\"og:description\" content=\"Prvi gosti iz inostranstva su stigli na crnogorsku obalu protekle sedmice, pripreme za novu ljetnu sezonu su uveliko u toku, cijene usluga \u0107e biti ni\u017ee za\" \/>\n<meta property=\"og:url\" content=\"https:\/\/www.visit-ulcinj.com\/blog\/2015\/04\/29\/problematicna-turisticka-sezona-u-crnu-goru\/\" \/>\n<meta property=\"og:site_name\" content=\"Lajme nga Ulqini\" \/>\n<meta property=\"article:published_time\" content=\"2015-04-29T15:51:22+00:00\" \/>\n<meta property=\"og:image\" content=\"http:\/\/www.visit-ulcinj.com\/blog\/wp-content\/uploads\/2014\/07\/Coco-Beach-Ulcinj.jpg\" \/>\n<meta name=\"twitter:label1\" content=\"Written by\" \/>\n\t<meta name=\"twitter:data1\" content=\"ulqini\" \/>\n\t<meta name=\"twitter:label2\" content=\"Est. reading time\" \/>\n\t<meta name=\"twitter:data2\" content=\"4 minutes\" \/>\n<script type=\"application\/ld+json\" class=\"yoast-schema-graph\">{\"@context\":\"https:\/\/schema.org\",\"@graph\":[{\"@type\":\"WebSite\",\"@id\":\"https:\/\/www.visit-ulcinj.com\/blog\/#website\",\"url\":\"https:\/\/www.visit-ulcinj.com\/blog\/\",\"name\":\"Lajme nga Ulqini\",\"description\":\"Lajme,Vijesti,Ulqini,Ulqin,Crna Gora,Mali i Zi\",\"potentialAction\":[{\"@type\":\"SearchAction\",\"target\":{\"@type\":\"EntryPoint\",\"urlTemplate\":\"https:\/\/www.visit-ulcinj.com\/blog\/?s={search_term_string}\"},\"query-input\":\"required name=search_term_string\"}],\"inLanguage\":\"en-US\"},{\"@type\":\"ImageObject\",\"inLanguage\":\"en-US\",\"@id\":\"https:\/\/www.visit-ulcinj.com\/blog\/2015\/04\/29\/problematicna-turisticka-sezona-u-crnu-goru\/#primaryimage\",\"url\":\"https:\/\/www.visit-ulcinj.com\/blog\/wp-content\/uploads\/2014\/07\/Coco-Beach-Ulcinj.jpg\",\"contentUrl\":\"https:\/\/www.visit-ulcinj.com\/blog\/wp-content\/uploads\/2014\/07\/Coco-Beach-Ulcinj.jpg\",\"width\":960,\"height\":640},{\"@type\":\"WebPage\",\"@id\":\"https:\/\/www.visit-ulcinj.com\/blog\/2015\/04\/29\/problematicna-turisticka-sezona-u-crnu-goru\/#webpage\",\"url\":\"https:\/\/www.visit-ulcinj.com\/blog\/2015\/04\/29\/problematicna-turisticka-sezona-u-crnu-goru\/\",\"name\":\"Problemati\u010dna turisti\u010dka sezona u Crnu Goru - Lajme nga Ulqini\",\"isPartOf\":{\"@id\":\"https:\/\/www.visit-ulcinj.com\/blog\/#website\"},\"primaryImageOfPage\":{\"@id\":\"https:\/\/www.visit-ulcinj.com\/blog\/2015\/04\/29\/problematicna-turisticka-sezona-u-crnu-goru\/#primaryimage\"},\"datePublished\":\"2015-04-29T15:51:22+00:00\",\"dateModified\":\"2015-04-29T15:51:22+00:00\",\"author\":{\"@id\":\"https:\/\/www.visit-ulcinj.com\/blog\/#\/schema\/person\/dcab619c614d3038751c63bc2aadc06d\"},\"description\":\"Prvi gosti iz inostranstva su stigli na crnogorsku obalu protekle sedmice, pripreme za novu ljetnu sezonu su uveliko u toku, cijene usluga \u0107e biti ni\u017ee za\",\"breadcrumb\":{\"@id\":\"https:\/\/www.visit-ulcinj.com\/blog\/2015\/04\/29\/problematicna-turisticka-sezona-u-crnu-goru\/#breadcrumb\"},\"inLanguage\":\"en-US\",\"potentialAction\":[{\"@type\":\"ReadAction\",\"target\":[\"https:\/\/www.visit-ulcinj.com\/blog\/2015\/04\/29\/problematicna-turisticka-sezona-u-crnu-goru\/\"]}]},{\"@type\":\"BreadcrumbList\",\"@id\":\"https:\/\/www.visit-ulcinj.com\/blog\/2015\/04\/29\/problematicna-turisticka-sezona-u-crnu-goru\/#breadcrumb\",\"itemListElement\":[{\"@type\":\"ListItem\",\"position\":1,\"name\":\"Problemati\u010dna turisti\u010dka sezona u Crnu Goru\"}]},{\"@type\":\"Person\",\"@id\":\"https:\/\/www.visit-ulcinj.com\/blog\/#\/schema\/person\/dcab619c614d3038751c63bc2aadc06d\",\"name\":\"ulqini\",\"sameAs\":[\"http:\/\/www.visit-ulcinj.com\"],\"url\":\"https:\/\/www.visit-ulcinj.com\/blog\/author\/admin\/\"}]}<\/script>\n<!-- \/ Yoast SEO plugin. -->","yoast_head_json":{"title":"Problemati\u010dna turisti\u010dka sezona u Crnu Goru - Lajme nga Ulqini","description":"Prvi gosti iz inostranstva su stigli na crnogorsku obalu protekle sedmice, pripreme za novu ljetnu sezonu su uveliko u toku, cijene usluga \u0107e biti ni\u017ee za","robots":{"index":"index","follow":"follow","max-snippet":"max-snippet:-1","max-image-preview":"max-image-preview:large","max-video-preview":"max-video-preview:-1"},"canonical":"https:\/\/www.visit-ulcinj.com\/blog\/2015\/04\/29\/problematicna-turisticka-sezona-u-crnu-goru\/","og_locale":"en_US","og_type":"article","og_title":"Problemati\u010dna turisti\u010dka sezona u Crnu Goru - Lajme nga Ulqini","og_description":"Prvi gosti iz inostranstva su stigli na crnogorsku obalu protekle sedmice, pripreme za novu ljetnu sezonu su uveliko u toku, cijene usluga \u0107e biti ni\u017ee za","og_url":"https:\/\/www.visit-ulcinj.com\/blog\/2015\/04\/29\/problematicna-turisticka-sezona-u-crnu-goru\/","og_site_name":"Lajme nga Ulqini","article_published_time":"2015-04-29T15:51:22+00:00","og_image":[{"url":"http:\/\/www.visit-ulcinj.com\/blog\/wp-content\/uploads\/2014\/07\/Coco-Beach-Ulcinj.jpg"}],"twitter_misc":{"Written by":"ulqini","Est. reading time":"4 minutes"},"schema":{"@context":"https:\/\/schema.org","@graph":[{"@type":"WebSite","@id":"https:\/\/www.visit-ulcinj.com\/blog\/#website","url":"https:\/\/www.visit-ulcinj.com\/blog\/","name":"Lajme nga Ulqini","description":"Lajme,Vijesti,Ulqini,Ulqin,Crna Gora,Mali i Zi","potentialAction":[{"@type":"SearchAction","target":{"@type":"EntryPoint","urlTemplate":"https:\/\/www.visit-ulcinj.com\/blog\/?s={search_term_string}"},"query-input":"required name=search_term_string"}],"inLanguage":"en-US"},{"@type":"ImageObject","inLanguage":"en-US","@id":"https:\/\/www.visit-ulcinj.com\/blog\/2015\/04\/29\/problematicna-turisticka-sezona-u-crnu-goru\/#primaryimage","url":"https:\/\/www.visit-ulcinj.com\/blog\/wp-content\/uploads\/2014\/07\/Coco-Beach-Ulcinj.jpg","contentUrl":"https:\/\/www.visit-ulcinj.com\/blog\/wp-content\/uploads\/2014\/07\/Coco-Beach-Ulcinj.jpg","width":960,"height":640},{"@type":"WebPage","@id":"https:\/\/www.visit-ulcinj.com\/blog\/2015\/04\/29\/problematicna-turisticka-sezona-u-crnu-goru\/#webpage","url":"https:\/\/www.visit-ulcinj.com\/blog\/2015\/04\/29\/problematicna-turisticka-sezona-u-crnu-goru\/","name":"Problemati\u010dna turisti\u010dka sezona u Crnu Goru - Lajme nga Ulqini","isPartOf":{"@id":"https:\/\/www.visit-ulcinj.com\/blog\/#website"},"primaryImageOfPage":{"@id":"https:\/\/www.visit-ulcinj.com\/blog\/2015\/04\/29\/problematicna-turisticka-sezona-u-crnu-goru\/#primaryimage"},"datePublished":"2015-04-29T15:51:22+00:00","dateModified":"2015-04-29T15:51:22+00:00","author":{"@id":"https:\/\/www.visit-ulcinj.com\/blog\/#\/schema\/person\/dcab619c614d3038751c63bc2aadc06d"},"description":"Prvi gosti iz inostranstva su stigli na crnogorsku obalu protekle sedmice, pripreme za novu ljetnu sezonu su uveliko u toku, cijene usluga \u0107e biti ni\u017ee za","breadcrumb":{"@id":"https:\/\/www.visit-ulcinj.com\/blog\/2015\/04\/29\/problematicna-turisticka-sezona-u-crnu-goru\/#breadcrumb"},"inLanguage":"en-US","potentialAction":[{"@type":"ReadAction","target":["https:\/\/www.visit-ulcinj.com\/blog\/2015\/04\/29\/problematicna-turisticka-sezona-u-crnu-goru\/"]}]},{"@type":"BreadcrumbList","@id":"https:\/\/www.visit-ulcinj.com\/blog\/2015\/04\/29\/problematicna-turisticka-sezona-u-crnu-goru\/#breadcrumb","itemListElement":[{"@type":"ListItem","position":1,"name":"Problemati\u010dna turisti\u010dka sezona u Crnu Goru"}]},{"@type":"Person","@id":"https:\/\/www.visit-ulcinj.com\/blog\/#\/schema\/person\/dcab619c614d3038751c63bc2aadc06d","name":"ulqini","sameAs":["http:\/\/www.visit-ulcinj.com"],"url":"https:\/\/www.visit-ulcinj.com\/blog\/author\/admin\/"}]}},"jetpack_featured_media_url":"","jetpack_sharing_enabled":true,"jetpack_shortlink":"https:\/\/wp.me\/pe6lTn-nt2","_links":{"self":[{"href":"https:\/\/www.visit-ulcinj.com\/blog\/wp-json\/wp\/v2\/posts\/90212"}],"collection":[{"href":"https:\/\/www.visit-ulcinj.com\/blog\/wp-json\/wp\/v2\/posts"}],"about":[{"href":"https:\/\/www.visit-ulcinj.com\/blog\/wp-json\/wp\/v2\/types\/post"}],"author":[{"embeddable":true,"href":"https:\/\/www.visit-ulcinj.com\/blog\/wp-json\/wp\/v2\/users\/1"}],"replies":[{"embeddable":true,"href":"https:\/\/www.visit-ulcinj.com\/blog\/wp-json\/wp\/v2\/comments?post=90212"}],"version-history":[{"count":1,"href":"https:\/\/www.visit-ulcinj.com\/blog\/wp-json\/wp\/v2\/posts\/90212\/revisions"}],"predecessor-version":[{"id":90213,"href":"https:\/\/www.visit-ulcinj.com\/blog\/wp-json\/wp\/v2\/posts\/90212\/revisions\/90213"}],"wp:attachment":[{"href":"https:\/\/www.visit-ulcinj.com\/blog\/wp-json\/wp\/v2\/media?parent=90212"}],"wp:term":[{"taxonomy":"category","embeddable":true,"href":"https:\/\/www.visit-ulcinj.com\/blog\/wp-json\/wp\/v2\/categories?post=90212"},{"taxonomy":"post_tag","embeddable":true,"href":"https:\/\/www.visit-ulcinj.com\/blog\/wp-json\/wp\/v2\/tags?post=90212"}],"curies":[{"name":"wp","href":"https:\/\/api.w.org\/{rel}","templated":true}]}}