{"id":90214,"date":"2015-04-29T17:15:14","date_gmt":"2015-04-29T16:15:14","guid":{"rendered":"http:\/\/www.visit-ulcinj.com\/blog\/?p=90214"},"modified":"2015-04-29T17:15:14","modified_gmt":"2015-04-29T16:15:14","slug":"s-ganic-reagovanje-na-izjavu-vlasnika-tv-teuta-necka-ljajke","status":"publish","type":"post","link":"https:\/\/www.visit-ulcinj.com\/blog\/2015\/04\/29\/s-ganic-reagovanje-na-izjavu-vlasnika-tv-teuta-necka-ljajke\/","title":{"rendered":"S. Ganic: Reagovanje na izjavu vlasnika TV Teuta Ne\u010dka Ljajke"},"content":{"rendered":"<p><a href=\"http:\/\/www.visit-ulcinj.com\/blog\/wp-content\/uploads\/2015\/04\/Filluan-me-mua-nga-Sejdo-Ismaili.jpg\"><img loading=\"lazy\" class=\"alignleft wp-image-90117\" src=\"http:\/\/www.visit-ulcinj.com\/blog\/wp-content\/uploads\/2015\/04\/Filluan-me-mua-nga-Sejdo-Ismaili.jpg\" alt=\"Filluan me mua nga Sejdo Ismaili\" width=\"508\" height=\"253\" srcset=\"https:\/\/www.visit-ulcinj.com\/blog\/wp-content\/uploads\/2015\/04\/Filluan-me-mua-nga-Sejdo-Ismaili.jpg 960w, https:\/\/www.visit-ulcinj.com\/blog\/wp-content\/uploads\/2015\/04\/Filluan-me-mua-nga-Sejdo-Ismaili-300x149.jpg 300w\" sizes=\"(max-width: 508px) 100vw, 508px\" \/><\/a>Reagovanje na izjavu vlasnika TV Teuta Ne\u010dka Ljajke u tekstu \u201eNe\u010dku trebaju politi\u010dki podobni\u201c, u Vijestima:<br \/>\nLo\u0161a ti je odbrana, vlasni\u010de televizije Teuta, Ne\u010dko Ljajka. \u010cak se ni osvrnuo nisi na optu\u017ebe biv\u0161ih ti radnika. Govori\u0161 o planiranoj destabilizaciji funkcionisanja TV Teuta, zarad funkcionisanja drugih medija i interesnih grupa ? Kojih medija, nepostoje\u0107ih? Kojih interesnih grupa? Nijesu svi partijski obojeni, ne mjerite druge svojim metrom, Ljajka! Ako ste partijski upu\u0107eni , jer je op\u0161te poznato da ste u prvim redovima FORCE, posebno direktorka i glavna urednica televizije Ilmira Lika, u sigurno otvaranje konkurentskog medija, mi nijesmo. Ako je pritisak koji je vr\u0161en na sve nas, godinu unazad, posljedica va\u0161e panike i straha od konkurencije i istine, lo\u0161i ste igra\u010di. Va\u0161e izjave su smije\u0161ne. Da li je Sejdo Ismaili oti\u0161ao prije godinu da obezbijedi sebi rukovode\u0107e mjesto, u mediju koji ni danas ne postoji. I budite konkretni, jer ne znamo na koji medij mislite. Gospodine Ljajka, govorite o na\u0161em poku\u0161aju da naru\u0161imo ugled TVT. Ugled ove ku\u0107e ste naru\u0161ili vi, svojim dolaskom ! Svojim pritiscima, ga\u0161enjem svih emisija. Svjedok tome je ulcinjska javnost. Ka\u017eete jo\u0161 , da neistinite navode nas, biv\u0161ih radnika, kontroli\u0161u inspekcijski organi ? Pa, Ljajka i Lika, ekipo snova, zar ne potpisaste \u201eju\u010de\u201c nove ugovore o radu sa radnicima, koje ste bili u obavezi da potpi\u0161ete pet dana nakon preuzimanja televizije od biv\u0161eg vlasnika. Vi to u\u010diniste ju\u010de. I to nakon posjete Inspekcije rada. Toliko o neistinitim navodima. \u010cak i sporazumni otkazi koji su potpisali Ilirijana Marka\u0161i, Sejdo Ismaili i Gezim Ibro\u010di, nijesu pravno valjani. Jer oni nikada na papiru nijesu ni bili va\u0161i radnici. Ugovore o radu nijesu potpisali sa vama.Nijesu jo\u0161 ni Suzana Gani\u0107 i Arijana Kurmemovi\u0107, dodu\u0161e, dobile su poziv, ali kako su na bolovanju, nijesu u prilici bile da do\u0111u i zvani\u010dno, nakon skoro godinu i po, postanu va\u0161i radnici. Njihovi otkazi \u0107e bar bit pravno valjani. Uz otpremninu, svakako. Ima posla inspekcija jo\u0161 tu. Vjerujemo u pravni sistem i zarad na\u0161ih kolega, koji su i danas u Teuti, mi njima \u017eelimo samo dobro. A kad su vam ve\u0107 usta puna, regularnog i zakonskog rada, da vas pitamo: \u201e Sje\u0107ate li se Samira Ismailija i Aladina Vukovi\u0107a? Je li istina, vlasni\u010de , da su otkaze dobili kad su tra\u017eili da ih osigurate. Je li istina da su protjerani, kad im je bilo dosta rada na crno?\u201c Ili su i ovo la\u017ene optu\u017ebe, zarad obezbje\u0111ivanja funkcionisanja nepostoje\u0107ih medija? Pri\u010date o digitalizaciji i sa zadovoljstvom informi\u0161ete javnost da na vrijeme izmirujete sve obaveze. Iskreno, voljeli bi da je tako. Mi sa \u017ealjenjem moramo da vas podsjetimo , i informi\u0161emo javnost, objektivno i ta\u010dno, kako nam profesija nala\u017ee,da doprinose nijeste uplatili devet mjeseci! Da budemo precizniji, \u0161est mjeseci u 2014. I tri mjeseca 2015. godine. Toliko o va\u0161em uspjehu u te\u0161kim trenucima i redovnim isplatama. A, znate li Ljajka i Lika, da ne dadoste ni danas martovske plate. Eto ga maj za dva dana. Dugujete dvije. Kako ih ispla\u0107ujete i upla\u0107ujete, vi najbolje znate. Sigurno u skladu sa zakonom! Va\u0161e izjave su su ogledalo va\u0161eg doimanja istine!<\/p>\n<p><strong>Izvor: <span class=\"fcg\"><span class=\"fwb\"><a id=\"js_i\" class=\"profileLink\" href=\"https:\/\/www.facebook.com\/suzana.ganic.1\" data-ft=\"{&quot;tn&quot;:&quot;l&quot;}\" data-hovercard=\"\/ajax\/hovercard\/user.php?id=100002096609072\">Suzana Ganic Facebook<\/a><\/span> <\/span><\/strong><\/p>\n","protected":false},"excerpt":{"rendered":"<p>Reagovanje na izjavu vlasnika TV Teuta Ne\u010dka Ljajke u tekstu \u201eNe\u010dku trebaju politi\u010dki podobni\u201c, u Vijestima: Lo\u0161a ti je odbrana, vlasni\u010de televizije Teuta, Ne\u010dko Ljajka. \u010cak se ni osvrnuo nisi na optu\u017ebe biv\u0161ih ti radnika. Govori\u0161 o planiranoj destabilizaciji funkcionisanja TV Teuta, zarad funkcionisanja drugih medija i interesnih grupa ? Kojih medija, nepostoje\u0107ih? Kojih interesnih [&hellip;]<\/p>\n","protected":false},"author":1,"featured_media":0,"comment_status":"closed","ping_status":"closed","sticky":false,"template":"","format":"standard","meta":{"spay_email":"","jetpack_publicize_message":"","jetpack_is_tweetstorm":false,"jetpack_publicize_feature_enabled":true},"categories":[8337],"tags":[],"jetpack_publicize_connections":[],"yoast_head":"<!-- This site is optimized with the Yoast SEO plugin v19.1 - https:\/\/yoast.com\/wordpress\/plugins\/seo\/ -->\n<title>S. Ganic: Reagovanje na izjavu vlasnika TV Teuta Ne\u010dka Ljajke - Lajme nga Ulqini<\/title>\n<meta name=\"description\" content=\"Reagovanje na izjavu vlasnika TV Teuta Ne\u010dka Ljajke u tekstu \u201eNe\u010dku trebaju politi\u010dki podobni\u201c, u Vijestima: Lo\u0161a ti je odbrana, vlasni\u010de televizije\" \/>\n<meta name=\"robots\" content=\"index, follow, max-snippet:-1, max-image-preview:large, max-video-preview:-1\" \/>\n<link rel=\"canonical\" href=\"https:\/\/www.visit-ulcinj.com\/blog\/2015\/04\/29\/s-ganic-reagovanje-na-izjavu-vlasnika-tv-teuta-necka-ljajke\/\" \/>\n<meta property=\"og:locale\" content=\"en_US\" \/>\n<meta property=\"og:type\" content=\"article\" \/>\n<meta property=\"og:title\" content=\"S. Ganic: Reagovanje na izjavu vlasnika TV Teuta Ne\u010dka Ljajke - Lajme nga Ulqini\" \/>\n<meta property=\"og:description\" content=\"Reagovanje na izjavu vlasnika TV Teuta Ne\u010dka Ljajke u tekstu \u201eNe\u010dku trebaju politi\u010dki podobni\u201c, u Vijestima: Lo\u0161a ti je odbrana, vlasni\u010de televizije\" \/>\n<meta property=\"og:url\" content=\"https:\/\/www.visit-ulcinj.com\/blog\/2015\/04\/29\/s-ganic-reagovanje-na-izjavu-vlasnika-tv-teuta-necka-ljajke\/\" \/>\n<meta property=\"og:site_name\" content=\"Lajme nga Ulqini\" \/>\n<meta property=\"article:published_time\" content=\"2015-04-29T16:15:14+00:00\" \/>\n<meta property=\"og:image\" content=\"http:\/\/www.visit-ulcinj.com\/blog\/wp-content\/uploads\/2015\/04\/Filluan-me-mua-nga-Sejdo-Ismaili.jpg\" \/>\n<meta name=\"twitter:label1\" content=\"Written by\" \/>\n\t<meta name=\"twitter:data1\" content=\"ulqini\" \/>\n\t<meta name=\"twitter:label2\" content=\"Est. reading time\" \/>\n\t<meta name=\"twitter:data2\" content=\"3 minutes\" \/>\n<script type=\"application\/ld+json\" class=\"yoast-schema-graph\">{\"@context\":\"https:\/\/schema.org\",\"@graph\":[{\"@type\":\"WebSite\",\"@id\":\"https:\/\/www.visit-ulcinj.com\/blog\/#website\",\"url\":\"https:\/\/www.visit-ulcinj.com\/blog\/\",\"name\":\"Lajme nga Ulqini\",\"description\":\"Lajme,Vijesti,Ulqini,Ulqin,Crna Gora,Mali i Zi\",\"potentialAction\":[{\"@type\":\"SearchAction\",\"target\":{\"@type\":\"EntryPoint\",\"urlTemplate\":\"https:\/\/www.visit-ulcinj.com\/blog\/?s={search_term_string}\"},\"query-input\":\"required name=search_term_string\"}],\"inLanguage\":\"en-US\"},{\"@type\":\"ImageObject\",\"inLanguage\":\"en-US\",\"@id\":\"https:\/\/www.visit-ulcinj.com\/blog\/2015\/04\/29\/s-ganic-reagovanje-na-izjavu-vlasnika-tv-teuta-necka-ljajke\/#primaryimage\",\"url\":\"https:\/\/www.visit-ulcinj.com\/blog\/wp-content\/uploads\/2015\/04\/Filluan-me-mua-nga-Sejdo-Ismaili.jpg\",\"contentUrl\":\"https:\/\/www.visit-ulcinj.com\/blog\/wp-content\/uploads\/2015\/04\/Filluan-me-mua-nga-Sejdo-Ismaili.jpg\",\"width\":960,\"height\":478},{\"@type\":\"WebPage\",\"@id\":\"https:\/\/www.visit-ulcinj.com\/blog\/2015\/04\/29\/s-ganic-reagovanje-na-izjavu-vlasnika-tv-teuta-necka-ljajke\/#webpage\",\"url\":\"https:\/\/www.visit-ulcinj.com\/blog\/2015\/04\/29\/s-ganic-reagovanje-na-izjavu-vlasnika-tv-teuta-necka-ljajke\/\",\"name\":\"S. Ganic: Reagovanje na izjavu vlasnika TV Teuta Ne\u010dka Ljajke - Lajme nga Ulqini\",\"isPartOf\":{\"@id\":\"https:\/\/www.visit-ulcinj.com\/blog\/#website\"},\"primaryImageOfPage\":{\"@id\":\"https:\/\/www.visit-ulcinj.com\/blog\/2015\/04\/29\/s-ganic-reagovanje-na-izjavu-vlasnika-tv-teuta-necka-ljajke\/#primaryimage\"},\"datePublished\":\"2015-04-29T16:15:14+00:00\",\"dateModified\":\"2015-04-29T16:15:14+00:00\",\"author\":{\"@id\":\"https:\/\/www.visit-ulcinj.com\/blog\/#\/schema\/person\/dcab619c614d3038751c63bc2aadc06d\"},\"description\":\"Reagovanje na izjavu vlasnika TV Teuta Ne\u010dka Ljajke u tekstu \u201eNe\u010dku trebaju politi\u010dki podobni\u201c, u Vijestima: Lo\u0161a ti je odbrana, vlasni\u010de televizije\",\"breadcrumb\":{\"@id\":\"https:\/\/www.visit-ulcinj.com\/blog\/2015\/04\/29\/s-ganic-reagovanje-na-izjavu-vlasnika-tv-teuta-necka-ljajke\/#breadcrumb\"},\"inLanguage\":\"en-US\",\"potentialAction\":[{\"@type\":\"ReadAction\",\"target\":[\"https:\/\/www.visit-ulcinj.com\/blog\/2015\/04\/29\/s-ganic-reagovanje-na-izjavu-vlasnika-tv-teuta-necka-ljajke\/\"]}]},{\"@type\":\"BreadcrumbList\",\"@id\":\"https:\/\/www.visit-ulcinj.com\/blog\/2015\/04\/29\/s-ganic-reagovanje-na-izjavu-vlasnika-tv-teuta-necka-ljajke\/#breadcrumb\",\"itemListElement\":[{\"@type\":\"ListItem\",\"position\":1,\"name\":\"S. Ganic: Reagovanje na izjavu vlasnika TV Teuta Ne\u010dka Ljajke\"}]},{\"@type\":\"Person\",\"@id\":\"https:\/\/www.visit-ulcinj.com\/blog\/#\/schema\/person\/dcab619c614d3038751c63bc2aadc06d\",\"name\":\"ulqini\",\"sameAs\":[\"http:\/\/www.visit-ulcinj.com\"],\"url\":\"https:\/\/www.visit-ulcinj.com\/blog\/author\/admin\/\"}]}<\/script>\n<!-- \/ Yoast SEO plugin. -->","yoast_head_json":{"title":"S. Ganic: Reagovanje na izjavu vlasnika TV Teuta Ne\u010dka Ljajke - Lajme nga Ulqini","description":"Reagovanje na izjavu vlasnika TV Teuta Ne\u010dka Ljajke u tekstu \u201eNe\u010dku trebaju politi\u010dki podobni\u201c, u Vijestima: Lo\u0161a ti je odbrana, vlasni\u010de televizije","robots":{"index":"index","follow":"follow","max-snippet":"max-snippet:-1","max-image-preview":"max-image-preview:large","max-video-preview":"max-video-preview:-1"},"canonical":"https:\/\/www.visit-ulcinj.com\/blog\/2015\/04\/29\/s-ganic-reagovanje-na-izjavu-vlasnika-tv-teuta-necka-ljajke\/","og_locale":"en_US","og_type":"article","og_title":"S. Ganic: Reagovanje na izjavu vlasnika TV Teuta Ne\u010dka Ljajke - Lajme nga Ulqini","og_description":"Reagovanje na izjavu vlasnika TV Teuta Ne\u010dka Ljajke u tekstu \u201eNe\u010dku trebaju politi\u010dki podobni\u201c, u Vijestima: Lo\u0161a ti je odbrana, vlasni\u010de televizije","og_url":"https:\/\/www.visit-ulcinj.com\/blog\/2015\/04\/29\/s-ganic-reagovanje-na-izjavu-vlasnika-tv-teuta-necka-ljajke\/","og_site_name":"Lajme nga Ulqini","article_published_time":"2015-04-29T16:15:14+00:00","og_image":[{"url":"http:\/\/www.visit-ulcinj.com\/blog\/wp-content\/uploads\/2015\/04\/Filluan-me-mua-nga-Sejdo-Ismaili.jpg"}],"twitter_misc":{"Written by":"ulqini","Est. reading time":"3 minutes"},"schema":{"@context":"https:\/\/schema.org","@graph":[{"@type":"WebSite","@id":"https:\/\/www.visit-ulcinj.com\/blog\/#website","url":"https:\/\/www.visit-ulcinj.com\/blog\/","name":"Lajme nga Ulqini","description":"Lajme,Vijesti,Ulqini,Ulqin,Crna Gora,Mali i Zi","potentialAction":[{"@type":"SearchAction","target":{"@type":"EntryPoint","urlTemplate":"https:\/\/www.visit-ulcinj.com\/blog\/?s={search_term_string}"},"query-input":"required name=search_term_string"}],"inLanguage":"en-US"},{"@type":"ImageObject","inLanguage":"en-US","@id":"https:\/\/www.visit-ulcinj.com\/blog\/2015\/04\/29\/s-ganic-reagovanje-na-izjavu-vlasnika-tv-teuta-necka-ljajke\/#primaryimage","url":"https:\/\/www.visit-ulcinj.com\/blog\/wp-content\/uploads\/2015\/04\/Filluan-me-mua-nga-Sejdo-Ismaili.jpg","contentUrl":"https:\/\/www.visit-ulcinj.com\/blog\/wp-content\/uploads\/2015\/04\/Filluan-me-mua-nga-Sejdo-Ismaili.jpg","width":960,"height":478},{"@type":"WebPage","@id":"https:\/\/www.visit-ulcinj.com\/blog\/2015\/04\/29\/s-ganic-reagovanje-na-izjavu-vlasnika-tv-teuta-necka-ljajke\/#webpage","url":"https:\/\/www.visit-ulcinj.com\/blog\/2015\/04\/29\/s-ganic-reagovanje-na-izjavu-vlasnika-tv-teuta-necka-ljajke\/","name":"S. Ganic: Reagovanje na izjavu vlasnika TV Teuta Ne\u010dka Ljajke - Lajme nga Ulqini","isPartOf":{"@id":"https:\/\/www.visit-ulcinj.com\/blog\/#website"},"primaryImageOfPage":{"@id":"https:\/\/www.visit-ulcinj.com\/blog\/2015\/04\/29\/s-ganic-reagovanje-na-izjavu-vlasnika-tv-teuta-necka-ljajke\/#primaryimage"},"datePublished":"2015-04-29T16:15:14+00:00","dateModified":"2015-04-29T16:15:14+00:00","author":{"@id":"https:\/\/www.visit-ulcinj.com\/blog\/#\/schema\/person\/dcab619c614d3038751c63bc2aadc06d"},"description":"Reagovanje na izjavu vlasnika TV Teuta Ne\u010dka Ljajke u tekstu \u201eNe\u010dku trebaju politi\u010dki podobni\u201c, u Vijestima: Lo\u0161a ti je odbrana, vlasni\u010de televizije","breadcrumb":{"@id":"https:\/\/www.visit-ulcinj.com\/blog\/2015\/04\/29\/s-ganic-reagovanje-na-izjavu-vlasnika-tv-teuta-necka-ljajke\/#breadcrumb"},"inLanguage":"en-US","potentialAction":[{"@type":"ReadAction","target":["https:\/\/www.visit-ulcinj.com\/blog\/2015\/04\/29\/s-ganic-reagovanje-na-izjavu-vlasnika-tv-teuta-necka-ljajke\/"]}]},{"@type":"BreadcrumbList","@id":"https:\/\/www.visit-ulcinj.com\/blog\/2015\/04\/29\/s-ganic-reagovanje-na-izjavu-vlasnika-tv-teuta-necka-ljajke\/#breadcrumb","itemListElement":[{"@type":"ListItem","position":1,"name":"S. Ganic: Reagovanje na izjavu vlasnika TV Teuta Ne\u010dka Ljajke"}]},{"@type":"Person","@id":"https:\/\/www.visit-ulcinj.com\/blog\/#\/schema\/person\/dcab619c614d3038751c63bc2aadc06d","name":"ulqini","sameAs":["http:\/\/www.visit-ulcinj.com"],"url":"https:\/\/www.visit-ulcinj.com\/blog\/author\/admin\/"}]}},"jetpack_featured_media_url":"","jetpack_sharing_enabled":true,"jetpack_shortlink":"https:\/\/wp.me\/pe6lTn-nt4","_links":{"self":[{"href":"https:\/\/www.visit-ulcinj.com\/blog\/wp-json\/wp\/v2\/posts\/90214"}],"collection":[{"href":"https:\/\/www.visit-ulcinj.com\/blog\/wp-json\/wp\/v2\/posts"}],"about":[{"href":"https:\/\/www.visit-ulcinj.com\/blog\/wp-json\/wp\/v2\/types\/post"}],"author":[{"embeddable":true,"href":"https:\/\/www.visit-ulcinj.com\/blog\/wp-json\/wp\/v2\/users\/1"}],"replies":[{"embeddable":true,"href":"https:\/\/www.visit-ulcinj.com\/blog\/wp-json\/wp\/v2\/comments?post=90214"}],"version-history":[{"count":1,"href":"https:\/\/www.visit-ulcinj.com\/blog\/wp-json\/wp\/v2\/posts\/90214\/revisions"}],"predecessor-version":[{"id":90215,"href":"https:\/\/www.visit-ulcinj.com\/blog\/wp-json\/wp\/v2\/posts\/90214\/revisions\/90215"}],"wp:attachment":[{"href":"https:\/\/www.visit-ulcinj.com\/blog\/wp-json\/wp\/v2\/media?parent=90214"}],"wp:term":[{"taxonomy":"category","embeddable":true,"href":"https:\/\/www.visit-ulcinj.com\/blog\/wp-json\/wp\/v2\/categories?post=90214"},{"taxonomy":"post_tag","embeddable":true,"href":"https:\/\/www.visit-ulcinj.com\/blog\/wp-json\/wp\/v2\/tags?post=90214"}],"curies":[{"name":"wp","href":"https:\/\/api.w.org\/{rel}","templated":true}]}}