{"id":9024,"date":"2009-01-15T20:16:55","date_gmt":"2009-01-15T19:16:55","guid":{"rendered":"http:\/\/www.visit-ulcinj.com\/blog\/?p=9024"},"modified":"2009-01-15T20:17:00","modified_gmt":"2009-01-15T19:17:00","slug":"kaltrina-selimi-ne-rruge-drejt-klipit","status":"publish","type":"post","link":"https:\/\/www.visit-ulcinj.com\/blog\/2009\/01\/15\/kaltrina-selimi-ne-rruge-drejt-klipit\/","title":{"rendered":"Kaltrina Selimi: N\u00eb rrug\u00eb drejt klipit"},"content":{"rendered":"<p><strong><a rel=\"attachment wp-att-9027\" href=\"http:\/\/www.visit-ulcinj.com\/blog\/2009\/01\/15\/kaltrina-selimi-ne-rruge-drejt-klipit\/kaltrina-selimi\/\"><img loading=\"lazy\" class=\"alignleft size-full wp-image-9027\" title=\"kaltrina-selimi\" src=\"http:\/\/www.visit-ulcinj.com\/blog\/wp-content\/uploads\/2009\/01\/kaltrina-selimi.jpg\" alt=\"kaltrina-selimi\" width=\"350\" height=\"482\" \/><\/a>Kaltrina Selimi &#8211; producente e projekteve t\u00eb saj \u201cCopy Paste\u201d<\/strong><br \/>\n\u00cbsht\u00eb nj\u00ebra prej k\u00ebng\u00ebtar\u00ebve t\u00eb pakta, e cila pas nj\u00eb kohe mjaft t\u00eb gjat\u00eb n\u00eb sken\u00eb, ende nuk ka realizuar ndonj\u00eb album. E ka praktikuar \u2018renditjen\u2019 nj\u00eb k\u00ebng\u00eb &#8211; nj\u00eb klip, n\u00eb m\u00ebnyr\u00eb q\u00eb secila t\u00eb jet\u00eb hit n\u00eb vete. \u00cbsht\u00eb kjo k\u00ebng\u00ebtarja e mir\u00ebnjohur Kaltrina Selimi e cila gjat\u00eb nj\u00eb bisede p\u00ebr \u201cInfopress\u201d ka treguar arsyen, p\u00ebrse deri m\u00eb tash nuk ka plasuar n\u00eb treg ndonj\u00eb album&#8230;<br \/>\nTashm\u00eb \u00ebsht\u00eb angazhuar rreth p\u00ebrgatitjeve t\u00eb klipit t\u00eb radh\u00ebs p\u00ebr k\u00ebng\u00ebn m\u00eb t\u00eb re \u201cCopy Paste\u201d, t\u00eb cil\u00ebn kemi pasur rast ta d\u00ebgjojm\u00eb p\u00ebr her\u00eb t\u00eb par\u00eb n\u00eb programet festive t\u00eb fundvitit. Pas nj\u00eb pushimi t\u00eb shkurt\u00ebr, i cili erdhi si pasoj\u00eb e angazhimeve t\u00eb shumta p\u00ebr festat e fundvitit, Kaltrina ka vendosur q\u00eb t\u00eb vazhdoj\u00eb me pun\u00ebt e l\u00ebna p\u00ebrgjysm\u00eb rreth muzik\u00ebs. K\u00ebto dit\u00eb do t\u00eb fi lloj\u00eb bisedimet rreth caktimit t\u00eb dat\u00ebs, p\u00ebr xhirimet e klipit t\u00eb saj m\u00eb t\u00eb ri, realizimin e t\u00eb cilit, edhe k\u00ebsaj radhe k\u00ebng\u00ebtarja ua ka besuar djemve t\u00eb produksionit \u201cPixels\u201d. \u201cZakonisht, p\u00ebr p\u00ebrgatitjen e nj\u00eb albumi realizohen shum\u00eb k\u00ebng\u00eb dhe \u00ebsht\u00eb e pamundur q\u00eb dhjet\u00eb k\u00ebng\u00eb t\u00eb b\u00ebhen hit. Kam vendosur q\u00eb t\u00eb shkoj\u00eb me \u2018ritmin\u2019 nj\u00eb k\u00ebng\u00eb nj\u00eb klip. N\u00eb k\u00ebt\u00eb m\u00ebnyr\u00eb \u00e7do k\u00ebng\u00eb q\u00eb po e p\u00ebrgatis po i kushtoj shum\u00eb m\u00eb tep\u00ebr r\u00ebnd\u00ebsi dhe k\u00ebshtu po d\u00ebgjohet e po p\u00eblqehet m\u00eb shum\u00eb\u201d, &#8211; \u00ebsht\u00eb shprehur ajo. Ndryshe, Kaltrina ka treguar se gjat\u00eb ver\u00ebs m\u00ebton t\u00eb p\u00ebrmbledh t\u00eb gjitha k\u00ebng\u00ebt e realizuar deri tash n\u00eb nj\u00eb CD, t\u00eb cil\u00ebs do t\u2019i bashk\u00ebngjes nj\u00eb ose dy k\u00ebng\u00eb t\u00eb reja. Ajo ka pohuar se deri m\u00eb tash nuk e ka par\u00eb t\u00eb arsyeshme t\u00eb b\u00ebj\u00eb ndonj\u00eb album duke pohuar se sot n\u00eb Kosov\u00eb \u00ebsht\u00eb e v\u00ebshtir\u00eb q\u00eb t\u00eb shitet nj\u00eb album dhe t\u00eb t\u00eb shpaguhet mundi. K\u00ebng\u00ebtarja nj\u00ebkoh\u00ebsisht \u00ebsht\u00eb edhe producente e projekteve t\u00eb saj, dhe \u00e7do investim fi nanciar e b\u00ebn vet, ndaj konsideron se \u00ebsht\u00eb duke shkuar mjaft mir\u00eb rrug\u00ebs s\u00eb suksesit<br \/>\n<strong>Melihate Gashi<br \/>\nInfopress <\/strong><\/p>\n\n<!--YouTube Error: bad URL entered-->\n","protected":false},"excerpt":{"rendered":"<p>Kaltrina Selimi &#8211; producente e projekteve t\u00eb saj \u201cCopy Paste\u201d \u00cbsht\u00eb nj\u00ebra prej k\u00ebng\u00ebtar\u00ebve t\u00eb pakta, e cila pas nj\u00eb kohe mjaft t\u00eb gjat\u00eb n\u00eb sken\u00eb, ende nuk ka realizuar ndonj\u00eb album. E ka praktikuar \u2018renditjen\u2019 nj\u00eb k\u00ebng\u00eb &#8211; nj\u00eb klip, n\u00eb m\u00ebnyr\u00eb q\u00eb secila t\u00eb jet\u00eb hit n\u00eb vete. \u00cbsht\u00eb kjo k\u00ebng\u00ebtarja e mir\u00ebnjohur [&hellip;]<\/p>\n","protected":false},"author":1,"featured_media":0,"comment_status":"open","ping_status":"closed","sticky":false,"template":"","format":"standard","meta":{"spay_email":"","jetpack_publicize_message":"","jetpack_is_tweetstorm":false,"jetpack_publicize_feature_enabled":true},"categories":[1],"tags":[5768,5572,325,5769],"jetpack_publicize_connections":[],"yoast_head":"<!-- This site is optimized with the Yoast SEO plugin v19.1 - https:\/\/yoast.com\/wordpress\/plugins\/seo\/ -->\n<title>Kaltrina Selimi: N\u00eb rrug\u00eb drejt klipit - Lajme nga Ulqini<\/title>\n<meta name=\"description\" content=\"Kaltrina Selimi - producente e projekteve t\u00eb saj \u201cCopy Paste\u201d \u00cbsht\u00eb nj\u00ebra prej k\u00ebng\u00ebtar\u00ebve t\u00eb pakta, e cila pas nj\u00eb kohe mjaft t\u00eb gjat\u00eb n\u00eb sken\u00eb, ende nuk\" \/>\n<meta name=\"robots\" content=\"index, follow, max-snippet:-1, max-image-preview:large, max-video-preview:-1\" \/>\n<link rel=\"canonical\" href=\"https:\/\/www.visit-ulcinj.com\/blog\/2009\/01\/15\/kaltrina-selimi-ne-rruge-drejt-klipit\/\" \/>\n<meta property=\"og:locale\" content=\"en_US\" \/>\n<meta property=\"og:type\" content=\"article\" \/>\n<meta property=\"og:title\" content=\"Kaltrina Selimi: N\u00eb rrug\u00eb drejt klipit - Lajme nga Ulqini\" \/>\n<meta property=\"og:description\" content=\"Kaltrina Selimi - producente e projekteve t\u00eb saj \u201cCopy Paste\u201d \u00cbsht\u00eb nj\u00ebra prej k\u00ebng\u00ebtar\u00ebve t\u00eb pakta, e cila pas nj\u00eb kohe mjaft t\u00eb gjat\u00eb n\u00eb sken\u00eb, ende nuk\" \/>\n<meta property=\"og:url\" content=\"https:\/\/www.visit-ulcinj.com\/blog\/2009\/01\/15\/kaltrina-selimi-ne-rruge-drejt-klipit\/\" \/>\n<meta property=\"og:site_name\" content=\"Lajme nga Ulqini\" \/>\n<meta property=\"article:published_time\" content=\"2009-01-15T19:16:55+00:00\" \/>\n<meta property=\"article:modified_time\" content=\"2009-01-15T19:17:00+00:00\" \/>\n<meta property=\"og:image\" content=\"https:\/\/www.visit-ulcinj.com\/blog\/wp-content\/uploads\/2009\/01\/kaltrina-selimi2-150x150.jpg\" \/>\n<meta name=\"twitter:label1\" content=\"Written by\" \/>\n\t<meta name=\"twitter:data1\" content=\"ulqini\" \/>\n\t<meta name=\"twitter:label2\" content=\"Est. reading time\" \/>\n\t<meta name=\"twitter:data2\" content=\"2 minutes\" \/>\n<script type=\"application\/ld+json\" class=\"yoast-schema-graph\">{\"@context\":\"https:\/\/schema.org\",\"@graph\":[{\"@type\":\"WebSite\",\"@id\":\"https:\/\/www.visit-ulcinj.com\/blog\/#website\",\"url\":\"https:\/\/www.visit-ulcinj.com\/blog\/\",\"name\":\"Lajme nga Ulqini\",\"description\":\"Lajme,Vijesti,Ulqini,Ulqin,Crna Gora,Mali i Zi\",\"potentialAction\":[{\"@type\":\"SearchAction\",\"target\":{\"@type\":\"EntryPoint\",\"urlTemplate\":\"https:\/\/www.visit-ulcinj.com\/blog\/?s={search_term_string}\"},\"query-input\":\"required name=search_term_string\"}],\"inLanguage\":\"en-US\"},{\"@type\":\"ImageObject\",\"inLanguage\":\"en-US\",\"@id\":\"https:\/\/www.visit-ulcinj.com\/blog\/2009\/01\/15\/kaltrina-selimi-ne-rruge-drejt-klipit\/#primaryimage\",\"url\":\"http:\/\/www.visit-ulcinj.com\/blog\/wp-content\/uploads\/2009\/01\/kaltrina-selimi.jpg\",\"contentUrl\":\"http:\/\/www.visit-ulcinj.com\/blog\/wp-content\/uploads\/2009\/01\/kaltrina-selimi.jpg\"},{\"@type\":\"WebPage\",\"@id\":\"https:\/\/www.visit-ulcinj.com\/blog\/2009\/01\/15\/kaltrina-selimi-ne-rruge-drejt-klipit\/#webpage\",\"url\":\"https:\/\/www.visit-ulcinj.com\/blog\/2009\/01\/15\/kaltrina-selimi-ne-rruge-drejt-klipit\/\",\"name\":\"Kaltrina Selimi: N\u00eb rrug\u00eb drejt klipit - Lajme nga Ulqini\",\"isPartOf\":{\"@id\":\"https:\/\/www.visit-ulcinj.com\/blog\/#website\"},\"primaryImageOfPage\":{\"@id\":\"https:\/\/www.visit-ulcinj.com\/blog\/2009\/01\/15\/kaltrina-selimi-ne-rruge-drejt-klipit\/#primaryimage\"},\"datePublished\":\"2009-01-15T19:16:55+00:00\",\"dateModified\":\"2009-01-15T19:17:00+00:00\",\"author\":{\"@id\":\"https:\/\/www.visit-ulcinj.com\/blog\/#\/schema\/person\/dcab619c614d3038751c63bc2aadc06d\"},\"description\":\"Kaltrina Selimi - producente e projekteve t\u00eb saj \u201cCopy Paste\u201d \u00cbsht\u00eb nj\u00ebra prej k\u00ebng\u00ebtar\u00ebve t\u00eb pakta, e cila pas nj\u00eb kohe mjaft t\u00eb gjat\u00eb n\u00eb sken\u00eb, ende nuk\",\"breadcrumb\":{\"@id\":\"https:\/\/www.visit-ulcinj.com\/blog\/2009\/01\/15\/kaltrina-selimi-ne-rruge-drejt-klipit\/#breadcrumb\"},\"inLanguage\":\"en-US\",\"potentialAction\":[{\"@type\":\"ReadAction\",\"target\":[\"https:\/\/www.visit-ulcinj.com\/blog\/2009\/01\/15\/kaltrina-selimi-ne-rruge-drejt-klipit\/\"]}]},{\"@type\":\"BreadcrumbList\",\"@id\":\"https:\/\/www.visit-ulcinj.com\/blog\/2009\/01\/15\/kaltrina-selimi-ne-rruge-drejt-klipit\/#breadcrumb\",\"itemListElement\":[{\"@type\":\"ListItem\",\"position\":1,\"name\":\"Kaltrina Selimi: N\u00eb rrug\u00eb drejt klipit\"}]},{\"@type\":\"Person\",\"@id\":\"https:\/\/www.visit-ulcinj.com\/blog\/#\/schema\/person\/dcab619c614d3038751c63bc2aadc06d\",\"name\":\"ulqini\",\"sameAs\":[\"http:\/\/www.visit-ulcinj.com\"],\"url\":\"https:\/\/www.visit-ulcinj.com\/blog\/author\/admin\/\"}]}<\/script>\n<!-- \/ Yoast SEO plugin. -->","yoast_head_json":{"title":"Kaltrina Selimi: N\u00eb rrug\u00eb drejt klipit - Lajme nga Ulqini","description":"Kaltrina Selimi - producente e projekteve t\u00eb saj \u201cCopy Paste\u201d \u00cbsht\u00eb nj\u00ebra prej k\u00ebng\u00ebtar\u00ebve t\u00eb pakta, e cila pas nj\u00eb kohe mjaft t\u00eb gjat\u00eb n\u00eb sken\u00eb, ende nuk","robots":{"index":"index","follow":"follow","max-snippet":"max-snippet:-1","max-image-preview":"max-image-preview:large","max-video-preview":"max-video-preview:-1"},"canonical":"https:\/\/www.visit-ulcinj.com\/blog\/2009\/01\/15\/kaltrina-selimi-ne-rruge-drejt-klipit\/","og_locale":"en_US","og_type":"article","og_title":"Kaltrina Selimi: N\u00eb rrug\u00eb drejt klipit - Lajme nga Ulqini","og_description":"Kaltrina Selimi - producente e projekteve t\u00eb saj \u201cCopy Paste\u201d \u00cbsht\u00eb nj\u00ebra prej k\u00ebng\u00ebtar\u00ebve t\u00eb pakta, e cila pas nj\u00eb kohe mjaft t\u00eb gjat\u00eb n\u00eb sken\u00eb, ende nuk","og_url":"https:\/\/www.visit-ulcinj.com\/blog\/2009\/01\/15\/kaltrina-selimi-ne-rruge-drejt-klipit\/","og_site_name":"Lajme nga Ulqini","article_published_time":"2009-01-15T19:16:55+00:00","article_modified_time":"2009-01-15T19:17:00+00:00","og_image":[{"url":"https:\/\/www.visit-ulcinj.com\/blog\/wp-content\/uploads\/2009\/01\/kaltrina-selimi2-150x150.jpg"}],"twitter_misc":{"Written by":"ulqini","Est. reading time":"2 minutes"},"schema":{"@context":"https:\/\/schema.org","@graph":[{"@type":"WebSite","@id":"https:\/\/www.visit-ulcinj.com\/blog\/#website","url":"https:\/\/www.visit-ulcinj.com\/blog\/","name":"Lajme nga Ulqini","description":"Lajme,Vijesti,Ulqini,Ulqin,Crna Gora,Mali i Zi","potentialAction":[{"@type":"SearchAction","target":{"@type":"EntryPoint","urlTemplate":"https:\/\/www.visit-ulcinj.com\/blog\/?s={search_term_string}"},"query-input":"required name=search_term_string"}],"inLanguage":"en-US"},{"@type":"ImageObject","inLanguage":"en-US","@id":"https:\/\/www.visit-ulcinj.com\/blog\/2009\/01\/15\/kaltrina-selimi-ne-rruge-drejt-klipit\/#primaryimage","url":"http:\/\/www.visit-ulcinj.com\/blog\/wp-content\/uploads\/2009\/01\/kaltrina-selimi.jpg","contentUrl":"http:\/\/www.visit-ulcinj.com\/blog\/wp-content\/uploads\/2009\/01\/kaltrina-selimi.jpg"},{"@type":"WebPage","@id":"https:\/\/www.visit-ulcinj.com\/blog\/2009\/01\/15\/kaltrina-selimi-ne-rruge-drejt-klipit\/#webpage","url":"https:\/\/www.visit-ulcinj.com\/blog\/2009\/01\/15\/kaltrina-selimi-ne-rruge-drejt-klipit\/","name":"Kaltrina Selimi: N\u00eb rrug\u00eb drejt klipit - Lajme nga Ulqini","isPartOf":{"@id":"https:\/\/www.visit-ulcinj.com\/blog\/#website"},"primaryImageOfPage":{"@id":"https:\/\/www.visit-ulcinj.com\/blog\/2009\/01\/15\/kaltrina-selimi-ne-rruge-drejt-klipit\/#primaryimage"},"datePublished":"2009-01-15T19:16:55+00:00","dateModified":"2009-01-15T19:17:00+00:00","author":{"@id":"https:\/\/www.visit-ulcinj.com\/blog\/#\/schema\/person\/dcab619c614d3038751c63bc2aadc06d"},"description":"Kaltrina Selimi - producente e projekteve t\u00eb saj \u201cCopy Paste\u201d \u00cbsht\u00eb nj\u00ebra prej k\u00ebng\u00ebtar\u00ebve t\u00eb pakta, e cila pas nj\u00eb kohe mjaft t\u00eb gjat\u00eb n\u00eb sken\u00eb, ende nuk","breadcrumb":{"@id":"https:\/\/www.visit-ulcinj.com\/blog\/2009\/01\/15\/kaltrina-selimi-ne-rruge-drejt-klipit\/#breadcrumb"},"inLanguage":"en-US","potentialAction":[{"@type":"ReadAction","target":["https:\/\/www.visit-ulcinj.com\/blog\/2009\/01\/15\/kaltrina-selimi-ne-rruge-drejt-klipit\/"]}]},{"@type":"BreadcrumbList","@id":"https:\/\/www.visit-ulcinj.com\/blog\/2009\/01\/15\/kaltrina-selimi-ne-rruge-drejt-klipit\/#breadcrumb","itemListElement":[{"@type":"ListItem","position":1,"name":"Kaltrina Selimi: N\u00eb rrug\u00eb drejt klipit"}]},{"@type":"Person","@id":"https:\/\/www.visit-ulcinj.com\/blog\/#\/schema\/person\/dcab619c614d3038751c63bc2aadc06d","name":"ulqini","sameAs":["http:\/\/www.visit-ulcinj.com"],"url":"https:\/\/www.visit-ulcinj.com\/blog\/author\/admin\/"}]}},"jetpack_featured_media_url":"","jetpack_sharing_enabled":true,"jetpack_shortlink":"https:\/\/wp.me\/pe6lTn-2ly","_links":{"self":[{"href":"https:\/\/www.visit-ulcinj.com\/blog\/wp-json\/wp\/v2\/posts\/9024"}],"collection":[{"href":"https:\/\/www.visit-ulcinj.com\/blog\/wp-json\/wp\/v2\/posts"}],"about":[{"href":"https:\/\/www.visit-ulcinj.com\/blog\/wp-json\/wp\/v2\/types\/post"}],"author":[{"embeddable":true,"href":"https:\/\/www.visit-ulcinj.com\/blog\/wp-json\/wp\/v2\/users\/1"}],"replies":[{"embeddable":true,"href":"https:\/\/www.visit-ulcinj.com\/blog\/wp-json\/wp\/v2\/comments?post=9024"}],"version-history":[{"count":0,"href":"https:\/\/www.visit-ulcinj.com\/blog\/wp-json\/wp\/v2\/posts\/9024\/revisions"}],"wp:attachment":[{"href":"https:\/\/www.visit-ulcinj.com\/blog\/wp-json\/wp\/v2\/media?parent=9024"}],"wp:term":[{"taxonomy":"category","embeddable":true,"href":"https:\/\/www.visit-ulcinj.com\/blog\/wp-json\/wp\/v2\/categories?post=9024"},{"taxonomy":"post_tag","embeddable":true,"href":"https:\/\/www.visit-ulcinj.com\/blog\/wp-json\/wp\/v2\/tags?post=9024"}],"curies":[{"name":"wp","href":"https:\/\/api.w.org\/{rel}","templated":true}]}}